{"id":2912,"date":"2025-03-28T17:20:54","date_gmt":"2025-03-28T16:20:54","guid":{"rendered":"https:\/\/catholicus.eu\/it\/?p=2912"},"modified":"2025-03-28T17:20:55","modified_gmt":"2025-03-28T16:20:55","slug":"il-momento-piu-coinvolgente-della-liturgia-cattolicaquando-il-sacerdote-si-prostra-in-silenzio","status":"publish","type":"post","link":"https:\/\/catholicus.eu\/it\/il-momento-piu-coinvolgente-della-liturgia-cattolicaquando-il-sacerdote-si-prostra-in-silenzio\/","title":{"rendered":"Il Momento pi\u00f9 Coinvolgente della Liturgia Cattolica:Quando il Sacerdote si Prostra in Silenzio"},"content":{"rendered":"\n<p><em>&#8220;Si prostr\u00f2 con la faccia a terra e disse: &#8216;Signore, se ho trovato grazia ai tuoi occhi, non passar oltre senza fermarti dal tuo servo'&#8221;<\/em>&nbsp;(Genesi 18,3)<\/p>\n\n\n\n<p>In una societ\u00e0 frenetica, dove rumore e distrazione sembrano dominare ogni momento, la liturgia cattolica conserva un gesto sacro che sembra sospendere il tempo:&nbsp;<strong>la prostratio<\/strong>. Quel momento in cui il sacerdote, rivestito di Cristo, si stende completamente a terra, con il volto rivolto al suolo, in un silenzio che sembra abbracciare l&#8217;intero universo.<\/p>\n\n\n\n<p>Questo atto, carico di profondo simbolismo biblico e teologico, non \u00e8 un semplice rituale ma&nbsp;<strong>una confessione corporea della piccolezza dell&#8217;uomo davanti alla grandezza di Dio<\/strong>. Esploriamo oggi le sue origini, la sua storia, il significato attuale e perch\u00e9 rimane uno dei momenti pi\u00f9 commoventi della liturgia.<\/p>\n\n\n\n<hr class=\"wp-block-separator has-alpha-channel-opacity\"\/>\n\n\n\n<h3 class=\"wp-block-heading\"><strong>I. Origine e Storia: Un Gesto che Viene dall&#8217;Alto<\/strong><\/h3>\n\n\n\n<p>La prostrazione (prostratio in latino) non \u00e8 un&#8217;invenzione medievale ma&nbsp;<strong>un linguaggio sacro che attraversa le Scritture<\/strong>. Da Abramo che si prostra davanti ai tre misteriosi visitatori (Genesi 18,2) a Mos\u00e8 che cade con la faccia a terra davanti al roveto ardente (Esodo 3,6), la Bibbia mostra che&nbsp;<strong>prostrarsi \u00e8 la risposta naturale dell&#8217;uomo al Divino<\/strong>.<\/p>\n\n\n\n<p>Nel Nuovo Testamento, Ges\u00f9 stesso&nbsp;<strong>&#8220;cadde con la faccia a terra&#8221;<\/strong>&nbsp;nel Getsemani (Matteo 26,39), insegnandoci che l&#8217;umilt\u00e0 \u00e8 la via della redenzione. I primi cristiani adottarono questo gesto nella loro liturgia, specialmente durante&nbsp;<strong>la Preghiera Universale e le ordinazioni sacerdotali<\/strong>, come segno di totale abbandono a Dio.<\/p>\n\n\n\n<p>Nel rito romano tradizionale, la prostrazione del sacerdote durante&nbsp;<strong>le Litanie dei Santi<\/strong>&nbsp;(nella Veglia Pasquale e nelle ordinazioni) \u00e8 un momento di&nbsp;<strong>silenzio eloquente<\/strong>: l&#8217;uomo riconosce che senza Dio non \u00e8 nulla.<\/p>\n\n\n\n<hr class=\"wp-block-separator has-alpha-channel-opacity\"\/>\n\n\n\n<h3 class=\"wp-block-heading\"><strong>II. Significato Teologico: Umilt\u00e0, Intercessione e Sacerdozio<\/strong><\/h3>\n\n\n\n<p>Perch\u00e9 questo gesto risuona ancora cos\u00ec potentemente nel XXI secolo? Perch\u00e9 incarna&nbsp;<strong>tre verit\u00e0 fondamentali<\/strong>:<\/p>\n\n\n\n<ol start=\"1\" class=\"wp-block-list\">\n<li><strong>Umilt\u00e0 Radicale<\/strong>: In una cultura che esalta l&#8217;ego e i selfie, la prostrazione \u00e8 un\u00a0<strong>atto di spogliamento<\/strong>. Il sacerdote, disteso a terra, ripete le parole di Giovanni Battista:\u00a0<em>&#8220;Egli deve crescere e io invece diminuire&#8221;<\/em>\u00a0(Giovanni 3,30).<\/li>\n\n\n\n<li><strong>Intercessione Silenziosa<\/strong>: Durante la\u00a0<strong>Preghiera Universale<\/strong>\u00a0(specialmente nella liturgia del Venerd\u00ec Santo), il sacerdote si prostra prima di elevare le suppliche della Chiesa. Questo gesto dice:\u00a0<em>&#8220;Non abbiamo parole sufficienti, perci\u00f2 il nostro corpo grida misericordia.&#8221;<\/em><\/li>\n\n\n\n<li><strong>Identificazione con Cristo<\/strong>: Il sacerdote non si prostra per s\u00e9 stesso ma in persona Christi. Come spiega San Paolo:\u00a0<em>&#8220;Non sono pi\u00f9 io che vivo, ma Cristo vive in me&#8221;<\/em>\u00a0(Galati 2,20). Nella prostrazione\u00a0<strong>il sacerdote scompare affinch\u00e9 solo il Redentore risplenda<\/strong>.<\/li>\n<\/ol>\n\n\n\n<hr class=\"wp-block-separator has-alpha-channel-opacity\"\/>\n\n\n\n<h3 class=\"wp-block-heading\"><strong>III. La Prostratio Oggi: Un Antidoto all&#8217;Arroganza Moderna<\/strong><\/h3>\n\n\n\n<p>In un&#8217;epoca dove molti rifiutano ogni autorit\u00e0 spirituale, questo gesto \u00e8&nbsp;<strong>una predicazione muta ma potente<\/strong>. Ci ricorda che:<\/p>\n\n\n\n<ul class=\"wp-block-list\">\n<li><strong>Dio \u00e8 Santo<\/strong>, e davanti a Lui conviene solo l&#8217;adorazione.<\/li>\n\n\n\n<li><strong>Il sacerdozio non \u00e8 potere umano<\/strong>\u00a0ma servizio sacrificale.<\/li>\n\n\n\n<li><strong>Il silenzio \u00e8 essenziale alla preghiera<\/strong>\u00a0(cfr. Salmo 46,11:\u00a0<em>&#8220;Fermatevi e riconoscete che io sono Dio&#8221;<\/em>).<\/li>\n<\/ul>\n\n\n\n<p>Un fatto poco noto:&nbsp;<strong>Durante le ordinazioni sacerdotali, tutti i candidati si prostrano mentre la Chiesa canta le Litanie dei Santi<\/strong>. Questo simbolo mostra che&nbsp;<strong>il sacerdote non sceglie s\u00e9 stesso<\/strong>&nbsp;&#8211; \u00e8 Cristo che lo chiama attraverso la Chiesa.<\/p>\n\n\n\n<hr class=\"wp-block-separator has-alpha-channel-opacity\"\/>\n\n\n\n<h3 class=\"wp-block-heading\"><strong>IV. Come Vivere Questo Mistero nella Nostra Vita<\/strong><\/h3>\n\n\n\n<p>La prostrazione non \u00e8 solo per i sacerdoti. Ogni battezzato pu\u00f2 imitare questo gesto nello spirito:<\/p>\n\n\n\n<ol start=\"1\" class=\"wp-block-list\">\n<li><strong>Prostrazione Interiore<\/strong>: Prima di chiedere qualcosa a Dio, adoratelo. Dite con Giobbe:\u00a0<em>&#8220;Nudo uscii dal seno di mia madre e nudo vi ritorner\u00f2. Il Signore ha dato, il Signore ha tolto, sia benedetto il nome del Signore!&#8221;<\/em>\u00a0(Giobbe 1,21)<\/li>\n\n\n\n<li><strong>Valorizzare il Silenzio Liturgico<\/strong>: Non temete i momenti di silenzio durante la Messa &#8211; sono spazi dove Dio parla.<\/li>\n\n\n\n<li><strong>Confidare nell&#8217;Intercessione della Chiesa<\/strong>: Quando il sacerdote si prostra, vi porta nella sua preghiera.<\/li>\n<\/ol>\n\n\n\n<hr class=\"wp-block-separator has-alpha-channel-opacity\"\/>\n\n\n\n<h3 class=\"wp-block-heading\"><strong>Conclusione: Un Gesto che Ancora l&#8217;Anima nell&#8217;Eternit\u00e0<\/strong><\/h3>\n\n\n\n<p>In un mondo che fugge dal sacrificio e dall&#8217;umilt\u00e0, la prostratio rimane&nbsp;<strong>un faro di luce<\/strong>. Ci insegna che la vera grandezza non sta nell&#8217;ergersi ma nel genuflettersi; non nel parlare ma nel tacere davanti al Mistero.<\/p>\n\n\n\n<p>La prossima volta che vedrete un sacerdote prostrato in silenzio, ricordate:&nbsp;<strong>questo \u00e8 il linguaggio del Cielo in terra<\/strong>. E forse, in quel momento, Dio vi sta dicendo, come a Elia sull&#8217;Oreb:<\/p>\n\n\n\n<p><em>&#8220;Esci e fermati sul monte alla presenza del Signore. Ed ecco che il Signore pass\u00f2. Ma il Signore non era nel vento, non era nel terremoto, non era nel fuoco&#8230; ma nel mormorio di un vento leggero&#8221;<\/em>&nbsp;(1 Re 19,11-12).<\/p>\n\n\n\n<p><strong>Nel silenzio della prostrazione, Dio passa. E trasforma tutto.<\/strong><\/p>\n","protected":false},"excerpt":{"rendered":"<p>&#8220;Si prostr\u00f2 con la faccia a terra e disse: &#8216;Signore, se ho trovato grazia ai tuoi occhi, non passar oltre senza fermarti dal tuo servo&#8217;&#8221;&nbsp;(Genesi 18,3) In una societ\u00e0 frenetica, dove rumore e distrazione sembrano dominare ogni momento, la liturgia cattolica conserva un gesto sacro che sembra sospendere il tempo:&nbsp;la prostratio. Quel momento in cui &hellip;<\/p>\n","protected":false},"author":3,"featured_media":2913,"comment_status":"open","ping_status":"open","sticky":false,"template":"","format":"standard","meta":{"_seopress_robots_primary_cat":"","_seopress_titles_title":"","_seopress_titles_desc":"","_seopress_robots_index":"","footnotes":""},"categories":[52,38],"tags":[942,826],"class_list":["post-2912","post","type-post","status-publish","format-standard","has-post-thumbnail","","category-liturgia-e-anno-liturgico","category-storia-e-tradizione","tag-prostratio","tag-venerdi-santo"],"_links":{"self":[{"href":"https:\/\/catholicus.eu\/it\/wp-json\/wp\/v2\/posts\/2912","targetHints":{"allow":["GET"]}}],"collection":[{"href":"https:\/\/catholicus.eu\/it\/wp-json\/wp\/v2\/posts"}],"about":[{"href":"https:\/\/catholicus.eu\/it\/wp-json\/wp\/v2\/types\/post"}],"author":[{"embeddable":true,"href":"https:\/\/catholicus.eu\/it\/wp-json\/wp\/v2\/users\/3"}],"replies":[{"embeddable":true,"href":"https:\/\/catholicus.eu\/it\/wp-json\/wp\/v2\/comments?post=2912"}],"version-history":[{"count":1,"href":"https:\/\/catholicus.eu\/it\/wp-json\/wp\/v2\/posts\/2912\/revisions"}],"predecessor-version":[{"id":2914,"href":"https:\/\/catholicus.eu\/it\/wp-json\/wp\/v2\/posts\/2912\/revisions\/2914"}],"wp:featuredmedia":[{"embeddable":true,"href":"https:\/\/catholicus.eu\/it\/wp-json\/wp\/v2\/media\/2913"}],"wp:attachment":[{"href":"https:\/\/catholicus.eu\/it\/wp-json\/wp\/v2\/media?parent=2912"}],"wp:term":[{"taxonomy":"category","embeddable":true,"href":"https:\/\/catholicus.eu\/it\/wp-json\/wp\/v2\/categories?post=2912"},{"taxonomy":"post_tag","embeddable":true,"href":"https:\/\/catholicus.eu\/it\/wp-json\/wp\/v2\/tags?post=2912"}],"curies":[{"name":"wp","href":"https:\/\/api.w.org\/{rel}","templated":true}]}}