{"id":2855,"date":"2025-03-24T09:42:35","date_gmt":"2025-03-24T08:42:35","guid":{"rendered":"https:\/\/catholicus.eu\/it\/?p=2855"},"modified":"2025-03-24T09:42:35","modified_gmt":"2025-03-24T08:42:35","slug":"la-preghiera-per-gli-ebrei-il-venerdi-santo-storia-teologia-e-significato-attuale","status":"publish","type":"post","link":"https:\/\/catholicus.eu\/it\/la-preghiera-per-gli-ebrei-il-venerdi-santo-storia-teologia-e-significato-attuale\/","title":{"rendered":"La Preghiera per gli Ebrei il Venerd\u00ec Santo: Storia, Teologia e Significato Attuale"},"content":{"rendered":"\n<p>Il Venerd\u00ec Santo \u00e8 uno dei giorni pi\u00f9 sacri del calendario liturgico cattolico. In questo giorno, la Chiesa commemora la Passione e la Morte di Nostro Signore Ges\u00f9 Cristo, l&#8217;atto redentore che ha aperto le porte della salvezza a tutta l&#8217;umanit\u00e0. In questo contesto, la &#8220;Preghiera per gli Ebrei&#8221; nella Liturgia della Passione assume un significato particolare, poich\u00e9 tocca direttamente il rapporto tra il cristianesimo e il popolo ebraico, un legame profondo e talvolta complesso radicato nella storia della salvezza.<\/p>\n\n\n\n<p>Nel corso dei secoli, questa preghiera \u00e8 stata oggetto di revisioni e dibattiti, in particolare nei secoli XX e XXI. Tuttavia, per comprenderne il vero significato, \u00e8 necessario collocarla nel suo contesto teologico e liturgico. Perch\u00e9 la Chiesa prega per gli ebrei in questo giorno? Qual \u00e8 il suo significato nella teologia cattolica tradizionale? Come dobbiamo comprenderla oggi in una prospettiva di fede?<\/p>\n\n\n\n<p>In questo articolo esploreremo le origini, la storia, la teologia e la rilevanza attuale di questa preghiera, rimanendo sempre fedeli all&#8217;insegnamento tradizionale della Chiesa.<\/p>\n\n\n\n<hr class=\"wp-block-separator has-alpha-channel-opacity\"\/>\n\n\n\n<h3 class=\"wp-block-heading\"><strong>I. L\u2019Origine della Preghiera per gli Ebrei il Venerd\u00ec Santo<\/strong><\/h3>\n\n\n\n<p>Fin dalle origini, la Chiesa cattolica ha incluso nella Liturgia del Venerd\u00ec Santo una serie di preghiere note come &#8220;Orazioni Solenni&#8221;. Queste intercedono per diversi gruppi: i fedeli cristiani, il Papa, i catecumeni, gli eretici e scismatici, i pagani, i governanti e, tra essi, anche per gli ebrei.<\/p>\n\n\n\n<p>Dalle liturgie pi\u00f9 antiche, la Chiesa ha pregato per la conversione del popolo ebraico. Questa pratica trova il suo fondamento nell&#8217;insegnamento di San Paolo, che esprime il suo profondo desiderio che tutto Israele sia salvato e riconosca Ges\u00f9 Cristo come il Messia (cfr. Romani 9-11).<\/p>\n\n\n\n<h3 class=\"wp-block-heading\"><strong>II. Il Rapporto tra il Popolo Ebraico, Cristo e la Chiesa<\/strong><\/h3>\n\n\n\n<p>Per comprendere il senso di questa preghiera, \u00e8 essenziale ricordare la relazione speciale che il popolo ebraico ha con Dio e la storia della salvezza.<\/p>\n\n\n\n<ol class=\"wp-block-list\">\n<li><strong>Il Popolo dell&#8217;Antica Alleanza:<\/strong> Dio ha scelto Israele come suo popolo santo, gli ha dato la Legge e ha stabilito con esso l&#8217;Antica Alleanza. Questa elezione non si basa sui meriti di Israele, ma \u00e8 un puro dono della grazia divina (cfr. Deuteronomio 7,6-8).<\/li>\n\n\n\n<li><strong>Il Rifiuto di Cristo e le sue Conseguenze:<\/strong> Tuttavia, quando giunse la pienezza dei tempi, molti in Israele non riconobbero Ges\u00f9 come il Messia. I Vangeli raccontano come fu rifiutato dalle autorit\u00e0 religiose del suo tempo e infine condannato a morte. Questo evento, sebbene doloroso, faceva parte del piano divino della salvezza (cfr. Atti 2,22-23).<\/li>\n\n\n\n<li><strong>La Nuova Alleanza in Cristo:<\/strong> Con la venuta di Ges\u00f9, l&#8217;Antica Alleanza trova il suo compimento nella Nuova Alleanza, sigillata con il suo Sangue. La Chiesa, come nuovo Israele, eredita le promesse e diventa il vero Popolo di Dio. Tuttavia, ci\u00f2 non significa che gli ebrei siano respinti; anch&#8217;essi sono chiamati alla fede in Cristo.<\/li>\n<\/ol>\n\n\n\n<p>San Paolo spiega questo mistero nella Lettera ai Romani (capitolo 11), dove usa l&#8217;immagine dell&#8217;ulivo: gli ebrei sono i rami naturali, ma alcuni sono stati tagliati a causa della loro incredulit\u00e0, e al loro posto sono stati innestati rami di ulivo selvatico (i pagani). Tuttavia, Dio pu\u00f2 anche reinnestare gli ebrei se credono in Cristo.<\/p>\n\n\n\n<h3 class=\"wp-block-heading\"><strong>III. Storia della Preghiera e le sue Modifiche nella Liturgia<\/strong><\/h3>\n\n\n\n<p>Per secoli, la preghiera tradizionale per gli ebrei nel Venerd\u00ec Santo era formulata in latino come segue:<\/p>\n\n\n\n<p><em>&#8220;Oremus et pro perfidis Iudaeis&#8230;&#8221;<\/em><\/p>\n\n\n\n<p>Che si traduce con: &#8220;Preghiamo anche per i perfidi ebrei&#8230;&#8221;. Il termine latino <em>perfidis<\/em> significa &#8220;incredulo&#8221; o &#8220;senza fede&#8221;, ma col tempo ha assunto una connotazione peggiorativa nelle lingue moderne.<\/p>\n\n\n\n<p>Per questa ragione, nel XX secolo, in particolare dopo il Concilio Vaticano II, la preghiera \u00e8 stata modificata per eliminare ogni possibile fraintendimento o interpretazione offensiva. Nella riforma liturgica del 1970, sotto Papa Paolo VI, la preghiera fu cambiata in una versione pi\u00f9 generica che pregava per la fedelt\u00e0 degli ebrei a Dio, senza menzionare esplicitamente la loro conversione.<\/p>\n\n\n\n<p>Tuttavia, nel 2008, Papa Benedetto XVI introdusse una nuova versione per la forma straordinaria della Messa (<em>Usus Antiquior<\/em>), che mantiene la richiesta di conversione degli ebrei ma in una formulazione pi\u00f9 caritatevole. Questa versione recita:<\/p>\n\n\n\n<p><em>&#8220;Preghiamo anche per gli ebrei, affinch\u00e9 Dio nostro Signore illumini i loro cuori e riconoscano Ges\u00f9 Cristo, Salvatore di tutti gli uomini.&#8221;<\/em><\/p>\n\n\n\n<p>Questo cambiamento fu significativo perch\u00e9 riaffermava l&#8217;insegnamento tradizionale della Chiesa secondo cui la salvezza si trova solo in Cristo, eliminando nel contempo espressioni che potevano essere fraintese come offensive.<\/p>\n\n\n\n<h3 class=\"wp-block-heading\"><strong>IV. Significato e Rilevanza Oggi<\/strong><\/h3>\n\n\n\n<p>Oggi, la Preghiera per gli Ebrei rimane una testimonianza della missione universale della Chiesa. Non \u00e8 un&#8217;espressione di disprezzo o ostilit\u00e0, ma un atto di vero amore. La Chiesa desidera la salvezza di tutti gli uomini, compreso il popolo ebraico, e prega affinch\u00e9 riconoscano Ges\u00f9 Cristo.<\/p>\n\n\n\n<p>\u00c8 importante ricordare che questa preghiera non contraddice il rispetto e la stima che la Chiesa ha per il popolo ebraico. Il Concilio Vaticano II, nella <em>Nostra Aetate<\/em>, ha ribadito che gli ebrei rimangono amati da Dio, perch\u00e9 &#8220;i doni e la chiamata di Dio sono irrevocabili&#8221; (Romani 11,29).<\/p>\n\n\n\n<p>Tuttavia, ci\u00f2 non significa che esistano due percorsi di salvezza distinti: uno per gli ebrei e uno per i cristiani. Come insegna il Magistero, c&#8217;\u00e8 un solo cammino di salvezza, ed \u00e8 Cristo (cfr. Giovanni 14,6). Per questo motivo, la Chiesa prega con carit\u00e0 affinch\u00e9 anche gli ebrei possano riconoscere Ges\u00f9 come il Messia promesso.<\/p>\n\n\n\n<h3 class=\"wp-block-heading\"><strong>Conclusione: Una Preghiera di Amore e Speranza<\/strong><\/h3>\n\n\n\n<p>La Preghiera per gli Ebrei il Venerd\u00ec Santo \u00e8 una testimonianza della fedelt\u00e0 della Chiesa alla sua missione evangelizzatrice. Non \u00e8 una preghiera di disprezzo o condanna, ma una supplica umile affinch\u00e9 il popolo dell&#8217;Antica Alleanza riconosca il proprio Messia.<\/p>\n\n\n\n<p>Nel corso dei secoli, questa preghiera \u00e8 stata riformulata per esprimere meglio la sua intenzione, ma la sua essenza rimane la stessa: il desiderio che tutti gli uomini, compresi gli ebrei, giungano alla pienezza della verit\u00e0 in Ges\u00f9 Cristo.<\/p>\n\n\n\n<p>Come fedeli cattolici, dobbiamo recitare questa preghiera con profondo amore, riconoscendo che Dio ha un piano di salvezza per tutti. Che la Vergine Maria, Madre della Chiesa e Figlia di Sion, interceda per la conversione di tutti i cuori e ci conceda la grazia di essere testimoni autentici della Verit\u00e0.<\/p>\n\n\n\n<p>Che questo Venerd\u00ec Santo la nostra preghiera sia l\u2019eco dell\u2019amore di Cristo per tutta l\u2019umanit\u00e0!<\/p>\n","protected":false},"excerpt":{"rendered":"<p>Il Venerd\u00ec Santo \u00e8 uno dei giorni pi\u00f9 sacri del calendario liturgico cattolico. In questo giorno, la Chiesa commemora la Passione e la Morte di Nostro Signore Ges\u00f9 Cristo, l&#8217;atto redentore che ha aperto le porte della salvezza a tutta l&#8217;umanit\u00e0. In questo contesto, la &#8220;Preghiera per gli Ebrei&#8221; nella Liturgia della Passione assume un &hellip;<\/p>\n","protected":false},"author":3,"featured_media":2856,"comment_status":"open","ping_status":"open","sticky":false,"template":"","format":"standard","meta":{"_seopress_robots_primary_cat":"","_seopress_titles_title":"","_seopress_titles_desc":"","_seopress_robots_index":"","footnotes":""},"categories":[52,38],"tags":[923,826],"class_list":["post-2855","post","type-post","status-publish","format-standard","has-post-thumbnail","","category-liturgia-e-anno-liturgico","category-storia-e-tradizione","tag-preghiera-per-gli-ebrei","tag-venerdi-santo"],"_links":{"self":[{"href":"https:\/\/catholicus.eu\/it\/wp-json\/wp\/v2\/posts\/2855","targetHints":{"allow":["GET"]}}],"collection":[{"href":"https:\/\/catholicus.eu\/it\/wp-json\/wp\/v2\/posts"}],"about":[{"href":"https:\/\/catholicus.eu\/it\/wp-json\/wp\/v2\/types\/post"}],"author":[{"embeddable":true,"href":"https:\/\/catholicus.eu\/it\/wp-json\/wp\/v2\/users\/3"}],"replies":[{"embeddable":true,"href":"https:\/\/catholicus.eu\/it\/wp-json\/wp\/v2\/comments?post=2855"}],"version-history":[{"count":1,"href":"https:\/\/catholicus.eu\/it\/wp-json\/wp\/v2\/posts\/2855\/revisions"}],"predecessor-version":[{"id":2857,"href":"https:\/\/catholicus.eu\/it\/wp-json\/wp\/v2\/posts\/2855\/revisions\/2857"}],"wp:featuredmedia":[{"embeddable":true,"href":"https:\/\/catholicus.eu\/it\/wp-json\/wp\/v2\/media\/2856"}],"wp:attachment":[{"href":"https:\/\/catholicus.eu\/it\/wp-json\/wp\/v2\/media?parent=2855"}],"wp:term":[{"taxonomy":"category","embeddable":true,"href":"https:\/\/catholicus.eu\/it\/wp-json\/wp\/v2\/categories?post=2855"},{"taxonomy":"post_tag","embeddable":true,"href":"https:\/\/catholicus.eu\/it\/wp-json\/wp\/v2\/tags?post=2855"}],"curies":[{"name":"wp","href":"https:\/\/api.w.org\/{rel}","templated":true}]}}