{"id":2852,"date":"2025-03-24T08:04:01","date_gmt":"2025-03-24T07:04:01","guid":{"rendered":"https:\/\/catholicus.eu\/it\/?p=2852"},"modified":"2025-03-24T08:04:01","modified_gmt":"2025-03-24T07:04:01","slug":"terza-sesta-e-nona-le-ore-minori-della-liturgia-delle-ore-santificare-la-giornata-momento-per-momento","status":"publish","type":"post","link":"https:\/\/catholicus.eu\/it\/terza-sesta-e-nona-le-ore-minori-della-liturgia-delle-ore-santificare-la-giornata-momento-per-momento\/","title":{"rendered":"Terza, Sesta e Nona: Le Ore Minori della Liturgia delle Ore. Santificare la giornata, momento per momento"},"content":{"rendered":"\n<p>In un mondo che sembra muoversi a un ritmo frenetico, dove il tempo ci sfugge tra impegni, schermi e distrazioni, la Chiesa Cattolica ci offre un dono inestimabile: la&nbsp;<em>Liturgia delle Ore<\/em>. Questa preghiera, conosciuta anche come Ufficio Divino, \u00e8 un modo per unirci alla lode eterna che la Chiesa eleva a Dio in ogni momento e in ogni luogo. All&#8217;interno di questa bellissima tradizione, troviamo le&nbsp;<em>Ore Minori<\/em>: Terza, Sesta e Nona. Queste preghiere, sebbene meno conosciute di Lodi o Vespri, sono un tesoro spirituale che ci invita a fermarci, a respirare profondamente e a riconnetterci con il sacro nel mezzo del quotidiano.<\/p>\n\n\n\n<p>In questo articolo, esploreremo l&#8217;origine, la storia, il significato teologico e l&#8217;attualit\u00e0 di Terza, Sesta e Nona. Questo viaggio non ci porter\u00e0 solo attraverso i secoli, ma ci aiuter\u00e0 anche a scoprire come queste preghiere possano trasformare la nostra vita quotidiana, santificando ogni momento e avvicinandoci a Dio.<\/p>\n\n\n\n<hr class=\"wp-block-separator has-alpha-channel-opacity\"\/>\n\n\n\n<h3 class=\"wp-block-heading\"><strong>L&#8217;origine delle Ore Minori: Radici nella tradizione ebraica e cristiana<\/strong><\/h3>\n\n\n\n<p>Le Ore Minori hanno le loro radici nella tradizione ebraica, dove la preghiera era strutturata in momenti specifici della giornata. I salmi, che sono il cuore della Liturgia delle Ore, venivano recitati dal popolo d&#8217;Israele in diverse ore, come modo per santificare il tempo e mantenere una connessione costante con Dio. I primi cristiani, molti dei quali erano ebrei convertiti, adottarono questa pratica, ma la arricchirono con il nuovo significato che Cristo le aveva dato.<\/p>\n\n\n\n<p>Negli Atti degli Apostoli, vediamo come i discepoli pregavano in ore specifiche, come la terza ora (9 del mattino), la sesta ora (12 del pomeriggio) e la nona ora (15 del pomeriggio). Queste ore erano associate a eventi significativi nella vita di Ges\u00f9: la terza ora, con la discesa dello Spirito Santo a Pentecoste; la sesta ora, con la crocifissione di Cristo; e la nona ora, con la sua morte sulla croce. Cos\u00ec, le Ore Minori divennero un modo per unirci ai misteri della salvezza.<\/p>\n\n\n\n<hr class=\"wp-block-separator has-alpha-channel-opacity\"\/>\n\n\n\n<h3 class=\"wp-block-heading\"><strong>La storia delle Ore Minori: Dai monasteri ai laici<\/strong><\/h3>\n\n\n\n<p>Durante i primi secoli del cristianesimo, le Ore Minori erano principalmente recitate da monaci e clero, che dedicavano la loro vita alla preghiera continua. Nei monasteri, la giornata era strutturata attorno alla Liturgia delle Ore, e le Ore Minori (Terza, Sesta e Nona) servivano come pause sacre in mezzo al lavoro manuale e allo studio.<\/p>\n\n\n\n<p>Con il tempo, la Chiesa riconobbe l&#8217;importanza di estendere questa pratica a tutti i fedeli. Il Concilio Vaticano II (1962-1965) segn\u00f2 una svolta semplificando la Liturgia delle Ore e rendendola pi\u00f9 accessibile ai laici. Sebbene alcune comunit\u00e0 religiose recitino ancora tutte e tre le Ore Minori, nella pratica comune si \u00e8 consolidata una sola &#8220;Ora Intermedia&#8221;, che pu\u00f2 essere Terza, Sesta o Nona, a seconda del momento della giornata.<\/p>\n\n\n\n<hr class=\"wp-block-separator has-alpha-channel-opacity\"\/>\n\n\n\n<h3 class=\"wp-block-heading\"><strong>Il significato teologico delle Ore Minori: Santificare il tempo<\/strong><\/h3>\n\n\n\n<p>Le Ore Minori non sono semplicemente una serie di preghiere; sono un modo per santificare il tempo. Ogni ora ha un significato profondo che ci invita a ricordare la presenza di Dio nella nostra vita quotidiana.<\/p>\n\n\n\n<h4 class=\"wp-block-heading\"><strong>Terza (9 del mattino): L&#8217;Ora dello Spirito Santo<\/strong><\/h4>\n\n\n\n<p>Terza ci ricorda la discesa dello Spirito Santo a Pentecoste. \u00c8 un momento per chiedere la guida dello Spirito nelle nostre decisioni e azioni durante la giornata. In un mondo pieno di rumore e distrazioni, Terza ci chiama ad ascoltare la voce dolce e pacifica di Dio.<\/p>\n\n\n\n<h4 class=\"wp-block-heading\"><strong>Sesta (12 del pomeriggio): L&#8217;Ora della Croce<\/strong><\/h4>\n\n\n\n<p>Sesta ci porta al Calvario, dove Ges\u00f9 fu crocifisso per la nostra salvezza. \u00c8 un&#8217;ora per meditare sull&#8217;amore sacrificale di Cristo e per offrire le nostre sofferenze e il nostro lavoro in unione con Lui. Nel mezzo della giornata lavorativa, Sesta ci ricorda che il nostro lavoro ha un valore eterno quando lo offriamo a Dio.<\/p>\n\n\n\n<h4 class=\"wp-block-heading\"><strong>Nona (15 del pomeriggio): L&#8217;Ora della Misericordia<\/strong><\/h4>\n\n\n\n<p>Nona ci colloca ai piedi della croce, nel momento in cui Ges\u00f9 consegn\u00f2 il suo spirito al Padre. \u00c8 un&#8217;ora di profonda gratitudine e fiducia nella misericordia divina. In un mondo che spesso sembra privo di speranza, Nona ci ricorda che la morte non ha l&#8217;ultima parola.<\/p>\n\n\n\n<hr class=\"wp-block-separator has-alpha-channel-opacity\"\/>\n\n\n\n<h3 class=\"wp-block-heading\"><strong>La struttura delle Ore Minori: Un dialogo con Dio<\/strong><\/h3>\n\n\n\n<p>Ciascuna delle Ore Minori segue una struttura simile, che include:<\/p>\n\n\n\n<ol start=\"1\" class=\"wp-block-list\">\n<li><strong>Invitatorio<\/strong>: Un versetto introduttivo che ci invita a lodare Dio.<\/li>\n\n\n\n<li><strong>Inno<\/strong>: Un canto che prepara il nostro cuore alla preghiera.<\/li>\n\n\n\n<li><strong>Salmi e Cantici<\/strong>: Il cuore dell&#8217;Ora, dove meditiamo sulla Parola di Dio.<\/li>\n\n\n\n<li><strong>Lettura Breve<\/strong>: Un passo della Scrittura che illumina il momento della giornata.<\/li>\n\n\n\n<li><strong>Responsorio<\/strong>: Una risposta meditativa alla lettura.<\/li>\n\n\n\n<li><strong>Preghiera Finale<\/strong>: Una richiesta che riassume l&#8217;intenzione dell&#8217;Ora.<\/li>\n<\/ol>\n\n\n\n<p>Questa struttura non \u00e8 un mero formalismo; \u00e8 un dialogo d&#8217;amore tra Dio e il suo popolo. Attraverso i salmi, Dio ci parla, e attraverso le nostre preghiere, rispondiamo con fede e fiducia.<\/p>\n\n\n\n<hr class=\"wp-block-separator has-alpha-channel-opacity\"\/>\n\n\n\n<h3 class=\"wp-block-heading\"><strong>Le Ore Minori nel contesto attuale: Una risposta all&#8217;ansia moderna<\/strong><\/h3>\n\n\n\n<p>In un mondo segnato dall&#8217;ansia, dalla fretta e dalla disconnessione, le Ore Minori offrono un potente antidoto. Ci insegnano a vivere nel presente, a trovare Dio nell&#8217;ordinario e a coltivare un atteggiamento di gratitudine e speranza. Non si tratta di aggiungere pi\u00f9 compiti alla nostra agenda, ma di trasformare ogni momento in un&#8217;opportunit\u00e0 per incontrare Dio.<\/p>\n\n\n\n<p>Per i laici, le Ore Minori possono essere un modo semplice ma profondo per integrare la preghiera nella vita quotidiana. Che sia durante una pausa lavorativa, sui mezzi pubblici o nella tranquillit\u00e0 della casa, queste preghiere ci aiutano a rimanere concentrati sull&#8217;essenziale.<\/p>\n\n\n\n<hr class=\"wp-block-separator has-alpha-channel-opacity\"\/>\n\n\n\n<h3 class=\"wp-block-heading\"><strong>Conclusione: Una chiamata alla santit\u00e0 nel quotidiano<\/strong><\/h3>\n\n\n\n<p>Terza, Sesta e Nona sono un tesoro spirituale che la Chiesa ci offre. Ci ricordano che ogni ora del giorno \u00e8 sacra, che ogni momento \u00e8 un&#8217;opportunit\u00e0 per avvicinarci a Dio e che la nostra vita, per quanto ordinaria possa sembrare, \u00e8 chiamata a essere un&#8217;offerta gradita al Signore.<\/p>\n\n\n\n<p>Vi invito a esplorare questa pratica, a farne vostra e a scoprire come possa trasformare la vostra vita. Non importa se siete nuovi nella fede o se camminate con Cristo da anni; le Ore Minori sono per tutti. Sono un ponte tra il cielo e la terra, un promemoria che, in ogni momento, Dio \u00e8 con noi.<\/p>\n\n\n\n<p>Che la Santissima Vergine Maria, che meditava tutte queste cose nel suo cuore, ci guidi in questo cammino di preghiera. E che lo Spirito Santo, disceso all&#8217;ora di Terza, ci ispiri a vivere ogni giorno come un canto di lode al Padre, per Cristo, nostro Signore. Amen.<\/p>\n","protected":false},"excerpt":{"rendered":"<p>In un mondo che sembra muoversi a un ritmo frenetico, dove il tempo ci sfugge tra impegni, schermi e distrazioni, la Chiesa Cattolica ci offre un dono inestimabile: la&nbsp;Liturgia delle Ore. Questa preghiera, conosciuta anche come Ufficio Divino, \u00e8 un modo per unirci alla lode eterna che la Chiesa eleva a Dio in ogni momento &hellip;<\/p>\n","protected":false},"author":3,"featured_media":2853,"comment_status":"open","ping_status":"open","sticky":false,"template":"","format":"standard","meta":{"_seopress_robots_primary_cat":"","_seopress_titles_title":"","_seopress_titles_desc":"","_seopress_robots_index":"","footnotes":""},"categories":[40,58],"tags":[753,922,921,920],"class_list":["post-2852","post","type-post","status-publish","format-standard","has-post-thumbnail","","category-preghiera-e-spiritualita","category-preghiera-e-vita-spirituale","tag-liturgia-delle-ore","tag-nona","tag-sesta","tag-terza"],"_links":{"self":[{"href":"https:\/\/catholicus.eu\/it\/wp-json\/wp\/v2\/posts\/2852","targetHints":{"allow":["GET"]}}],"collection":[{"href":"https:\/\/catholicus.eu\/it\/wp-json\/wp\/v2\/posts"}],"about":[{"href":"https:\/\/catholicus.eu\/it\/wp-json\/wp\/v2\/types\/post"}],"author":[{"embeddable":true,"href":"https:\/\/catholicus.eu\/it\/wp-json\/wp\/v2\/users\/3"}],"replies":[{"embeddable":true,"href":"https:\/\/catholicus.eu\/it\/wp-json\/wp\/v2\/comments?post=2852"}],"version-history":[{"count":1,"href":"https:\/\/catholicus.eu\/it\/wp-json\/wp\/v2\/posts\/2852\/revisions"}],"predecessor-version":[{"id":2854,"href":"https:\/\/catholicus.eu\/it\/wp-json\/wp\/v2\/posts\/2852\/revisions\/2854"}],"wp:featuredmedia":[{"embeddable":true,"href":"https:\/\/catholicus.eu\/it\/wp-json\/wp\/v2\/media\/2853"}],"wp:attachment":[{"href":"https:\/\/catholicus.eu\/it\/wp-json\/wp\/v2\/media?parent=2852"}],"wp:term":[{"taxonomy":"category","embeddable":true,"href":"https:\/\/catholicus.eu\/it\/wp-json\/wp\/v2\/categories?post=2852"},{"taxonomy":"post_tag","embeddable":true,"href":"https:\/\/catholicus.eu\/it\/wp-json\/wp\/v2\/tags?post=2852"}],"curies":[{"name":"wp","href":"https:\/\/api.w.org\/{rel}","templated":true}]}}