{"id":2751,"date":"2025-03-20T22:13:54","date_gmt":"2025-03-20T21:13:54","guid":{"rendered":"https:\/\/catholicus.eu\/it\/?p=2751"},"modified":"2025-03-20T22:13:55","modified_gmt":"2025-03-20T21:13:55","slug":"lunedi-santo-gesu-purifica-il-tempio-un-invito-al-rinnovamento-spirituale-nei-tempi-moderni","status":"publish","type":"post","link":"https:\/\/catholicus.eu\/it\/lunedi-santo-gesu-purifica-il-tempio-un-invito-al-rinnovamento-spirituale-nei-tempi-moderni\/","title":{"rendered":"Luned\u00ec Santo: Ges\u00f9 purifica il Tempio \u2013 Un invito al rinnovamento spirituale nei tempi moderni"},"content":{"rendered":"\n<p>Il Luned\u00ec Santo \u00e8 un giorno di profonda riflessione durante la Settimana Santa, un momento in cui la Chiesa ci invita a contemplare uno degli episodi pi\u00f9 significativi della vita pubblica di Ges\u00f9: la purificazione del Tempio. Questo evento, narrato nei Vangeli di Matteo, Marco e Luca, non solo rivela lo zelo di Cristo per la casa del Padre suo, ma interpella anche direttamente noi, chiamandoci a purificare i nostri cuori e a vivere una fede autentica in un mondo pieno di distrazioni e contraddizioni.<\/p>\n\n\n\n<h3 class=\"wp-block-heading\"><strong>Il contesto storico e religioso<\/strong><\/h3>\n\n\n\n<p>Per comprendere appieno questo brano, \u00e8 necessario collocarci nel contesto del Tempio di Gerusalemme nel I secolo. Il Tempio era il centro religioso, politico e sociale del popolo ebraico. Non era solo il luogo in cui venivano offerti i sacrifici a Dio, ma anche il simbolo della presenza divina in mezzo al suo popolo. Tuttavia, con il tempo, il commercio e la corruzione si erano infiltrati nei suoi cortili.<\/p>\n\n\n\n<p>I cambiavalute e i venditori di animali avevano trasformato lo spazio sacro in un mercato. Sebbene la loro presenza avesse una giustificazione pratica (i pellegrini avevano bisogno di moneta locale per pagare la tassa del Tempio e di animali senza difetti per i sacrifici), la loro collocazione nell&#8217;area sacra e le pratiche abusive avevano snaturato il vero scopo del Tempio: essere un luogo di incontro con Dio.<\/p>\n\n\n\n<h3 class=\"wp-block-heading\"><strong>Il racconto evangelico: un atto profetico<\/strong><\/h3>\n\n\n\n<p>Il Vangelo di Matteo (21,12-17) descrive come Ges\u00f9 entr\u00f2 nel Tempio e scacci\u00f2 tutti quelli che vendevano e compravano l\u00ec. Rovesci\u00f2 i tavoli dei cambiavalute e le sedie dei venditori di colombe, dicendo:&nbsp;<em>&#8220;Sta scritto: &#8216;La mia casa sar\u00e0 chiamata casa di preghiera&#8217;, ma voi ne fate un covo di ladri&#8221;<\/em>&nbsp;(Matteo 21,13).<\/p>\n\n\n\n<p>Questo atto non fu un gesto di rabbia incontrollata, ma un&#8217;azione profetica carica di significato. Ges\u00f9, con autorit\u00e0 divina, denunci\u00f2 la corruzione e l&#8217;ipocrisia che avevano contaminato il luogo pi\u00f9 santo di Israele. Il suo gesto fu un invito a ripristinare la purezza del culto e a ricordare che Dio non pu\u00f2 essere ridotto a transazioni commerciali o a rituali vuoti.<\/p>\n\n\n\n<p>Nel Vangelo di Marco (11,15-19), viene aggiunto un dettaglio significativo: Ges\u00f9 non permetteva che nessuno trasportasse oggetti attraverso il Tempio. Questo gesto sottolinea l&#8217;importanza di mantenere lo spazio sacro libero da interessi mondani. Luca (19,45-48), invece, evidenzia che Ges\u00f9 insegnava ogni giorno nel Tempio, mostrando che la sua azione non era un rifiuto del Tempio in s\u00e9, ma della sua profanazione.<\/p>\n\n\n\n<h3 class=\"wp-block-heading\"><strong>Il significato teologico: un invito all&#8217;autenticit\u00e0<\/strong><\/h3>\n\n\n\n<p>La purificazione del Tempio ha un significato profondo che va oltre il contesto storico. In primo luogo, Ges\u00f9 si rivela come il Messia che viene a restaurare il vero culto di Dio. La sua azione prefigura la nuova alleanza, in cui il Tempio non sar\u00e0 pi\u00f9 un edificio di pietra, ma il cuore di ogni credente. Come disse san Paolo:&nbsp;<em>&#8220;Non sapete che siete tempio di Dio e che lo Spirito di Dio abita in voi?&#8221;<\/em>&nbsp;(1 Corinzi 3,16).<\/p>\n\n\n\n<p>In secondo luogo, questo episodio ci invita a esaminare la nostra vita. Non abbiamo forse trasformato anche i nostri cuori in &#8220;covi di ladri&#8221;? Non permettiamo forse all&#8217;avidit\u00e0, alla vanit\u00e0 o all&#8217;egoismo di contaminare la nostra relazione con Dio? Il Luned\u00ec Santo \u00e8 un&#8217;opportunit\u00e0 per lasciarci purificare da Cristo, per scacciare tutto ci\u00f2 che ci allontana da Lui e per diventare veri adoratori in spirito e verit\u00e0 (Giovanni 4,23).<\/p>\n\n\n\n<h3 class=\"wp-block-heading\"><strong>Rilevanza nel mondo attuale<\/strong><\/h3>\n\n\n\n<p>In un mondo segnato dal consumismo, dalla superficialit\u00e0 e dalla perdita del sacro, il messaggio di Ges\u00f9 nel Tempio risuona con forza. Viviamo in una cultura che spesso riduce la fede a un&#8217;esperienza emotiva o a un insieme di norme morali, dimenticando che il cristianesimo \u00e8, prima di tutto, una relazione viva con Dio.<\/p>\n\n\n\n<p>La purificazione del Tempio ci ricorda che la spiritualit\u00e0 autentica non pu\u00f2 coesistere con l&#8217;idolatria del denaro, del potere o del piacere. In un&#8217;epoca in cui molti cercano risposte nel materialismo o in false spiritualit\u00e0, Ges\u00f9 ci invita a tornare all&#8217;essenziale: ad adorare Dio con un cuore puro e a servire gli altri con amore e giustizia.<\/p>\n\n\n\n<h3 class=\"wp-block-heading\"><strong>Un aneddoto ispiratore<\/strong><\/h3>\n\n\n\n<p>La tradizione racconta che san Francesco d&#8217;Assisi, ascoltando questo brano del Vangelo, sent\u00ec un profondo desiderio di rinnovare la Chiesa. Un giorno, mentre pregava nella chiesa di San Damiano, ud\u00ec una voce che gli diceva:&nbsp;<em>&#8220;Francesco, ripara la mia casa, che, come vedi, \u00e8 tutta in rovina.&#8221;<\/em>&nbsp;Inizialmente, pens\u00f2 che si riferisse all&#8217;edificio fisico, ma poi comprese che Dio lo chiamava a restaurare la Chiesa spirituale, cominciando da se stesso. Questo stesso invito risuona oggi nei nostri cuori: essere strumenti di purificazione e rinnovamento in un mondo che ha tanto bisogno di Dio.<\/p>\n\n\n\n<h3 class=\"wp-block-heading\"><strong>Conclusione: un invito alla conversione<\/strong><\/h3>\n\n\n\n<p>Il Luned\u00ec Santo ci invita ad accompagnare Ges\u00f9 nel suo cammino verso la croce, cominciando dalla purificazione del Tempio. Questo gesto profetico non solo ci ricorda la santit\u00e0 di Dio, ma anche la nostra vocazione a essere templi viventi della sua presenza.<\/p>\n\n\n\n<p>In questo tempo di grazia, chiediamo al Signore di concederci il coraggio di scacciare tutto ci\u00f2 che contamina il nostro cuore e di diventare veri adoratori. Che la nostra vita rifletta la purezza e l&#8217;amore di Cristo, affinch\u00e9, come Lui, possiamo essere luce nelle tenebre e sale della terra.<\/p>\n\n\n\n<p><em>&#8220;Signore, purifica i nostri cuori e fa&#8217; di noi una dimora degna della tua presenza. Amen.&#8221;<\/em><\/p>\n","protected":false},"excerpt":{"rendered":"<p>Il Luned\u00ec Santo \u00e8 un giorno di profonda riflessione durante la Settimana Santa, un momento in cui la Chiesa ci invita a contemplare uno degli episodi pi\u00f9 significativi della vita pubblica di Ges\u00f9: la purificazione del Tempio. Questo evento, narrato nei Vangeli di Matteo, Marco e Luca, non solo rivela lo zelo di Cristo per &hellip;<\/p>\n","protected":false},"author":3,"featured_media":2752,"comment_status":"open","ping_status":"open","sticky":false,"template":"","format":"standard","meta":{"_seopress_robots_primary_cat":"","_seopress_titles_title":"","_seopress_titles_desc":"","_seopress_robots_index":"","footnotes":""},"categories":[37,45],"tags":[311,869,870],"class_list":["post-2751","post","type-post","status-publish","format-standard","has-post-thumbnail","","category-dottrina-e-fede","category-sacra-scrittura","tag-gesu","tag-lunedi-santo","tag-tempio"],"_links":{"self":[{"href":"https:\/\/catholicus.eu\/it\/wp-json\/wp\/v2\/posts\/2751","targetHints":{"allow":["GET"]}}],"collection":[{"href":"https:\/\/catholicus.eu\/it\/wp-json\/wp\/v2\/posts"}],"about":[{"href":"https:\/\/catholicus.eu\/it\/wp-json\/wp\/v2\/types\/post"}],"author":[{"embeddable":true,"href":"https:\/\/catholicus.eu\/it\/wp-json\/wp\/v2\/users\/3"}],"replies":[{"embeddable":true,"href":"https:\/\/catholicus.eu\/it\/wp-json\/wp\/v2\/comments?post=2751"}],"version-history":[{"count":1,"href":"https:\/\/catholicus.eu\/it\/wp-json\/wp\/v2\/posts\/2751\/revisions"}],"predecessor-version":[{"id":2753,"href":"https:\/\/catholicus.eu\/it\/wp-json\/wp\/v2\/posts\/2751\/revisions\/2753"}],"wp:featuredmedia":[{"embeddable":true,"href":"https:\/\/catholicus.eu\/it\/wp-json\/wp\/v2\/media\/2752"}],"wp:attachment":[{"href":"https:\/\/catholicus.eu\/it\/wp-json\/wp\/v2\/media?parent=2751"}],"wp:term":[{"taxonomy":"category","embeddable":true,"href":"https:\/\/catholicus.eu\/it\/wp-json\/wp\/v2\/categories?post=2751"},{"taxonomy":"post_tag","embeddable":true,"href":"https:\/\/catholicus.eu\/it\/wp-json\/wp\/v2\/tags?post=2751"}],"curies":[{"name":"wp","href":"https:\/\/api.w.org\/{rel}","templated":true}]}}