{"id":2670,"date":"2025-03-15T18:28:50","date_gmt":"2025-03-15T17:28:50","guid":{"rendered":"https:\/\/catholicus.eu\/it\/?p=2670"},"modified":"2025-03-15T18:28:51","modified_gmt":"2025-03-15T17:28:51","slug":"solennita-festa-e-memoria-chiavi-per-vivere-il-calendario-liturgico-con-pienezza","status":"publish","type":"post","link":"https:\/\/catholicus.eu\/it\/solennita-festa-e-memoria-chiavi-per-vivere-il-calendario-liturgico-con-pienezza\/","title":{"rendered":"Solennit\u00e0, Festa e Memoria: Chiavi per Vivere il Calendario Liturgico con Pienezza"},"content":{"rendered":"\n<p>Ogni giorno, la Chiesa ci offre una ricchezza spirituale attraverso il suo calendario liturgico. Tuttavia, non tutte le celebrazioni hanno lo stesso grado di importanza: alcune si distinguono per la loro grande solennit\u00e0, mentre altre hanno un carattere pi\u00f9 discreto. In questo articolo, esploreremo a fondo i tre gradi di celebrazione nella liturgia cattolica \u2013 Solennit\u00e0, Festa e Memoria \u2013 comprendendo il loro significato teologico, la loro importanza per la nostra vita spirituale e come possiamo viverli con maggiore profondit\u00e0 nella nostra quotidianit\u00e0.<\/p>\n\n\n\n<hr class=\"wp-block-separator has-alpha-channel-opacity\"\/>\n\n\n\n<h3 class=\"wp-block-heading\">1. Il Significato del Calendario Liturgico: Una Storia di Salvezza Viva<\/h3>\n\n\n\n<p>La Chiesa, nella sua sapienza, non si limita a commemorare i grandi misteri della fede, ma li distribuisce lungo l&#8217;anno nel calendario liturgico. Questa struttura non \u00e8 casuale, ma riflette la storia della salvezza e ci aiuta ad entrare in un ritmo spirituale che ci avvicina a Dio.<\/p>\n\n\n\n<p>Fin dai tempi apostolici, i cristiani hanno celebrato gli eventi chiave della vita di Cristo, della Vergine Maria e dei santi. Col tempo, la Chiesa ha stabilito diversi gradi di celebrazione per distinguere le festivit\u00e0 pi\u00f9 importanti da quelle di minore rilevanza liturgica, garantendo cos\u00ec un equilibrio nella vita spirituale del credente.<\/p>\n\n\n\n<p>Questi gradi di celebrazione \u2013 Solennit\u00e0, Festa e Memoria \u2013 non solo ci aiutano a dare ordine al culto, ma ci offrono anche una pedagogia spirituale che, se ben vissuta, pu\u00f2 trasformare la nostra vita di fede.<\/p>\n\n\n\n<hr class=\"wp-block-separator has-alpha-channel-opacity\"\/>\n\n\n\n<h3 class=\"wp-block-heading\">2. Le Solennit\u00e0: I Vertici della Fede<\/h3>\n\n\n\n<h4 class=\"wp-block-heading\">Cos\u2019\u00e8 una Solennit\u00e0?<\/h4>\n\n\n\n<p>Le Solennit\u00e0 sono le celebrazioni liturgiche di massimo rango nella Chiesa. Sono riservate ai misteri centrali della nostra fede, come la Risurrezione di Cristo, l\u2019Incarnazione, la Pentecoste e alcuni eventi fondamentali della vita della Vergine Maria e dei santi pi\u00f9 importanti.<\/p>\n\n\n\n<h4 class=\"wp-block-heading\">Caratteristiche di una Solennit\u00e0<\/h4>\n\n\n\n<ul class=\"wp-block-list\">\n<li>Si celebrano con grande gloria e solennit\u00e0 liturgica.<\/li>\n\n\n\n<li>Hanno preghiere proprie nella Messa e nella Liturgia delle Ore.<\/li>\n\n\n\n<li>Si proclamano due letture prima del Vangelo, invece di una sola.<\/li>\n\n\n\n<li>Si recitano il Gloria e il Credo.<\/li>\n\n\n\n<li>Se cadono di domenica, sostituiscono la liturgia domenicale (eccetto durante l&#8217;Avvento, la Quaresima e il Tempo di Pasqua).<\/li>\n\n\n\n<li>Alcune hanno una veglia liturgica, come il Natale e la Pasqua.<\/li>\n<\/ul>\n\n\n\n<h4 class=\"wp-block-heading\">Esempi di Solennit\u00e0<\/h4>\n\n\n\n<ul class=\"wp-block-list\">\n<li><strong>Natale (25 dicembre)<\/strong> e <strong>Pasqua (data variabile)<\/strong>: Le due solennit\u00e0 centrali della nostra fede.<\/li>\n\n\n\n<li><strong>Immacolata Concezione (8 dicembre)<\/strong>: Dogma mariano fondamentale.<\/li>\n\n\n\n<li><strong>Tutti i Santi (1 novembre)<\/strong>: Celebrazione della gloria della Chiesa celeste.<\/li>\n<\/ul>\n\n\n\n<h4 class=\"wp-block-heading\">Vivere una Solennit\u00e0 nella vita quotidiana<\/h4>\n\n\n\n<p>Le Solennit\u00e0 non sono solo per la liturgia, ma anche per la nostra vita di tutti i giorni. Ecco alcuni modi per viverle:<\/p>\n\n\n\n<ul class=\"wp-block-list\">\n<li>Partecipare con devozione alla Messa, anche quando non \u00e8 di precetto.<\/li>\n\n\n\n<li>Dedicare pi\u00f9 tempo alla preghiera, meditando sul mistero celebrato.<\/li>\n\n\n\n<li>Celebrare in famiglia o in comunit\u00e0, condividendo un pasto speciale.<\/li>\n\n\n\n<li>Compiere opere di carit\u00e0 come segno di gratitudine a Dio.<\/li>\n<\/ul>\n\n\n\n<hr class=\"wp-block-separator has-alpha-channel-opacity\"\/>\n\n\n\n<h3 class=\"wp-block-heading\">3. Le Feste: Celebrazioni di Gioia nella Chiesa<\/h3>\n\n\n\n<h4 class=\"wp-block-heading\">Cos\u2019\u00e8 una Festa?<\/h4>\n\n\n\n<p>Le Feste celebrano eventi importanti, ma con un rango inferiore rispetto alle Solennit\u00e0. Si applicano principalmente a Ges\u00f9 Cristo, alla Vergine Maria e ai santi di grande rilevanza.<\/p>\n\n\n\n<h4 class=\"wp-block-heading\">Caratteristiche di una Festa<\/h4>\n\n\n\n<ul class=\"wp-block-list\">\n<li>Si recita il Gloria, ma non il Credo.<\/li>\n\n\n\n<li>Nei giorni feriali, c\u2019\u00e8 una sola lettura prima del Vangelo.<\/li>\n\n\n\n<li>Se cadono di domenica, non sostituiscono la liturgia domenicale.<\/li>\n\n\n\n<li>Non hanno vespri liturgici obbligatori.<\/li>\n<\/ul>\n\n\n\n<h4 class=\"wp-block-heading\">Esempi di Feste<\/h4>\n\n\n\n<ul class=\"wp-block-list\">\n<li><strong>Trasfigurazione del Signore (6 agosto)<\/strong>: Manifestazione della gloria di Cristo.<\/li>\n\n\n\n<li><strong>Festa dei Santi Arcangeli Michele, Gabriele e Raffaele (29 settembre)<\/strong>.<\/li>\n\n\n\n<li><strong>Presentazione di Ges\u00f9 al Tempio (2 febbraio)<\/strong>: Conosciuta anche come la Candelora.<\/li>\n<\/ul>\n\n\n\n<h4 class=\"wp-block-heading\">Come vivere una Festa liturgica<\/h4>\n\n\n\n<p>Anche se meno solenni, le Feste sono occasioni per:<\/p>\n\n\n\n<ul class=\"wp-block-list\">\n<li>Approfondire la vita del santo o l&#8217;evento celebrato.<\/li>\n\n\n\n<li>Offrire una preghiera speciale di ringraziamento a Dio.<\/li>\n\n\n\n<li>Leggere e meditare le letture del giorno per comprenderne il significato nella nostra vita.<\/li>\n<\/ul>\n\n\n\n<hr class=\"wp-block-separator has-alpha-channel-opacity\"\/>\n\n\n\n<h3 class=\"wp-block-heading\">4. Le Memorie: Ricordare i Santi e l\u2019Azione di Dio nella Storia<\/h3>\n\n\n\n<h4 class=\"wp-block-heading\">Cos\u2019\u00e8 una Memoria?<\/h4>\n\n\n\n<p>Le Memorie sono celebrazioni minori che ricordano santi ed eventi importanti, senza la grandiosit\u00e0 delle Feste o delle Solennit\u00e0. Si dividono in:<\/p>\n\n\n\n<ul class=\"wp-block-list\">\n<li><strong>Memorie obbligatorie<\/strong>: Devono essere incluse nella liturgia del giorno.<\/li>\n\n\n\n<li><strong>Memorie facoltative<\/strong>: Possono essere omesse per ragioni pastorali.<\/li>\n<\/ul>\n\n\n\n<h4 class=\"wp-block-heading\">Caratteristiche di una Memoria<\/h4>\n\n\n\n<ul class=\"wp-block-list\">\n<li>Non si recita n\u00e9 il Gloria n\u00e9 il Credo.<\/li>\n\n\n\n<li>La liturgia del giorno pu\u00f2 essere combinata con quella del santo commemorato.<\/li>\n\n\n\n<li>Non influiscono in modo significativo sulla struttura dell&#8217;Ufficio Divino.<\/li>\n<\/ul>\n\n\n\n<h4 class=\"wp-block-heading\">Esempi di Memorie<\/h4>\n\n\n\n<ul class=\"wp-block-list\">\n<li><strong>San Francesco d&#8217;Assisi (4 ottobre)<\/strong>: Patrono dei poveri e dell&#8217;ecologia.<\/li>\n\n\n\n<li><strong>Santa Teresa di Ges\u00f9 Bambino (1 ottobre)<\/strong>: Dottore della Chiesa e apostola della spiritualit\u00e0 dell&#8217;infanzia.<\/li>\n<\/ul>\n\n\n\n<h4 class=\"wp-block-heading\">Vivere una Memoria nella vita quotidiana<\/h4>\n\n\n\n<ul class=\"wp-block-list\">\n<li>Prendersi un momento per leggere la vita del santo o l\u2019evento commemorato.<\/li>\n\n\n\n<li>Offrire una preghiera chiedendo l\u2019intercessione del santo.<\/li>\n\n\n\n<li>Imitare le sue virt\u00f9, cercando di vivere la fede con maggiore profondit\u00e0.<\/li>\n<\/ul>\n\n\n\n<hr class=\"wp-block-separator has-alpha-channel-opacity\"\/>\n\n\n\n<h3 class=\"wp-block-heading\">5. Perch\u00e9 \u00e8 Importante Conoscere e Vivere Questi Gradi Liturgici?<\/h3>\n\n\n\n<p>Conoscere i gradi di celebrazione nella Chiesa ci aiuta a:<\/p>\n\n\n\n<ul class=\"wp-block-list\">\n<li><strong>Arricchire la nostra vita di fede<\/strong>, vivendo la liturgia con maggiore profondit\u00e0.<\/li>\n\n\n\n<li><strong>Sentirci pi\u00f9 uniti alla comunit\u00e0 ecclesiale<\/strong>, partecipando alle celebrazioni con tutta la Chiesa.<\/li>\n\n\n\n<li><strong>Rafforzare la nostra relazione con i santi<\/strong>, vedendo in loro modelli di vita cristiana.<\/li>\n\n\n\n<li><strong>Vivere il tempo come sacro<\/strong>, ordinando la nostra vita attorno a Dio.<\/li>\n<\/ul>\n\n\n\n<p>Papa Benedetto XVI diceva che la liturgia non \u00e8 solo un insieme di riti, ma <strong>la scuola dove impariamo ad amare Dio<\/strong>. Se approfittiamo di queste celebrazioni nella nostra vita quotidiana, la nostra fede diventer\u00e0 pi\u00f9 ricca e profonda.<\/p>\n\n\n\n<hr class=\"wp-block-separator has-alpha-channel-opacity\"\/>\n\n\n\n<h3 class=\"wp-block-heading\">Conclusione: Camminare con la Chiesa nell&#8217;Anno Liturgico<\/h3>\n\n\n\n<p>Le Solennit\u00e0, le Feste e le Memorie non sono semplici formalit\u00e0 liturgiche, ma <strong>occasioni di grazia<\/strong> che la Chiesa ci offre per crescere spiritualmente. Ognuna di esse ha la sua ricchezza e ci aiuta, in modo unico, ad approfondire la nostra fede.<\/p>\n\n\n\n<p>L&#8217;invito \u00e8 chiaro: <strong>viviamo con pi\u00f9 intensit\u00e0 ogni celebrazione<\/strong>, permettendo che trasformi il nostro cuore e ci avvicini a Dio. Cos\u00ec, il nostro cammino cristiano non sar\u00e0 monotono o abitudinario, ma un pellegrinaggio ricco di incontri con il Signore lungo tutto l\u2019anno.<\/p>\n\n\n\n<p><strong>&#8220;Questo \u00e8 il giorno che ha fatto il Signore: rallegriamoci ed esultiamo in esso&#8221;<\/strong> (Salmo 118, 24).<\/p>\n","protected":false},"excerpt":{"rendered":"<p>Ogni giorno, la Chiesa ci offre una ricchezza spirituale attraverso il suo calendario liturgico. Tuttavia, non tutte le celebrazioni hanno lo stesso grado di importanza: alcune si distinguono per la loro grande solennit\u00e0, mentre altre hanno un carattere pi\u00f9 discreto. In questo articolo, esploreremo a fondo i tre gradi di celebrazione nella liturgia cattolica \u2013 &hellip;<\/p>\n","protected":false},"author":3,"featured_media":2671,"comment_status":"open","ping_status":"open","sticky":false,"template":"","format":"standard","meta":{"_seopress_robots_primary_cat":"","_seopress_titles_title":"","_seopress_titles_desc":"","_seopress_robots_index":"","footnotes":""},"categories":[52,38],"tags":[844,845,843],"class_list":["post-2670","post","type-post","status-publish","format-standard","has-post-thumbnail","","category-liturgia-e-anno-liturgico","category-storia-e-tradizione","tag-festa-e-memoria","tag-gradi-di-celebrazione","tag-solennita"],"_links":{"self":[{"href":"https:\/\/catholicus.eu\/it\/wp-json\/wp\/v2\/posts\/2670","targetHints":{"allow":["GET"]}}],"collection":[{"href":"https:\/\/catholicus.eu\/it\/wp-json\/wp\/v2\/posts"}],"about":[{"href":"https:\/\/catholicus.eu\/it\/wp-json\/wp\/v2\/types\/post"}],"author":[{"embeddable":true,"href":"https:\/\/catholicus.eu\/it\/wp-json\/wp\/v2\/users\/3"}],"replies":[{"embeddable":true,"href":"https:\/\/catholicus.eu\/it\/wp-json\/wp\/v2\/comments?post=2670"}],"version-history":[{"count":1,"href":"https:\/\/catholicus.eu\/it\/wp-json\/wp\/v2\/posts\/2670\/revisions"}],"predecessor-version":[{"id":2672,"href":"https:\/\/catholicus.eu\/it\/wp-json\/wp\/v2\/posts\/2670\/revisions\/2672"}],"wp:featuredmedia":[{"embeddable":true,"href":"https:\/\/catholicus.eu\/it\/wp-json\/wp\/v2\/media\/2671"}],"wp:attachment":[{"href":"https:\/\/catholicus.eu\/it\/wp-json\/wp\/v2\/media?parent=2670"}],"wp:term":[{"taxonomy":"category","embeddable":true,"href":"https:\/\/catholicus.eu\/it\/wp-json\/wp\/v2\/categories?post=2670"},{"taxonomy":"post_tag","embeddable":true,"href":"https:\/\/catholicus.eu\/it\/wp-json\/wp\/v2\/tags?post=2670"}],"curies":[{"name":"wp","href":"https:\/\/api.w.org\/{rel}","templated":true}]}}