{"id":2643,"date":"2025-03-13T22:15:05","date_gmt":"2025-03-13T21:15:05","guid":{"rendered":"https:\/\/catholicus.eu\/it\/?p=2643"},"modified":"2025-03-13T22:15:05","modified_gmt":"2025-03-13T21:15:05","slug":"i-templari-guardiani-della-fede-e-del-mistero","status":"publish","type":"post","link":"https:\/\/catholicus.eu\/it\/i-templari-guardiani-della-fede-e-del-mistero\/","title":{"rendered":"I Templari: Guardiani della Fede e del Mistero"},"content":{"rendered":"\n<p>Pochi nomi nella storia suscitano tanta fascinazione e mistero quanto quello dei <strong>Cavalieri Templari<\/strong>. La loro eredit\u00e0 \u00e8 stata oggetto di innumerevoli teorie, romanzi e film, ma dietro il velo delle leggende si nasconde una realt\u00e0 molto pi\u00f9 profonda: erano <strong>monaci e guerrieri<\/strong>, un ordine religioso consacrato a Dio che svolse un ruolo fondamentale nella storia del cristianesimo.<\/p>\n\n\n\n<p>In questo articolo esploreremo le loro origini, la loro missione, le loro imprese e la loro tragica fine. Ma soprattutto, scopriremo <strong>il loro significato spirituale<\/strong>, il loro impatto sul cristianesimo e la loro eredit\u00e0 nel mondo di oggi.<\/p>\n\n\n\n<h2 class=\"wp-block-heading\"><strong>1. Le origini dei Templari: Soldati di Cristo<\/strong><\/h2>\n\n\n\n<p>La storia dei Templari inizia <strong>a Gerusalemme nel 1119<\/strong>, dopo la Prima Crociata. Il neonato Regno Cristiano di Gerusalemme era costantemente minacciato dagli attacchi musulmani, e i pellegrini cristiani diretti in Terra Santa erano in grave pericolo.<\/p>\n\n\n\n<p>In questo contesto, un cavaliere francese di nome <strong>Ugo de Payns<\/strong>, insieme ad altri otto cavalieri, decise di fondare un ordine religioso e militare dedicato alla protezione dei pellegrini. Si fecero chiamare <strong>&#8220;I Poveri Cavalieri di Cristo&#8221;<\/strong> e stabilirono il loro quartier generale sul <strong>Monte del Tempio di Salomone<\/strong>, da cui deriv\u00f2 il loro celebre nome: <strong>&#8220;Templari&#8221;<\/strong>.<\/p>\n\n\n\n<p>Nel 1129, durante il Concilio di Troyes, l&#8217;Ordine del Tempio fu ufficialmente riconosciuto dalla Chiesa. La loro regola monastica, ispirata a quella di San Benedetto e redatta da <strong>San Bernardo di Chiaravalle<\/strong>, univa la vita di preghiera alla disciplina militare. <strong>Erano monaci e guerrieri allo stesso tempo<\/strong>, un concetto rivoluzionario per l\u2019epoca.<\/p>\n\n\n\n<p>\ud83d\udcd6 <em>&#8220;Soffri anche tu insieme con me come un buon soldato di Cristo Ges\u00f9.&#8221;<\/em> (2 Timoteo 2,3)<\/p>\n\n\n\n<p>I Templari incarnavano questo ideale: erano soldati di Cristo, pronti a dare la vita per la fede.<\/p>\n\n\n\n<h2 class=\"wp-block-heading\"><strong>2. L&#8217;ascesa e l&#8217;espansione dell&#8217;Ordine<\/strong><\/h2>\n\n\n\n<p>L&#8217;Ordine del Tempio crebbe rapidamente in influenza e potere. La loro rigida disciplina, il voto di povert\u00e0 e il loro coraggio in battaglia valsero loro il rispetto di tutta la Cristianit\u00e0. <strong>Ricevettero numerose donazioni di terre, castelli e ricchezze da re e nobili di tutta Europa<\/strong>, il che permise loro di espandersi nel continente e di costruire fortezze in Terra Santa.<\/p>\n\n\n\n<p>Alcune delle loro roccaforti pi\u00f9 importanti furono:<\/p>\n\n\n\n<ul class=\"wp-block-list\">\n<li><strong>Il Krak dei Cavalieri<\/strong> (nell&#8217;attuale Siria), considerato una delle fortezze pi\u00f9 imponenti dell\u2019epoca.<\/li>\n\n\n\n<li><strong>La fortezza di Safed<\/strong>, un punto strategico nella difesa della Terra Santa.<\/li>\n\n\n\n<li><strong>Il castello di Tomar<\/strong> (in Portogallo), una delle loro ultime roccaforti in Europa.<\/li>\n<\/ul>\n\n\n\n<p>Ma i Templari non erano solo guerrieri: furono anche pionieri della banca medievale. Inventarono un sistema di <strong>&#8220;lettere di credito&#8221;<\/strong> che permetteva ai pellegrini di viaggiare senza trasportare oro, riducendo il rischio di furto. Questa innovazione li rese una delle organizzazioni finanziarie pi\u00f9 potenti del loro tempo.<\/p>\n\n\n\n<h2 class=\"wp-block-heading\"><strong>3. La loro tragica fine: da eroi a eretici<\/strong><\/h2>\n\n\n\n<p>L&#8217;inizio della fine arriv\u00f2 nel 1291, quando i musulmani ripresero <strong>San Giovanni d&#8217;Acri<\/strong>, l&#8217;ultima citt\u00e0 cristiana in Terra Santa. Con la loro missione originale compromessa, l&#8217;Ordine perse parte della sua ragion d\u2019essere.<\/p>\n\n\n\n<p>Il colpo fatale arriv\u00f2 dal re di Francia, <strong>Filippo IV &#8220;il Bello&#8221;<\/strong>, che era fortemente indebitato con i Templari e li considerava una potenza indipendente e pericolosa. <strong>Nel 1307 avvi\u00f2 una spietata persecuzione<\/strong>, accusandoli di eresia, idolatria e altri crimini inventati.<\/p>\n\n\n\n<p>Il <strong>venerd\u00ec 13 ottobre 1307<\/strong>, centinaia di Templari furono arrestati in tutta la Francia. Sottoposti a torture, molti confessarono crimini che non avevano mai commesso. <strong>Il Gran Maestro dell&#8217;Ordine, Jacques de Molay, fu arso vivo nel 1314.<\/strong> Prima di morire, pronunci\u00f2 una profezia che ancora oggi riecheggia nella storia:<\/p>\n\n\n\n<p><em>&#8220;Dio sa che moriamo ingiustamente. Papa Clemente, Re Filippo! Prima di un anno, sarete giudicati davanti al tribunale divino con noi.&#8221;<\/em><\/p>\n\n\n\n<p>In modo sorprendente, <strong>entrambi morirono entro l\u2019anno successivo.<\/strong><\/p>\n\n\n\n<p>Papa <strong>Clemente V<\/strong>, sotto la pressione di Filippo IV, sciolse ufficialmente l&#8217;Ordine nel 1312. <strong>I Templari scomparvero ufficialmente, ma la loro leggenda era appena iniziata.<\/strong><\/p>\n\n\n\n<h2 class=\"wp-block-heading\"><strong>4. Dove sono i Templari oggi? La loro eredit\u00e0 nel presente<\/strong><\/h2>\n\n\n\n<p>Sebbene l&#8217;Ordine del Tempio sia stato dissolto, la sua influenza non scomparve. Molti dei suoi cavalieri trovarono rifugio in altri ordini, come <strong>l&#8217;Ordine di Montesa in Spagna<\/strong> o <strong>l&#8217;Ordine di Cristo in Portogallo<\/strong>.<\/p>\n\n\n\n<p>Tuttavia, la loro eredit\u00e0 va oltre la storia militare:<\/p>\n\n\n\n<p>\ud83d\udd39 <strong>Un modello di vita cristiana:<\/strong> Il loro ideale di sacrificio, disciplina e fede rimane un esempio per molti cristiani.<\/p>\n\n\n\n<p>\ud83d\udd39 <strong>Un impatto sulla Chiesa:<\/strong> La struttura degli ordini militari influenz\u00f2 lo sviluppo di altre istituzioni religiose.<\/p>\n\n\n\n<p>\ud83d\udd39 <strong>Un&#8217;ispirazione per oggi:<\/strong> In un mondo in cui la fede affronta nuove sfide, la testimonianza dei Templari ci ricorda che dobbiamo essere <strong>&#8220;soldati di Cristo&#8221;<\/strong> nella battaglia spirituale quotidiana.<\/p>\n\n\n\n<p>\ud83d\udcd6 <em>&#8220;Prendete perci\u00f2 l\u2019armatura di Dio, affinch\u00e9 possiate resistere nel giorno malvagio e restare in piedi dopo aver superato tutte le prove.&#8221;<\/em> (Efesini 6,13)<\/p>\n\n\n\n<h2 class=\"wp-block-heading\"><strong>Conclusione: I Templari e la nostra fede oggi<\/strong><\/h2>\n\n\n\n<p>I Cavalieri Templari erano molto pi\u00f9 che semplici guerrieri: <strong>erano uomini di fede, pronti a dare la vita per Cristo.<\/strong> La loro storia ci ricorda che la vita cristiana \u00e8 una lotta costante tra il bene e il male, nella quale siamo chiamati ad essere coraggiosi, saldi nella fede e pronti a sacrificarci per la giustizia.<\/p>\n\n\n\n<p>Dove sono i Templari oggi? Forse non portano pi\u00f9 spade n\u00e9 armature, ma il loro spirito vive in ogni cristiano che <strong>difende la verit\u00e0, aiuta i bisognosi e lotta per il Regno di Dio.<\/strong><\/p>\n\n\n\n<p>Come disse il loro mentore spirituale, <strong>San Bernardo di Chiaravalle<\/strong>:<\/p>\n\n\n\n<p><em>&#8220;Il cavaliere di Cristo combatte con fiducia nelle battaglie del Signore e non teme di peccare se uccide il nemico, n\u00e9 teme la morte, perch\u00e9 la sua morte \u00e8 Cristo e la sua vita \u00e8 un guadagno.&#8221;<\/em><\/p>\n\n\n\n<p>Che l&#8217;esempio dei Templari ci ispiri a vivere la nostra fede con coraggio e determinazione!<\/p>\n","protected":false},"excerpt":{"rendered":"<p>Pochi nomi nella storia suscitano tanta fascinazione e mistero quanto quello dei Cavalieri Templari. La loro eredit\u00e0 \u00e8 stata oggetto di innumerevoli teorie, romanzi e film, ma dietro il velo delle leggende si nasconde una realt\u00e0 molto pi\u00f9 profonda: erano monaci e guerrieri, un ordine religioso consacrato a Dio che svolse un ruolo fondamentale nella &hellip;<\/p>\n","protected":false},"author":3,"featured_media":2644,"comment_status":"open","ping_status":"open","sticky":false,"template":"","format":"standard","meta":{"_seopress_robots_primary_cat":"","_seopress_titles_title":"","_seopress_titles_desc":"","_seopress_robots_index":"","footnotes":""},"categories":[48,38],"tags":[827],"class_list":["post-2643","post","type-post","status-publish","format-standard","has-post-thumbnail","","category-storia-della-chiesa","category-storia-e-tradizione","tag-i-templari"],"_links":{"self":[{"href":"https:\/\/catholicus.eu\/it\/wp-json\/wp\/v2\/posts\/2643","targetHints":{"allow":["GET"]}}],"collection":[{"href":"https:\/\/catholicus.eu\/it\/wp-json\/wp\/v2\/posts"}],"about":[{"href":"https:\/\/catholicus.eu\/it\/wp-json\/wp\/v2\/types\/post"}],"author":[{"embeddable":true,"href":"https:\/\/catholicus.eu\/it\/wp-json\/wp\/v2\/users\/3"}],"replies":[{"embeddable":true,"href":"https:\/\/catholicus.eu\/it\/wp-json\/wp\/v2\/comments?post=2643"}],"version-history":[{"count":1,"href":"https:\/\/catholicus.eu\/it\/wp-json\/wp\/v2\/posts\/2643\/revisions"}],"predecessor-version":[{"id":2645,"href":"https:\/\/catholicus.eu\/it\/wp-json\/wp\/v2\/posts\/2643\/revisions\/2645"}],"wp:featuredmedia":[{"embeddable":true,"href":"https:\/\/catholicus.eu\/it\/wp-json\/wp\/v2\/media\/2644"}],"wp:attachment":[{"href":"https:\/\/catholicus.eu\/it\/wp-json\/wp\/v2\/media?parent=2643"}],"wp:term":[{"taxonomy":"category","embeddable":true,"href":"https:\/\/catholicus.eu\/it\/wp-json\/wp\/v2\/categories?post=2643"},{"taxonomy":"post_tag","embeddable":true,"href":"https:\/\/catholicus.eu\/it\/wp-json\/wp\/v2\/tags?post=2643"}],"curies":[{"name":"wp","href":"https:\/\/api.w.org\/{rel}","templated":true}]}}