{"id":2615,"date":"2025-03-13T11:00:22","date_gmt":"2025-03-13T10:00:22","guid":{"rendered":"https:\/\/catholicus.eu\/it\/?p=2615"},"modified":"2025-03-13T11:00:23","modified_gmt":"2025-03-13T10:00:23","slug":"il-concilio-di-orange-529-d-c-grazia-e-libero-arbitrio-nella-tradizione-cattolica","status":"publish","type":"post","link":"https:\/\/catholicus.eu\/it\/il-concilio-di-orange-529-d-c-grazia-e-libero-arbitrio-nella-tradizione-cattolica\/","title":{"rendered":"Il Concilio di Orange (529 d.C.): Grazia e libero arbitrio nella tradizione cattolica"},"content":{"rendered":"\n<p>Nell&#8217;anno 529 d.C., nella citt\u00e0 di Orange, nel sud della Gallia (oggi Francia), si tenne un concilio che avrebbe segnato una pietra miliare nella storia della teologia cristiana. Questo concilio, convocato sotto l&#8217;autorit\u00e0 di Papa Felice IV e presieduto da San Cesario di Arles, affront\u00f2 una delle questioni pi\u00f9 profonde e controverse della fede cristiana: il rapporto tra la grazia divina e il libero arbitrio umano. Sebbene questo concilio non sia cos\u00ec conosciuto come altri, come quelli di Nicea o Trento, il suo impatto sulla dottrina cattolica \u00e8 immenso, specialmente per quanto riguarda la comprensione della salvezza.<\/p>\n\n\n\n<h3 class=\"wp-block-heading\"><strong>Il contesto storico: Pelagianesimo e Semipelagianesimo<\/strong><\/h3>\n\n\n\n<p>Per comprendere l&#8217;importanza del Concilio di Orange, \u00e8 necessario tornare ai dibattiti teologici emersi nei secoli IV e V. In quel periodo, la Chiesa si trovava ad affrontare due correnti teologiche che minacciavano la comprensione ortodossa della grazia e della salvezza: il&nbsp;<strong>Pelagianesimo<\/strong>&nbsp;e il&nbsp;<strong>Semipelagianesimo<\/strong>.<\/p>\n\n\n\n<p>Il&nbsp;<strong>Pelagianesimo<\/strong>, promosso dal monaco britannico Pelagio, sosteneva che l&#8217;essere umano potesse raggiungere la salvezza con le proprie forze, senza bisogno della grazia divina. Pelagio affermava che il peccato originale non avesse danneggiato profondamente la natura umana e che, quindi, l&#8217;uomo potesse osservare i comandamenti di Dio e salvarsi attraverso i propri sforzi morali. Questa posizione fu condannata dalla Chiesa durante il Concilio di Cartagine (418 d.C.), ma le sue ripercussioni continuarono a farsi sentire.<\/p>\n\n\n\n<p>Il&nbsp;<strong>Semipelagianesimo<\/strong>, invece, emerse come una reazione meno radicale del Pelagianesimo, ma altrettanto problematica. I Semipelagiani accettavano che la grazia fosse necessaria per la salvezza, ma sostenevano che l&#8217;inizio della fede (il primo passo verso Dio) dipendesse dalla volont\u00e0 umana, e non dalla grazia divina. In altre parole, credevano che l&#8217;uomo potesse compiere il primo passo verso Dio di propria iniziativa, e che poi Dio lo avrebbe assistito con la Sua grazia. Questa posizione, sebbene pi\u00f9 sottile, metteva ugualmente in pericolo la dottrina della grazia, attribuendo all&#8217;uomo un ruolo troppo autonomo nel processo di salvezza.<\/p>\n\n\n\n<h3 class=\"wp-block-heading\"><strong>Il Concilio di Orange: Una risposta definitiva<\/strong><\/h3>\n\n\n\n<p>Di fronte a queste controversie, il Concilio di Orange fu convocato per chiarire l&#8217;insegnamento della Chiesa sulla grazia e il libero arbitrio. I padri conciliari, guidati dalla saggezza di Sant&#8217;Agostino, uno dei grandi difensori della dottrina della grazia, stabilirono una serie di canoni che definirono in modo chiaro e preciso il rapporto tra la grazia divina e la libert\u00e0 umana.<\/p>\n\n\n\n<p>Il concilio afferm\u00f2 che&nbsp;<strong>la grazia \u00e8 assolutamente necessaria per la salvezza<\/strong>. Non solo per perseverare nel bene, ma anche per compiere il primo passo verso Dio. I canoni del concilio dichiarano che &#8220;l&#8217;inizio della fede, il desiderio di credere e tutte le buone opere che compiamo sono doni di Dio&#8221; (Canone 5). Ci\u00f2 significa che, senza la grazia, l&#8217;uomo non pu\u00f2 nemmeno desiderare di avvicinarsi a Dio. Come dice San Paolo nella lettera agli Efesini: &#8220;Per grazia infatti siete stati salvati mediante la fede; e ci\u00f2 non viene da voi, ma \u00e8 dono di Dio&#8221; (Efesini 2,8).<\/p>\n\n\n\n<p>Tuttavia, il concilio afferm\u00f2 anche che&nbsp;<strong>la grazia non annulla il libero arbitrio<\/strong>. Dio non costringe la volont\u00e0 umana, ma la illumina e la rafforza affinch\u00e9 possa cooperare con la Sua grazia. Come dice Sant&#8217;Agostino: &#8220;Dio, che ti ha creato senza di te, non ti salver\u00e0 senza di te&#8221;. La grazia non \u00e8 un&#8217;imposizione, ma un invito amoroso che rispetta la nostra libert\u00e0.<\/p>\n\n\n\n<h3 class=\"wp-block-heading\"><strong>La grazia e la natura umana<\/strong><\/h3>\n\n\n\n<p>Uno degli aspetti pi\u00f9 profondi del Concilio di Orange \u00e8 il suo insegnamento sullo stato della natura umana dopo il peccato originale. Il concilio afferm\u00f2 che, a causa del peccato di Adamo, la natura umana \u00e8 stata ferita e indebolita. Senza la grazia, l&#8217;uomo \u00e8 incline al peccato e incapace di raggiungere la salvezza con le proprie forze. Ci\u00f2 non significa che la natura umana sia totalmente corrotta, come alcuni hanno erroneamente interpretato, ma che ha bisogno della grazia per essere guarita ed elevata.<\/p>\n\n\n\n<p>In questo senso, il Concilio di Orange sottoline\u00f2 che&nbsp;<strong>la grazia non solo perdona i peccati, ma trasforma anche l&#8217;uomo interiormente<\/strong>. La grazia ci fa partecipare alla vita divina, ci santifica e ci rende capaci di amare Dio e il prossimo. Come dice Ges\u00f9 nel Vangelo di Giovanni: &#8220;Io sono la vite, voi i tralci. Chi rimane in me e io in lui, fa molto frutto, perch\u00e9 senza di me non potete far nulla&#8221; (Giovanni 15,5).<\/p>\n\n\n\n<h3 class=\"wp-block-heading\"><strong>Il significato attuale del Concilio di Orange<\/strong><\/h3>\n\n\n\n<p>Sebbene il Concilio di Orange si sia svolto oltre 1500 anni fa, il suo insegnamento rimane straordinariamente attuale. In un mondo che esalta l&#8217;autonomia umana e l&#8217;autosufficienza, il messaggio di Orange ci ricorda che&nbsp;<strong>la nostra vera libert\u00e0 non consiste nel fare a meno di Dio, ma nell&#8217;accogliere la Sua grazia<\/strong>. La grazia non \u00e8 una minaccia per la nostra libert\u00e0, ma la sua piena realizzazione.<\/p>\n\n\n\n<p>Oggi, come nel VI secolo, la tentazione del Pelagianesimo e del Semipelagianesimo persiste. Molti pensano di potersi salvare con le proprie forze, sia attraverso il successo, il denaro o le opere di carit\u00e0. Altri credono che Dio li salver\u00e0 senza che debbano fare nulla, come se la grazia fosse un assegno in bianco che li esime da ogni responsabilit\u00e0. Il Concilio di Orange ci insegna che la salvezza \u00e8 un dono gratuito di Dio, ma richiede la nostra cooperazione libera e amorosa.<\/p>\n\n\n\n<h3 class=\"wp-block-heading\"><strong>Un aneddoto ispiratore: Sant&#8217;Agostino e il bambino sulla spiaggia<\/strong><\/h3>\n\n\n\n<p>La tradizione racconta che Sant&#8217;Agostino, mentre rifletteva sul mistero della grazia e della Trinit\u00e0, incontr\u00f2 un bambino sulla spiaggia che cercava di svuotare il mare in una buca usando una conchiglia. Agostino gli disse che era impossibile, e il bambino rispose: &#8220;\u00c8 ancora pi\u00f9 impossibile per te comprendere il mistero della grazia&#8221;. Il bambino, che secondo la leggenda era un angelo, scomparve, lasciando Agostino con una profonda lezione: la grazia di Dio \u00e8 un mistero che supera la nostra comprensione, ma che possiamo accogliere con umilt\u00e0 e fede.<\/p>\n\n\n\n<h3 class=\"wp-block-heading\"><strong>Conclusione: La grazia come via alla salvezza<\/strong><\/h3>\n\n\n\n<p>Il Concilio di Orange ci invita a vivere in un atteggiamento di umilt\u00e0 e gratitudine, riconoscendo che tutto il bene che siamo e che facciamo \u00e8 un dono di Dio. Allo stesso tempo, ci chiama a cooperare con la grazia, rispondendo liberamente all&#8217;amore di Dio e lavorando per la santit\u00e0.<\/p>\n\n\n\n<p>In un mondo segnato dall&#8217;orgoglio e dall&#8217;autosufficienza, il messaggio di Orange \u00e8 una luce che ci guida verso la vera libert\u00e0: la libert\u00e0 dei figli di Dio, che vivono non per le proprie forze, ma per la grazia di Cristo. Come dice San Paolo: &#8220;Tutto posso in colui che mi d\u00e0 la forza&#8221; (Filippesi 4,13). Che questo insegnamento ci ispiri a confidare pienamente nella grazia di Dio e a camminare con speranza verso la salvezza.<\/p>\n\n\n\n<hr class=\"wp-block-separator has-alpha-channel-opacity\"\/>\n\n\n\n<p>Questo articolo cerca non solo di educare, ma anche di ispirare coloro che desiderano approfondire la propria fede. Il Concilio di Orange ci ricorda che, al centro della vita cristiana, c&#8217;\u00e8 la grazia di Dio, che ci sostiene, ci trasforma e ci conduce alla pienezza della vita eterna.<\/p>\n","protected":false},"excerpt":{"rendered":"<p>Nell&#8217;anno 529 d.C., nella citt\u00e0 di Orange, nel sud della Gallia (oggi Francia), si tenne un concilio che avrebbe segnato una pietra miliare nella storia della teologia cristiana. Questo concilio, convocato sotto l&#8217;autorit\u00e0 di Papa Felice IV e presieduto da San Cesario di Arles, affront\u00f2 una delle questioni pi\u00f9 profonde e controverse della fede cristiana: &hellip;<\/p>\n","protected":false},"author":3,"featured_media":2616,"comment_status":"open","ping_status":"open","sticky":false,"template":"","format":"standard","meta":{"_seopress_robots_primary_cat":"","_seopress_titles_title":"","_seopress_titles_desc":"","_seopress_robots_index":"","footnotes":""},"categories":[50,38],"tags":[816],"class_list":["post-2615","post","type-post","status-publish","format-standard","has-post-thumbnail","","category-concili-ecumenici","category-storia-e-tradizione","tag-concilio-di-orange"],"_links":{"self":[{"href":"https:\/\/catholicus.eu\/it\/wp-json\/wp\/v2\/posts\/2615","targetHints":{"allow":["GET"]}}],"collection":[{"href":"https:\/\/catholicus.eu\/it\/wp-json\/wp\/v2\/posts"}],"about":[{"href":"https:\/\/catholicus.eu\/it\/wp-json\/wp\/v2\/types\/post"}],"author":[{"embeddable":true,"href":"https:\/\/catholicus.eu\/it\/wp-json\/wp\/v2\/users\/3"}],"replies":[{"embeddable":true,"href":"https:\/\/catholicus.eu\/it\/wp-json\/wp\/v2\/comments?post=2615"}],"version-history":[{"count":1,"href":"https:\/\/catholicus.eu\/it\/wp-json\/wp\/v2\/posts\/2615\/revisions"}],"predecessor-version":[{"id":2617,"href":"https:\/\/catholicus.eu\/it\/wp-json\/wp\/v2\/posts\/2615\/revisions\/2617"}],"wp:featuredmedia":[{"embeddable":true,"href":"https:\/\/catholicus.eu\/it\/wp-json\/wp\/v2\/media\/2616"}],"wp:attachment":[{"href":"https:\/\/catholicus.eu\/it\/wp-json\/wp\/v2\/media?parent=2615"}],"wp:term":[{"taxonomy":"category","embeddable":true,"href":"https:\/\/catholicus.eu\/it\/wp-json\/wp\/v2\/categories?post=2615"},{"taxonomy":"post_tag","embeddable":true,"href":"https:\/\/catholicus.eu\/it\/wp-json\/wp\/v2\/tags?post=2615"}],"curies":[{"name":"wp","href":"https:\/\/api.w.org\/{rel}","templated":true}]}}