{"id":2590,"date":"2025-03-12T16:57:22","date_gmt":"2025-03-12T15:57:22","guid":{"rendered":"https:\/\/catholicus.eu\/it\/?p=2590"},"modified":"2025-03-12T17:12:57","modified_gmt":"2025-03-12T16:12:57","slug":"nostra-signora-di-la-salette-un-messaggio-di-conversione-e-speranza-per-il-mondo-moderno","status":"publish","type":"post","link":"https:\/\/catholicus.eu\/it\/nostra-signora-di-la-salette-un-messaggio-di-conversione-e-speranza-per-il-mondo-moderno\/","title":{"rendered":"Nostra Signora di La Salette: Un messaggio di conversione e speranza per il mondo moderno"},"content":{"rendered":"\n<p>In un mondo sempre pi\u00f9 tumultuoso, dove la fede sembra svanire di fronte all&#8217;avanzare del secolarismo e alle crisi morali, l&#8217;apparizione di Nostra Signora di La Salette nel 1846 si erge come un faro di luce spirituale. Questo evento mariano, avvenuto nelle Alpi francesi, non solo scosse l&#8217;Europa del XIX secolo, ma rimane ancora oggi un appello urgente alla conversione, alla preghiera e alla riconciliazione con Dio. Attraverso questo articolo, esploreremo l&#8217;origine, le profezie e il profondo significato teologico di questa apparizione, che continua a risuonare con una sorprendente attualit\u00e0.<\/p>\n\n\n\n<h3 class=\"wp-block-heading\"><strong>Il contesto storico: Un mondo in subbuglio<\/strong><\/h3>\n\n\n\n<p>Per comprendere l&#8217;importanza dell&#8217;apparizione di Nostra Signora di La Salette, \u00e8 necessario collocarsi nel contesto storico dell&#8217;epoca. Il XIX secolo fu un periodo di grandi cambiamenti: rivoluzioni politiche, progressi scientifici e un crescente allontanamento dalla fede a favore del razionalismo. La Chiesa cattolica affrontava sfide interne ed esterne, e molte persone vivevano in una profonda crisi spirituale.<\/p>\n\n\n\n<p>In questo scenario, il 19 settembre 1846, la Vergine Maria apparve a due pastorelli, Maximin Giraud e M\u00e9lanie Calvat, sul monte La Salette, in Francia. La Madre di Dio si manifest\u00f2 in lacrime, con un volto pieno di tristezza, ma anche di amore materno. Il suo messaggio era chiaro: l&#8217;umanit\u00e0 si stava allontanando da Dio, e se non si fosse convertita, avrebbe affrontato gravi conseguenze.<\/p>\n\n\n\n<h3 class=\"wp-block-heading\"><strong>L&#8217;apparizione: Un messaggio di lacrime e speranza<\/strong><\/h3>\n\n\n\n<p>La Vergine si present\u00f2 ai bambini come &#8220;La Salette&#8221;, vestita con un abito splendente, una corona di rose sul capo e una catena d&#8217;oro sul petto. Portava un crocifisso appeso al collo, accompagnato da un martello e una tenaglia, simboli della Passione di Cristo. Il suo volto era bagnato di lacrime, un&#8217;immagine che commosse profondamente i giovani pastori.<\/p>\n\n\n\n<p>Nel suo messaggio, la Vergine parl\u00f2 in francese e nel dialetto locale, assicurandosi che i bambini potessero capirla. Rivel\u00f2 loro che era addolorata per i peccati dell&#8217;umanit\u00e0, in particolare per la bestemmia, la mancata osservanza della domenica come giorno di riposo e l&#8217;indifferenza verso l&#8217;Eucaristia. Avvert\u00ec anche di castighi divini se non ci fosse stata conversione: carestie, malattie e disastri naturali.<\/p>\n\n\n\n<p>Ma, come ogni madre amorevole, la Vergine non portava solo avvertimenti; offriva anche speranza. Promise che, se le persone si fossero pentite e fossero tornate a Dio, Egli avrebbe mostrato loro misericordia e benedetto i loro raccolti. Questo messaggio di conversione e riconciliazione \u00e8 oggi tanto rilevante quanto lo era nel XIX secolo.<\/p>\n\n\n\n<h3 class=\"wp-block-heading\"><strong>Le profezie di La Salette: Cosa ci dicono oggi?<\/strong><\/h3>\n\n\n\n<p>Uno degli aspetti pi\u00f9 affascinanti dell&#8217;apparizione di La Salette sono le profezie che la Vergine condivise con i bambini. Queste profezie, sebbene specifiche per il loro tempo, hanno un&#8217;eco profetica che risuona ancora nella nostra epoca.<\/p>\n\n\n\n<ol start=\"1\" class=\"wp-block-list\">\n<li><strong>La crisi della fede<\/strong>: La Vergine avvert\u00ec di un tempo in cui la fede si sarebbe indebolita e molti avrebbero abbandonato la pratica religiosa. Oggi, in un mondo in cui il secolarismo e il relativismo morale sono in aumento, questo avvertimento sembra pi\u00f9 attuale che mai. L&#8217;indifferenza verso il sacro e la perdita del senso di trascendenza sono sfide che la Chiesa affronta nel XXI secolo.<\/li>\n\n\n\n<li><strong>La sofferenza della Chiesa<\/strong>: La Vergine predisse che la Chiesa avrebbe attraversato momenti di oscurit\u00e0, con leader che si sarebbero allontanati dalla verit\u00e0. Questo ci ricorda le parole di San Paolo: \u00abVerr\u00e0 un tempo, infatti, in cui non si sopporter\u00e0 pi\u00f9 la sana dottrina, ma, per il prurito di udire qualcosa, gli uomini si circonderanno di maestri secondo le proprie voglie\u00bb (2 Timoteo 4,3). In un momento in cui la Chiesa affronta divisioni e scandali, l&#8217;appello alla fedelt\u00e0 e all&#8217;unit\u00e0 \u00e8 pi\u00f9 urgente che mai.<\/li>\n\n\n\n<li><strong>I castighi e la misericordia divina<\/strong>: La Vergine avvert\u00ec di carestie e disastri naturali come conseguenza del peccato umano. Tuttavia, sottoline\u00f2 anche che questi castighi non sono un fine in s\u00e9, ma un invito alla conversione. In un mondo colpito dal cambiamento climatico, dalle guerre e dalle pandemie, questo messaggio ci invita a riflettere sulla nostra responsabilit\u00e0 come custodi del creato e sul nostro bisogno di tornare a Dio.<\/li>\n<\/ol>\n\n\n\n<h3 class=\"wp-block-heading\"><strong>Il significato teologico: Un invito alla riconciliazione<\/strong><\/h3>\n\n\n\n<p>L&#8217;apparizione di La Salette non \u00e8 solo un evento storico; ha un profondo significato teologico. La Vergine, come mediatrice tra Dio e gli uomini, ci ricorda l&#8217;importanza della riconciliazione. Il suo messaggio \u00e8 in sintonia con il Vangelo, in cui Ges\u00f9 ci invita a \u00abconvertirci e credere al Vangelo\u00bb (Marco 1,15).<\/p>\n\n\n\n<p>Inoltre, le lacrime della Vergine ci ricordano il suo ruolo di Corredentrice. Colei che stava ai piedi della croce continua a intercedere per noi e a soffrire per i nostri peccati. Il suo dolore riflette il dolore di Dio di fronte all&#8217;ingratitudine e all&#8217;allontanamento dei suoi figli.<\/p>\n\n\n\n<h3 class=\"wp-block-heading\"><strong>La Salette oggi: Un messaggio per il nostro tempo<\/strong><\/h3>\n\n\n\n<p>In un mondo in cui la tecnologia e il progresso materiale sembrano avere la priorit\u00e0, il messaggio di La Salette ci invita a fermarci e a riflettere. Stiamo coltivando la nostra relazione con Dio? Stiamo vivendo in coerenza con la nostra fede? La Vergine ci chiama a tornare all&#8217;essenziale: la preghiera, l&#8217;amore per Dio e per il prossimo, e la pratica dei sacramenti.<\/p>\n\n\n\n<p>Un aneddoto interessante \u00e8 che, dopo l&#8217;apparizione, Maximin e M\u00e9lanie furono interrogati dalle autorit\u00e0 ecclesiastiche e civili. Nonostante la loro giovane et\u00e0 e la mancanza di istruzione, le loro testimonianze furono coerenti e convincenti, portando la Chiesa a riconoscere l&#8217;autenticit\u00e0 dell&#8217;apparizione nel 1851. Questo ci ricorda che Dio sceglie gli umili per trasmettere i suoi messaggi pi\u00f9 importanti.<\/p>\n\n\n\n<h3 class=\"wp-block-heading\"><strong>Conclusione: Un invito all&#8217;azione<\/strong><\/h3>\n\n\n\n<p>Nostra Signora di La Salette non \u00e8 solo una figura del passato; \u00e8 una madre che ci parla oggi. Il suo messaggio di conversione, speranza e riconciliazione \u00e8 un antidoto alla disperazione e all&#8217;egoismo che spesso caratterizzano il nostro tempo. Come ci dice il Salmo 95: \u00abAscoltate oggi la sua voce: non indurite il cuore\u00bb (Salmo 95,7-8).<\/p>\n\n\n\n<p>In questo momento della storia, in cui le crisi spirituali e materiali si intrecciano, il messaggio di La Salette \u00e8 pi\u00f9 rilevante che mai. Ci invita a guardare al cielo, a confidare nella misericordia divina e a lavorare per un mondo pi\u00f9 giusto e amorevole. Possano le lacrime della Vergine ispirarci a essere cristiani migliori e a portare il suo messaggio di speranza in ogni angolo del mondo.<\/p>\n","protected":false},"excerpt":{"rendered":"<p>In un mondo sempre pi\u00f9 tumultuoso, dove la fede sembra svanire di fronte all&#8217;avanzare del secolarismo e alle crisi morali, l&#8217;apparizione di Nostra Signora di La Salette nel 1846 si erge come un faro di luce spirituale. Questo evento mariano, avvenuto nelle Alpi francesi, non solo scosse l&#8217;Europa del XIX secolo, ma rimane ancora oggi &hellip;<\/p>\n","protected":false},"author":3,"featured_media":2591,"comment_status":"open","ping_status":"open","sticky":false,"template":"","format":"standard","meta":{"_seopress_robots_primary_cat":"","_seopress_titles_title":"","_seopress_titles_desc":"","_seopress_robots_index":"","footnotes":""},"categories":[60,40],"tags":[809],"class_list":["post-2590","post","type-post","status-publish","format-standard","has-post-thumbnail","","category-devozioni-mariane","category-preghiera-e-spiritualita","tag-nostra-signora-di-la-salette"],"_links":{"self":[{"href":"https:\/\/catholicus.eu\/it\/wp-json\/wp\/v2\/posts\/2590","targetHints":{"allow":["GET"]}}],"collection":[{"href":"https:\/\/catholicus.eu\/it\/wp-json\/wp\/v2\/posts"}],"about":[{"href":"https:\/\/catholicus.eu\/it\/wp-json\/wp\/v2\/types\/post"}],"author":[{"embeddable":true,"href":"https:\/\/catholicus.eu\/it\/wp-json\/wp\/v2\/users\/3"}],"replies":[{"embeddable":true,"href":"https:\/\/catholicus.eu\/it\/wp-json\/wp\/v2\/comments?post=2590"}],"version-history":[{"count":2,"href":"https:\/\/catholicus.eu\/it\/wp-json\/wp\/v2\/posts\/2590\/revisions"}],"predecessor-version":[{"id":2593,"href":"https:\/\/catholicus.eu\/it\/wp-json\/wp\/v2\/posts\/2590\/revisions\/2593"}],"wp:featuredmedia":[{"embeddable":true,"href":"https:\/\/catholicus.eu\/it\/wp-json\/wp\/v2\/media\/2591"}],"wp:attachment":[{"href":"https:\/\/catholicus.eu\/it\/wp-json\/wp\/v2\/media?parent=2590"}],"wp:term":[{"taxonomy":"category","embeddable":true,"href":"https:\/\/catholicus.eu\/it\/wp-json\/wp\/v2\/categories?post=2590"},{"taxonomy":"post_tag","embeddable":true,"href":"https:\/\/catholicus.eu\/it\/wp-json\/wp\/v2\/tags?post=2590"}],"curies":[{"name":"wp","href":"https:\/\/api.w.org\/{rel}","templated":true}]}}