{"id":2578,"date":"2025-03-12T12:01:36","date_gmt":"2025-03-12T11:01:36","guid":{"rendered":"https:\/\/catholicus.eu\/it\/?p=2578"},"modified":"2025-03-12T12:01:36","modified_gmt":"2025-03-12T11:01:36","slug":"i-domenicani-custodi-della-verita-in-un-mondo-di-ombre","status":"publish","type":"post","link":"https:\/\/catholicus.eu\/it\/i-domenicani-custodi-della-verita-in-un-mondo-di-ombre\/","title":{"rendered":"I Domenicani: Custodi della Verit\u00e0 in un Mondo di Ombre"},"content":{"rendered":"\n<p>In un mondo in cui la verit\u00e0 sembra scivolare tra le dita come sabbia fine, dove le ideologie si moltiplicano e le certezze svaniscono, una domanda risuona nel cuore di ogni credente: dove possiamo trovare la luce in mezzo a tanta oscurit\u00e0? La risposta, sebbene non unica, ha un nome che ha attraversato i secoli: l&#8217;Ordine dei Predicatori, meglio conosciuto come i Domenicani. Fondato nel XIII secolo da San Domenico di Guzm\u00e1n, questo ordine religioso \u00e8 stato, e continua a essere, un faro di fede, ragione e carit\u00e0 in un mondo che spesso sembra aver perso la strada.<\/p>\n\n\n\n<h3 class=\"wp-block-heading\"><strong>Le Origini: Un Uomo, una Missione, una Fiamma che Non Si Spegne Mai<\/strong><\/h3>\n\n\n\n<p>La storia dei Domenicani inizia con un uomo il cui cuore ardeva per la salvezza delle anime. San Domenico di Guzm\u00e1n, nato a Caleruega, in Spagna, nel 1170, era un sacerdote che, in un momento cruciale della storia della Chiesa, sent\u00ec il richiamo a combattere l&#8217;eresia non con la spada, ma con la parola e l&#8217;esempio. In un&#8217;epoca in cui l&#8217;eresia catara si diffondeva nel sud della Francia, Domenico comprese che il modo migliore per difendere la fede era attraverso la predicazione, lo studio e una vita di autentica povert\u00e0 evangelica.<\/p>\n\n\n\n<p>La tradizione racconta che, durante una notte di preghiera, San Domenico ebbe una visione in cui vide la Chiesa sostenuta da due colonne: una era la Vergine Maria, l&#8217;altra era lui stesso. Questa visione non era un invito all&#8217;orgoglio, ma all&#8217;umilt\u00e0 e al servizio. Domenico cap\u00ec che la sua missione era essere uno strumento di Dio per rafforzare la fede dei credenti e riportare i perduti nel gregge.<\/p>\n\n\n\n<p>Nel 1216, Papa Onorio III approv\u00f2 ufficialmente l&#8217;Ordine dei Predicatori, conosciuto come i Domenicani. Da allora, l&#8217;ordine si \u00e8 dedicato alla predicazione, allo studio e all&#8217;insegnamento, diventando una delle forze intellettuali e spirituali pi\u00f9 influenti della Chiesa cattolica.<\/p>\n\n\n\n<h3 class=\"wp-block-heading\"><strong>Il Carisma Domenicano: Veritas, Caritas e la Ricerca della Verit\u00e0<\/strong><\/h3>\n\n\n\n<p>Il motto dei Domenicani \u00e8&nbsp;<em>&#8220;Veritas&#8221;<\/em>&nbsp;(Verit\u00e0), e questo non \u00e8 solo uno slogan, ma il cuore della loro identit\u00e0. Per i Domenicani, la verit\u00e0 non \u00e8 un concetto astratto, ma una persona: Ges\u00f9 Cristo, che disse:&nbsp;<em>&#8220;Io sono la Via, la Verit\u00e0 e la Vita&#8221;<\/em>&nbsp;(Giovanni 14,6). Pertanto, l&#8217;ordine ha trascorso secoli approfondendo lo studio della teologia, della filosofia e delle scienze, sempre con l&#8217;obiettivo di illuminare le menti e i cuori con la luce di Cristo.<\/p>\n\n\n\n<p>Ma la verit\u00e0 non si cerca solo nei libri. I Domenicani sono anche conosciuti per il loro impegno nella carit\u00e0 e nella giustizia. San Domenico insisteva sul fatto che la predicazione dovesse essere accompagnata da una vita di povert\u00e0 e servizio. Questo equilibrio tra contemplazione e azione \u00e8 uno dei tratti distintivi del carisma domenicano. Come diceva San Tommaso d&#8217;Aquino, il pi\u00f9 famoso dei Domenicani:&nbsp;<em>&#8220;La grazia non distrugge la natura, ma la perfeziona.&#8221;<\/em>&nbsp;In altre parole, la fede non annulla la ragione, ma la eleva a nuove altezze.<\/p>\n\n\n\n<h3 class=\"wp-block-heading\"><strong>I Pilastri della Vita Domenicana: Preghiera, Studio, Comunit\u00e0 e Predicazione<\/strong><\/h3>\n\n\n\n<p>La vita di un Domenicano poggia su quattro pilastri fondamentali: la preghiera, lo studio, la vita comunitaria e la predicazione. Questi elementi non sono compartimenti stagni, ma sfaccettature dello stesso diamante che riflette la luce di Cristo.<\/p>\n\n\n\n<ol start=\"1\" class=\"wp-block-list\">\n<li><strong>Preghiera<\/strong>: I Domenicani sono, prima di tutto, uomini e donne di preghiera. La liturgia delle ore, l&#8217;Eucaristia e la devozione mariana sono il cuore della loro vita spirituale. San Domenico era conosciuto per la sua profonda devozione alla Vergine Maria, e l&#8217;ordine ha mantenuto questa tradizione nel corso dei secoli. La preghiera non \u00e8 una fuga dal mondo, ma un incontro con Dio che rafforza per la missione.<\/li>\n\n\n\n<li><strong>Studio<\/strong>: Per i Domenicani, lo studio \u00e8 una forma di preghiera. San Tommaso d&#8217;Aquino, forse il teologo pi\u00f9 influente nella storia della Chiesa, era un Domenicano che dedic\u00f2 la sua vita a comprendere e spiegare le verit\u00e0 della fede. Oggi, i Domenicani continuano questa tradizione nelle universit\u00e0, nei seminari e nei centri di studio in tutto il mondo. Lo studio non \u00e8 un fine in s\u00e9, ma un mezzo per conoscere e amare Dio pi\u00f9 profondamente.<\/li>\n\n\n\n<li><strong>Vita Comunitaria<\/strong>: I Domenicani vivono in comunit\u00e0, seguendo il modello dei primi cristiani, che\u00a0<em>&#8220;erano perseveranti nell&#8217;insegnamento degli apostoli, nella comunione, nello spezzare il pane e nelle preghiere&#8221;<\/em>\u00a0(Atti 2,42). La vita comunitaria \u00e8 una testimonianza che l&#8217;amore di Cristo non \u00e8 un&#8217;astrazione, ma una realt\u00e0 vissuta giorno per giorno.<\/li>\n\n\n\n<li><strong>Predicazione<\/strong>: La predicazione \u00e8 la ragion d&#8217;essere dei Domenicani. Dai pulpiti delle cattedrali medievali ai social media del XXI secolo, i Domenicani hanno portato il messaggio del Vangelo in ogni angolo del mondo. La loro predicazione non \u00e8 solo parole, ma una testimonianza vivente della verit\u00e0 che proclamano.<\/li>\n<\/ol>\n\n\n\n<h3 class=\"wp-block-heading\"><strong>I Domenicani nella Storia: Luci e Ombre<\/strong><\/h3>\n\n\n\n<p>Nel corso dei secoli, i Domenicani sono stati protagonisti di alcuni dei momenti pi\u00f9 gloriosi, ma anche pi\u00f9 controversi, della storia della Chiesa. Furono i Domenicani che, nel XIII secolo, guidarono l&#8217;Inquisizione, un&#8217;istituzione che oggi \u00e8 oggetto di critiche e incomprensioni. Sebbene sia vero che l&#8217;Inquisizione commise errori ed eccessi, \u00e8 anche importante ricordare che il suo obiettivo originale era proteggere la fede e l&#8217;unit\u00e0 della Chiesa in un momento di grande confusione e divisione.<\/p>\n\n\n\n<p>D&#8217;altra parte, i Domenicani sono stati anche difensori dei diritti umani e della giustizia sociale. Nel XVI secolo, Fra Bartolom\u00e9 de las Casas, un Domenicano spagnolo, divenne uno dei primi e pi\u00f9 ferventi difensori dei diritti dei popoli indigeni delle Americhe, denunciando gli abusi della colonizzazione e lottando per la loro dignit\u00e0 e libert\u00e0.<\/p>\n\n\n\n<h3 class=\"wp-block-heading\"><strong>I Domenicani Oggi: Una Luce nel Mondo Moderno<\/strong><\/h3>\n\n\n\n<p>Nel XXI secolo, i Domenicani rimangono una forza viva e dinamica nella Chiesa e nel mondo. Con oltre 6.000 membri in tutto il mondo, l&#8217;ordine continua la sua missione di predicare il Vangelo in un contesto segnato dalla secolarizzazione, dal relativismo e dall&#8217;indifferenza religiosa.<\/p>\n\n\n\n<p>I Domenicani sono presenti nelle universit\u00e0, dove combattono il secolarismo con il rigore intellettuale della fede. Sono nelle strade, servendo i poveri e gli emarginati. Sono nei media, utilizzando le nuove tecnologie per portare il messaggio di Cristo alle nuove generazioni. E sono nei monasteri, dove la preghiera e la contemplazione sostengono il mondo in modo invisibile ma potente.<\/p>\n\n\n\n<p>Uno degli esempi pi\u00f9 ispiratori dei Domenicani oggi \u00e8 il loro impegno nel dialogo interreligioso e nella promozione della pace. In un mondo diviso dall&#8217;odio e dalla violenza, i Domenicani lavorano per costruire ponti di comprensione e riconciliazione, ricordandoci che siamo tutti figli di un unico Padre.<\/p>\n\n\n\n<h3 class=\"wp-block-heading\"><strong>Un Aneddoto Illuminante: San Domenico e il Pane dei Poveri<\/strong><\/h3>\n\n\n\n<p>La leggenda racconta che, una volta, San Domenico incontr\u00f2 un gruppo di poveri che non avevano nulla da mangiare. Senza esitare, prese il pane destinato ai frati e lo distribu\u00ec ai bisognosi. Quando i frati protestarono, Domenico disse loro:&nbsp;<em>&#8220;Non possiamo tenere il pane per noi mentre altri muoiono di fame. La carit\u00e0 \u00e8 la pienezza della giustizia.&#8221;<\/em>&nbsp;Questo semplice aneddoto cattura lo spirito dell&#8217;ordine: una vita donata a Dio e al prossimo, senza riserve o condizioni.<\/p>\n\n\n\n<h3 class=\"wp-block-heading\"><strong>Conclusione: Un Richiamo alla Verit\u00e0 e all&#8217;Amore<\/strong><\/h3>\n\n\n\n<p>I Domenicani ci ricordano che, in un mondo di ombre, la verit\u00e0 rimane una luce che non pu\u00f2 essere spenta. Ci invitano a cercare questa verit\u00e0 non solo con la mente, ma anche con il cuore, e a viverla nella nostra vita quotidiana. In un momento in cui molti cercano risposte alle domande pi\u00f9 profonde della vita, i Domenicani ci offrono un cammino sicuro: il cammino di Cristo, che \u00e8 la Verit\u00e0 in persona.<\/p>\n\n\n\n<p>Se mai vi sentite persi in mezzo alle confusioni di questo mondo, ricordate le parole di San Domenico:&nbsp;<em>&#8220;Non lasciarti vincere dal male, ma vinci il male con il bene&#8221;<\/em>&nbsp;(Romani 12,21). E se cercate un esempio di come vivere questa verit\u00e0, guardate ai Domenicani, che da oltre otto secoli sono custodi della fede, fari di speranza e testimoni dell&#8217;amore di Cristo in un mondo che ne ha pi\u00f9 che mai bisogno.<\/p>\n\n\n\n<p>Che il loro esempio ci ispiri a cercare la verit\u00e0, a vivere la carit\u00e0 e a essere, nella nostra vita, predicatori del Vangelo. Perch\u00e9, alla fine, come diceva San Tommaso d&#8217;Aquino,&nbsp;<em>&#8220;la verit\u00e0 vi far\u00e0 liberi&#8221;<\/em>&nbsp;(Giovanni 8,32). E in quella libert\u00e0, troviamo la pienezza della vita in Cristo.<\/p>\n","protected":false},"excerpt":{"rendered":"<p>In un mondo in cui la verit\u00e0 sembra scivolare tra le dita come sabbia fine, dove le ideologie si moltiplicano e le certezze svaniscono, una domanda risuona nel cuore di ogni credente: dove possiamo trovare la luce in mezzo a tanta oscurit\u00e0? La risposta, sebbene non unica, ha un nome che ha attraversato i secoli: &hellip;<\/p>\n","protected":false},"author":3,"featured_media":2579,"comment_status":"open","ping_status":"open","sticky":false,"template":"","format":"standard","meta":{"_seopress_robots_primary_cat":"","_seopress_titles_title":"","_seopress_titles_desc":"","_seopress_robots_index":"","footnotes":""},"categories":[48,38],"tags":[804],"class_list":["post-2578","post","type-post","status-publish","format-standard","has-post-thumbnail","","category-storia-della-chiesa","category-storia-e-tradizione","tag-domenicani"],"_links":{"self":[{"href":"https:\/\/catholicus.eu\/it\/wp-json\/wp\/v2\/posts\/2578","targetHints":{"allow":["GET"]}}],"collection":[{"href":"https:\/\/catholicus.eu\/it\/wp-json\/wp\/v2\/posts"}],"about":[{"href":"https:\/\/catholicus.eu\/it\/wp-json\/wp\/v2\/types\/post"}],"author":[{"embeddable":true,"href":"https:\/\/catholicus.eu\/it\/wp-json\/wp\/v2\/users\/3"}],"replies":[{"embeddable":true,"href":"https:\/\/catholicus.eu\/it\/wp-json\/wp\/v2\/comments?post=2578"}],"version-history":[{"count":1,"href":"https:\/\/catholicus.eu\/it\/wp-json\/wp\/v2\/posts\/2578\/revisions"}],"predecessor-version":[{"id":2580,"href":"https:\/\/catholicus.eu\/it\/wp-json\/wp\/v2\/posts\/2578\/revisions\/2580"}],"wp:featuredmedia":[{"embeddable":true,"href":"https:\/\/catholicus.eu\/it\/wp-json\/wp\/v2\/media\/2579"}],"wp:attachment":[{"href":"https:\/\/catholicus.eu\/it\/wp-json\/wp\/v2\/media?parent=2578"}],"wp:term":[{"taxonomy":"category","embeddable":true,"href":"https:\/\/catholicus.eu\/it\/wp-json\/wp\/v2\/categories?post=2578"},{"taxonomy":"post_tag","embeddable":true,"href":"https:\/\/catholicus.eu\/it\/wp-json\/wp\/v2\/tags?post=2578"}],"curies":[{"name":"wp","href":"https:\/\/api.w.org\/{rel}","templated":true}]}}