{"id":2439,"date":"2025-03-05T21:54:14","date_gmt":"2025-03-05T20:54:14","guid":{"rendered":"https:\/\/catholicus.eu\/it\/?p=2439"},"modified":"2025-03-05T21:54:14","modified_gmt":"2025-03-05T20:54:14","slug":"convertiti-e-credi-al-vangelo-un-appello-alla-vita-eterna","status":"publish","type":"post","link":"https:\/\/catholicus.eu\/it\/convertiti-e-credi-al-vangelo-un-appello-alla-vita-eterna\/","title":{"rendered":"Convertiti e credi al Vangelo: Un Appello alla Vita Eterna"},"content":{"rendered":"\n<p>Ogni anno, all&#8217;inizio della Quaresima, il sacerdote impone le ceneri sulla fronte dei fedeli pronunciando una frase potente: <strong>\u00abConvertiti e credi al Vangelo.\u00bb<\/strong> Queste parole, tratte dal Vangelo di Marco (Mc 1,15), non sono solo un invito devoto, ma un richiamo urgente alla trasformazione interiore, a una fede autentica e a una vita in pienezza.<\/p>\n\n\n\n<p>La conversione e la fede nel Vangelo non sono concetti astratti o rituali vuoti, ma cammini concreti che conducono all\u2019incontro con Cristo, l\u2019unico che pu\u00f2 dare senso alla nostra esistenza. In questo articolo esploreremo in profondit\u00e0 il significato di queste parole, la loro rilevanza teologica e la loro applicazione pratica nella vita quotidiana.<\/p>\n\n\n\n<h2 class=\"wp-block-heading\"><strong>1. Cosa significa convertirsi?<\/strong><\/h2>\n\n\n\n<p>La conversione non \u00e8 semplicemente un cambiamento di comportamento o il desiderio di diventare una &#8220;persona migliore&#8221;. Nel contesto biblico, convertirsi significa un <strong>cambiamento radicale della mente e del cuore<\/strong>, un completo ritorno a Dio. Il termine greco usato nel Nuovo Testamento per &#8220;conversione&#8221; \u00e8 <em>metanoia<\/em>, che indica una trasformazione profonda della mentalit\u00e0 e della vita.<\/p>\n\n\n\n<p>Questo processo implica:<\/p>\n\n\n\n<ul class=\"wp-block-list\">\n<li><strong>Riconoscere la propria fragilit\u00e0<\/strong>: <em>\u00abRicordati che sei polvere e in polvere ritornerai\u00bb<\/em> (Gen 3,19). Le ceneri imposte sulla nostra fronte ci ricordano che la nostra vita terrena \u00e8 effimera e che abbiamo bisogno di Dio.<\/li>\n\n\n\n<li><strong>Pentirsi sinceramente<\/strong>: Non basta provare rimorso per i nostri peccati; dobbiamo desiderare sinceramente un cambiamento e cercare la riconciliazione con Dio e con gli altri.<\/li>\n\n\n\n<li><strong>Tornare sul cammino della santit\u00e0<\/strong>: La conversione non \u00e8 un evento unico, ma un processo continuo. La vita cristiana \u00e8 un pellegrinaggio verso la santit\u00e0, in cui ogni giorno \u00e8 una nuova occasione per avvicinarsi a Dio.<\/li>\n<\/ul>\n\n\n\n<p>La conversione non dipende solo dalle nostre forze, ma <strong>dalla grazia di Dio<\/strong>. Come dice san Paolo: <em>\u00abPer grazia di Dio sono quello che sono, e la sua grazia in me non \u00e8 stata vana\u00bb<\/em> (1 Cor 15,10).<\/p>\n\n\n\n<h2 class=\"wp-block-heading\"><strong>2. Credere al Vangelo: Cosa significa avere fede?<\/strong><\/h2>\n\n\n\n<p>La fede non consiste semplicemente nel riconoscere l\u2019esistenza di Dio o nel conoscere i dogmi della Chiesa. Credere al Vangelo significa:<\/p>\n\n\n\n<ol class=\"wp-block-list\">\n<li><strong>Accogliere la Buona Novella<\/strong> con un cuore aperto e disponibile. Il Vangelo non \u00e8 solo un libro, ma il messaggio vivo della salvezza che trasforma le vite.<\/li>\n\n\n\n<li><strong>Affidarsi totalmente a Dio<\/strong>. La vera fede implica abbandonare ogni autosufficienza e credere che Dio guidi la nostra vita, anche nelle prove e nell&#8217;oscurit\u00e0.<\/li>\n\n\n\n<li><strong>Mettere in pratica l\u2019insegnamento di Cristo<\/strong>. <em>\u00abLa fede senza le opere \u00e8 morta\u00bb<\/em> (Gc 2,17). Credere nel Vangelo significa vivere secondo i suoi valori: la carit\u00e0, la verit\u00e0, l\u2019umilt\u00e0 e la donazione totale a Dio e al prossimo.<\/li>\n<\/ol>\n\n\n\n<p>Ges\u00f9 non ci chiama a una fede tiepida o superficiale. Egli attende da noi un\u2019adesione totale: <em>\u00abSe qualcuno vuole venire dietro a me, rinneghi s\u00e9 stesso, prenda la sua croce ogni giorno e mi segua\u00bb<\/em> (Lc 9,23).<\/p>\n\n\n\n<h2 class=\"wp-block-heading\"><strong>3. Le ceneri: Simbolo della nostra fragilit\u00e0 e richiamo alla conversione<\/strong><\/h2>\n\n\n\n<p>L\u2019imposizione delle ceneri ci ricorda tre verit\u00e0 fondamentali:<\/p>\n\n\n\n<ol class=\"wp-block-list\">\n<li><strong>La nostra condizione mortale<\/strong>: <em>\u00abRicordati che sei polvere e in polvere ritornerai\u00bb<\/em> (Gen 3,19). In un mondo ossessionato dal successo e dall\u2019autosufficienza, le ceneri ci ricordano che la nostra vita \u00e8 passeggera e che solo Dio \u00e8 eterno.<\/li>\n\n\n\n<li><strong>La vanit\u00e0 delle sicurezze umane<\/strong>: Spesso cerchiamo la nostra realizzazione nel denaro, nel potere o nei piaceri. Le ceneri ci mettono di fronte alla realt\u00e0: tutto ci\u00f2 che \u00e8 materiale \u00e8 effimero, solo Dio rimane.<\/li>\n\n\n\n<li><strong>Il bisogno della misericordia di Dio<\/strong>: Siamo fragili e peccatori, ma Dio ci offre il suo amore infinito. Egli non si stanca mai di perdonarci e di chiamarci a S\u00e9.<\/li>\n<\/ol>\n\n\n\n<h2 class=\"wp-block-heading\"><strong>4. Come vivere questo appello nella vita quotidiana?<\/strong><\/h2>\n\n\n\n<p>L\u2019appello alla conversione e alla fede nel Vangelo non riguarda solo la Quaresima, ma ogni giorno della nostra vita. Ecco alcuni modi concreti per rispondere:<\/p>\n\n\n\n<h3 class=\"wp-block-heading\"><strong>A. Approfondire la preghiera<\/strong><\/h3>\n\n\n\n<p>La preghiera \u00e8 il primo passo di una conversione sincera. Sant\u2019Agostino diceva: <em>\u00abChi prega bene, vive bene.\u00bb<\/em> Dedichiamo ogni giorno del tempo per parlare con Dio, leggere le Scritture e ascoltare la sua voce nel silenzio.<\/p>\n\n\n\n<h3 class=\"wp-block-heading\"><strong>B. Confessarsi frequentemente<\/strong><\/h3>\n\n\n\n<p>Il sacramento della Riconciliazione ci permette di sperimentare la misericordia di Dio. La confessione non serve solo a &#8220;cancellare i peccati&#8221;, ma a fortificare la nostra anima nella lotta spirituale.<\/p>\n\n\n\n<h3 class=\"wp-block-heading\"><strong>C. Praticare la carit\u00e0<\/strong><\/h3>\n\n\n\n<p>Ges\u00f9 ci ha insegnato che l\u2019amore per il prossimo \u00e8 il segno distintivo dei suoi discepoli (cfr. Gv 13,35). Vivere il Vangelo significa amare concretamente: perdonare, aiutare, servire e donare la propria vita agli altri.<\/p>\n\n\n\n<h3 class=\"wp-block-heading\"><strong>D. Rinunciare a ci\u00f2 che ci allontana da Dio<\/strong><\/h3>\n\n\n\n<p>Ognuno di noi sa cosa lo rende schiavo: cattive abitudini, vizi, orgoglio, rancori\u2026 La conversione implica una lotta quotidiana contro tutto ci\u00f2 che ci distoglie da Cristo.<\/p>\n\n\n\n<h3 class=\"wp-block-heading\"><strong>E. Annunciare il Vangelo con coraggio<\/strong><\/h3>\n\n\n\n<p>Credere al Vangelo significa anche condividerlo. In un mondo che si allontana da Dio, i cristiani sono chiamati a essere luce e testimoni di speranza.<\/p>\n\n\n\n<h2 class=\"wp-block-heading\"><strong>Conclusione: Un cammino di speranza ed eternit\u00e0<\/strong><\/h2>\n\n\n\n<p>La frase <strong>\u00abConvertiti e credi al Vangelo\u00bb<\/strong> non \u00e8 una condanna, ma un invito alla speranza. Dio non ci chiama alla conversione per umiliarci, ma per elevarci, per farci partecipare alla sua vita eterna.<\/p>\n\n\n\n<p>Oggi pi\u00f9 che mai, in un mondo che cerca risposte nell\u2019effimero, Cristo ci offre l\u2019unica risposta che pu\u00f2 realmente riempire il cuore umano: <strong>il suo amore, il suo perdono e la sua salvezza.<\/strong><\/p>\n\n\n\n<p>Che questa Quaresima sia per tutti noi un tempo di grazia, di rinnovamento e di vero ritorno a Dio. Come ci dice il profeta Gioele: <em>\u00abLaceratevi il cuore e non le vesti, ritornate al Signore vostro Dio, perch\u00e9 egli \u00e8 misericordioso e pietoso, lento all\u2019ira e ricco di benevolenza\u00bb<\/em> (Gl 2,13).<\/p>\n\n\n\n<p><strong>Oggi \u00e8 il giorno della conversione. Oggi \u00e8 il momento di credere e di vivere il Vangelo. Non rimandiamo pi\u00f9!<\/strong><\/p>\n","protected":false},"excerpt":{"rendered":"<p>Ogni anno, all&#8217;inizio della Quaresima, il sacerdote impone le ceneri sulla fronte dei fedeli pronunciando una frase potente: \u00abConvertiti e credi al Vangelo.\u00bb Queste parole, tratte dal Vangelo di Marco (Mc 1,15), non sono solo un invito devoto, ma un richiamo urgente alla trasformazione interiore, a una fede autentica e a una vita in pienezza. &hellip;<\/p>\n","protected":false},"author":3,"featured_media":2440,"comment_status":"open","ping_status":"open","sticky":false,"template":"","format":"standard","meta":{"_seopress_robots_primary_cat":"","_seopress_titles_title":"","_seopress_titles_desc":"","_seopress_robots_index":"","footnotes":""},"categories":[52,38],"tags":[227,744,701],"class_list":["post-2439","post","type-post","status-publish","format-standard","has-post-thumbnail","","category-liturgia-e-anno-liturgico","category-storia-e-tradizione","tag-ceneri","tag-convertiti-e-credi-al-vangelo","tag-quaresima"],"_links":{"self":[{"href":"https:\/\/catholicus.eu\/it\/wp-json\/wp\/v2\/posts\/2439","targetHints":{"allow":["GET"]}}],"collection":[{"href":"https:\/\/catholicus.eu\/it\/wp-json\/wp\/v2\/posts"}],"about":[{"href":"https:\/\/catholicus.eu\/it\/wp-json\/wp\/v2\/types\/post"}],"author":[{"embeddable":true,"href":"https:\/\/catholicus.eu\/it\/wp-json\/wp\/v2\/users\/3"}],"replies":[{"embeddable":true,"href":"https:\/\/catholicus.eu\/it\/wp-json\/wp\/v2\/comments?post=2439"}],"version-history":[{"count":1,"href":"https:\/\/catholicus.eu\/it\/wp-json\/wp\/v2\/posts\/2439\/revisions"}],"predecessor-version":[{"id":2441,"href":"https:\/\/catholicus.eu\/it\/wp-json\/wp\/v2\/posts\/2439\/revisions\/2441"}],"wp:featuredmedia":[{"embeddable":true,"href":"https:\/\/catholicus.eu\/it\/wp-json\/wp\/v2\/media\/2440"}],"wp:attachment":[{"href":"https:\/\/catholicus.eu\/it\/wp-json\/wp\/v2\/media?parent=2439"}],"wp:term":[{"taxonomy":"category","embeddable":true,"href":"https:\/\/catholicus.eu\/it\/wp-json\/wp\/v2\/categories?post=2439"},{"taxonomy":"post_tag","embeddable":true,"href":"https:\/\/catholicus.eu\/it\/wp-json\/wp\/v2\/tags?post=2439"}],"curies":[{"name":"wp","href":"https:\/\/api.w.org\/{rel}","templated":true}]}}