{"id":2394,"date":"2025-03-02T23:47:15","date_gmt":"2025-03-02T22:47:15","guid":{"rendered":"https:\/\/catholicus.eu\/it\/?p=2394"},"modified":"2025-03-02T23:47:15","modified_gmt":"2025-03-02T22:47:15","slug":"il-primo-concilio-lateranense-linizio-della-riforma-della-chiesa-e-la-sua-rilevanza-oggi","status":"publish","type":"post","link":"https:\/\/catholicus.eu\/it\/il-primo-concilio-lateranense-linizio-della-riforma-della-chiesa-e-la-sua-rilevanza-oggi\/","title":{"rendered":"Il Primo Concilio Lateranense: L&#8217;Inizio della Riforma della Chiesa e la Sua Rilevanza Oggi"},"content":{"rendered":"\n<h2 class=\"wp-block-heading\"><strong>Introduzione: Una Svolta nella Storia della Chiesa<\/strong><\/h2>\n\n\n\n<p class=\"wp-block-paragraph\">Il Primo Concilio Lateranense (1123) fu una tappa fondamentale nella storia della Chiesa cattolica. Fu il primo concilio ecumenico tenuto in Occidente e segn\u00f2 l&#8217;inizio di una serie di riforme volte a rafforzare l&#8217;indipendenza della Chiesa dal potere politico. In un&#8217;epoca in cui i rapporti tra la Chiesa e le autorit\u00e0 secolari erano spesso tesi, questo concilio stabil\u00ec principi che risuonano ancora oggi.<\/p>\n\n\n\n<p class=\"wp-block-paragraph\">Ma perch\u00e9 un concilio tenutosi quasi 900 anni fa \u00e8 ancora attuale? Perch\u00e9 le sue decisioni affrontarono aspetti essenziali della fede e della disciplina ecclesiastica, molti dei quali rimangono fondamentali per la vita cristiana: la purezza della vocazione sacerdotale, l&#8217;indipendenza della Chiesa dalle influenze esterne e la necessit\u00e0 di un&#8217;autorit\u00e0 ecclesiale forte e fedele alla dottrina.<\/p>\n\n\n\n<p class=\"wp-block-paragraph\">In questo articolo esploreremo il contesto storico, i principali decreti emanati, l&#8217;impatto sulla Chiesa e come questi principi possano illuminare la nostra vita cristiana oggi.<\/p>\n\n\n\n<hr class=\"wp-block-separator has-alpha-channel-opacity\"\/>\n\n\n\n<h2 class=\"wp-block-heading\"><strong>1. Contesto Storico: La Lotta per l&#8217;Indipendenza della Chiesa<\/strong><\/h2>\n\n\n\n<p class=\"wp-block-paragraph\">Al tempo del Primo Concilio Lateranense, la Chiesa attraversava una fase cruciale. La Lotta per le Investiture \u2014 un conflitto tra la Chiesa e il Sacro Romano Impero sulla questione di chi avesse il diritto di nominare vescovi e abati \u2014 aveva indebolito l&#8217;autorit\u00e0 ecclesiastica. Imperatori e re cercavano di controllare la Chiesa nominando i propri vescovi e sacerdoti, portando corruzione e abusi di potere.<\/p>\n\n\n\n<p class=\"wp-block-paragraph\">Tuttavia, con l&#8217;elezione di papa Callisto II e la firma del Concordato di Worms nel 1122, la Chiesa ottenne una vittoria significativa. Si stabil\u00ec che solo la Chiesa aveva il diritto di conferire l&#8217;investitura spirituale ai vescovi, anche se i sovrani mantenevano una certa influenza politica. Per consolidare questa riforma e prendere decisioni essenziali per la vita ecclesiastica, Callisto II convoc\u00f2 il Primo Concilio Lateranense nel 1123.<\/p>\n\n\n\n<p class=\"wp-block-paragraph\">Questo concilio non si limit\u00f2 a risolvere questioni politiche; affront\u00f2 anche problemi interni alla Chiesa, come la disciplina del clero e la necessit\u00e0 di una maggiore purezza di vita sacerdotale.<\/p>\n\n\n\n<hr class=\"wp-block-separator has-alpha-channel-opacity\"\/>\n\n\n\n<h2 class=\"wp-block-heading\"><strong>2. I Principali Canoni del Primo Concilio Lateranense e il Loro Significato<\/strong><\/h2>\n\n\n\n<p class=\"wp-block-paragraph\">Il concilio eman\u00f2 diversi canoni che stabilirono norme fondamentali per la vita della Chiesa. Tra i pi\u00f9 importanti troviamo:<\/p>\n\n\n\n<h3 class=\"wp-block-heading\"><strong>Canone 1: Conferma del Concordato di Worms<\/strong><\/h3>\n\n\n\n<p class=\"wp-block-paragraph\">Questo decreto riaffermava che l&#8217;investitura dei vescovi doveva essere effettuata dalla Chiesa e non dalle autorit\u00e0 secolari. Ci\u00f2 garant\u00ec l&#8217;indipendenza della Chiesa e la sua missione divina.<\/p>\n\n\n\n<h3 class=\"wp-block-heading\"><strong>Canone 3: Condanna della Simonia<\/strong><\/h3>\n\n\n\n<p class=\"wp-block-paragraph\">La compravendita di cariche ecclesiastiche fu vietata, ponendo fine a una pratica corrotta che si era diffusa a vari livelli della Chiesa. Questo canone ci ricorda l&#8217;importanza di una vocazione autentica al servizio di Dio e la necessit\u00e0 che i pastori siano scelti dallo Spirito Santo e non dall&#8217;ambizione umana.<\/p>\n\n\n\n<h3 class=\"wp-block-heading\"><strong>Canone 7: Celibato Clericale<\/strong><\/h3>\n\n\n\n<p class=\"wp-block-paragraph\">Il concilio ribad\u00ec l&#8217;obbligo del celibato sacerdotale. In un&#8217;epoca in cui alcuni membri del clero vivevano in concubinato o formavano famiglie, questo decreto sottoline\u00f2 l&#8217;importanza di una consacrazione totale a Dio. Ancora oggi, questo canone rimane una pietra angolare del sacerdozio cattolico, evidenziando la chiamata a una vita interamente dedicata a Cristo e alla sua Chiesa.<\/p>\n\n\n\n<h3 class=\"wp-block-heading\"><strong>Canone 9: Protezione dei Pellegrini e dei Luoghi Santi<\/strong><\/h3>\n\n\n\n<p class=\"wp-block-paragraph\">Furono adottate misure per proteggere i pellegrini diretti in Terra Santa, in un periodo in cui le Crociate erano in pieno svolgimento. Questo ci ricorda il dovere cristiano di difendere e custodire i luoghi sacri e di accogliere i pellegrini con carit\u00e0.<\/p>\n\n\n\n<h3 class=\"wp-block-heading\"><strong>Canone 16: Divieto dei Matrimoni Segreti<\/strong><\/h3>\n\n\n\n<p class=\"wp-block-paragraph\">Il concilio decret\u00f2 che i matrimoni dovessero essere celebrati pubblicamente nella Chiesa per evitare abusi e garantirne la validit\u00e0. Questo principio \u00e8 ancora oggi in vigore, poich\u00e9 la Chiesa richiede che il matrimonio sia un sacramento pubblico e solenne.<\/p>\n\n\n\n<hr class=\"wp-block-separator has-alpha-channel-opacity\"\/>\n\n\n\n<h2 class=\"wp-block-heading\"><strong>3. Applicazioni Pratiche per la Vita Cristiana Oggi<\/strong><\/h2>\n\n\n\n<p class=\"wp-block-paragraph\">Sebbene questi canoni siano stati stabiliti secoli fa, la loro rilevanza per la vita cristiana rimane profonda. Ecco alcuni insegnamenti chiave che possiamo applicare oggi:<\/p>\n\n\n\n<h3 class=\"wp-block-heading\"><strong>A. Fedelt\u00e0 all&#8217;Autorit\u00e0 della Chiesa<\/strong><\/h3>\n\n\n\n<p class=\"wp-block-paragraph\">Cos\u00ec come il concilio lott\u00f2 contro l&#8217;ingerenza dei poteri secolari nella Chiesa, oggi dobbiamo ricordare l&#8217;importanza dell&#8217;autorit\u00e0 ecclesiale. In un mondo in cui la fede \u00e8 spesso relativizzata, i cattolici sono chiamati a rimanere fedeli al Magistero della Chiesa e ai suoi insegnamenti autentici.<\/p>\n\n\n\n<h3 class=\"wp-block-heading\"><strong>B. Vocazioni Autentiche e Santit\u00e0 del Clero<\/strong><\/h3>\n\n\n\n<p class=\"wp-block-paragraph\">La chiamata alla santit\u00e0 sacerdotale rimane fondamentale. Come fedeli, dobbiamo pregare per i nostri sacerdoti, sostenere la loro vocazione ed esigere fedelt\u00e0 totale al loro ministero. La purezza della vocazione sacerdotale \u00e8 essenziale per la santit\u00e0 della Chiesa.<\/p>\n\n\n\n<h3 class=\"wp-block-heading\"><strong>C. Il Celibato e la Consacrazione Totale a Dio<\/strong><\/h3>\n\n\n\n<p class=\"wp-block-paragraph\">Il celibato sacerdotale \u00e8 ancora oggi un segno di consacrazione totale a Cristo. In un mondo che spesso disprezza il sacrificio, questo dono ci ricorda che esistono beni superiori ai piaceri terreni e che una vita offerta a Dio \u00e8 una fonte di benedizione per tutta la Chiesa.<\/p>\n\n\n\n<h3 class=\"wp-block-heading\"><strong>D. L&#8217;Importanza del Sacramento del Matrimonio<\/strong><\/h3>\n\n\n\n<p class=\"wp-block-paragraph\">Il concilio riafferm\u00f2 la necessit\u00e0 di un matrimonio legittimo e sacro. Oggi, mentre l&#8217;istituzione del matrimonio \u00e8 attaccata su molti fronti, i cristiani devono riscoprirne la bellezza e il significato, ricordando che il matrimonio \u00e8 un&#8217;immagine dell&#8217;amore tra Cristo e la sua Chiesa (Efesini 5,25).<\/p>\n\n\n\n<hr class=\"wp-block-separator has-alpha-channel-opacity\"\/>\n\n\n\n<h2 class=\"wp-block-heading\"><strong>4. Riflessione Finale: Una Chiesa Sempre in Riforma, Sempre Fedele<\/strong><\/h2>\n\n\n\n<p class=\"wp-block-paragraph\">Il Primo Concilio Lateranense fu un evento di grande importanza nella storia della Chiesa. Le sue decisioni contribuirono a rafforzare la fede, la disciplina ecclesiastica e l&#8217;indipendenza della Chiesa dal potere secolare. Sebbene si sia svolto quasi 900 anni fa, il suo impatto risuona ancora oggi nella vita cristiana.<\/p>\n\n\n\n<p class=\"wp-block-paragraph\">Come cristiani, siamo chiamati a vivere fedelmente i principi difesi da questo concilio: la purezza della vocazione, l&#8217;obbedienza al Magistero, la santit\u00e0 della vita coniugale e la consacrazione totale a Cristo. Come dice san Paolo:<\/p>\n\n\n\n<blockquote class=\"wp-block-quote is-layout-flow wp-block-quote-is-layout-flow\">\n<p class=\"wp-block-paragraph\"><em>\u00abNon conformatevi a questo mondo, ma lasciatevi trasformare rinnovando la vostra mente, per poter discernere la volont\u00e0 di Dio: ci\u00f2 che \u00e8 buono, a lui gradito e perfetto.\u00bb<\/em> (Romani 12,2)<\/p>\n<\/blockquote>\n\n\n\n<p class=\"wp-block-paragraph\">Che l&#8217;esempio dei santi che hanno difeso la verit\u00e0 in questo concilio ci ispiri a vivere la nostra fede con coraggio, fedelt\u00e0 e amore per Cristo e la sua Chiesa.<\/p>\n","protected":false},"excerpt":{"rendered":"<p>Introduzione: Una Svolta nella Storia della Chiesa Il Primo Concilio Lateranense (1123) fu una tappa fondamentale nella storia della Chiesa cattolica. Fu il primo concilio ecumenico tenuto in Occidente e segn\u00f2 l&#8217;inizio di una serie di riforme volte a rafforzare l&#8217;indipendenza della Chiesa dal potere politico. In un&#8217;epoca in cui i rapporti tra la Chiesa &hellip;<\/p>\n","protected":false},"author":3,"featured_media":2395,"comment_status":"open","ping_status":"open","sticky":false,"template":"","format":"standard","meta":{"_seopress_titles_title":"","_seopress_titles_desc":"","_seopress_robots_index":"","_seopress_robots_follow":"","_seopress_robots_imageindex":"","_seopress_robots_snippet":"","_seopress_robots_primary_cat":"","_seopress_robots_breadcrumbs":"","_seopress_robots_freeze_modified_date":"","_seopress_robots_custom_modified_date":"","_seopress_robots_canonical":"","_seopress_social_fb_title":"","_seopress_social_fb_desc":"","_seopress_social_fb_img":"","_seopress_social_fb_img_attachment_id":0,"_seopress_social_fb_img_width":0,"_seopress_social_fb_img_height":0,"_seopress_social_twitter_title":"","_seopress_social_twitter_desc":"","_seopress_social_twitter_img":"","_seopress_social_twitter_img_attachment_id":0,"_seopress_social_twitter_img_width":0,"_seopress_social_twitter_img_height":0,"_seopress_redirections_value":"","_seopress_redirections_enabled":"","_seopress_redirections_enabled_regex":"","_seopress_redirections_logged_status":"","_seopress_redirections_param":"","_seopress_redirections_type":0,"_seopress_analysis_target_kw":"","footnotes":""},"categories":[50,38],"tags":[727],"class_list":["post-2394","post","type-post","status-publish","format-standard","has-post-thumbnail","","category-concili-ecumenici","category-storia-e-tradizione","tag-primo-concilio-lateranense"],"_links":{"self":[{"href":"https:\/\/catholicus.eu\/it\/wp-json\/wp\/v2\/posts\/2394","targetHints":{"allow":["GET"]}}],"collection":[{"href":"https:\/\/catholicus.eu\/it\/wp-json\/wp\/v2\/posts"}],"about":[{"href":"https:\/\/catholicus.eu\/it\/wp-json\/wp\/v2\/types\/post"}],"author":[{"embeddable":true,"href":"https:\/\/catholicus.eu\/it\/wp-json\/wp\/v2\/users\/3"}],"replies":[{"embeddable":true,"href":"https:\/\/catholicus.eu\/it\/wp-json\/wp\/v2\/comments?post=2394"}],"version-history":[{"count":1,"href":"https:\/\/catholicus.eu\/it\/wp-json\/wp\/v2\/posts\/2394\/revisions"}],"predecessor-version":[{"id":2396,"href":"https:\/\/catholicus.eu\/it\/wp-json\/wp\/v2\/posts\/2394\/revisions\/2396"}],"wp:featuredmedia":[{"embeddable":true,"href":"https:\/\/catholicus.eu\/it\/wp-json\/wp\/v2\/media\/2395"}],"wp:attachment":[{"href":"https:\/\/catholicus.eu\/it\/wp-json\/wp\/v2\/media?parent=2394"}],"wp:term":[{"taxonomy":"category","embeddable":true,"href":"https:\/\/catholicus.eu\/it\/wp-json\/wp\/v2\/categories?post=2394"},{"taxonomy":"post_tag","embeddable":true,"href":"https:\/\/catholicus.eu\/it\/wp-json\/wp\/v2\/tags?post=2394"}],"curies":[{"name":"wp","href":"https:\/\/api.w.org\/{rel}","templated":true}]}}