{"id":2388,"date":"2025-03-02T22:13:45","date_gmt":"2025-03-02T21:13:45","guid":{"rendered":"https:\/\/catholicus.eu\/it\/?p=2388"},"modified":"2025-03-02T22:13:45","modified_gmt":"2025-03-02T21:13:45","slug":"i-cattolici-di-fronte-al-carnevale-festa-o-prova-di-fede","status":"publish","type":"post","link":"https:\/\/catholicus.eu\/it\/i-cattolici-di-fronte-al-carnevale-festa-o-prova-di-fede\/","title":{"rendered":"I Cattolici di Fronte al Carnevale: Festa o Prova di Fede?"},"content":{"rendered":"\n<p class=\"wp-block-paragraph\">Il Carnevale \u00e8 una delle festivit\u00e0 pi\u00f9 popolari al mondo. Sfilate, costumi, musica e un\u2019atmosfera di eccesso lo rendono un evento molto atteso. Ma come dovrebbe affrontare questa celebrazione un cattolico? \u00c8 semplicemente una tradizione culturale o c&#8217;\u00e8 un significato pi\u00f9 profondo?<\/p>\n\n\n\n<p class=\"wp-block-paragraph\">Per rispondere a queste domande, dobbiamo comprendere le origini del Carnevale, la sua evoluzione storica e il suo significato attuale. Ancora pi\u00f9 importante, dobbiamo discernere come la nostra fede ci chiami a vivere questi momenti con autenticit\u00e0 cristiana, evitando gli eccessi che possono allontanarci da Dio.<\/p>\n\n\n\n<hr class=\"wp-block-separator has-alpha-channel-opacity\"\/>\n\n\n\n<h2 class=\"wp-block-heading\"><strong>Le Origini del Carnevale: Radici Cristiane o Paganesimo Mascherato?<\/strong><\/h2>\n\n\n\n<p class=\"wp-block-paragraph\">Il Carnevale ha radici sia cristiane che pagane. Il nome deriva dall&#8217;espressione latina <em>&#8220;carne levare&#8221;<\/em>, che significa &#8220;eliminare la carne&#8221;, in riferimento al digiuno della Quaresima che inizia il Mercoled\u00ec delle Ceneri. In questo senso, il Carnevale \u00e8 nato come un periodo preparatorio alla penitenza, durante il quale alcuni eccessi erano tollerati prima dell\u2019austerit\u00e0 quaresimale.<\/p>\n\n\n\n<p class=\"wp-block-paragraph\">Tuttavia, le sue origini pi\u00f9 antiche risalgono a festivit\u00e0 pagane come i Saturnali romani o i Baccanali, che incoraggiavano l\u2019eccesso e la sovversione dell\u2019ordine sociale. Con l&#8217;espansione del cristianesimo, molte di queste feste furono reinterpretate, ma il Carnevale ha mantenuto un carattere ambiguo, mescolando il sacro e il profano.<\/p>\n\n\n\n<hr class=\"wp-block-separator has-alpha-channel-opacity\"\/>\n\n\n\n<h2 class=\"wp-block-heading\"><strong>Il Carnevale nella Storia della Chiesa<\/strong><\/h2>\n\n\n\n<p class=\"wp-block-paragraph\">Fin dal Medioevo, la Chiesa ha avuto un rapporto ambivalente con il Carnevale. Mentre alcuni lo consideravano una tradizione innocua, altri mettevano in guardia contro il fatto che spesso servisse da pretesto per il peccato. Gi\u00e0 nel V secolo, Sant&#8217;Agostino denunciava queste feste di eccesso che distoglievano i fedeli dalla vita cristiana.<\/p>\n\n\n\n<p class=\"wp-block-paragraph\">Nel XIII secolo, San Tommaso d&#8217;Aquino metteva in guardia contro il pericolo dei piaceri eccessivi, sottolineando che la temperanza \u00e8 una virt\u00f9 essenziale per l\u2019anima. Durante la Controriforma, la Chiesa rafforz\u00f2 le regole del digiuno e della penitenza per limitare l\u2019influenza del Carnevale. Tuttavia, il suo radicamento culturale gli permise di sopravvivere fino ai giorni nostri.<\/p>\n\n\n\n<p class=\"wp-block-paragraph\">Oggi, il Carnevale ha praticamente perso il suo legame con la preparazione alla Quaresima ed \u00e8 diventato una festa dominata dall\u2019edonismo, dalla sensualit\u00e0 e, spesso, dall\u2019irriverenza verso il sacro.<\/p>\n\n\n\n<hr class=\"wp-block-separator has-alpha-channel-opacity\"\/>\n\n\n\n<h2 class=\"wp-block-heading\"><strong>Cosa Dice la Bibbia su Queste Festivit\u00e0?<\/strong><\/h2>\n\n\n\n<p class=\"wp-block-paragraph\">Sebbene la Bibbia non menzioni esplicitamente il Carnevale, mette in guardia contro i pericoli dell\u2019eccesso e della mondanit\u00e0. San Paolo avverte nella sua lettera ai Galati:<\/p>\n\n\n\n<blockquote class=\"wp-block-quote is-layout-flow wp-block-quote-is-layout-flow\">\n<p class=\"wp-block-paragraph\"><em>&#8220;Del resto, le opere della carne sono ben note: fornicazione, impurit\u00e0, dissolutezza, idolatria, stregonerie, inimicizie, discordia, gelosia, dissensi, divisioni, fazioni, invidie, ubriachezze, orge e cose del genere. Riguardo a queste cose vi preavviso, come ho gi\u00e0 detto: chi le compie non erediter\u00e0 il Regno di Dio&#8221; (Galati 5,19-21).<\/em><\/p>\n<\/blockquote>\n\n\n\n<p class=\"wp-block-paragraph\">Il Carnevale, cos\u00ec come viene celebrato oggi, spesso promuove queste &#8220;opere della carne&#8221; piuttosto che i frutti dello Spirito Santo. Per questo motivo, un cattolico deve discernere se la sua partecipazione ad alcune manifestazioni del Carnevale lo avvicina o lo allontana da Dio.<\/p>\n\n\n\n<hr class=\"wp-block-separator has-alpha-channel-opacity\"\/>\n\n\n\n<h2 class=\"wp-block-heading\"><strong>Come Deve Comportarsi un Cattolico di Fronte al Carnevale?<\/strong><\/h2>\n\n\n\n<p class=\"wp-block-paragraph\">Non si tratta di condannare tutto ci\u00f2 che riguarda il Carnevale, ma di viverlo con un cuore cristiano. Ecco alcune chiavi fondamentali:<\/p>\n\n\n\n<h3 class=\"wp-block-heading\"><strong>1. Discernere con Saggezza<\/strong><\/h3>\n\n\n\n<p class=\"wp-block-paragraph\">Prima di partecipare a un evento, poniti questa domanda: questo glorifica Dio o mi espone a tentazioni inutili? Mi aiuta a prepararmi spiritualmente per la Quaresima o mi distrae dalla mia vita di fede?<\/p>\n\n\n\n<h3 class=\"wp-block-heading\"><strong>2. Evitare gli Eccessi e il Peccato<\/strong><\/h3>\n\n\n\n<p class=\"wp-block-paragraph\">Le celebrazioni carnevalesche spesso incoraggiano la sensualit\u00e0 sfrenata, il consumo eccessivo di alcol e l\u2019irriverenza. Un cattolico non dovrebbe frequentare ambienti che favoriscono questi comportamenti.<\/p>\n\n\n\n<h3 class=\"wp-block-heading\"><strong>3. Approfittare di Questo Tempo per Evangelizzare<\/strong><\/h3>\n\n\n\n<p class=\"wp-block-paragraph\">Se la tua comunit\u00e0 celebra il Carnevale, puoi cogliere l\u2019occasione per ricordare il suo significato originario e promuovere i valori cristiani. Alcune parrocchie organizzano alternative festive in uno spirito di gioia sana.<\/p>\n\n\n\n<h3 class=\"wp-block-heading\"><strong>4. Non Lasciarsi Influenzare dalla Cultura Secolare<\/strong><\/h3>\n\n\n\n<p class=\"wp-block-paragraph\">La pressione sociale pu\u00f2 portarci a pensare che, se non partecipiamo, ci stiamo &#8220;perdendo qualcosa&#8221;. Ma Ges\u00f9 ci chiama a essere luce del mondo, non a seguire ciecamente le mode. Come dice San Paolo:<\/p>\n\n\n\n<blockquote class=\"wp-block-quote is-layout-flow wp-block-quote-is-layout-flow\">\n<p class=\"wp-block-paragraph\"><em>&#8220;Non conformatevi a questo mondo, ma lasciatevi trasformare rinnovando il vostro modo di pensare, per poter discernere la volont\u00e0 di Dio, ci\u00f2 che \u00e8 buono, a lui gradito e perfetto&#8221; (Romani 12,2).<\/em><\/p>\n<\/blockquote>\n\n\n\n<h3 class=\"wp-block-heading\"><strong>5. Prepararsi Spiritualemente per la Quaresima<\/strong><\/h3>\n\n\n\n<p class=\"wp-block-paragraph\">Piuttosto che essere un tempo di festeggiamenti, questo \u00e8 il momento ideale per iniziare a preparare il nostro cuore alla Quaresima. Rifletti sulla tua preghiera, sul tuo digiuno e sulla tua penitenza. Di cosa hai bisogno di distaccarti per avvicinarti di pi\u00f9 a Dio?<\/p>\n\n\n\n<hr class=\"wp-block-separator has-alpha-channel-opacity\"\/>\n\n\n\n<h2 class=\"wp-block-heading\"><strong>Si Pu\u00f2 Trovare Qualcosa di Buono nel Carnevale?<\/strong><\/h2>\n\n\n\n<p class=\"wp-block-paragraph\">Sebbene il Carnevale moderno abbia in gran parte perso le sue radici cristiane, il concetto di &#8220;festa&#8221; non \u00e8 estraneo al cristianesimo. Dio ci ha creati per la gioia, ma una gioia autentica, che non dipende dai piaceri mondani. La Chiesa celebra con gioia momenti importanti del calendario liturgico, come il Natale o la Pasqua.<\/p>\n\n\n\n<p class=\"wp-block-paragraph\">Se il Carnevale pu\u00f2 essere vissuto in modo sano, evitando il peccato e favorendo la vera gioia, allora non c\u2019\u00e8 motivo di rifiutarlo totalmente. Tuttavia, se diventa un ostacolo alla nostra vita cristiana, \u00e8 meglio starne lontani.<\/p>\n\n\n\n<hr class=\"wp-block-separator has-alpha-channel-opacity\"\/>\n\n\n\n<h2 class=\"wp-block-heading\"><strong>Conclusione: Festa o Prova di Fede?<\/strong><\/h2>\n\n\n\n<p class=\"wp-block-paragraph\">Per un cattolico, il Carnevale non \u00e8 solo un evento culturale, ma una vera e propria prova di fede. Ci sfida a scegliere se seguire i valori del mondo o quelli di Cristo.<\/p>\n\n\n\n<p class=\"wp-block-paragraph\">Mentre il mondo ci invita a &#8220;godere senza limiti&#8221;, la fede ci chiama a una gioia pi\u00f9 profonda, che non dipende dai piaceri effimeri, ma dalla comunione con Dio.<\/p>\n\n\n\n<p class=\"wp-block-paragraph\">La vera festa non si trova negli eccessi del Carnevale, ma nella gioia del Vangelo. Come ci ricorda Ges\u00f9:<\/p>\n\n\n\n<blockquote class=\"wp-block-quote is-layout-flow wp-block-quote-is-layout-flow\">\n<p class=\"wp-block-paragraph\"><em>&#8220;Cercate prima il Regno di Dio e la sua giustizia, e tutte queste cose vi saranno date in aggiunta&#8221; (Matteo 6,33).<\/em><\/p>\n<\/blockquote>\n\n\n\n<p class=\"wp-block-paragraph\">Che questo periodo ci aiuti a prepararci alla Quaresima con un cuore disposto, rinunciando a ci\u00f2 che ci allontana da Dio e abbracciando la vera gioia che solo Lui pu\u00f2 donarci.<\/p>\n","protected":false},"excerpt":{"rendered":"<p>Il Carnevale \u00e8 una delle festivit\u00e0 pi\u00f9 popolari al mondo. Sfilate, costumi, musica e un\u2019atmosfera di eccesso lo rendono un evento molto atteso. Ma come dovrebbe affrontare questa celebrazione un cattolico? \u00c8 semplicemente una tradizione culturale o c&#8217;\u00e8 un significato pi\u00f9 profondo? Per rispondere a queste domande, dobbiamo comprendere le origini del Carnevale, la sua &hellip;<\/p>\n","protected":false},"author":3,"featured_media":2389,"comment_status":"open","ping_status":"open","sticky":false,"template":"","format":"standard","meta":{"_seopress_titles_title":"","_seopress_titles_desc":"","_seopress_robots_index":"","_seopress_robots_follow":"","_seopress_robots_imageindex":"","_seopress_robots_snippet":"","_seopress_robots_primary_cat":"","_seopress_robots_breadcrumbs":"","_seopress_robots_freeze_modified_date":"","_seopress_robots_custom_modified_date":"","_seopress_robots_canonical":"","_seopress_social_fb_title":"","_seopress_social_fb_desc":"","_seopress_social_fb_img":"","_seopress_social_fb_img_attachment_id":0,"_seopress_social_fb_img_width":0,"_seopress_social_fb_img_height":0,"_seopress_social_twitter_title":"","_seopress_social_twitter_desc":"","_seopress_social_twitter_img":"","_seopress_social_twitter_img_attachment_id":0,"_seopress_social_twitter_img_width":0,"_seopress_social_twitter_img_height":0,"_seopress_redirections_value":"","_seopress_redirections_enabled":"","_seopress_redirections_enabled_regex":"","_seopress_redirections_logged_status":"","_seopress_redirections_param":"","_seopress_redirections_type":0,"_seopress_analysis_target_kw":"","footnotes":""},"categories":[54,39],"tags":[725],"class_list":["post-2388","post","type-post","status-publish","format-standard","has-post-thumbnail","","category-bioetica-e-questioni-contemporanee","category-morale-e-vita-cristiana","tag-carnevale"],"_links":{"self":[{"href":"https:\/\/catholicus.eu\/it\/wp-json\/wp\/v2\/posts\/2388","targetHints":{"allow":["GET"]}}],"collection":[{"href":"https:\/\/catholicus.eu\/it\/wp-json\/wp\/v2\/posts"}],"about":[{"href":"https:\/\/catholicus.eu\/it\/wp-json\/wp\/v2\/types\/post"}],"author":[{"embeddable":true,"href":"https:\/\/catholicus.eu\/it\/wp-json\/wp\/v2\/users\/3"}],"replies":[{"embeddable":true,"href":"https:\/\/catholicus.eu\/it\/wp-json\/wp\/v2\/comments?post=2388"}],"version-history":[{"count":1,"href":"https:\/\/catholicus.eu\/it\/wp-json\/wp\/v2\/posts\/2388\/revisions"}],"predecessor-version":[{"id":2390,"href":"https:\/\/catholicus.eu\/it\/wp-json\/wp\/v2\/posts\/2388\/revisions\/2390"}],"wp:featuredmedia":[{"embeddable":true,"href":"https:\/\/catholicus.eu\/it\/wp-json\/wp\/v2\/media\/2389"}],"wp:attachment":[{"href":"https:\/\/catholicus.eu\/it\/wp-json\/wp\/v2\/media?parent=2388"}],"wp:term":[{"taxonomy":"category","embeddable":true,"href":"https:\/\/catholicus.eu\/it\/wp-json\/wp\/v2\/categories?post=2388"},{"taxonomy":"post_tag","embeddable":true,"href":"https:\/\/catholicus.eu\/it\/wp-json\/wp\/v2\/tags?post=2388"}],"curies":[{"name":"wp","href":"https:\/\/api.w.org\/{rel}","templated":true}]}}