{"id":2382,"date":"2025-03-02T15:51:25","date_gmt":"2025-03-02T14:51:25","guid":{"rendered":"https:\/\/catholicus.eu\/it\/?p=2382"},"modified":"2025-03-02T15:51:25","modified_gmt":"2025-03-02T14:51:25","slug":"dai-martiri-ai-dottori-la-patristica-come-fondamento-indistruttibile-della-chiesa","status":"publish","type":"post","link":"https:\/\/catholicus.eu\/it\/dai-martiri-ai-dottori-la-patristica-come-fondamento-indistruttibile-della-chiesa\/","title":{"rendered":"Dai Martiri ai Dottori: La Patristica come Fondamento Indistruttibile della Chiesa"},"content":{"rendered":"\n<p>La storia della Chiesa cattolica \u00e8 una storia di fede incrollabile, forgiata nel fuoco della persecuzione e rafforzata dalla luce della verit\u00e0. Dai primi cristiani che hanno sigillato la loro testimonianza con il sangue ai grandi Padri della Chiesa che hanno difeso l\u2019ortodossia con la loro saggezza, la Patristica costituisce il fondamento dottrinale e spirituale su cui si basa la Tradizione cristiana.<\/p>\n\n\n\n<p>Ma cos\u2019\u00e8 la Patristica? Perch\u00e9 \u00e8 ancora oggi cos\u00ec rilevante? E soprattutto, come possiamo applicare i suoi insegnamenti nella nostra vita quotidiana?<\/p>\n\n\n\n<h2 class=\"wp-block-heading\"><strong>1. Cos\u2019\u00e8 la Patristica e perch\u00e9 \u00e8 fondamentale?<\/strong><\/h2>\n\n\n\n<p>La Patristica \u00e8 lo studio degli scritti dei Padri della Chiesa, quei santi e teologi dei primi secoli che hanno plasmato la dottrina cristiana. Si \u00e8 sviluppata principalmente tra il I e l\u2019VIII secolo con l\u2019obiettivo di spiegare, difendere e trasmettere la fede ricevuta dagli Apostoli.<\/p>\n\n\n\n<p>La testimonianza di questi Padri \u00e8 stata essenziale nella formulazione del dogma, nell\u2019interpretazione delle Sacre Scritture e nella difesa del cristianesimo contro le eresie emergenti. Non erano semplici intellettuali, ma testimoni viventi della fede, autentiche guide spirituali capaci di tradurre il Vangelo per la loro epoca e cultura, esigenza ancora attuale.<\/p>\n\n\n\n<h2 class=\"wp-block-heading\"><strong>2. Martiri e Confessori: Una Fede Sigillata nel Sangue<\/strong><\/h2>\n\n\n\n<p>Prima che la teologia si sviluppasse nei grandi Concili, la fede cristiana fu portata avanti da coloro che erano disposti a morire per Cristo. Da santo Stefano, il primo martire (Atti 7, 54-60), ai cristiani divorati dalle belve nelle arene romane, la Chiesa \u00e8 nata dal martirio.<\/p>\n\n\n\n<p>Sant\u2019Ignazio di Antiochia (\u2020108), discepolo di san Giovanni, scrisse prima di essere dato in pasto alle belve: <em>\u00abIo sono frumento di Dio, e devo essere macinato dai denti delle fiere per diventare pane puro di Cristo.\u00bb<\/em> Il suo sacrificio, e quello di tanti altri, non solo ha rafforzato la fede della Chiesa primitiva, ma rimane un invito alla fedelt\u00e0 radicale a Cristo.<\/p>\n\n\n\n<p><strong>Applicazione pratica:<\/strong> Oggi, anche se in molte parti del mondo non subiamo un martirio fisico, viviamo in un\u2019epoca in cui la verit\u00e0 cristiana \u00e8 rifiutata. Siamo pronti a rimanere fedeli a Cristo quando la nostra fede viene derisa? Il coraggio dei martiri ci ispira a vivere con integrit\u00e0, senza paura di essere luce nelle tenebre.<\/p>\n\n\n\n<h2 class=\"wp-block-heading\"><strong>3. Gli Apologeti: Difensori della Fede in un Mondo Ostile<\/strong><\/h2>\n\n\n\n<p>I primi secoli furono segnati dalla necessit\u00e0 di spiegare la fede e difenderla dalle falsificazioni. I Padri apologeti, come san Giustino Martire (\u2020165), si rivolsero agli imperatori e ai filosofi per dimostrare che il cristianesimo non era una minaccia per l\u2019Impero, ma la verit\u00e0 che ogni spirito ricerca.<\/p>\n\n\n\n<p>Sant\u2019Ireneo di Lione (\u2020202), discepolo di san Policarpo, scrisse contro le eresie gnostiche e lasci\u00f2 un insegnamento chiave: la Tradizione apostolica \u00e8 la garanzia della corretta interpretazione delle Scritture. Nella sua opera <em>Contro le Eresie<\/em>, spiega che solo coloro che sono in comunione con i successori degli Apostoli interpretano correttamente la Rivelazione.<\/p>\n\n\n\n<p><strong>Applicazione pratica:<\/strong> Oggi viviamo in un\u2019epoca di relativismo dottrinale. Molti cercano di reinterpretare la fede secondo le proprie idee. La lezione dei Padri apologeti \u00e8 chiara: dobbiamo rimanere fedeli all\u2019insegnamento ricevuto, formarci bene e difendere la verit\u00e0 con carit\u00e0 e fermezza.<\/p>\n\n\n\n<h2 class=\"wp-block-heading\"><strong>4. I Dottori della Chiesa: Costruttori della Teologia<\/strong><\/h2>\n\n\n\n<p>Con la crescita della Chiesa, la riflessione teologica divenne sempre pi\u00f9 necessaria. In questo contesto emersero figure immense come sant\u2019Agostino d\u2019Ippona (\u2020430), sant\u2019Ambrogio (\u2020397), san Basilio (\u2020379) e san Gregorio Magno (\u2020604). I loro scritti e le loro omelie rimangono una fonte inesauribile di saggezza.<\/p>\n\n\n\n<p>Sant\u2019Agostino, per esempio, ha lasciato un\u2019opera monumentale che spazia dalla grazia alla Citt\u00e0 di Dio. La sua conversione ci ricorda che la santit\u00e0 \u00e8 possibile per tutti, e la sua celebre frase <em>\u00abCi hai fatti per Te, Signore, e il nostro cuore \u00e8 inquieto finch\u00e9 non riposa in Te\u00bb<\/em> risuona ancora oggi nell\u2019anima di chiunque sia in ricerca della verit\u00e0.<\/p>\n\n\n\n<p>San Giovanni Crisostomo, soprannominato la &#8220;Bocca d\u2019oro&#8221; per la sua eloquenza, difese i poveri e denunci\u00f2 la corruzione con un ardore che gli cost\u00f2 l\u2019esilio. Il suo coraggio ci insegna che la giustizia del Vangelo deve essere proclamata senza paura, anche quando il mondo rifiuta di ascoltarla.<\/p>\n\n\n\n<p><strong>Applicazione pratica:<\/strong> Nella nostra vita quotidiana, possiamo imparare dai Padri della Chiesa coltivando una vita di preghiera, approfondendo la nostra comprensione della dottrina e praticando la carit\u00e0 nelle nostre relazioni. I loro insegnamenti non sono reliquie del passato, ma guide sicure per il nostro cammino spirituale.<\/p>\n\n\n\n<h2 class=\"wp-block-heading\"><strong>5. La Patristica nella Chiesa di Oggi<\/strong><\/h2>\n\n\n\n<p>Molti pensano che la Patristica sia solo un capitolo antico della storia, ma in realt\u00e0 essa rimane un pilastro della fede. I documenti del Concilio Vaticano II e gli scritti degli ultimi Papi attingono profondamente ai Padri della Chiesa.<\/p>\n\n\n\n<p>Papa Benedetto XVI, grande conoscitore della Patristica, ci ricordava costantemente che <em>\u00abnon si pu\u00f2 essere cristiani senza conoscere i Padri\u00bb<\/em>. I loro insegnamenti offrono una base solida in tempi di confusione e ci mostrano che la fede non \u00e8 un\u2019idea astratta, ma una realt\u00e0 incarnata nella storia.<\/p>\n\n\n\n<p>Oggi, la Chiesa continua a fronteggiare attacchi dottrinali e varie forme di persecuzione. La chiave per rimanere saldi \u00e8 tornare alle nostre radici, a quella Tradizione che ci collega a Cristo stesso attraverso i suoi testimoni pi\u00f9 vicini.<\/p>\n\n\n\n<h2 class=\"wp-block-heading\"><strong>Conclusione: Tornare ai Padri, Tornare a Cristo<\/strong><\/h2>\n\n\n\n<p>La Patristica non \u00e8 solo un argomento per teologi; \u00e8 una fonte di vita per ogni cristiano. Ci ricorda che la nostra fede ha radici profonde, che non siamo soli nel cammino e che grandi santi hanno percorso prima di noi la strada della santit\u00e0.<\/p>\n\n\n\n<p>I martiri ci insegnano la fedelt\u00e0, gli apologeti la difesa della fede e i dottori l\u2019amore per la verit\u00e0. Come potremmo ignorarli? Oggi, mentre il mondo ha bisogno di testimoni autentici, siamo invitati ad attingere a questa fonte inesauribile per continuare a edificare, con umilt\u00e0 e coraggio, la Chiesa di Cristo.<\/p>\n\n\n\n<p><em>\u00abState saldi e mantenete le tradizioni che avete appreso da noi, sia a parole sia per lettera.\u00bb (2 Tessalonicesi 2,15)<\/em><\/p>\n\n\n\n<p>Possa la saggezza dei Padri guidarci nel cammino della santit\u00e0.<\/p>\n","protected":false},"excerpt":{"rendered":"<p>La storia della Chiesa cattolica \u00e8 una storia di fede incrollabile, forgiata nel fuoco della persecuzione e rafforzata dalla luce della verit\u00e0. Dai primi cristiani che hanno sigillato la loro testimonianza con il sangue ai grandi Padri della Chiesa che hanno difeso l\u2019ortodossia con la loro saggezza, la Patristica costituisce il fondamento dottrinale e spirituale &hellip;<\/p>\n","protected":false},"author":3,"featured_media":2383,"comment_status":"open","ping_status":"open","sticky":false,"template":"","format":"standard","meta":{"_seopress_robots_primary_cat":"","_seopress_titles_title":"","_seopress_titles_desc":"","_seopress_robots_index":"","footnotes":""},"categories":[49,38],"tags":[723,722],"class_list":["post-2382","post","type-post","status-publish","format-standard","has-post-thumbnail","","category-padri-della-chiesa-e-dottori","category-storia-e-tradizione","tag-dottori-della-chiesa","tag-patristica"],"_links":{"self":[{"href":"https:\/\/catholicus.eu\/it\/wp-json\/wp\/v2\/posts\/2382","targetHints":{"allow":["GET"]}}],"collection":[{"href":"https:\/\/catholicus.eu\/it\/wp-json\/wp\/v2\/posts"}],"about":[{"href":"https:\/\/catholicus.eu\/it\/wp-json\/wp\/v2\/types\/post"}],"author":[{"embeddable":true,"href":"https:\/\/catholicus.eu\/it\/wp-json\/wp\/v2\/users\/3"}],"replies":[{"embeddable":true,"href":"https:\/\/catholicus.eu\/it\/wp-json\/wp\/v2\/comments?post=2382"}],"version-history":[{"count":1,"href":"https:\/\/catholicus.eu\/it\/wp-json\/wp\/v2\/posts\/2382\/revisions"}],"predecessor-version":[{"id":2384,"href":"https:\/\/catholicus.eu\/it\/wp-json\/wp\/v2\/posts\/2382\/revisions\/2384"}],"wp:featuredmedia":[{"embeddable":true,"href":"https:\/\/catholicus.eu\/it\/wp-json\/wp\/v2\/media\/2383"}],"wp:attachment":[{"href":"https:\/\/catholicus.eu\/it\/wp-json\/wp\/v2\/media?parent=2382"}],"wp:term":[{"taxonomy":"category","embeddable":true,"href":"https:\/\/catholicus.eu\/it\/wp-json\/wp\/v2\/categories?post=2382"},{"taxonomy":"post_tag","embeddable":true,"href":"https:\/\/catholicus.eu\/it\/wp-json\/wp\/v2\/tags?post=2382"}],"curies":[{"name":"wp","href":"https:\/\/api.w.org\/{rel}","templated":true}]}}