{"id":2379,"date":"2025-03-02T15:19:51","date_gmt":"2025-03-02T14:19:51","guid":{"rendered":"https:\/\/catholicus.eu\/it\/?p=2379"},"modified":"2025-03-02T15:19:52","modified_gmt":"2025-03-02T14:19:52","slug":"il-grande-scisma-del-1054-la-ferita-che-ha-segnato-la-cristianita-e-il-suo-significato-oggi","status":"publish","type":"post","link":"https:\/\/catholicus.eu\/it\/il-grande-scisma-del-1054-la-ferita-che-ha-segnato-la-cristianita-e-il-suo-significato-oggi\/","title":{"rendered":"Il Grande Scisma del 1054: La Ferita che ha Segnato la Cristianit\u00e0 e il Suo Significato Oggi"},"content":{"rendered":"\n<p>Il cristianesimo, fin dai suoi primi giorni, \u00e8 stato un\u2019<strong>unica fede, un solo Corpo mistico con Cristo come capo<\/strong> (Efesini 4,4-6). Tuttavia, nel corso della storia, questa unit\u00e0 \u00e8 stata messa alla prova da conflitti sia dottrinali che politici. Uno degli eventi pi\u00f9 significativi in questo senso fu <strong>il Grande Scisma del 1054<\/strong>, una divisione tra la Chiesa d\u2019Occidente, guidata dal Papa di Roma, e la Chiesa d\u2019Oriente, sotto la guida del Patriarca di Costantinopoli.<\/p>\n\n\n\n<p>Questa separazione non solo ha diviso la cristianit\u00e0 in due grandi rami, ma ha anche lasciato <strong>ferite profonde che si avvertono ancora oggi<\/strong>.<\/p>\n\n\n\n<p>Ma come si \u00e8 arrivati a questa frattura? \u00c8 stato davvero un conflitto teologico insanabile, oppure una serie di fattori storici e politici? E, soprattutto, cosa significa questo scisma per i cristiani di oggi? Vi invitiamo a un viaggio nella storia della Chiesa per comprendere meglio questo evento monumentale e il suo messaggio spirituale per il nostro tempo.<\/p>\n\n\n\n<hr class=\"wp-block-separator has-alpha-channel-opacity\"\/>\n\n\n\n<h2 class=\"wp-block-heading\"><strong>I. L\u2019Origine del Conflitto: Un\u2019Unit\u00e0 Minacciata<\/strong><\/h2>\n\n\n\n<p>Nel primo millennio del cristianesimo, le Chiese d\u2019Oriente e d\u2019Occidente condividevano la stessa fede, pur con <strong>differenze culturali e liturgiche<\/strong>. Roma, Alessandria, Antiochia, Gerusalemme e Costantinopoli erano i cinque grandi patriarcati della Chiesa. Tuttavia, la crescente affermazione del <strong>Vescovo di Roma (il Papa)<\/strong> come leader universale della Chiesa si scontrava con la crescente autonomia di Costantinopoli, creando tensioni.<\/p>\n\n\n\n<p>Diverse cause contribuirono alla separazione:<\/p>\n\n\n\n<h3 class=\"wp-block-heading\"><strong>1. Differenze culturali e linguistiche<\/strong><\/h3>\n\n\n\n<p>L\u2019Occidente latino, con Roma al centro, parlava latino e aveva una visione pi\u00f9 <strong>giuridica e strutturata<\/strong> della fede, mentre l\u2019Oriente greco adottava un approccio <strong>pi\u00f9 filosofico e mistico<\/strong>. Questa barriera linguistica <strong>complic\u00f2 il dialogo teologico ed ecclesiologico<\/strong>.<\/p>\n\n\n\n<h3 class=\"wp-block-heading\"><strong>2. La controversia del Filioque<\/strong><\/h3>\n\n\n\n<p>Uno dei dibattiti teologici pi\u00f9 accesi riguardava la clausola <strong>&#8220;Filioque&#8221;<\/strong> nel Credo di Nicea. Il Credo originale affermava che lo Spirito Santo &#8220;procede dal Padre&#8221;. Tuttavia, in Occidente fu aggiunta l\u2019espressione <strong>&#8220;e dal Figlio&#8221;<\/strong> (<em>Filioque<\/em> in latino). Per la Chiesa d\u2019Oriente, questa aggiunta unilaterale <strong>violava l\u2019insegnamento tradizionale e l\u2019autorit\u00e0 dei Concili ecumenici<\/strong>.<\/p>\n\n\n\n<h3 class=\"wp-block-heading\"><strong>3. Il Primato del Papa<\/strong><\/h3>\n\n\n\n<p>Il punto pi\u00f9 critico di scontro riguardava <strong>l\u2019autorit\u00e0 del Papa<\/strong>. Roma sosteneva che il Papa, come successore di San Pietro, avesse <strong>una giurisdizione universale<\/strong> su tutta la Chiesa. Costantinopoli, invece, riconosceva al Papa solo un <strong>&#8220;primato d\u2019onore&#8221;<\/strong>, ma non un potere giuridico assoluto. Questa differenza di visione sulla leadership ecclesiastica fu determinante nella divisione.<\/p>\n\n\n\n<hr class=\"wp-block-separator has-alpha-channel-opacity\"\/>\n\n\n\n<h2 class=\"wp-block-heading\"><strong>II. Il Punto di Rottura nel 1054<\/strong><\/h2>\n\n\n\n<p>Le tensioni raggiunsero l\u2019apice quando il Patriarca di Costantinopoli, <strong>Michele Cerulario<\/strong>, <strong>rifiut\u00f2 alcune pratiche latine<\/strong>, come l\u2019uso del pane azzimo nell\u2019Eucaristia e il celibato sacerdotale. In risposta, Papa Leone IX invi\u00f2 una delegazione guidata dal cardinale <strong>Umberto di Silva Candida<\/strong> per negoziare, ma l\u2019incontro si trasform\u00f2 in un disastro.<\/p>\n\n\n\n<p>Il 16 luglio 1054, Umberto deposit\u00f2 una <strong>bolla di scomunica<\/strong> sull\u2019altare della Basilica di Santa Sofia a Costantinopoli, scomunicando Michele Cerulario e i suoi seguaci. In risposta, il Patriarca fece lo stesso con gli inviati papali.<\/p>\n\n\n\n<p>In quel momento, nessuno immaginava che questa separazione sarebbe diventata <strong>definitiva<\/strong>, ma segn\u00f2 l\u2019inizio di un <strong>divorzio tra Oriente e Occidente<\/strong>.<\/p>\n\n\n\n<hr class=\"wp-block-separator has-alpha-channel-opacity\"\/>\n\n\n\n<h2 class=\"wp-block-heading\"><strong>III. Conseguenze dello Scisma: Una Cristianit\u00e0 Divisa<\/strong><\/h2>\n\n\n\n<p>Dopo il 1054, la separazione tra le due Chiese divenne sempre pi\u00f9 <strong>radicata<\/strong>. Le Crociate, in particolare la <strong>Quarta Crociata del 1204<\/strong>, quando i crociati saccheggiarono Costantinopoli, resero la riconciliazione quasi impossibile.<\/p>\n\n\n\n<p>Oggi, la Chiesa Cattolica e la Chiesa Ortodossa <strong>rimangono separate<\/strong>, sebbene siano stati fatti tentativi di riavvicinamento. Un evento storico fu l\u2019incontro tra <strong>Papa Paolo VI e il Patriarca Atenagora nel 1964<\/strong>, in cui le reciproche scomuniche furono revocate. Tuttavia, una piena unit\u00e0 <strong>non \u00e8 stata ancora ristabilita<\/strong>.<\/p>\n\n\n\n<hr class=\"wp-block-separator has-alpha-channel-opacity\"\/>\n\n\n\n<h2 class=\"wp-block-heading\"><strong>IV. Riflessione Spirituale: Cosa ci Insegna il Grande Scisma Oggi?<\/strong><\/h2>\n\n\n\n<p>Il Grande Scisma <strong>non \u00e8 solo un evento storico<\/strong>, ma anche un monito per la Chiesa di oggi. Ci ricorda che <strong>la divisione \u00e8 una ferita nel Corpo di Cristo<\/strong> (1 Corinzi 1,10).<\/p>\n\n\n\n<p>Viviamo in un\u2019epoca in cui la frammentazione e la polarizzazione colpiscono anche i cattolici. Dobbiamo quindi chiederci:<\/p>\n\n\n\n<ul class=\"wp-block-list\">\n<li><strong>Promuovo l\u2019unit\u00e0<\/strong> nella mia famiglia, parrocchia e comunit\u00e0, o contribuisco alle divisioni con critiche distruttive?<\/li>\n\n\n\n<li>Sono <strong>disposto al dialogo<\/strong> con chi pensa diversamente, o chiudo il mio cuore?<\/li>\n\n\n\n<li><strong>Cerco la verit\u00e0 con umilt\u00e0<\/strong>, o mi attacco a tradizioni e usanze senza comprenderne il significato profondo?<\/li>\n<\/ul>\n\n\n\n<p>La soluzione alla divisione della Chiesa <strong>non verr\u00e0 solo dagli sforzi diplomatici<\/strong>, ma da una <strong>vera conversione del cuore<\/strong>. Come disse Ges\u00f9:<\/p>\n\n\n\n<p><strong>&#8220;Perch\u00e9 tutti siano una sola cosa. Come tu, Padre, sei in me e io in te, siano anch\u2019essi in noi&#8221;<\/strong> (Giovanni 17,21).<\/p>\n\n\n\n<p>Oggi pi\u00f9 che mai, siamo chiamati a vivere questo messaggio, diventando <strong>costruttori di unit\u00e0 in un mondo che tende alla separazione<\/strong>.<\/p>\n\n\n\n<hr class=\"wp-block-separator has-alpha-channel-opacity\"\/>\n\n\n\n<h2 class=\"wp-block-heading\"><strong>Conclusione: Un Appello all\u2019Unit\u00e0 nella Fede<\/strong><\/h2>\n\n\n\n<p>Il Grande Scisma del 1054 \u00e8 un <strong>capitolo doloroso<\/strong> nella storia del cristianesimo, ma <strong>non \u00e8 un destino irreversibile<\/strong>. La Chiesa di Cristo \u00e8 <strong>chiamata all\u2019unit\u00e0 e alla riconciliazione<\/strong>. Ogni cattolico pu\u00f2 contribuire a questa causa attraverso la <strong>preghiera, lo studio della fede e la carit\u00e0 fraterna<\/strong>.<\/p>\n\n\n\n<p>La storia ci ha mostrato che le divisioni possono durare secoli, ma <strong>l\u2019amore di Dio \u00e8 eterno<\/strong>. Preghiamo affinch\u00e9 un giorno l\u2019Oriente e l\u2019Occidente possano <strong>tornare a condividere la stessa Eucaristia, in piena comunione con il successore di Pietro<\/strong>, come facevano i primi cristiani.<\/p>\n\n\n\n<p>Che questo articolo <strong>non ci aiuti solo a comprendere il passato, ma anche a costruire un futuro in cui regni l\u2019unit\u00e0 in Cristo<\/strong>. <strong>Cos\u00ec sia!<\/strong><\/p>\n","protected":false},"excerpt":{"rendered":"<p>Il cristianesimo, fin dai suoi primi giorni, \u00e8 stato un\u2019unica fede, un solo Corpo mistico con Cristo come capo (Efesini 4,4-6). Tuttavia, nel corso della storia, questa unit\u00e0 \u00e8 stata messa alla prova da conflitti sia dottrinali che politici. Uno degli eventi pi\u00f9 significativi in questo senso fu il Grande Scisma del 1054, una divisione &hellip;<\/p>\n","protected":false},"author":3,"featured_media":2380,"comment_status":"open","ping_status":"open","sticky":false,"template":"","format":"standard","meta":{"_seopress_robots_primary_cat":"","_seopress_titles_title":"","_seopress_titles_desc":"","_seopress_robots_index":"","footnotes":""},"categories":[48,38],"tags":[721,720],"class_list":["post-2379","post","type-post","status-publish","format-standard","has-post-thumbnail","","category-storia-della-chiesa","category-storia-e-tradizione","tag-721","tag-grande-scisma"],"_links":{"self":[{"href":"https:\/\/catholicus.eu\/it\/wp-json\/wp\/v2\/posts\/2379","targetHints":{"allow":["GET"]}}],"collection":[{"href":"https:\/\/catholicus.eu\/it\/wp-json\/wp\/v2\/posts"}],"about":[{"href":"https:\/\/catholicus.eu\/it\/wp-json\/wp\/v2\/types\/post"}],"author":[{"embeddable":true,"href":"https:\/\/catholicus.eu\/it\/wp-json\/wp\/v2\/users\/3"}],"replies":[{"embeddable":true,"href":"https:\/\/catholicus.eu\/it\/wp-json\/wp\/v2\/comments?post=2379"}],"version-history":[{"count":1,"href":"https:\/\/catholicus.eu\/it\/wp-json\/wp\/v2\/posts\/2379\/revisions"}],"predecessor-version":[{"id":2381,"href":"https:\/\/catholicus.eu\/it\/wp-json\/wp\/v2\/posts\/2379\/revisions\/2381"}],"wp:featuredmedia":[{"embeddable":true,"href":"https:\/\/catholicus.eu\/it\/wp-json\/wp\/v2\/media\/2380"}],"wp:attachment":[{"href":"https:\/\/catholicus.eu\/it\/wp-json\/wp\/v2\/media?parent=2379"}],"wp:term":[{"taxonomy":"category","embeddable":true,"href":"https:\/\/catholicus.eu\/it\/wp-json\/wp\/v2\/categories?post=2379"},{"taxonomy":"post_tag","embeddable":true,"href":"https:\/\/catholicus.eu\/it\/wp-json\/wp\/v2\/tags?post=2379"}],"curies":[{"name":"wp","href":"https:\/\/api.w.org\/{rel}","templated":true}]}}