{"id":2375,"date":"2025-03-02T11:59:16","date_gmt":"2025-03-02T10:59:16","guid":{"rendered":"https:\/\/catholicus.eu\/it\/?p=2375"},"modified":"2025-03-02T11:59:16","modified_gmt":"2025-03-02T10:59:16","slug":"quaresima-lausterita-che-ci-conduce-alla-vera-ricchezza-in-cristo","status":"publish","type":"post","link":"https:\/\/catholicus.eu\/it\/quaresima-lausterita-che-ci-conduce-alla-vera-ricchezza-in-cristo\/","title":{"rendered":"Quaresima: L&#8217;Austerit\u00e0 che ci Conduce alla Vera Ricchezza in Cristo"},"content":{"rendered":"\n<p>La Quaresima \u00e8 un tempo di grazia, un invito alla conversione, alla riflessione profonda e alla rinuncia del superfluo per abbracciare l\u2019essenziale: il nostro rapporto con Dio. In un mondo dove il rumore, il consumismo e l\u2019immediatezza ci imprigionano, la Chiesa ci invita a fermarci, a fare silenzio e a riscoprire la vera ricchezza che solo Cristo pu\u00f2 donarci.<\/p>\n\n\n\n<h3 class=\"wp-block-heading\">L\u2019Origine della Quaresima: Un Cammino di 40 Giorni verso la Pasqua<\/h3>\n\n\n\n<p>La Quaresima ha radici sia nella Sacra Scrittura che nella Tradizione della Chiesa. Il numero 40 \u00e8 simbolico nella Bibbia: rappresenta un tempo di preparazione, di prova e di incontro con Dio. Mos\u00e8 trascorse 40 giorni sul monte Sinai prima di ricevere la Legge (Esodo 24,18), il popolo di Israele peregrin\u00f2 per 40 anni nel deserto prima di entrare nella Terra Promessa (Numeri 14,33-34) e, soprattutto, Ges\u00f9 trascorse 40 giorni nel deserto digiunando e pregando prima di iniziare la sua missione pubblica (Matteo 4,1-2).<\/p>\n\n\n\n<p>Fin dai primi secoli del cristianesimo, i fedeli si preparavano alla Pasqua con un periodo di penitenza, digiuno e preghiera, specialmente coloro che avrebbero ricevuto il Battesimo nella Veglia Pasquale. Con il tempo, questa pratica si consolid\u00f2 e venne formalmente istituita nella Chiesa universale.<\/p>\n\n\n\n<h3 class=\"wp-block-heading\">L\u2019Austerit\u00e0: Un Ponte verso la Vera Ricchezza<\/h3>\n\n\n\n<p>Nella societ\u00e0 odierna, l\u2019austerit\u00e0 \u00e8 spesso vista come una privazione indesiderabile, un peso gravoso o persino un passo indietro. Tuttavia, nella logica cristiana, l\u2019austerit\u00e0 non \u00e8 una perdita, ma un guadagno. La rinuncia volontaria ai beni materiali e alle distrazioni superflue non impoverisce, ma arricchisce l\u2019anima e la dispone a ricevere la grazia divina.<\/p>\n\n\n\n<p>San Giovanni Paolo II diceva: \u201cNon \u00e8 ricco colui che possiede molto, ma colui che ha bisogno di poco\u201d. La Quaresima ci ricorda che la pi\u00f9 grande ricchezza non sta nell\u2019accumulare beni, ma nella capacit\u00e0 di distaccarsene per ottenere qualcosa di infinitamente pi\u00f9 grande: l\u2019amore di Dio.<\/p>\n\n\n\n<h3 class=\"wp-block-heading\">Il Digiuno: Fame di Dio<\/h3>\n\n\n\n<p>Il digiuno non \u00e8 solo una pratica di privazione fisica; \u00e8 un esercizio spirituale che ci aiuta a rafforzare la volont\u00e0 e a ricordare che \u201cnon di solo pane vivr\u00e0 l\u2019uomo, ma di ogni parola che esce dalla bocca di Dio\u201d (Matteo 4,4). Digiunando, sperimentiamo nel nostro stesso corpo il bisogno di qualcosa di pi\u00f9 grande del cibo: il bisogno di Dio.<\/p>\n\n\n\n<p>Papa Francesco ci invita a un digiuno che va oltre l\u2019aspetto materiale: \u201cDigiuna dalle parole offensive e pronuncia parole gentili. Digiuna dal malcontento e riempiti di gratitudine. Digiuna dalle preoccupazioni e affidati a Dio\u201d. Cos\u00ec, l\u2019austerit\u00e0 quaresimale non implica solo la rinuncia a determinati alimenti, ma anche agli atteggiamenti che ci allontanano da Cristo.<\/p>\n\n\n\n<h3 class=\"wp-block-heading\">La Preghiera: Un Dialogo che ci Trasforma<\/h3>\n\n\n\n<p>L\u2019austerit\u00e0 non \u00e8 solo una questione di rinuncia esterna; \u00e8, prima di tutto, una disposizione interiore. La preghiera ci permette di riorientare il nostro cuore verso Dio e di scoprire che Lui \u00e8 la nostra vera ricchezza. In un mondo che ci spinge costantemente all\u2019azione, la Quaresima ci invita a fermarci e ad ascoltare la voce di Dio.<\/p>\n\n\n\n<h3 class=\"wp-block-heading\">L\u2019Elemosina: Una Ricchezza Condivisa<\/h3>\n\n\n\n<p>Nella logica del Vangelo, la vera ricchezza si moltiplica quando viene condivisa. L\u2019elemosina non \u00e8 semplicemente dare denaro ai bisognosi, ma vivere la carit\u00e0 in tutte le sue dimensioni: offrire il nostro tempo, le nostre capacit\u00e0, il nostro ascolto e la nostra comprensione a chi ci sta accanto. Ges\u00f9 ci ricorda che \u201cvi \u00e8 pi\u00f9 gioia nel dare che nel ricevere\u201d (Atti 20,35).<\/p>\n\n\n\n<h3 class=\"wp-block-heading\">La Quaresima nel Mondo di Oggi: Un Antidoto contro il Vuoto Spirituale<\/h3>\n\n\n\n<p>Viviamo in un\u2019epoca di abbondanza materiale, ma di povert\u00e0 spirituale. Non abbiamo mai avuto cos\u00ec tante risorse tecnologiche, beni di consumo e possibilit\u00e0 di intrattenimento, eppure l\u2019anima dell\u2019uomo \u00e8 ancora assetata di senso, di trascendenza, di Dio.<\/p>\n\n\n\n<p>La Quaresima \u00e8 la risposta a questo vuoto. Ci invita ad allontanarci dal frastuono per ritrovare l\u2019essenziale. Ci insegna che l\u2019austerit\u00e0 non \u00e8 una limitazione, ma un cammino di libert\u00e0. Ci ricorda che il vero tesoro non sta in ci\u00f2 che possediamo, ma in ci\u00f2 che siamo davanti a Dio.<\/p>\n\n\n\n<h3 class=\"wp-block-heading\">Conclusione: Ritrovare la Vera Ricchezza<\/h3>\n\n\n\n<p>Se vissuta con autenticit\u00e0, la Quaresima ci conduce a un grande paradosso cristiano: rinunciando a ci\u00f2 che \u00e8 passeggero, troviamo ci\u00f2 che \u00e8 eterno. Spogliandoci del superfluo, scopriamo l\u2019essenziale. Vuotandoci di noi stessi, ci riempiamo di Dio.<\/p>\n\n\n\n<p>Questo tempo liturgico \u00e8 un\u2019occasione unica per riscoprire la ricchezza di una vita semplice, la gioia del dono di s\u00e9 e la bellezza di un cuore convertito. Non si tratta solo di non mangiare carne il venerd\u00ec o di fare sacrifici esterni, ma di vivere un vero cambiamento interiore che ci prepari al grande evento della Risurrezione.<\/p>\n\n\n\n<p>Che questa Quaresima sia per te un tempo di grazia, un cammino verso la vera ricchezza che solo Cristo pu\u00f2 offrire. Come ci dice San Paolo: \u201cConoscete infatti la grazia del Signore nostro Ges\u00f9 Cristo: da ricco che era, si \u00e8 fatto povero per voi, perch\u00e9 voi diventaste ricchi per mezzo della sua povert\u00e0\u201d (2 Corinzi 8,9).<\/p>\n\n\n\n<p>Che in questa Quaresima possiamo sperimentare la gioia di questa povert\u00e0 che arricchisce, di questa austerit\u00e0 che libera e di questo cammino che ci conduce alla pienezza in Cristo.<\/p>\n","protected":false},"excerpt":{"rendered":"<p>La Quaresima \u00e8 un tempo di grazia, un invito alla conversione, alla riflessione profonda e alla rinuncia del superfluo per abbracciare l\u2019essenziale: il nostro rapporto con Dio. In un mondo dove il rumore, il consumismo e l\u2019immediatezza ci imprigionano, la Chiesa ci invita a fermarci, a fare silenzio e a riscoprire la vera ricchezza che &hellip;<\/p>\n","protected":false},"author":3,"featured_media":2376,"comment_status":"open","ping_status":"open","sticky":false,"template":"","format":"standard","meta":{"_seopress_robots_primary_cat":"","_seopress_titles_title":"","_seopress_titles_desc":"","_seopress_robots_index":"","footnotes":""},"categories":[52,38],"tags":[719,701],"class_list":["post-2375","post","type-post","status-publish","format-standard","has-post-thumbnail","","category-liturgia-e-anno-liturgico","category-storia-e-tradizione","tag-austerita","tag-quaresima"],"_links":{"self":[{"href":"https:\/\/catholicus.eu\/it\/wp-json\/wp\/v2\/posts\/2375","targetHints":{"allow":["GET"]}}],"collection":[{"href":"https:\/\/catholicus.eu\/it\/wp-json\/wp\/v2\/posts"}],"about":[{"href":"https:\/\/catholicus.eu\/it\/wp-json\/wp\/v2\/types\/post"}],"author":[{"embeddable":true,"href":"https:\/\/catholicus.eu\/it\/wp-json\/wp\/v2\/users\/3"}],"replies":[{"embeddable":true,"href":"https:\/\/catholicus.eu\/it\/wp-json\/wp\/v2\/comments?post=2375"}],"version-history":[{"count":1,"href":"https:\/\/catholicus.eu\/it\/wp-json\/wp\/v2\/posts\/2375\/revisions"}],"predecessor-version":[{"id":2377,"href":"https:\/\/catholicus.eu\/it\/wp-json\/wp\/v2\/posts\/2375\/revisions\/2377"}],"wp:featuredmedia":[{"embeddable":true,"href":"https:\/\/catholicus.eu\/it\/wp-json\/wp\/v2\/media\/2376"}],"wp:attachment":[{"href":"https:\/\/catholicus.eu\/it\/wp-json\/wp\/v2\/media?parent=2375"}],"wp:term":[{"taxonomy":"category","embeddable":true,"href":"https:\/\/catholicus.eu\/it\/wp-json\/wp\/v2\/categories?post=2375"},{"taxonomy":"post_tag","embeddable":true,"href":"https:\/\/catholicus.eu\/it\/wp-json\/wp\/v2\/tags?post=2375"}],"curies":[{"name":"wp","href":"https:\/\/api.w.org\/{rel}","templated":true}]}}