{"id":2279,"date":"2025-02-19T21:25:20","date_gmt":"2025-02-19T20:25:20","guid":{"rendered":"https:\/\/catholicus.eu\/it\/?p=2279"},"modified":"2025-02-19T21:25:20","modified_gmt":"2025-02-19T20:25:20","slug":"memento-mori-larte-di-vivere-ricordando-la-morte","status":"publish","type":"post","link":"https:\/\/catholicus.eu\/it\/memento-mori-larte-di-vivere-ricordando-la-morte\/","title":{"rendered":"Memento Mori: L&#8217;arte di vivere ricordando la morte"},"content":{"rendered":"\n<p>In una societ\u00e0 ossessionata dalla giovinezza, dall\u2019immediatezza e dal divertimento, parlare della morte sembra quasi un tab\u00f9. Tuttavia, la Chiesa, sin dalle sue origini, invita i cristiani ad adottare una prospettiva radicalmente diversa: <strong>Memento Mori<\/strong>, un\u2019espressione latina che significa &#8220;Ricorda che morirai&#8221;.<\/p>\n\n\n\n<p>Questa antica esortazione non \u00e8 un invito alla paura o alla disperazione, ma un incoraggiamento a vivere con saggezza, con lo sguardo rivolto all\u2019eternit\u00e0. In questo articolo esploreremo la profondit\u00e0 di questo insegnamento cristiano, il suo fondamento biblico, la sua rilevanza teologica e come possiamo applicarlo alla nostra vita quotidiana per vivere con maggiore senso e santit\u00e0.<\/p>\n\n\n\n<hr class=\"wp-block-separator has-alpha-channel-opacity\"\/>\n\n\n\n<h2 class=\"wp-block-heading\"><strong>1. Memento Mori: Un richiamo alla saggezza<\/strong><\/h2>\n\n\n\n<p>Il concetto di <strong>Memento Mori<\/strong> non \u00e8 solo un\u2019idea medievale o una riflessione filosofica degli stoici. \u00c8 un insegnamento profondamente radicato nella Scrittura e nella Tradizione della Chiesa.<\/p>\n\n\n\n<p>Nell\u2019Antico Testamento, il Libro dei Salmi ci esorta:<\/p>\n\n\n\n<blockquote class=\"wp-block-quote is-layout-flow wp-block-quote-is-layout-flow\">\n<p><em>&#8220;Insegnaci a contare i nostri giorni e giungeremo alla sapienza del cuore.&#8221;<\/em> (Salmo 90,12)<\/p>\n<\/blockquote>\n\n\n\n<p>La consapevolezza della nostra mortalit\u00e0 non deve rattristarci, ma renderci pi\u00f9 saggi. Sapere che la nostra vita \u00e8 breve ci spinge a concentrarci su ci\u00f2 che \u00e8 veramente importante: <strong>il nostro rapporto con Dio e con gli altri, la nostra santificazione e il compimento della nostra missione nel mondo.<\/strong><\/p>\n\n\n\n<p>Ges\u00f9 stesso ci ricorda la brevit\u00e0 della vita e la necessit\u00e0 di essere pronti:<\/p>\n\n\n\n<blockquote class=\"wp-block-quote is-layout-flow wp-block-quote-is-layout-flow\">\n<p><em>&#8220;Tenetevi pronti, perch\u00e9 il Figlio dell&#8217;uomo verr\u00e0 nell&#8217;ora che non pensate.&#8221;<\/em> (Matteo 24,44)<\/p>\n<\/blockquote>\n\n\n\n<p>Se viviamo ogni giorno ricordando la morte, non cadremo nella trappola della mediocrit\u00e0, ma cercheremo di vivere nella grazia, con un cuore puro e in amicizia con Dio.<\/p>\n\n\n\n<hr class=\"wp-block-separator has-alpha-channel-opacity\"\/>\n\n\n\n<h2 class=\"wp-block-heading\"><strong>2. La morte: Porta dell\u2019eternit\u00e0<\/strong><\/h2>\n\n\n\n<p>Il cristianesimo ha una visione unica della morte: <strong>non \u00e8 la fine, ma la transizione verso l\u2019eternit\u00e0.<\/strong> Alla morte si decide il nostro destino eterno: <strong>paradiso, purgatorio o inferno.<\/strong><\/p>\n\n\n\n<p>Il Catechismo della Chiesa Cattolica lo esprime chiaramente:<\/p>\n\n\n\n<blockquote class=\"wp-block-quote is-layout-flow wp-block-quote-is-layout-flow\">\n<p><em>&#8220;La morte segna il termine della vita terrestre. La nostra vita \u00e8 limitata nel tempo: con la morte termina il tempo aperto per accogliere o respingere la grazia divina manifestata in Cristo.&#8221;<\/em> (CCC 1013)<\/p>\n<\/blockquote>\n\n\n\n<p>Ecco perch\u00e9 \u00e8 cos\u00ec importante vivere con prontezza. Non sappiamo n\u00e9 il giorno n\u00e9 l\u2019ora in cui Dio ci chiamer\u00e0, e rimandare la conversione o vivere come se fossimo immortali \u00e8 un errore fatale.<\/p>\n\n\n\n<p><strong>Memento Mori ci ricorda che ogni giorno \u00e8 un dono e un\u2019opportunit\u00e0 per avvicinarci a Dio.<\/strong><\/p>\n\n\n\n<hr class=\"wp-block-separator has-alpha-channel-opacity\"\/>\n\n\n\n<h2 class=\"wp-block-heading\"><strong>3. La Tradizione della Chiesa e i Santi su Memento Mori<\/strong><\/h2>\n\n\n\n<p>Nel corso della storia, i santi hanno vissuto il <strong>Memento Mori<\/strong> come un vero stile di vita. Alcuni ordini religiosi, come i certosini e i trappisti, conservano persino teschi nelle loro celle per ricordarsi costantemente della morte.<\/p>\n\n\n\n<p>San Benedetto, nella sua <em>Regola<\/em>, esortava i suoi monaci a:<\/p>\n\n\n\n<blockquote class=\"wp-block-quote is-layout-flow wp-block-quote-is-layout-flow\">\n<p><em>&#8220;Avere ogni giorno la morte davanti agli occhi.&#8221;<\/em><\/p>\n<\/blockquote>\n\n\n\n<p>San Francesco d\u2019Assisi chiamava la morte <strong>&#8220;Sorella Morte&#8221;<\/strong>, accogliendola con pace e gioia.<\/p>\n\n\n\n<p>Santa Teresa d\u2019Avila meditava spesso sulla morte per mantenere il suo cuore ancorato a Dio, e sant\u2019Alfonso Maria de\u2019 Liguori scriveva sulla necessit\u00e0 di prepararsi alla morte come il compito pi\u00f9 importante della vita.<\/p>\n\n\n\n<p>Questi santi avevano compreso ci\u00f2 che molti dimenticano: <strong>chi vive bene, muore bene.<\/strong><\/p>\n\n\n\n<hr class=\"wp-block-separator has-alpha-channel-opacity\"\/>\n\n\n\n<h2 class=\"wp-block-heading\"><strong>4. Applicazioni pratiche di Memento Mori<\/strong><\/h2>\n\n\n\n<p>Il <strong>Memento Mori<\/strong> non \u00e8 solo una teoria spirituale, ma una pratica che pu\u00f2 trasformare la nostra vita. Come possiamo applicarlo nella quotidianit\u00e0?<\/p>\n\n\n\n<h3 class=\"wp-block-heading\"><strong>1. Vivere nella grazia ed evitare il peccato<\/strong><\/h3>\n\n\n\n<p>Se oggi fosse il nostro ultimo giorno, siamo in pace con Dio? Siamo pronti a rendere conto della nostra vita?<\/p>\n\n\n\n<p>\u00c8 essenziale vivere in stato di grazia, confessarsi frequentemente ed evitare il peccato deliberato. <strong>Non sappiamo quando saremo chiamati.<\/strong><\/p>\n\n\n\n<h3 class=\"wp-block-heading\"><strong>2. Pregare con pi\u00f9 fervore e costanza<\/strong><\/h3>\n\n\n\n<p>Sapere che la nostra vita \u00e8 breve ci aiuta a <strong>valorizzare di pi\u00f9 il nostro rapporto con Dio.<\/strong> Possiamo prendere l\u2019abitudine della preghiera serale, esaminando la nostra coscienza e chiedendo perdono per le nostre mancanze quotidiane.<\/p>\n\n\n\n<h3 class=\"wp-block-heading\"><strong>3. Perdonare e riconciliarsi con gli altri<\/strong><\/h3>\n\n\n\n<p>Se sapessimo di morire oggi, chi dovremmo perdonare? Con chi dovremmo riconciliarci? Non rimandiamo l\u2019amore, la riconciliazione o la guarigione delle relazioni spezzate.<\/p>\n\n\n\n<h3 class=\"wp-block-heading\"><strong>4. Non perdere tempo con ci\u00f2 che \u00e8 superfluo<\/strong><\/h3>\n\n\n\n<p>Viviamo in un\u2019epoca piena di distrazioni: social media, intrattenimenti vuoti, preoccupazioni materiali. <strong>Memento Mori ci aiuta a dare priorit\u00e0 a ci\u00f2 che conta davvero.<\/strong><\/p>\n\n\n\n<h3 class=\"wp-block-heading\"><strong>5. Praticare la carit\u00e0 e fare del bene<\/strong><\/h3>\n\n\n\n<p>Ges\u00f9 ci ha insegnato che saremo giudicati in base alle nostre opere di amore (Matteo 25,31-46). Sfruttiamo le opportunit\u00e0 per fare il bene? Dedichiamo tempo agli altri?<\/p>\n\n\n\n<hr class=\"wp-block-separator has-alpha-channel-opacity\"\/>\n\n\n\n<h2 class=\"wp-block-heading\"><strong>5. Memento Mori nel mondo di oggi: Un rimedio contro la cultura dell\u2019oblio<\/strong><\/h2>\n\n\n\n<p>Viviamo in una societ\u00e0 che fugge dalla morte, la nasconde e la evita. La cultura moderna ci distrae con piaceri effimeri, il culto dell\u2019apparenza e l\u2019illusione che il tempo sia infinito.<\/p>\n\n\n\n<p>Ma <strong>Memento Mori<\/strong> ci riporta alla realt\u00e0. Ci ricorda che siamo <strong>pellegrini<\/strong> in questo mondo e che la nostra vera patria \u00e8 in cielo (Filippesi 3,20).<\/p>\n\n\n\n<p>Accettare la nostra mortalit\u00e0 con una prospettiva cristiana ci aiuta a vivere con maggiore libert\u00e0, senza paura del futuro e con la speranza della vita eterna.<\/p>\n\n\n\n<hr class=\"wp-block-separator has-alpha-channel-opacity\"\/>\n\n\n\n<h2 class=\"wp-block-heading\"><strong>Conclusione: Vivere oggi pensando all\u2019eternit\u00e0<\/strong><\/h2>\n\n\n\n<p>Il <strong>Memento Mori<\/strong> non \u00e8 un pensiero macabro, ma un invito a vivere bene, con il cuore rivolto a Dio.<\/p>\n\n\n\n<p>Se ogni giorno ricordiamo che moriremo, impareremo ad amare di pi\u00f9, a perdonare pi\u00f9 velocemente, a cogliere ogni momento e a cercare con pi\u00f9 ardore la santit\u00e0.<\/p>\n\n\n\n<p>Cos\u00ec, quando arriver\u00e0 il nostro momento, potremo dire con san Paolo:<\/p>\n\n\n\n<blockquote class=\"wp-block-quote is-layout-flow wp-block-quote-is-layout-flow\">\n<p><em>&#8220;Ho combattuto la buona battaglia, ho terminato la corsa, ho conservato la fede.&#8221;<\/em> (2 Timoteo 4,7)<\/p>\n<\/blockquote>\n\n\n\n<p>E con la fiducia dei santi, potremo accogliere la morte non con paura, ma con gioia, sapendo che \u00e8 la soglia della pienezza dell\u2019amore di Dio.<\/p>\n\n\n\n<p><strong>Memento Mori\u2026 per vivere con senso e morire nella grazia.<\/strong><\/p>\n","protected":false},"excerpt":{"rendered":"<p>In una societ\u00e0 ossessionata dalla giovinezza, dall\u2019immediatezza e dal divertimento, parlare della morte sembra quasi un tab\u00f9. Tuttavia, la Chiesa, sin dalle sue origini, invita i cristiani ad adottare una prospettiva radicalmente diversa: Memento Mori, un\u2019espressione latina che significa &#8220;Ricorda che morirai&#8221;. Questa antica esortazione non \u00e8 un invito alla paura o alla disperazione, ma &hellip;<\/p>\n","protected":false},"author":3,"featured_media":2280,"comment_status":"open","ping_status":"open","sticky":false,"template":"","format":"standard","meta":{"_seopress_robots_primary_cat":"","_seopress_titles_title":"","_seopress_titles_desc":"","_seopress_robots_index":"","footnotes":""},"categories":[41,63],"tags":[684],"class_list":["post-2279","post","type-post","status-publish","format-standard","has-post-thumbnail","","category-fede-e-cultura","category-filosofia-e-fede","tag-memento-mori"],"_links":{"self":[{"href":"https:\/\/catholicus.eu\/it\/wp-json\/wp\/v2\/posts\/2279","targetHints":{"allow":["GET"]}}],"collection":[{"href":"https:\/\/catholicus.eu\/it\/wp-json\/wp\/v2\/posts"}],"about":[{"href":"https:\/\/catholicus.eu\/it\/wp-json\/wp\/v2\/types\/post"}],"author":[{"embeddable":true,"href":"https:\/\/catholicus.eu\/it\/wp-json\/wp\/v2\/users\/3"}],"replies":[{"embeddable":true,"href":"https:\/\/catholicus.eu\/it\/wp-json\/wp\/v2\/comments?post=2279"}],"version-history":[{"count":1,"href":"https:\/\/catholicus.eu\/it\/wp-json\/wp\/v2\/posts\/2279\/revisions"}],"predecessor-version":[{"id":2281,"href":"https:\/\/catholicus.eu\/it\/wp-json\/wp\/v2\/posts\/2279\/revisions\/2281"}],"wp:featuredmedia":[{"embeddable":true,"href":"https:\/\/catholicus.eu\/it\/wp-json\/wp\/v2\/media\/2280"}],"wp:attachment":[{"href":"https:\/\/catholicus.eu\/it\/wp-json\/wp\/v2\/media?parent=2279"}],"wp:term":[{"taxonomy":"category","embeddable":true,"href":"https:\/\/catholicus.eu\/it\/wp-json\/wp\/v2\/categories?post=2279"},{"taxonomy":"post_tag","embeddable":true,"href":"https:\/\/catholicus.eu\/it\/wp-json\/wp\/v2\/tags?post=2279"}],"curies":[{"name":"wp","href":"https:\/\/api.w.org\/{rel}","templated":true}]}}