{"id":2162,"date":"2025-02-10T10:38:52","date_gmt":"2025-02-10T09:38:52","guid":{"rendered":"https:\/\/catholicus.eu\/it\/?p=2162"},"modified":"2025-02-10T10:38:52","modified_gmt":"2025-02-10T09:38:52","slug":"non-serviam-la-ribellione-dellorgoglio-e-la-chiamata-allumilta","status":"publish","type":"post","link":"https:\/\/catholicus.eu\/it\/non-serviam-la-ribellione-dellorgoglio-e-la-chiamata-allumilta\/","title":{"rendered":"&#8220;Non Serviam&#8221;: La Ribellione dell&#8217;Orgoglio e la Chiamata all&#8217;Umilt\u00e0"},"content":{"rendered":"\n<p>Nella storia dell&#8217;umanit\u00e0, poche frasi incarnano cos\u00ec potentemente l&#8217;essenza della ribellione come &#8220;Non Serviam&#8221;, che in latino significa &#8220;Non servir\u00f2&#8221;. Questa espressione \u00e8 attribuita a Lucifero nel suo rifiuto di Dio ed \u00e8 diventata un simbolo di orgoglio, disobbedienza e autosufficienza che allontana l&#8217;uomo dal suo Creatore. Ma cosa significa davvero &#8220;Non Serviam&#8221; nel contesto della fede cattolica? E, soprattutto, come possiamo evitare di cadere nella stessa trappola che ha portato alla rovina tanti angeli e uomini?<\/p>\n\n\n\n<h2 class=\"wp-block-heading\">L&#8217;Origine di &#8220;Non Serviam&#8221;: Lucifero e la sua Caduta<\/h2>\n\n\n\n<p>La tradizione cattolica ci insegna che Lucifero, l&#8217;angelo pi\u00f9 bello e potente creato da Dio, si ribell\u00f2 contro di Lui quando gli fu rivelato il piano divino dell&#8217;Incarnazione. L&#8217;Arcangelo Michele, al contrario, proclam\u00f2 il celebre &#8220;Quis ut Deus?&#8221; (&#8220;Chi \u00e8 come Dio?&#8221;) e guid\u00f2 le schiere celesti contro la ribellione degli angeli caduti.<\/p>\n\n\n\n<p>Le Sacre Scritture, pur non menzionando esplicitamente l&#8217;espressione &#8220;Non Serviam&#8221;, ci danno indizi sulla caduta di Lucifero in passi come Isaia 14,12-15:<\/p>\n\n\n\n<blockquote class=\"wp-block-quote is-layout-flow wp-block-quote-is-layout-flow\">\n<p>&#8220;Come mai sei caduto dal cielo, astro mattutino, figlio dell&#8217;aurora? Come mai sei stato abbattuto a terra, signore dei popoli? Tu pensavi nel tuo cuore: &#8216;Salir\u00f2 in cielo, sopra le stelle di Dio innalzer\u00f2 il mio trono&#8230; Sar\u00f2 simile all&#8217;Altissimo&#8217;. E invece sei stato precipitato negli inferi, nelle profondit\u00e0 dell&#8217;abisso.&#8221;<\/p>\n<\/blockquote>\n\n\n\n<p>Qui vediamo l&#8217;essenza del peccato di Lucifero: l&#8217;orgoglio e il desiderio di essere pari a Dio. Egli non accett\u00f2 la sua condizione di creatura e si rifiut\u00f2 di servire. Questo stesso peccato ha segnato la storia dell&#8217;umanit\u00e0 pi\u00f9 volte.<\/p>\n\n\n\n<h2 class=\"wp-block-heading\">&#8220;Non Serviam&#8221; nella Storia dell&#8217;Umanit\u00e0<\/h2>\n\n\n\n<p>La ribellione di Lucifero ha trovato eco nell&#8217;umanit\u00e0 fin dagli albori del tempo. Nella Genesi vediamo come Adamo ed Eva caddero nello stesso inganno quando il serpente disse loro:<\/p>\n\n\n\n<blockquote class=\"wp-block-quote is-layout-flow wp-block-quote-is-layout-flow\">\n<p>&#8220;Diventerete come Dio&#8221; (Genesi 3,5).<\/p>\n<\/blockquote>\n\n\n\n<p>Da allora, la storia dell&#8217;umanit\u00e0 \u00e8 una lotta costante tra la sottomissione alla volont\u00e0 divina e il desiderio di autodeterminazione assoluta. Possiamo vedere questo atteggiamento in molti aspetti della societ\u00e0 moderna: il relativismo morale, il rifiuto della legge naturale, il tentativo di ridefinire la natura umana secondo capricci ideologici. Ogni volta che l&#8217;uomo dice &#8220;Non servir\u00f2&#8221;, ripete lo stesso errore originale.<\/p>\n\n\n\n<h3 class=\"wp-block-heading\">Applicazioni Pratiche: Come Evitare lo Spirito di &#8220;Non Serviam&#8221;?<\/h3>\n\n\n\n<p>Nella nostra vita quotidiana, affrontiamo anche questa lotta spirituale. Non si tratta solo di un&#8217;antica storia mitologica, ma di una realt\u00e0 che ci tocca da vicino. Ecco alcuni modi per evitare di cadere nell&#8217;atteggiamento di &#8220;Non Serviam&#8221;:<\/p>\n\n\n\n<ol start=\"1\" class=\"wp-block-list\">\n<li><strong>Praticare l&#8217;umilt\u00e0:<\/strong> L&#8217;umilt\u00e0 \u00e8 la virt\u00f9 che si oppone direttamente all&#8217;orgoglio. San Bernardo di Chiaravalle diceva: &#8220;L&#8217;umilt\u00e0 \u00e8 la virt\u00f9 che ci dona la verit\u00e0 su noi stessi&#8221;. Riconoscere la nostra piccolezza davanti a Dio ci protegge dall&#8217;illusione dell&#8217;autosufficienza.<\/li>\n\n\n\n<li><strong>Accettare l&#8217;autorit\u00e0 di Dio e della sua Chiesa:<\/strong> In un&#8217;epoca in cui l&#8217;autorit\u00e0 \u00e8 costantemente messa in discussione, dobbiamo ricordare che l&#8217;obbedienza alla Chiesa \u00e8 obbedienza a Cristo stesso (Luca 10,16).<\/li>\n\n\n\n<li><strong>Vivere in stato di grazia:<\/strong> La lotta contro il peccato richiede una grazia soprannaturale. La confessione frequente e l&#8217;Eucaristia sono armi potenti contro l&#8217;orgoglio e il rifiuto di Dio.<\/li>\n\n\n\n<li><strong>Servire gli altri:<\/strong> Il vero amore per Dio si manifesta nel servizio. Ges\u00f9 stesso disse:&#8221;Se uno vuole essere il primo, sia l&#8217;ultimo di tutti e il servo di tutti&#8221; (Marco 9,35).Servire con gioia e generosit\u00e0 \u00e8 il modo migliore per dire &#8220;Serviam&#8221; (&#8220;Io servir\u00f2&#8221;).<\/li>\n<\/ol>\n\n\n\n<h2 class=\"wp-block-heading\">Conclusione: &#8220;Serviam&#8221; come Risposta alla Ribellione<\/h2>\n\n\n\n<p>Se &#8220;Non Serviam&#8221; \u00e8 il grido dell&#8217;orgoglio, &#8220;Serviam&#8221; deve essere il grido del cristiano. \u00c8 il motto degli angeli fedeli, dei santi e di tutti coloro che desiderano seguire Cristo fino alla fine. Sant&#8217;Ignazio di Loyola ci ha lasciato una bellissima preghiera per contrastare la tentazione dell&#8217;autosufficienza:<\/p>\n\n\n\n<blockquote class=\"wp-block-quote is-layout-flow wp-block-quote-is-layout-flow\">\n<p>&#8220;Prendi, Signore, e ricevi tutta la mia libert\u00e0, la mia memoria, la mia intelligenza e tutta la mia volont\u00e0.&#8221;<\/p>\n<\/blockquote>\n\n\n\n<p>In un mondo che promuove l&#8217;autosufficienza e il rifiuto di Dio, siamo chiamati a rispondere con umilt\u00e0 e abbandono. Che possiamo ripetere ogni giorno con convinzione: <strong>Serviam! Io servir\u00f2!<\/strong><\/p>\n","protected":false},"excerpt":{"rendered":"<p>Nella storia dell&#8217;umanit\u00e0, poche frasi incarnano cos\u00ec potentemente l&#8217;essenza della ribellione come &#8220;Non Serviam&#8221;, che in latino significa &#8220;Non servir\u00f2&#8221;. Questa espressione \u00e8 attribuita a Lucifero nel suo rifiuto di Dio ed \u00e8 diventata un simbolo di orgoglio, disobbedienza e autosufficienza che allontana l&#8217;uomo dal suo Creatore. Ma cosa significa davvero &#8220;Non Serviam&#8221; nel contesto &hellip;<\/p>\n","protected":false},"author":3,"featured_media":2163,"comment_status":"open","ping_status":"open","sticky":false,"template":"","format":"standard","meta":{"_seopress_robots_primary_cat":"","_seopress_titles_title":"","_seopress_titles_desc":"","_seopress_robots_index":"","footnotes":""},"categories":[43,37],"tags":[648],"class_list":["post-2162","post","type-post","status-publish","format-standard","has-post-thumbnail","","category-catechismo-della-chiesa-cattolica","category-dottrina-e-fede","tag-non-serviam"],"_links":{"self":[{"href":"https:\/\/catholicus.eu\/it\/wp-json\/wp\/v2\/posts\/2162","targetHints":{"allow":["GET"]}}],"collection":[{"href":"https:\/\/catholicus.eu\/it\/wp-json\/wp\/v2\/posts"}],"about":[{"href":"https:\/\/catholicus.eu\/it\/wp-json\/wp\/v2\/types\/post"}],"author":[{"embeddable":true,"href":"https:\/\/catholicus.eu\/it\/wp-json\/wp\/v2\/users\/3"}],"replies":[{"embeddable":true,"href":"https:\/\/catholicus.eu\/it\/wp-json\/wp\/v2\/comments?post=2162"}],"version-history":[{"count":1,"href":"https:\/\/catholicus.eu\/it\/wp-json\/wp\/v2\/posts\/2162\/revisions"}],"predecessor-version":[{"id":2164,"href":"https:\/\/catholicus.eu\/it\/wp-json\/wp\/v2\/posts\/2162\/revisions\/2164"}],"wp:featuredmedia":[{"embeddable":true,"href":"https:\/\/catholicus.eu\/it\/wp-json\/wp\/v2\/media\/2163"}],"wp:attachment":[{"href":"https:\/\/catholicus.eu\/it\/wp-json\/wp\/v2\/media?parent=2162"}],"wp:term":[{"taxonomy":"category","embeddable":true,"href":"https:\/\/catholicus.eu\/it\/wp-json\/wp\/v2\/categories?post=2162"},{"taxonomy":"post_tag","embeddable":true,"href":"https:\/\/catholicus.eu\/it\/wp-json\/wp\/v2\/tags?post=2162"}],"curies":[{"name":"wp","href":"https:\/\/api.w.org\/{rel}","templated":true}]}}