{"id":2096,"date":"2025-02-07T00:01:19","date_gmt":"2025-02-06T23:01:19","guid":{"rendered":"https:\/\/catholicus.eu\/it\/?p=2096"},"modified":"2025-02-07T00:01:19","modified_gmt":"2025-02-06T23:01:19","slug":"hitler-e-la-chiesa-cattolica-la-verita-su-un-rapporto-controverso","status":"publish","type":"post","link":"https:\/\/catholicus.eu\/it\/hitler-e-la-chiesa-cattolica-la-verita-su-un-rapporto-controverso\/","title":{"rendered":"Hitler e la Chiesa cattolica: La verit\u00e0 su un rapporto controverso"},"content":{"rendered":"\n<p>Nella storia del XX secolo, poche figure hanno ricevuto una condanna morale cos\u00ec universale come Adolf Hitler. Il suo regime totalitario e l&#8217;ideologia nazionalsocialista portarono alla Seconda Guerra Mondiale e all&#8217;Olocausto, uno dei peggiori crimini della storia dell&#8217;umanit\u00e0. Tuttavia, alcuni ambienti hanno diffuso l&#8217;idea che la Chiesa cattolica abbia collaborato con il nazismo o abbia mantenuto un rapporto ambiguo con Hitler. \u00c8 vero?<\/p>\n\n\n\n<p>Questo articolo mira a fare luce sul rapporto tra la Chiesa cattolica e il regime di Hitler, analizzando i fatti storici e il contesto teologico che hanno modellato la sua posizione nei confronti del nazionalsocialismo.<\/p>\n\n\n\n<hr class=\"wp-block-separator has-alpha-channel-opacity\"\/>\n\n\n\n<h3 class=\"wp-block-heading\">1. Hitler era cattolico?<\/h3>\n\n\n\n<p>Dal punto di vista formale, Adolf Hitler fu battezzato nella Chiesa cattolica e crebbe in un ambiente culturalmente cattolico in Austria. Tuttavia, ci\u00f2 non lo rende un cattolico praticante n\u00e9 una persona che seguiva la dottrina della Chiesa. Infatti, nei suoi discorsi e scritti, Hitler mostr\u00f2 disprezzo per il vero cristianesimo e cerc\u00f2 di promuovere una religione di Stato basata sulla razza e sul potere dello Stato.<\/p>\n\n\n\n<p>Nonostante una retorica talvolta ambigua (soprattutto nei suoi primi anni politici), Hitler considerava il cristianesimo una debolezza. Nei colloqui privati, documentati nel libro <em>Hitler\u2019s Table Talk<\/em> (curato da Martin Bormann), il dittatore esprimeva il suo disprezzo per la fede cristiana, definendola &#8220;sovversiva&#8221; e &#8220;debole&#8221;.<\/p>\n\n\n\n<p>La propaganda nazista manipolava occasionalmente i simboli cristiani per ottenere sostegno, ma in realt\u00e0 l&#8217;ideologia nazista era fondamentalmente anticristiana.<\/p>\n\n\n\n<hr class=\"wp-block-separator has-alpha-channel-opacity\"\/>\n\n\n\n<h3 class=\"wp-block-heading\">2. L&#8217;atteggiamento della Chiesa cattolica nei confronti di Hitler<\/h3>\n\n\n\n<p>La Chiesa cattolica condann\u00f2 l&#8217;ideologia nazionalsocialista sin dall&#8217;inizio, in particolare attraverso Papa Pio XI e, successivamente, Papa Pio XII.<\/p>\n\n\n\n<h4 class=\"wp-block-heading\"><strong>Pio XI e l&#8217;enciclica <\/strong><em><strong>Mit Brennender Sorge<\/strong><\/em><strong> (1937)<\/strong><\/h4>\n\n\n\n<p>Una delle pi\u00f9 forti condanne del nazionalsocialismo venne dall&#8217;enciclica <em>Mit Brennender Sorge<\/em> (\u201cCon viva preoccupazione\u201d), pubblicata nel 1937 da Papa Pio XI. Fu scritta in tedesco (anzich\u00e9 in latino) per raggiungere direttamente i fedeli e dichiar\u00f2 l&#8217;incompatibilit\u00e0 del nazismo con la fede cristiana.<\/p>\n\n\n\n<p>In questa enciclica, il Papa criticava l&#8217;elevazione dello Stato al di sopra di Dio e la persecuzione della Chiesa in Germania. L&#8217;enciclica fu letta in tutte le parrocchie tedesche la Domenica delle Palme del 1937, suscitando l&#8217;ira di Hitler e portando a un&#8217;intensificazione della repressione contro la Chiesa.<\/p>\n\n\n\n<h4 class=\"wp-block-heading\"><strong>Il cardinale von Galen: \u201cIl Leone di M\u00fcnster\u201d<\/strong><\/h4>\n\n\n\n<p>Uno dei pi\u00f9 coraggiosi oppositori del regime nazista in Germania fu il cardinale Clemens August von Galen, vescovo di M\u00fcnster. Nei suoi sermoni, condann\u00f2 apertamente l&#8217;ideologia nazista, in particolare la politica eugenetica e l&#8217;uccisione dei disabili nel programma \u201cAktion T4\u201d.<\/p>\n\n\n\n<p>Il suo coraggio ispir\u00f2 molti cattolici tedeschi alla resistenza e, sebbene Hitler avesse considerato di arrestarlo, temeva una rivolta popolare.<\/p>\n\n\n\n<hr class=\"wp-block-separator has-alpha-channel-opacity\"\/>\n\n\n\n<h3 class=\"wp-block-heading\">3. E Papa Pio XII?<\/h3>\n\n\n\n<p>Una delle accuse pi\u00f9 frequenti contro la Chiesa cattolica \u00e8 che Papa Pio XII non abbia fatto abbastanza per fermare l&#8217;Olocausto. Tuttavia, le prove storiche mostrano che Pio XII salv\u00f2 migliaia di ebrei utilizzando canali diplomatici e ordinando a monasteri e conventi di accogliere rifugiati.<\/p>\n\n\n\n<p>L&#8217;allora rabbino capo di Roma, Israel Zolli, rimase cos\u00ec colpito dagli sforzi di Pio XII che, dopo la guerra, si convert\u00ec al cattolicesimo e prese il nome di Eugenio in onore del Papa (Eugenio Pacelli era il nome di battesimo di Pio XII).<\/p>\n\n\n\n<p>Molti storici, tra cui studiosi ebrei come Pinchas Lapide, hanno documentato che la Chiesa cattolica sotto Pio XII salv\u00f2 circa 800.000 ebrei.<\/p>\n\n\n\n<hr class=\"wp-block-separator has-alpha-channel-opacity\"\/>\n\n\n\n<h3 class=\"wp-block-heading\">4. La persecuzione nazista della Chiesa cattolica<\/h3>\n\n\n\n<p>La Chiesa non fu affatto un&#8217;alleata del nazionalsocialismo, ma piuttosto uno dei suoi principali obiettivi di persecuzione.<\/p>\n\n\n\n<ul class=\"wp-block-list\">\n<li><strong>Sacerdoti e religiosi nei campi di concentramento<\/strong>: Circa 2.579 sacerdoti cattolici furono deportati nel campo di concentramento di Dachau, dove molti trovarono la morte.<\/li>\n\n\n\n<li><strong>Distruzione delle organizzazioni cattoliche<\/strong>: A partire dal 1933, i nazisti sciolsero numerose associazioni cattoliche e limitarono drasticamente la libert\u00e0 religiosa.<\/li>\n\n\n\n<li><strong>Assassinio di leader cattolici<\/strong>: Molti sacerdoti e vescovi che si opposero al regime furono arrestati ed eseguiti.<\/li>\n<\/ul>\n\n\n\n<p>Il francescano polacco Massimiliano Kolbe fu un martire cattolico che sacrific\u00f2 la propria vita ad Auschwitz per salvare un altro prigioniero.<\/p>\n\n\n\n<hr class=\"wp-block-separator has-alpha-channel-opacity\"\/>\n\n\n\n<h3 class=\"wp-block-heading\">5. Riflessione teologica<\/h3>\n\n\n\n<p>Dal punto di vista cattolico, l&#8217;opposizione della Chiesa al nazionalsocialismo non fu solo politica, ma profondamente teologica.<\/p>\n\n\n\n<ol start=\"1\" class=\"wp-block-list\">\n<li><strong>Il nazionalsocialismo come idolatria dello Stato<\/strong>\n<ul class=\"wp-block-list\">\n<li>L&#8217;ideologia nazista poneva lo Stato e la razza ariana al centro, violando cos\u00ec il primo comandamento: \u201cNon avrai altri d\u00e8i di fronte a me\u201d (Esodo 20,3).<\/li>\n<\/ul>\n<\/li>\n\n\n\n<li><strong>Rifiuto della dignit\u00e0 umana<\/strong>\n<ul class=\"wp-block-list\">\n<li>La Chiesa insegna che ogni essere umano \u00e8 creato a immagine di Dio (Genesi 1,27). L&#8217;ideologia nazista negava questa dignit\u00e0 a ebrei, disabili e altre minoranze.<\/li>\n<\/ul>\n<\/li>\n\n\n\n<li><strong>Il dovere cristiano della resistenza morale<\/strong>\n<ul class=\"wp-block-list\">\n<li>Nonostante le circostanze avverse, molti cristiani si opposero con coraggio. Figure come Edith Stein (Santa Teresa Benedetta della Croce), una convertita ebrea al cattolicesimo e carmelitana, furono testimoni della fede cristiana in tempi di persecuzione.<\/li>\n<\/ul>\n<\/li>\n<\/ol>\n\n\n\n<hr class=\"wp-block-separator has-alpha-channel-opacity\"\/>\n\n\n\n<h3 class=\"wp-block-heading\">Conclusione<\/h3>\n\n\n\n<p>La Chiesa cattolica non fu complice del nazionalsocialismo, ma una delle sue principali oppositrici. Da Papa Pio XI a migliaia di sacerdoti, religiosi e laici, la fede cattolica fu una luce nei tempi oscuri del nazismo.<\/p>\n\n\n\n<p>Le affermazioni su una collaborazione tra Hitler e la Chiesa non hanno basi storiche e spesso derivano da pregiudizi o distorsioni dei fatti.<\/p>\n\n\n\n<p>Come cattolici, siamo chiamati a conoscere la nostra storia e a difendere la verit\u00e0. La lotta contro il male e la difesa della dignit\u00e0 umana rimangono sfide costanti. Il coraggio di coloro che si opposero al nazionalsocialismo per fede ci ispira ancora oggi.<\/p>\n\n\n\n<p>Possano la testimonianza di questi martiri e santi incoraggiarci a vivere la nostra fede con autenticit\u00e0 e coraggio.<\/p>\n","protected":false},"excerpt":{"rendered":"<p>Nella storia del XX secolo, poche figure hanno ricevuto una condanna morale cos\u00ec universale come Adolf Hitler. Il suo regime totalitario e l&#8217;ideologia nazionalsocialista portarono alla Seconda Guerra Mondiale e all&#8217;Olocausto, uno dei peggiori crimini della storia dell&#8217;umanit\u00e0. Tuttavia, alcuni ambienti hanno diffuso l&#8217;idea che la Chiesa cattolica abbia collaborato con il nazismo o abbia &hellip;<\/p>\n","protected":false},"author":3,"featured_media":2097,"comment_status":"open","ping_status":"open","sticky":false,"template":"","format":"standard","meta":{"_seopress_robots_primary_cat":"","_seopress_titles_title":"","_seopress_titles_desc":"","_seopress_robots_index":"","footnotes":""},"categories":[48,38],"tags":[295,628],"class_list":["post-2096","post","type-post","status-publish","format-standard","has-post-thumbnail","","category-storia-della-chiesa","category-storia-e-tradizione","tag-chiesa-cattolica","tag-hitler"],"_links":{"self":[{"href":"https:\/\/catholicus.eu\/it\/wp-json\/wp\/v2\/posts\/2096","targetHints":{"allow":["GET"]}}],"collection":[{"href":"https:\/\/catholicus.eu\/it\/wp-json\/wp\/v2\/posts"}],"about":[{"href":"https:\/\/catholicus.eu\/it\/wp-json\/wp\/v2\/types\/post"}],"author":[{"embeddable":true,"href":"https:\/\/catholicus.eu\/it\/wp-json\/wp\/v2\/users\/3"}],"replies":[{"embeddable":true,"href":"https:\/\/catholicus.eu\/it\/wp-json\/wp\/v2\/comments?post=2096"}],"version-history":[{"count":1,"href":"https:\/\/catholicus.eu\/it\/wp-json\/wp\/v2\/posts\/2096\/revisions"}],"predecessor-version":[{"id":2098,"href":"https:\/\/catholicus.eu\/it\/wp-json\/wp\/v2\/posts\/2096\/revisions\/2098"}],"wp:featuredmedia":[{"embeddable":true,"href":"https:\/\/catholicus.eu\/it\/wp-json\/wp\/v2\/media\/2097"}],"wp:attachment":[{"href":"https:\/\/catholicus.eu\/it\/wp-json\/wp\/v2\/media?parent=2096"}],"wp:term":[{"taxonomy":"category","embeddable":true,"href":"https:\/\/catholicus.eu\/it\/wp-json\/wp\/v2\/categories?post=2096"},{"taxonomy":"post_tag","embeddable":true,"href":"https:\/\/catholicus.eu\/it\/wp-json\/wp\/v2\/tags?post=2096"}],"curies":[{"name":"wp","href":"https:\/\/api.w.org\/{rel}","templated":true}]}}