{"id":2071,"date":"2025-02-05T23:04:39","date_gmt":"2025-02-05T22:04:39","guid":{"rendered":"https:\/\/catholicus.eu\/it\/?p=2071"},"modified":"2025-02-05T23:04:39","modified_gmt":"2025-02-05T22:04:39","slug":"la-saggezza-dei-filosofi-e-la-luce-di-cristo-come-i-concetti-greci-trovano-il-loro-compimento-nel-cristianesimo","status":"publish","type":"post","link":"https:\/\/catholicus.eu\/it\/la-saggezza-dei-filosofi-e-la-luce-di-cristo-come-i-concetti-greci-trovano-il-loro-compimento-nel-cristianesimo\/","title":{"rendered":"La Saggezza dei Filosofi e la Luce di Cristo: Come i Concetti Greci Trovano il Loro Compimento nel Cristianesimo"},"content":{"rendered":"\n<p><strong>Introduzione: Un Incontro tra Atene e Gerusalemme<\/strong><\/p>\n\n\n\n<p>Nel cuore della fede cristiana risiede una verit\u00e0 profonda: Dio, nella Sua infinita saggezza, ha preparato il mondo per la venuta del Suo Figlio. Questo processo di preparazione non si \u00e8 svolto solo attraverso la storia di Israele, ma anche attraverso il pensiero e la cultura di altri popoli. Tra questi, i Greci, con la loro filosofia e la loro instancabile ricerca della verit\u00e0, hanno svolto un ruolo cruciale. In questo articolo, esploreremo come i concetti filosofici greci non solo hanno influenzato il Cristianesimo, ma hanno anche trovato il loro compimento nella rivelazione di Ges\u00f9 Cristo. Scopriremo come queste idee, un tempo semi di verit\u00e0 nel mondo pagano, siano fiorite sotto la luce del Vangelo e come possiamo applicarle nella nostra vita quotidiana per crescere nella nostra fede e comprensione di Dio.<\/p>\n\n\n\n<hr class=\"wp-block-separator has-alpha-channel-opacity\"\/>\n\n\n\n<p><strong>1. La Filosofia Greca: Una Preparazione al Vangelo<\/strong><\/p>\n\n\n\n<p>Gli antichi filosofi greci, come Socrate, Platone e Aristotele, cercavano di comprendere il mondo, l&#8217;uomo e il divino. Sebbene non conoscessero il vero Dio, le loro riflessioni erano permeate da un desiderio di verit\u00e0, bellezza e bont\u00e0. Sant&#8217;Agostino, uno dei grandi Padri della Chiesa, disse una volta: &#8220;Tutta la verit\u00e0, ovunque si trovi, appartiene al Signore&#8221;. Ci\u00f2 significa che ogni barlume di verit\u00e0 nel pensiero greco era, in ultima analisi, un riflesso della Verit\u00e0 divina.<\/p>\n\n\n\n<p>Platone, ad esempio, parlava di un mondo di idee perfette, un regno trascendente dove risiedeva la vera realt\u00e0. Questa idea, sebbene incompleta, puntava verso l&#8217;esistenza di un mondo spirituale al di l\u00e0 del materiale, qualcosa che il Cristianesimo avrebbe confermato con la rivelazione del cielo e della vita eterna. Aristotele, d&#8217;altra parte, svilupp\u00f2 il concetto di un &#8220;Motore Immobile&#8221;, una causa prima che muove tutto senza essere mossa. Questo concetto risuonerebbe profondamente con l&#8217;idea cristiana di Dio come Creatore e Sostenitore dell&#8217;universo.<\/p>\n\n\n\n<hr class=\"wp-block-separator has-alpha-channel-opacity\"\/>\n\n\n\n<p><strong>2. Il Logos: La Parola che si \u00e8 Fatta Carne<\/strong><\/p>\n\n\n\n<p>Uno dei concetti greci pi\u00f9 significativi che ha trovato il suo compimento nel Cristianesimo \u00e8 quello del&nbsp;<em>Logos<\/em>. Per i filosofi greci, il&nbsp;<em>Logos<\/em>&nbsp;era la ragione, l&#8217;ordine e il principio che governa l&#8217;universo. Era un&#8217;idea astratta, una forza impersonale che manteneva l&#8217;armonia cosmica. Tuttavia, nel Vangelo di Giovanni, questo concetto raggiunge la sua massima espressione: &#8220;In principio era il Verbo (<em>Logos<\/em>), e il Verbo era presso Dio, e il Verbo era Dio&#8221; (Giovanni 1:1). Qui, il&nbsp;<em>Logos<\/em>&nbsp;non \u00e8 una forza impersonale, ma una Persona divina: Ges\u00f9 Cristo, la Parola fatta carne.<\/p>\n\n\n\n<p>Questo passo non solo eleva il concetto greco del&nbsp;<em>Logos<\/em>, ma lo trasforma. Non \u00e8 pi\u00f9 una semplice idea filosofica, ma una Persona che cammina tra noi, ci parla, ci redime e ci mostra il volto del Padre. Il&nbsp;<em>Logos<\/em>&nbsp;greco, che cercava di spiegare l&#8217;ordine dell&#8217;universo, trova il suo significato pi\u00f9 profondo in Cristo, che \u00e8 l&#8217;ordine e l&#8217;armonia del cosmo, l&#8217;Alfa e l&#8217;Omega.<\/p>\n\n\n\n<hr class=\"wp-block-separator has-alpha-channel-opacity\"\/>\n\n\n\n<p><strong>3. La Virt\u00f9 e la Vita Morale: Dai Greci ai Santi<\/strong><\/p>\n\n\n\n<p>L&#8217;etica greca, in particolare nella filosofia di Aristotele, si concentrava sulla coltivazione delle virt\u00f9 come percorso verso la felicit\u00e0. Per i Greci, la virt\u00f9 non era solo un insieme di regole, ma una disposizione dell&#8217;anima che permetteva all&#8217;uomo di vivere in armonia con se stesso e con gli altri. Il Cristianesimo, tuttavia, ha elevato questo concetto a un livello superiore. Le virt\u00f9 non sono pi\u00f9 solo umane, ma anche teologali: fede, speranza e carit\u00e0.<\/p>\n\n\n\n<p>San Paolo, nella sua lettera ai Filippesi, ci esorta: &#8220;Tutto quello che \u00e8 vero, nobile, giusto, puro, amabile, onorato, quello che \u00e8 virt\u00f9 e merita lode, tutto questo sia oggetto dei vostri pensieri&#8221; (Filippesi 4:8). Qui, l&#8217;apostolo coglie l&#8217;ideale greco della virt\u00f9, ma lo eleva al regno della grazia. Le virt\u00f9 non sono solo uno sforzo umano, ma un dono di Dio che ci trasforma e ci fa partecipare alla Sua vita divina.<\/p>\n\n\n\n<hr class=\"wp-block-separator has-alpha-channel-opacity\"\/>\n\n\n\n<p><strong>4. Applicazioni Pratiche: Vivere la Saggezza Greca alla Luce di Cristo<\/strong><\/p>\n\n\n\n<p>Come possiamo applicare questi concetti nella nostra vita quotidiana? Innanzitutto, riconoscendo che ogni verit\u00e0, da qualunque parte provenga, \u00e8 un dono di Dio. Questo ci invita a valorizzare la cultura, l&#8217;arte e la filosofia come mezzi che possono avvicinarci a Dio. In secondo luogo, possiamo coltivare le virt\u00f9, non come un mero esercizio di auto-miglioramento, ma come risposta all&#8217;amore di Dio. La virt\u00f9, nel contesto cristiano, \u00e8 un atto d&#8217;amore verso Dio e verso il prossimo.<\/p>\n\n\n\n<p>Inoltre, il concetto del&nbsp;<em>Logos<\/em>&nbsp;ci ricorda che Cristo \u00e8 il centro di tutto. In un mondo pieno di rumore e distrazioni, possiamo trovare pace e significato mettendo Cristo al centro delle nostre vite. Egli \u00e8 la ragione ultima di tutto ci\u00f2 che esiste, e in Lui troviamo la pienezza della verit\u00e0, della bellezza e del bene.<\/p>\n\n\n\n<hr class=\"wp-block-separator has-alpha-channel-opacity\"\/>\n\n\n\n<p><strong>Conclusione: La Pienezza della Verit\u00e0 in Cristo<\/strong><\/p>\n\n\n\n<p>La filosofia greca, con la sua ricerca della verit\u00e0, era come una torcia che illuminava il cammino verso Cristo. Tuttavia, quella torcia non era sufficiente da sola. La luce del Vangelo era necessaria per rivelare la pienezza della verit\u00e0. Oggi, noi siamo eredi di questa ricchezza. Come gli antichi filosofi, siamo chiamati a cercare la verit\u00e0, ma con la certezza che questa verit\u00e0 ha un nome: Ges\u00f9 Cristo.<\/p>\n\n\n\n<p>Che questo incontro tra la saggezza greca e la rivelazione cristiana ci ispiri a approfondire la nostra fede, a coltivare le virt\u00f9 e a vivere con la convinzione che, in Cristo, tutte le cose trovano il loro significato. Come ci ricorda San Paolo: &#8220;In Lui viviamo, ci muoviamo e siamo&#8221; (Atti 17:28). Che questa verit\u00e0 illumini il nostro cammino e ci guidi verso la vita eterna.<\/p>\n\n\n\n<hr class=\"wp-block-separator has-alpha-channel-opacity\"\/>\n\n\n\n<p><strong>Preghiera Finale:<\/strong><br>Signore, che hai rivelato la pienezza della verit\u00e0 nel Tuo Figlio Ges\u00f9 Cristo, aiutaci a riconoscerti in tutto ci\u00f2 che \u00e8 buono, vero e bello. Donaci la grazia di vivere secondo i Tuoi insegnamenti, coltivando le virt\u00f9 e cercandoti in ogni momento. Amen.<\/p>\n","protected":false},"excerpt":{"rendered":"<p>Introduzione: Un Incontro tra Atene e Gerusalemme Nel cuore della fede cristiana risiede una verit\u00e0 profonda: Dio, nella Sua infinita saggezza, ha preparato il mondo per la venuta del Suo Figlio. Questo processo di preparazione non si \u00e8 svolto solo attraverso la storia di Israele, ma anche attraverso il pensiero e la cultura di altri &hellip;<\/p>\n","protected":false},"author":3,"featured_media":2072,"comment_status":"open","ping_status":"open","sticky":false,"template":"","format":"standard","meta":{"_seopress_robots_primary_cat":"","_seopress_titles_title":"","_seopress_titles_desc":"","_seopress_robots_index":"","footnotes":""},"categories":[41,63],"tags":[269,620],"class_list":["post-2071","post","type-post","status-publish","format-standard","has-post-thumbnail","","category-fede-e-cultura","category-filosofia-e-fede","tag-cristianesimo","tag-filosofia-greca"],"_links":{"self":[{"href":"https:\/\/catholicus.eu\/it\/wp-json\/wp\/v2\/posts\/2071","targetHints":{"allow":["GET"]}}],"collection":[{"href":"https:\/\/catholicus.eu\/it\/wp-json\/wp\/v2\/posts"}],"about":[{"href":"https:\/\/catholicus.eu\/it\/wp-json\/wp\/v2\/types\/post"}],"author":[{"embeddable":true,"href":"https:\/\/catholicus.eu\/it\/wp-json\/wp\/v2\/users\/3"}],"replies":[{"embeddable":true,"href":"https:\/\/catholicus.eu\/it\/wp-json\/wp\/v2\/comments?post=2071"}],"version-history":[{"count":1,"href":"https:\/\/catholicus.eu\/it\/wp-json\/wp\/v2\/posts\/2071\/revisions"}],"predecessor-version":[{"id":2073,"href":"https:\/\/catholicus.eu\/it\/wp-json\/wp\/v2\/posts\/2071\/revisions\/2073"}],"wp:featuredmedia":[{"embeddable":true,"href":"https:\/\/catholicus.eu\/it\/wp-json\/wp\/v2\/media\/2072"}],"wp:attachment":[{"href":"https:\/\/catholicus.eu\/it\/wp-json\/wp\/v2\/media?parent=2071"}],"wp:term":[{"taxonomy":"category","embeddable":true,"href":"https:\/\/catholicus.eu\/it\/wp-json\/wp\/v2\/categories?post=2071"},{"taxonomy":"post_tag","embeddable":true,"href":"https:\/\/catholicus.eu\/it\/wp-json\/wp\/v2\/tags?post=2071"}],"curies":[{"name":"wp","href":"https:\/\/api.w.org\/{rel}","templated":true}]}}