{"id":1911,"date":"2025-01-24T21:56:25","date_gmt":"2025-01-24T20:56:25","guid":{"rendered":"https:\/\/catholicus.eu\/it\/?p=1911"},"modified":"2025-01-24T21:56:25","modified_gmt":"2025-01-24T20:56:25","slug":"perche-la-messa-tradizionale-e-cosi-odiata","status":"publish","type":"post","link":"https:\/\/catholicus.eu\/it\/perche-la-messa-tradizionale-e-cosi-odiata\/","title":{"rendered":"Perch\u00e9 la Messa Tradizionale \u00e8 cos\u00ec odiata?"},"content":{"rendered":"\n<p>Nella Chiesa Cattolica, poche cose suscitano passioni tanto intense quanto la Messa Tradizionale in latino, conosciuta anche come <strong>forma straordinaria del Rito Romano<\/strong> o <strong>Messa Tridentina<\/strong>. Per molti fedeli, essa rappresenta una profonda fonte di connessione spirituale e una sublime espressione della fede, mentre per altri evoca rifiuto, divisione o addirittura disagio. Ma perch\u00e9 suscita sentimenti cos\u00ec contrastanti? Quali sono le cause della tensione intorno a questa liturgia ricca di storia e significato? In questo articolo esploreremo le radici di questo dibattito, il valore teologico della Messa Tradizionale e come essa possa aiutarci a rafforzare la nostra fede e la nostra vita spirituale.<\/p>\n\n\n\n<hr class=\"wp-block-separator has-alpha-channel-opacity\"\/>\n\n\n\n<h3 class=\"wp-block-heading\"><strong>La Messa Tradizionale: Un tesoro che unisce cielo e terra<\/strong><\/h3>\n\n\n\n<p>La Messa Tridentina, codificata durante il Concilio di Trento (da cui prende il nome), \u00e8 stata celebrata senza modifiche significative per oltre 400 anni, fino alle riforme liturgiche del Concilio Vaticano II. In questo contesto, la Messa Tradizionale non \u00e8 semplicemente una forma antica di culto, ma un <strong>patrimonio immutabile<\/strong> che riflette la continuit\u00e0 e la ricchezza della tradizione cattolica.<\/p>\n\n\n\n<p>Dal canto gregoriano, alle preghiere in latino, all&#8217;incenso e all&#8217;orientamento <strong>ad orientem<\/strong> (verso est), ogni elemento di questa liturgia \u00e8 impregnato di profonda teologia. Tutto \u00e8 orientato a Dio, mettendo in risalto il carattere sacrificale e soprannaturale dell&#8217;azione liturgica.<\/p>\n\n\n\n<p>Per molti cattolici, partecipare a una Messa Tradizionale significa entrare in uno spazio in cui il tempo sembra sospeso, le distrazioni del mondo moderno svaniscono e si pu\u00f2 vivere pienamente il mistero del sacrificio di Cristo.<\/p>\n\n\n\n<hr class=\"wp-block-separator has-alpha-channel-opacity\"\/>\n\n\n\n<h3 class=\"wp-block-heading\"><strong>Il conflitto attuale: Tradizione contro modernit\u00e0<\/strong><\/h3>\n\n\n\n<p>Il rifiuto della Messa Tradizionale non \u00e8 nuovo, ma ha assunto una particolare connotazione nel contesto odierno. Tra gli argomenti frequentemente avanzati contro di essa troviamo:<\/p>\n\n\n\n<ol class=\"wp-block-list\">\n<li><strong>Una percezione di esclusivit\u00e0:<\/strong> Per molti, l&#8217;uso del latino e la complessit\u00e0 dei gesti e delle preghiere possono sembrare lontani dal popolo, come se questa liturgia fosse riservata a una &#8220;\u00e9lite&#8221;.<\/li>\n\n\n\n<li><strong>Un contrasto con la Messa Novus Ordo:<\/strong> La forma ordinaria, celebrata nella lingua vernacolare e con un approccio pi\u00f9 partecipativo, \u00e8 percepita come pi\u00f9 accessibile e in sintonia con la comunit\u00e0.<\/li>\n\n\n\n<li><strong>Un conflitto ideologico:<\/strong> La Messa Tridentina \u00e8 stata adottata da alcuni gruppi che respingono apertamente alcune delle disposizioni del Concilio Vaticano II, il che ha portato a un&#8217;associazione errata tra questa liturgia e una postura &#8220;anti-moderna&#8221;.<\/li>\n<\/ol>\n\n\n\n<p>Ridurre questo rifiuto a questioni di lingua o ideologia sarebbe per\u00f2 superficiale. In fondo, questa resistenza riflette uno scontro tra due visioni del mondo: una Chiesa che cerca di adattarsi al mondo moderno e un&#8217;altra che cerca di preservare ci\u00f2 che \u00e8 eterno e immutabile.<\/p>\n\n\n\n<hr class=\"wp-block-separator has-alpha-channel-opacity\"\/>\n\n\n\n<h3 class=\"wp-block-heading\"><strong>Il valore teologico della Messa Tradizionale<\/strong><\/h3>\n\n\n\n<p>Per comprendere l&#8217;importanza della Messa Tridentina, \u00e8 essenziale riflettere sulla sua profonda teologia:<\/p>\n\n\n\n<ol class=\"wp-block-list\">\n<li><strong>Il carattere sacrificale:<\/strong> A differenza di molte celebrazioni moderne incentrate sulla comunit\u00e0, la Messa Tradizionale sottolinea il sacrificio di Cristo sul Calvario. Essa ci ricorda solennemente che l&#8217;Eucaristia non \u00e8 solo un banchetto, ma l&#8217;atto supremo di redenzione.<\/li>\n\n\n\n<li><strong>L&#8217;adorazione di Dio:<\/strong> L&#8217;orientamento <strong>ad orientem<\/strong> simboleggia l&#8217;unione del sacerdote e dei fedeli rivolti insieme verso Dio. Questo gesto ci ricorda che la Messa non \u00e8 un dialogo orizzontale tra i partecipanti, ma un atto di adorazione che trascende il mondo terreno.<\/li>\n\n\n\n<li><strong>Mistero e riverenza:<\/strong> L&#8217;uso del latino e le solenni cerimonie non mirano a escludere, ma a sottolineare la trascendenza di Dio. Ci\u00f2 che non \u00e8 facilmente comprensibile ci invita a una meditazione pi\u00f9 profonda.<\/li>\n<\/ol>\n\n\n\n<hr class=\"wp-block-separator has-alpha-channel-opacity\"\/>\n\n\n\n<h3 class=\"wp-block-heading\"><strong>La Messa Tradizionale \u00e8 un problema per l\u2019ecumenismo?<\/strong><\/h3>\n\n\n\n<p>Una delle critiche pi\u00f9 frequenti alla Messa Tridentina \u00e8 che potrebbe costituire un ostacolo al dialogo ecumenico. Alcuni affermano che il suo accento sulla riverenza e le pratiche &#8220;arcaiche&#8221; potrebbe allontanare coloro che cercano una Chiesa pi\u00f9 accessibile e moderna.<\/p>\n\n\n\n<p>Tuttavia, questa prospettiva ignora un punto essenziale: <strong>l&#8217;unit\u00e0 nella verit\u00e0.<\/strong> La ricchezza della tradizione cattolica non \u00e8 destinata a essere diluita per compiacere il mondo, ma a essere offerta come una testimonianza viva della fede. Lungi dall&#8217;essere un problema, la Messa Tradizionale pu\u00f2 essere un potente strumento per l&#8217;ecumenismo, poich\u00e9 mostra la profondit\u00e0, la coerenza e la bellezza della fede cattolica nella sua pienezza.<\/p>\n\n\n\n<hr class=\"wp-block-separator has-alpha-channel-opacity\"\/>\n\n\n\n<h3 class=\"wp-block-heading\"><strong>Perch\u00e9 tanto odio? La radice spirituale del conflitto<\/strong><\/h3>\n\n\n\n<p>La Messa Tridentina non \u00e8 semplicemente una forma di liturgia; \u00e8 un costante richiamo al soprannaturale, alla necessit\u00e0 del sacrificio e alla centralit\u00e0 di Dio nelle nostre vite. In una societ\u00e0 segnata dall&#8217;individualismo e dal relativismo, questo messaggio pu\u00f2 risultare scomodo.<\/p>\n\n\n\n<p>Anche all&#8217;interno della Chiesa, la tentazione di conformarsi allo spirito del mondo ha portato molti a vedere la Messa Tradizionale come qualcosa di &#8220;scomodo&#8221;, perch\u00e9 ci invita a guardare oltre noi stessi e ad abbracciare la croce.<\/p>\n\n\n\n<p>Come scrisse Papa Benedetto XVI: &#8220;La bellezza della liturgia non \u00e8 qualcosa di superficiale; \u00e8 un riflesso della bellezza di Dio stesso.&#8221; Per questo motivo, la Messa Tradizionale non dovrebbe essere temuta n\u00e9 respinta, ma riscoperta e valorizzata come un tesoro per tutta la Chiesa.<\/p>\n\n\n\n<hr class=\"wp-block-separator has-alpha-channel-opacity\"\/>\n\n\n\n<h3 class=\"wp-block-heading\"><strong>Come possiamo applicare questo patrimonio nella nostra vita quotidiana?<\/strong><\/h3>\n\n\n\n<ol class=\"wp-block-list\">\n<li><strong>Riscoprire il senso del sacrificio:<\/strong> La Messa Tridentina ci ricorda che la fede implica anche il donarsi, non solo il ricevere. Ci invita a vivere una vita pi\u00f9 dedicata a Dio e agli altri.<\/li>\n\n\n\n<li><strong>Apprezzare il silenzio:<\/strong> In un mondo pieno di rumori, la solennit\u00e0 di questa liturgia ci invita a riscoprire il valore del silenzio come spazio per incontrare Dio.<\/li>\n\n\n\n<li><strong>Valorizzare il sacro:<\/strong> Ritrovare il senso del sacro nella liturgia pu\u00f2 aiutarci a approfondire la nostra relazione con Dio e a cercarlo in ogni aspetto della nostra vita.<\/li>\n<\/ol>\n\n\n\n<hr class=\"wp-block-separator has-alpha-channel-opacity\"\/>\n\n\n\n<h3 class=\"wp-block-heading\"><strong>Conclusione: Un appello alla riconciliazione<\/strong><\/h3>\n\n\n\n<p>Il dibattito sulla Messa Tradizionale non dovrebbe dividerci, ma arricchirci. Invece di vederla come un problema, possiamo riscoprirla come un tesoro che rafforza la nostra fede e ci collega alla ricca storia della Chiesa.<\/p>\n\n\n\n<p>Se la Messa Tridentina viene rifiutata, forse non \u00e8 per ci\u00f2 che essa \u00e8, ma per una mancanza di comprensione della sua bellezza e profondit\u00e0. Come cattolici, siamo chiamati a valorizzare questo patrimonio, non solo come una forma di liturgia, ma come un ponte tra cielo e terra.<\/p>\n\n\n\n<p>Sei pronto a fare un passo verso la bellezza, il mistero e la riverenza di questa celebrazione? Facendolo, potresti riscoprire non solo la ricchezza della tradizione, ma anche una fede rinnovata e un incontro pi\u00f9 profondo con Dio.<\/p>\n","protected":false},"excerpt":{"rendered":"<p>Nella Chiesa Cattolica, poche cose suscitano passioni tanto intense quanto la Messa Tradizionale in latino, conosciuta anche come forma straordinaria del Rito Romano o Messa Tridentina. Per molti fedeli, essa rappresenta una profonda fonte di connessione spirituale e una sublime espressione della fede, mentre per altri evoca rifiuto, divisione o addirittura disagio. Ma perch\u00e9 suscita &hellip;<\/p>\n","protected":false},"author":3,"featured_media":1912,"comment_status":"open","ping_status":"open","sticky":false,"template":"","format":"standard","meta":{"_seopress_robots_primary_cat":"","_seopress_titles_title":"","_seopress_titles_desc":"","_seopress_robots_index":"","footnotes":""},"categories":[52,38],"tags":[498,499],"class_list":["post-1911","post","type-post","status-publish","format-standard","has-post-thumbnail","","category-liturgia-e-anno-liturgico","category-storia-e-tradizione","tag-messa-tradizionale","tag-tridentina"],"_links":{"self":[{"href":"https:\/\/catholicus.eu\/it\/wp-json\/wp\/v2\/posts\/1911","targetHints":{"allow":["GET"]}}],"collection":[{"href":"https:\/\/catholicus.eu\/it\/wp-json\/wp\/v2\/posts"}],"about":[{"href":"https:\/\/catholicus.eu\/it\/wp-json\/wp\/v2\/types\/post"}],"author":[{"embeddable":true,"href":"https:\/\/catholicus.eu\/it\/wp-json\/wp\/v2\/users\/3"}],"replies":[{"embeddable":true,"href":"https:\/\/catholicus.eu\/it\/wp-json\/wp\/v2\/comments?post=1911"}],"version-history":[{"count":1,"href":"https:\/\/catholicus.eu\/it\/wp-json\/wp\/v2\/posts\/1911\/revisions"}],"predecessor-version":[{"id":1913,"href":"https:\/\/catholicus.eu\/it\/wp-json\/wp\/v2\/posts\/1911\/revisions\/1913"}],"wp:featuredmedia":[{"embeddable":true,"href":"https:\/\/catholicus.eu\/it\/wp-json\/wp\/v2\/media\/1912"}],"wp:attachment":[{"href":"https:\/\/catholicus.eu\/it\/wp-json\/wp\/v2\/media?parent=1911"}],"wp:term":[{"taxonomy":"category","embeddable":true,"href":"https:\/\/catholicus.eu\/it\/wp-json\/wp\/v2\/categories?post=1911"},{"taxonomy":"post_tag","embeddable":true,"href":"https:\/\/catholicus.eu\/it\/wp-json\/wp\/v2\/tags?post=1911"}],"curies":[{"name":"wp","href":"https:\/\/api.w.org\/{rel}","templated":true}]}}