{"id":1865,"date":"2025-01-20T23:14:19","date_gmt":"2025-01-20T22:14:19","guid":{"rendered":"https:\/\/catholicus.eu\/it\/?p=1865"},"modified":"2025-01-20T23:14:20","modified_gmt":"2025-01-20T22:14:20","slug":"il-concilio-di-firenze-un-ponte-di-unita-nella-storia-della-fede-cristiana","status":"publish","type":"post","link":"https:\/\/catholicus.eu\/it\/il-concilio-di-firenze-un-ponte-di-unita-nella-storia-della-fede-cristiana\/","title":{"rendered":"Il Concilio di Firenze: Un Ponte di Unit\u00e0 nella Storia della Fede Cristiana"},"content":{"rendered":"\n<p>Il Concilio di Firenze, svoltosi tra il 1431 e il 1449, \u00e8 uno degli eventi pi\u00f9 significativi nella storia della Chiesa cattolica. Pi\u00f9 che un semplice evento storico, questo concilio rappresenta una lezione viva sulla ricerca dell&#8217;unit\u00e0, sulla profondit\u00e0 della fede e sull&#8217;impegno per la verit\u00e0 rivelata. Attraverso le sue decisioni e dichiarazioni, ha lasciato un&#8217;eredit\u00e0 teologica e spirituale che rimane rilevante per la nostra vita di fede ancora oggi. Accompagnaci in questa esplorazione dei suoi dettagli profondi, della sua rilevanza e di come il suo messaggio possa essere applicato nel nostro mondo contemporaneo.<\/p>\n\n\n\n<hr class=\"wp-block-separator has-alpha-channel-opacity\"\/>\n\n\n\n<h3 class=\"wp-block-heading\"><strong>1. Cos\u2019era il Concilio di Firenze?<\/strong><\/h3>\n\n\n\n<p>Il Concilio di Firenze fu inizialmente convocato a Basilea nel 1431 sotto il pontificato di papa Martino V, per poi essere trasferito a Firenze sotto la guida di papa Eugenio IV. Il suo principale obiettivo era affrontare problemi di riforma interna, superare le divisioni all\u2019interno della Chiesa e, soprattutto, cercare la riunificazione con la Chiesa ortodossa, separatasi nel Grande Scisma del 1054.<\/p>\n\n\n\n<p>Questo concilio si distinse per il suo carattere ecumenico, riunendo non solo vescovi e teologi cattolici, ma anche rappresentanti della Chiesa ortodossa e di altre comunit\u00e0 cristiane. Il momento culminante fu la proclamazione dell\u2019unione tra la Chiesa cattolica e quella ortodossa nel 1439, un risultato breve ma profondamente significativo.<\/p>\n\n\n\n<hr class=\"wp-block-separator has-alpha-channel-opacity\"\/>\n\n\n\n<h3 class=\"wp-block-heading\"><strong>2. Gli Aspetti Teologici e Spirituali del Concilio<\/strong><\/h3>\n\n\n\n<h4 class=\"wp-block-heading\"><strong>A. L\u2019Unit\u00e0 nella Fede<\/strong><\/h4>\n\n\n\n<p>Il Concilio di Firenze affront\u00f2 temi centrali della fede cristiana, come la natura della Trinit\u00e0, l\u2019Eucaristia, il Purgatorio e la primazia del papa. Nei suoi documenti, riafferm\u00f2 la fede in un unico Dio in tre persone: Padre, Figlio e Spirito Santo, sottolineando l\u2019unit\u00e0 e la diversit\u00e0 perfetta all\u2019interno della Trinit\u00e0. Questo modello divino di unit\u00e0 nella diversit\u00e0 \u00e8 un potente richiamo per le nostre relazioni umane e per la vita comunitaria.<\/p>\n\n\n\n<h4 class=\"wp-block-heading\"><strong>B. La Salvezza Universale<\/strong><\/h4>\n\n\n\n<p>Uno degli aspetti pi\u00f9 profondi del concilio fu il suo insegnamento sulla salvezza universale attraverso Cristo. Nel decreto <em>Laetentur Caeli<\/em> (\u201cSi rallegrino i cieli\u201d), dichiar\u00f2 che la Chiesa \u00e8 lo strumento di salvezza per tutta l\u2019umanit\u00e0. Questo messaggio ci invita a riflettere su come viviamo la nostra missione di essere luce del mondo e testimoni dell\u2019amore di Dio nelle nostre comunit\u00e0.<\/p>\n\n\n\n<h4 class=\"wp-block-heading\"><strong>C. Dialogo e Riconciliazione<\/strong><\/h4>\n\n\n\n<p>Il Concilio di Firenze si caratterizz\u00f2 per uno sforzo sincero di dialogo tra Oriente e Occidente. Sebbene l\u2019unione formale non sia durata a causa di resistenze culturali e politiche, il concilio mostr\u00f2 che il cammino verso l\u2019unit\u00e0 richiede umilt\u00e0, pazienza e ascolto reciproco. Oggi, questo spirito di riconciliazione rimane una guida per superare le divisioni, non solo nella Chiesa, ma anche nelle nostre famiglie e societ\u00e0.<\/p>\n\n\n\n<hr class=\"wp-block-separator has-alpha-channel-opacity\"\/>\n\n\n\n<h3 class=\"wp-block-heading\"><strong>3. Lezioni Spirituali per Oggi<\/strong><\/h3>\n\n\n\n<p>Il messaggio del Concilio di Firenze non \u00e8 solo storico; \u00e8 profondamente attuale e pratico. Ecco come i suoi insegnamenti possono trasformare la nostra vita spirituale e quotidiana:<\/p>\n\n\n\n<h4 class=\"wp-block-heading\"><strong>A. Cercare l\u2019Unit\u00e0 nella Diversit\u00e0<\/strong><\/h4>\n\n\n\n<p>In un mondo frammentato da differenze culturali, politiche e religiose, l\u2019esempio del Concilio di Firenze ci ricorda che l\u2019unit\u00e0 non significa uniformit\u00e0. Possiamo vivere in armonia rispettando le differenze e trovando punti in comune. Nelle nostre famiglie e comunit\u00e0, ci\u00f2 significa lavorare insieme per obiettivi condivisi, anche se le prospettive sono diverse.<\/p>\n\n\n\n<h4 class=\"wp-block-heading\"><strong>B. L\u2019Importanza del Dialogo<\/strong><\/h4>\n\n\n\n<p>Il concilio ci insegna che il dialogo \u00e8 essenziale per risolvere i conflitti. Nella nostra vita possiamo applicare questa lezione coltivando un atteggiamento di ascolto attivo ed empatia, specialmente nei momenti di tensione. Ricordiamoci che la comprensione reciproca non deriva dall\u2019imposizione delle nostre idee, ma da uno scambio onesto e rispettoso.<\/p>\n\n\n\n<h4 class=\"wp-block-heading\"><strong>C. La Chiamata alla Santit\u00e0<\/strong><\/h4>\n\n\n\n<p>Le decisioni teologiche del Concilio di Firenze sottolineano l\u2019importanza di vivere pienamente la nostra fede. Questo ci invita a approfondire il nostro rapporto con Dio attraverso la preghiera, i sacramenti e il servizio agli altri. Come possiamo essere pi\u00f9 consapevoli della nostra vocazione alla santit\u00e0 nella nostra vita quotidiana?<\/p>\n\n\n\n<hr class=\"wp-block-separator has-alpha-channel-opacity\"\/>\n\n\n\n<h3 class=\"wp-block-heading\"><strong>4. La Rilevanza del Concilio di Firenze nella Chiesa di Oggi<\/strong><\/h3>\n\n\n\n<p>Il Concilio di Firenze rimane un punto di riferimento fondamentale nel cammino ecumenico della Chiesa. I suoi sforzi per l\u2019unit\u00e0 con la Chiesa ortodossa ispirano le iniziative contemporanee di riconciliazione tra diverse tradizioni cristiane. Inoltre, il suo accento sulla centralit\u00e0 dell\u2019Eucaristia e dei sacramenti ci incoraggia a riscoprire queste fonti di grazia nella nostra vita.<\/p>\n\n\n\n<p>Nel contesto attuale, in cui la fede \u00e8 messa alla prova da sfide come il secolarismo e l\u2019indifferenza religiosa, il Concilio di Firenze ci ricorda la ricchezza della nostra tradizione e l\u2019importanza di essere autentici testimoni del Vangelo.<\/p>\n\n\n\n<hr class=\"wp-block-separator has-alpha-channel-opacity\"\/>\n\n\n\n<h3 class=\"wp-block-heading\"><strong>5. Come Applicare Questi Insegnamenti nella Tua Vita<\/strong><\/h3>\n\n\n\n<h4 class=\"wp-block-heading\"><strong>A. Vivere l\u2019Eucaristia<\/strong><\/h4>\n\n\n\n<p>Il concilio ha riaffermato la presenza reale di Cristo nell\u2019Eucaristia. Partecipare attivamente alla Messa e ricevere la Comunione con fede e devozione pu\u00f2 trasformare la nostra vita, riempiendoci dell\u2019amore e della grazia di Dio.<\/p>\n\n\n\n<h4 class=\"wp-block-heading\"><strong>B. Promuovere la Riconciliazione<\/strong><\/h4>\n\n\n\n<p>Seguendo l\u2019esempio del concilio, sii un costruttore di pace nel tuo ambiente. Perdona, cerca la riconciliazione e costruisci ponti dove ci sono divisioni.<\/p>\n\n\n\n<h4 class=\"wp-block-heading\"><strong>C. Coltivare la Fede<\/strong><\/h4>\n\n\n\n<p>Studia la fede cattolica, esplora la sua ricchezza teologica e condividi le tue conoscenze con gli altri. In questo modo rafforzerai il tuo rapporto con Dio e contribuirai alla crescita spirituale della tua comunit\u00e0.<\/p>\n\n\n\n<hr class=\"wp-block-separator has-alpha-channel-opacity\"\/>\n\n\n\n<h3 class=\"wp-block-heading\"><strong>Conclusione: Un Concilio che Trascende il Tempo<\/strong><\/h3>\n\n\n\n<p>Il Concilio di Firenze, pur essendo avvenuto secoli fa, continua a risuonare nella nostra vita di fede. La sua ricerca di unit\u00e0, la sua ricchezza teologica e il suo richiamo alla riconciliazione ci ispirano a vivere la nostra fede con maggiore profondit\u00e0 e impegno. In un mondo in cerca di pace e unit\u00e0, il messaggio del concilio \u00e8 un faro che illumina il cammino verso una maggiore comunione con Dio e con gli altri.<\/p>\n\n\n\n<p>Che l\u2019esempio del Concilio di Firenze ci motivi a essere costruttori di unit\u00e0, testimoni del Vangelo e ferventi servitori del Regno di Dio nella nostra vita quotidiana. Che questa eredit\u00e0 continui a ispirare generazioni di cristiani impegnati nella verit\u00e0 e nell\u2019amore!<\/p>\n","protected":false},"excerpt":{"rendered":"<p>Il Concilio di Firenze, svoltosi tra il 1431 e il 1449, \u00e8 uno degli eventi pi\u00f9 significativi nella storia della Chiesa cattolica. Pi\u00f9 che un semplice evento storico, questo concilio rappresenta una lezione viva sulla ricerca dell&#8217;unit\u00e0, sulla profondit\u00e0 della fede e sull&#8217;impegno per la verit\u00e0 rivelata. Attraverso le sue decisioni e dichiarazioni, ha lasciato &hellip;<\/p>\n","protected":false},"author":3,"featured_media":1866,"comment_status":"open","ping_status":"open","sticky":false,"template":"","format":"standard","meta":{"_seopress_robots_primary_cat":"","_seopress_titles_title":"","_seopress_titles_desc":"","_seopress_robots_index":"","footnotes":""},"categories":[50,38],"tags":[480],"class_list":["post-1865","post","type-post","status-publish","format-standard","has-post-thumbnail","","category-concili-ecumenici","category-storia-e-tradizione","tag-concilio-di-firenze"],"_links":{"self":[{"href":"https:\/\/catholicus.eu\/it\/wp-json\/wp\/v2\/posts\/1865","targetHints":{"allow":["GET"]}}],"collection":[{"href":"https:\/\/catholicus.eu\/it\/wp-json\/wp\/v2\/posts"}],"about":[{"href":"https:\/\/catholicus.eu\/it\/wp-json\/wp\/v2\/types\/post"}],"author":[{"embeddable":true,"href":"https:\/\/catholicus.eu\/it\/wp-json\/wp\/v2\/users\/3"}],"replies":[{"embeddable":true,"href":"https:\/\/catholicus.eu\/it\/wp-json\/wp\/v2\/comments?post=1865"}],"version-history":[{"count":1,"href":"https:\/\/catholicus.eu\/it\/wp-json\/wp\/v2\/posts\/1865\/revisions"}],"predecessor-version":[{"id":1867,"href":"https:\/\/catholicus.eu\/it\/wp-json\/wp\/v2\/posts\/1865\/revisions\/1867"}],"wp:featuredmedia":[{"embeddable":true,"href":"https:\/\/catholicus.eu\/it\/wp-json\/wp\/v2\/media\/1866"}],"wp:attachment":[{"href":"https:\/\/catholicus.eu\/it\/wp-json\/wp\/v2\/media?parent=1865"}],"wp:term":[{"taxonomy":"category","embeddable":true,"href":"https:\/\/catholicus.eu\/it\/wp-json\/wp\/v2\/categories?post=1865"},{"taxonomy":"post_tag","embeddable":true,"href":"https:\/\/catholicus.eu\/it\/wp-json\/wp\/v2\/tags?post=1865"}],"curies":[{"name":"wp","href":"https:\/\/api.w.org\/{rel}","templated":true}]}}