{"id":1847,"date":"2025-01-19T14:30:13","date_gmt":"2025-01-19T13:30:13","guid":{"rendered":"https:\/\/catholicus.eu\/it\/?p=1847"},"modified":"2025-01-19T14:30:13","modified_gmt":"2025-01-19T13:30:13","slug":"controversie-interne-nella-chiesa-sul-concilio-vaticano-ii-comprendere-il-dibattito-da-una-prospettiva-cattolica","status":"publish","type":"post","link":"https:\/\/catholicus.eu\/it\/controversie-interne-nella-chiesa-sul-concilio-vaticano-ii-comprendere-il-dibattito-da-una-prospettiva-cattolica\/","title":{"rendered":"Controversie interne nella Chiesa sul Concilio Vaticano II: Comprendere il dibattito da una prospettiva cattolica"},"content":{"rendered":"\n<p>Il Concilio Vaticano II (1962-1965) ha rappresentato uno degli eventi pi\u00f9 significativi nella storia della Chiesa cattolica. Convocato da Papa San Giovanni XXIII, il concilio mirava a rinnovare la Chiesa per rispondere meglio alle sfide del mondo moderno. Tuttavia, dalla sua conclusione, il Concilio Vaticano II \u00e8 stato oggetto di intensi dibattiti all&#8217;interno della comunit\u00e0 cattolica. Per alcuni, \u00e8 stato fonte di vitalit\u00e0 e rinnovamento; per altri, un momento di rottura e confusione. Questo articolo esplorer\u00e0 le radici storiche di queste controversie, la loro rilevanza teologica e come i cattolici di oggi possano affrontare questa questione con saggezza, fedelt\u00e0 e carit\u00e0.<\/p>\n\n\n\n<hr class=\"wp-block-separator has-alpha-channel-opacity\"\/>\n\n\n\n<h3 class=\"wp-block-heading\">Una breve storia del Concilio Vaticano II<\/h3>\n\n\n\n<p>Il Concilio Vaticano II \u00e8 stato il ventunesimo concilio ecumenico della Chiesa cattolica. Papa San Giovanni XXIII, nel convocarlo, espresse il desiderio di un <em>aggiornamento<\/em>, ovvero un rinnovamento della Chiesa. Questo non significava abbandonare la Tradizione, ma renderla pi\u00f9 comprensibile e accessibile all&#8217;uomo moderno. In quattro sessioni, con la partecipazione di oltre 2.500 vescovi provenienti da tutto il mondo, il concilio produsse 16 documenti, tra cui costituzioni, decreti e dichiarazioni.<\/p>\n\n\n\n<p>Tra i testi pi\u00f9 importanti figurano:<\/p>\n\n\n\n<ol class=\"wp-block-list\">\n<li><strong>Sacrosanctum Concilium<\/strong>: sulla riforma liturgica.<\/li>\n\n\n\n<li><strong>Lumen Gentium<\/strong>: sulla natura della Chiesa.<\/li>\n\n\n\n<li><strong>Dei Verbum<\/strong>: sulla rivelazione divina.<\/li>\n\n\n\n<li><strong>Gaudium et Spes<\/strong>: sul rapporto tra la Chiesa e il mondo contemporaneo.<\/li>\n<\/ol>\n\n\n\n<p>Questi lavori riflettono il desiderio di dialogo con la modernit\u00e0, ma sono stati anche oggetto di diverse interpretazioni.<\/p>\n\n\n\n<hr class=\"wp-block-separator has-alpha-channel-opacity\"\/>\n\n\n\n<h3 class=\"wp-block-heading\">Le radici delle controversie<\/h3>\n\n\n\n<p>Le dispute sul Concilio Vaticano II non derivano tanto dai testi conciliari stessi, quanto dalla loro interpretazione e applicazione successiva. Di seguito, i principali ambiti di controversia:<\/p>\n\n\n\n<h4 class=\"wp-block-heading\">1. <strong>La liturgia<\/strong><\/h4>\n\n\n\n<p>La riforma liturgica \u00e8 stata uno degli aspetti pi\u00f9 visibili del Concilio Vaticano II. L&#8217;introduzione delle lingue vernacolari nella Messa e i cambiamenti apportati al Rito Tridentino hanno generato tensioni. Alcuni cattolici ritengono che queste riforme abbiano arricchito la partecipazione dei fedeli, mentre altri le percepiscono come una perdita di sacralit\u00e0 e di continuit\u00e0 liturgica.<\/p>\n\n\n\n<h4 class=\"wp-block-heading\">2. <strong>L&#8217;ecumenismo<\/strong><\/h4>\n\n\n\n<p>Il Concilio ha promosso un dialogo pi\u00f9 aperto con altre confessioni cristiane e religioni, suscitando speranze in alcuni e perplessit\u00e0 in altri. Mentre alcuni vedono questo approccio come un&#8217;espressione della carit\u00e0 evangelica, altri temono che possa compromettere la dottrina cattolica.<\/p>\n\n\n\n<h4 class=\"wp-block-heading\">3. <strong>L&#8217;autorit\u00e0 nella Chiesa<\/strong><\/h4>\n\n\n\n<p>La costituzione <em>Lumen Gentium<\/em> ha sottolineato il ruolo del &#8220;popolo di Dio&#8221; e la collegialit\u00e0 episcopale, bilanciando l&#8217;autorit\u00e0 papale. Tuttavia, alcuni interpretano ci\u00f2 come un indebolimento del ruolo del Papa, dando luogo a dibattiti sulla struttura gerarchica della Chiesa.<\/p>\n\n\n\n<h4 class=\"wp-block-heading\">4. <strong>Lo spirito del Concilio<\/strong><\/h4>\n\n\n\n<p>Una delle principali fonti di confusione \u00e8 stato il cosiddetto &#8220;spirito del Concilio&#8221;, un&#8217;espressione utilizzata per giustificare cambiamenti che spesso vanno oltre ci\u00f2 che i testi conciliari propongono realmente. Questo fenomeno ha creato tensioni tra chi cerca un&#8217;interpretazione rigorosa dei testi e chi promuove un&#8217;applicazione pi\u00f9 &#8220;progressista&#8221;.<\/p>\n\n\n\n<hr class=\"wp-block-separator has-alpha-channel-opacity\"\/>\n\n\n\n<h3 class=\"wp-block-heading\">Rilevanza teologica del dibattito<\/h3>\n\n\n\n<p>Il Concilio Vaticano II non \u00e8 stato una rottura con la Tradizione, ma un approfondimento della stessa. La Chiesa, guidata dallo Spirito Santo, \u00e8 un organismo vivente che risponde alle sfide di ogni epoca senza rinunciare alla propria essenza. \u00c8 importante comprendere che il vero rinnovamento implica fedelt\u00e0 a Cristo e al deposito della fede, e non un&#8217;accomodazione alle mode del mondo.<\/p>\n\n\n\n<p>Il magistero papale successivo, da Paolo VI a Francesco, ha sottolineato che il Concilio Vaticano II deve essere interpretato in continuit\u00e0 con la Tradizione. Benedetto XVI ha parlato di una &#8220;ermeneutica della riforma nella continuit\u00e0&#8221;, un&#8217;espressione che invita a vedere il Concilio come un ponte, non come una rottura.<\/p>\n\n\n\n<hr class=\"wp-block-separator has-alpha-channel-opacity\"\/>\n\n\n\n<h3 class=\"wp-block-heading\">Applicazioni pratiche per i cattolici<\/h3>\n\n\n\n<ol class=\"wp-block-list\">\n<li><strong>Una solida formazione<\/strong><br>\u00c8 essenziale leggere attentamente i documenti del Concilio Vaticano II e consultare fonti affidabili per la loro interpretazione. Comprendere la storia e il contenuto del Concilio ci aiuta a distinguere tra i suoi insegnamenti autentici e le distorsioni.<\/li>\n\n\n\n<li><strong>La carit\u00e0 nel dibattito<\/strong><br>Le controversie interne non devono dividerci. Come cattolici, siamo chiamati a vivere nell&#8217;unit\u00e0. Sant&#8217;Agostino lo disse bene: &#8220;Nell&#8217;essenziale, unit\u00e0; nel dubbio, libert\u00e0; in tutto, carit\u00e0.&#8221;<\/li>\n\n\n\n<li><strong>Riscoprire la liturgia<\/strong><br>La Messa, in tutte le sue forme, \u00e8 il cuore della nostra fede. Partecipare con riverenza e approfondire la nostra comprensione del suo significato ci aiuta a vivere pienamente la nostra vocazione cristiana.<\/li>\n\n\n\n<li><strong>Essere testimoni nel mondo<\/strong><br>Il Concilio ci invita a essere luce e sale del mondo. Questo significa vivere la nostra fede in modo coerente, senza cadere negli estremi n\u00e9 scendere a compromessi con valori contrari al Vangelo.<\/li>\n<\/ol>\n\n\n\n<hr class=\"wp-block-separator has-alpha-channel-opacity\"\/>\n\n\n\n<h3 class=\"wp-block-heading\">Riflessione finale<\/h3>\n\n\n\n<p>Le controversie sul Concilio Vaticano II riflettono una sfida pi\u00f9 ampia: come rimanere fedeli al Vangelo in un mondo in costante cambiamento. Questo dibattito non deve scoraggiarci, ma piuttosto incoraggiarci ad approfondire la nostra fede. La Chiesa, fondata da Cristo, \u00e8 guidata dallo Spirito Santo anche in mezzo alle difficolt\u00e0. In definitiva, il nostro obiettivo non \u00e8 vincere dibattiti, ma raggiungere la santit\u00e0 e aiutare gli altri a fare lo stesso.<\/p>\n\n\n\n<p>Che questa riflessione ci ispiri a cercare sempre la verit\u00e0, ad amare la Chiesa e a vivere come veri discepoli di Cristo, offrendo le nostre differenze come un&#8217;opportunit\u00e0 per crescere nell&#8217;unit\u00e0 e nella carit\u00e0.<\/p>\n","protected":false},"excerpt":{"rendered":"<p>Il Concilio Vaticano II (1962-1965) ha rappresentato uno degli eventi pi\u00f9 significativi nella storia della Chiesa cattolica. Convocato da Papa San Giovanni XXIII, il concilio mirava a rinnovare la Chiesa per rispondere meglio alle sfide del mondo moderno. Tuttavia, dalla sua conclusione, il Concilio Vaticano II \u00e8 stato oggetto di intensi dibattiti all&#8217;interno della comunit\u00e0 &hellip;<\/p>\n","protected":false},"author":3,"featured_media":1848,"comment_status":"open","ping_status":"open","sticky":false,"template":"","format":"standard","meta":{"_seopress_robots_primary_cat":"","_seopress_titles_title":"","_seopress_titles_desc":"","_seopress_robots_index":"","footnotes":""},"categories":[50,38],"tags":[474],"class_list":["post-1847","post","type-post","status-publish","format-standard","has-post-thumbnail","","category-concili-ecumenici","category-storia-e-tradizione","tag-concilio-vaticano-ii"],"_links":{"self":[{"href":"https:\/\/catholicus.eu\/it\/wp-json\/wp\/v2\/posts\/1847","targetHints":{"allow":["GET"]}}],"collection":[{"href":"https:\/\/catholicus.eu\/it\/wp-json\/wp\/v2\/posts"}],"about":[{"href":"https:\/\/catholicus.eu\/it\/wp-json\/wp\/v2\/types\/post"}],"author":[{"embeddable":true,"href":"https:\/\/catholicus.eu\/it\/wp-json\/wp\/v2\/users\/3"}],"replies":[{"embeddable":true,"href":"https:\/\/catholicus.eu\/it\/wp-json\/wp\/v2\/comments?post=1847"}],"version-history":[{"count":1,"href":"https:\/\/catholicus.eu\/it\/wp-json\/wp\/v2\/posts\/1847\/revisions"}],"predecessor-version":[{"id":1849,"href":"https:\/\/catholicus.eu\/it\/wp-json\/wp\/v2\/posts\/1847\/revisions\/1849"}],"wp:featuredmedia":[{"embeddable":true,"href":"https:\/\/catholicus.eu\/it\/wp-json\/wp\/v2\/media\/1848"}],"wp:attachment":[{"href":"https:\/\/catholicus.eu\/it\/wp-json\/wp\/v2\/media?parent=1847"}],"wp:term":[{"taxonomy":"category","embeddable":true,"href":"https:\/\/catholicus.eu\/it\/wp-json\/wp\/v2\/categories?post=1847"},{"taxonomy":"post_tag","embeddable":true,"href":"https:\/\/catholicus.eu\/it\/wp-json\/wp\/v2\/tags?post=1847"}],"curies":[{"name":"wp","href":"https:\/\/api.w.org\/{rel}","templated":true}]}}