{"id":1835,"date":"2025-01-18T23:37:16","date_gmt":"2025-01-18T22:37:16","guid":{"rendered":"https:\/\/catholicus.eu\/it\/?p=1835"},"modified":"2025-01-18T23:37:16","modified_gmt":"2025-01-18T22:37:16","slug":"concili-dogmatici-e-pastorali-la-voce-di-dio-nella-storia-della-chiesa","status":"publish","type":"post","link":"https:\/\/catholicus.eu\/it\/concili-dogmatici-e-pastorali-la-voce-di-dio-nella-storia-della-chiesa\/","title":{"rendered":"Concili Dogmatici e Pastorali: La Voce di Dio nella Storia della Chiesa"},"content":{"rendered":"\n<h3 class=\"wp-block-heading\">Introduzione: Cosa sono i concili e perch\u00e9 sono importanti?<\/h3>\n\n\n\n<p>Nel corso della storia, i concili hanno rappresentato momenti di intervento divino nella vita della Chiesa. Queste assemblee di vescovi e teologi, convocate dal Papa o sotto la sua autorit\u00e0, non sono semplici incontri umani, ma atti dello Spirito Santo che illuminano e guidano la Chiesa nella sua missione di salvezza. Secondo la tradizione cattolica, i concili si dividono in due grandi categorie: dogmatici e pastorali.<\/p>\n\n\n\n<p>I primi mirano a definire questioni di fede e morale, proteggendo il deposito della fede da errori o eresie. I secondi si concentrano sull\u2019applicazione pratica di quella fede nella vita quotidiana dei fedeli, adattandola alle sfide di ogni epoca. Entrambe le categorie sono complementari ed essenziali per comprendere la natura dinamica ma immutabile della Chiesa fondata da Cristo.<\/p>\n\n\n\n<h3 class=\"wp-block-heading\">Concili dogmatici: Il fondamento della verit\u00e0<\/h3>\n\n\n\n<p>Un concilio dogmatico rappresenta la risposta solenne della Chiesa alle domande fondamentali: Chi \u00e8 Dio? Cos\u2019\u00e8 la Chiesa? E come dobbiamo vivere come cristiani? Esempi significativi includono il Concilio di Nicea (325), che afferm\u00f2 la divinit\u00e0 di Cristo contro l\u2019arianesimo, e il Concilio di Trento (1545-1563), che difese la dottrina cattolica in risposta alla Riforma protestante.<\/p>\n\n\n\n<p>Dal punto di vista tomista, lo scopo dei concili dogmatici \u00e8 preservare e chiarire la verit\u00e0 eterna che proviene da Dio. San Tommaso d\u2019Aquino insegnava che la fede non contraddice la ragione, ma la perfeziona. Pertanto, i dogmi proclamati dai concili non sono imposizioni arbitrarie, ma verit\u00e0 che ci avvicinano a Dio e ci aiutano a vivere secondo la sua volont\u00e0.<\/p>\n\n\n\n<h4 class=\"wp-block-heading\">Applicazioni pratiche nella vita quotidiana<\/h4>\n\n\n\n<ol class=\"wp-block-list\">\n<li><strong>Conoscere la nostra fede<\/strong>: Studiare i dogmi definiti dai concili rafforza il nostro rapporto con Dio. Una comprensione pi\u00f9 profonda di Cristo e della Trinit\u00e0 arricchisce la nostra vita di preghiera.<\/li>\n\n\n\n<li><strong>Difendere la verit\u00e0<\/strong>: In un\u2019epoca dominata dal relativismo, i dogmi agiscono come una bussola, aiutandoci a orientarci in un mondo confuso.<\/li>\n\n\n\n<li><strong>Costruire comunit\u00e0 solide<\/strong>: La chiarezza dottrinale previene le divisioni e ci unisce nella fede.<\/li>\n<\/ol>\n\n\n\n<h3 class=\"wp-block-heading\">Concili pastorali: La fede in azione<\/h3>\n\n\n\n<p>A differenza dei concili dogmatici, i concili pastorali di solito non definiscono nuove dottrine, ma cercano di affrontare le sfide culturali, sociali e spirituali del loro tempo. Un esempio significativo \u00e8 il Concilio Vaticano II (1962-1965), che ha promosso il rinnovamento della vita liturgica, l\u2019ecumenismo e l\u2019impegno sociale dei cattolici.<\/p>\n\n\n\n<p>San Tommaso d\u2019Aquino non visse in un\u2019epoca di concili pastorali, ma i suoi insegnamenti forniscono un quadro per comprenderne l\u2019importanza. Per l\u2019Aquinate, la virt\u00f9 della prudenza \u00e8 fondamentale nella vita cristiana: applicare principi eterni a situazioni concrete. I concili pastorali, in questo senso, sono un esercizio collettivo di prudenza guidato dallo Spirito Santo.<\/p>\n\n\n\n<h4 class=\"wp-block-heading\">Applicazioni pratiche nella vita quotidiana<\/h4>\n\n\n\n<ol class=\"wp-block-list\">\n<li><strong>Evangelizzare nel mondo moderno<\/strong>: Ispirarsi ai documenti pastorali per portare il Vangelo nelle periferie sociali e culturali.<\/li>\n\n\n\n<li><strong>Vivere pienamente la liturgia<\/strong>: Partecipare attivamente all\u2019Eucaristia, comprendendone il significato e unendoci come Corpo di Cristo.<\/li>\n\n\n\n<li><strong>Impegnarsi per la giustizia sociale<\/strong>: I concili pastorali ci chiamano ad essere sale e luce nel mondo, lavorando per un ordine pi\u00f9 giusto e umano.<\/li>\n<\/ol>\n\n\n\n<h3 class=\"wp-block-heading\">L\u2019unit\u00e0 tra dogma e pastorale: Un percorso integrale<\/h3>\n\n\n\n<p>\u00c8 un errore contrapporre i concili dogmatici e pastorali, poich\u00e9 entrambi sono manifestazioni della stessa missione della Chiesa. Come insegna San Tommaso, verit\u00e0 e carit\u00e0 non possono essere separate. I dogmi sono il solido fondamento su cui si costruiscono le risposte pastorali, e queste ultime mostrano come vivere i dogmi in un mondo in cambiamento.<\/p>\n\n\n\n<p>Ad esempio, la dottrina della dignit\u00e0 umana, definita in concili dogmatici come Trento o il Concilio Vaticano I, trova la sua applicazione pastorale nell\u2019impegno per i diritti umani e la pace, promosso dal Concilio Vaticano II.<\/p>\n\n\n\n<h3 class=\"wp-block-heading\">Rilevanza per il contesto attuale<\/h3>\n\n\n\n<p>Viviamo in un\u2019epoca di grandi sfide per la Chiesa. Le divisioni interne, il crescente secolarismo e la confusione dottrinale richiedono da ogni cattolico un rinnovato impegno verso la fede. I concili, sia dogmatici che pastorali, ci offrono gli strumenti necessari per affrontare queste sfide:<\/p>\n\n\n\n<ul class=\"wp-block-list\">\n<li><strong>Per coloro che cercano chiarezza dottrinale<\/strong>, i concili dogmatici fungono da faro che illumina il cammino.<\/li>\n\n\n\n<li><strong>Per coloro che cercano una rilevanza pratica<\/strong>, i concili pastorali mostrano come applicare la fede nel mondo attuale.<\/li>\n<\/ul>\n\n\n\n<h3 class=\"wp-block-heading\">Conclusione: Un invito a vivere l\u2019eredit\u00e0 conciliare<\/h3>\n\n\n\n<p>I concili non sono reliquie del passato, ma fonti vive di saggezza divina che ci parlano oggi. Studiare e applicarli \u00e8 un atto di amore verso Dio e la Chiesa. Come diceva San Tommaso d\u2019Aquino: <em>\u00abLa fede \u00e8 l\u2019inizio della vita eterna, gi\u00e0 iniziata in questa vita.\u00bb<\/em><\/p>\n\n\n\n<p>Vi invito a approfondire i documenti conciliari, a meditare sui loro insegnamenti e a metterli in pratica. Con la grazia di Dio, possiamo diventare testimoni fedeli della verit\u00e0 e della carit\u00e0 nel mondo di oggi.<\/p>\n","protected":false},"excerpt":{"rendered":"<p>Introduzione: Cosa sono i concili e perch\u00e9 sono importanti? Nel corso della storia, i concili hanno rappresentato momenti di intervento divino nella vita della Chiesa. Queste assemblee di vescovi e teologi, convocate dal Papa o sotto la sua autorit\u00e0, non sono semplici incontri umani, ma atti dello Spirito Santo che illuminano e guidano la Chiesa &hellip;<\/p>\n","protected":false},"author":3,"featured_media":1836,"comment_status":"open","ping_status":"open","sticky":false,"template":"","format":"standard","meta":{"_seopress_robots_primary_cat":"","_seopress_titles_title":"","_seopress_titles_desc":"","_seopress_robots_index":"","footnotes":""},"categories":[50,38],"tags":[471],"class_list":["post-1835","post","type-post","status-publish","format-standard","has-post-thumbnail","","category-concili-ecumenici","category-storia-e-tradizione","tag-concili"],"_links":{"self":[{"href":"https:\/\/catholicus.eu\/it\/wp-json\/wp\/v2\/posts\/1835","targetHints":{"allow":["GET"]}}],"collection":[{"href":"https:\/\/catholicus.eu\/it\/wp-json\/wp\/v2\/posts"}],"about":[{"href":"https:\/\/catholicus.eu\/it\/wp-json\/wp\/v2\/types\/post"}],"author":[{"embeddable":true,"href":"https:\/\/catholicus.eu\/it\/wp-json\/wp\/v2\/users\/3"}],"replies":[{"embeddable":true,"href":"https:\/\/catholicus.eu\/it\/wp-json\/wp\/v2\/comments?post=1835"}],"version-history":[{"count":1,"href":"https:\/\/catholicus.eu\/it\/wp-json\/wp\/v2\/posts\/1835\/revisions"}],"predecessor-version":[{"id":1837,"href":"https:\/\/catholicus.eu\/it\/wp-json\/wp\/v2\/posts\/1835\/revisions\/1837"}],"wp:featuredmedia":[{"embeddable":true,"href":"https:\/\/catholicus.eu\/it\/wp-json\/wp\/v2\/media\/1836"}],"wp:attachment":[{"href":"https:\/\/catholicus.eu\/it\/wp-json\/wp\/v2\/media?parent=1835"}],"wp:term":[{"taxonomy":"category","embeddable":true,"href":"https:\/\/catholicus.eu\/it\/wp-json\/wp\/v2\/categories?post=1835"},{"taxonomy":"post_tag","embeddable":true,"href":"https:\/\/catholicus.eu\/it\/wp-json\/wp\/v2\/tags?post=1835"}],"curies":[{"name":"wp","href":"https:\/\/api.w.org\/{rel}","templated":true}]}}