{"id":1715,"date":"2025-01-03T10:44:25","date_gmt":"2025-01-03T09:44:25","guid":{"rendered":"https:\/\/catholicus.eu\/it\/?p=1715"},"modified":"2025-01-03T10:44:25","modified_gmt":"2025-01-03T09:44:25","slug":"sapevi-che-esiste-una-liturgia-cosmica-la-visione-della-creazione-come-atto-di-lode","status":"publish","type":"post","link":"https:\/\/catholicus.eu\/it\/sapevi-che-esiste-una-liturgia-cosmica-la-visione-della-creazione-come-atto-di-lode\/","title":{"rendered":"Sapevi che esiste una &#8220;Liturgia Cosmica&#8221;? La Visione della Creazione come Atto di Lode"},"content":{"rendered":"\n<p>In un mondo che si muove a un ritmo sempre pi\u00f9 veloce e che appare sempre pi\u00f9 disconnesso dalla natura, riscoprire la sacralit\u00e0 della creazione \u00e8 un atto rivoluzionario. L\u2019idea di una &#8220;liturgia cosmica&#8221; pu\u00f2 sembrare nuova o addirittura poetica, ma \u00e8 profondamente biblica e radicata nella tradizione della Chiesa cattolica. Questo concetto ci invita a vedere l\u2019universo non solo come un\u2019enorme estensione di materia, ma come un\u2019espressione vivente di lode a Dio. Cosa significa tutto ci\u00f2 e come pu\u00f2 trasformare la nostra vita quotidiana?<\/p>\n\n\n\n<h3 class=\"wp-block-heading\"><strong>Le Origini della Liturgia Cosmica: Fondamenti Biblici e Teologici<\/strong><\/h3>\n\n\n\n<p>La liturgia cosmica trova le sue radici nelle Sacre Scritture. Dalla Genesi, dove Dio crea il mondo e lo dichiara \u201cmolto buono\u201d (Gn 1,31), ai Salmi, che ci invitano a unirci al coro della creazione nella lode (Sal 19,2: \u201cI cieli narrano la gloria di Dio\u201d), la Bibbia rivela un universo progettato per glorificare il suo Creatore.<\/p>\n\n\n\n<p>San Paolo, nella Lettera ai Romani, afferma che \u201cla creazione stessa attende con impazienza la rivelazione dei figli di Dio\u201d (Rm 8,19). Questo passaggio sottolinea che la creazione non \u00e8 semplicemente uno sfondo della storia della salvezza, ma un partecipante attivo.<\/p>\n\n\n\n<p>Anche i Padri della Chiesa, come San Basilio Magno e San Gregorio di Nissa, hanno riflettuto profondamente su questa dimensione cosmica. Vedevano il mondo naturale come un &#8220;grande libro&#8221; scritto da Dio, pieno di segni che conducono a Lui.<\/p>\n\n\n\n<h3 class=\"wp-block-heading\"><strong>La Liturgia: Un Microcosmo del Cosmo<\/strong><\/h3>\n\n\n\n<p>Il Catechismo della Chiesa Cattolica insegna che la liturgia terrestre \u00e8 un anticipo della liturgia celeste (CCC 1090). In altre parole, ogni volta che celebriamo l\u2019Eucaristia, ci uniamo alla lode eterna che angeli, santi e tutta la creazione offrono a Dio.<\/p>\n\n\n\n<p>Il sacerdote e teologo cattolico Romano Guardini, uno dei grandi pensatori del XX secolo, descrisse la liturgia come il luogo in cui l\u2019umanit\u00e0 e il cosmo si incontrano nell\u2019adorazione. Guardini sottoline\u00f2 che la liturgia non \u00e8 un atto esclusivamente umano, ma un\u2019azione che coinvolge l\u2019intero universo.<\/p>\n\n\n\n<p>Nella celebrazione eucaristica, ad esempio, il pane e il vino, frutti della terra e del lavoro dell\u2019uomo, vengono trasformati nel Corpo e Sangue di Cristo. Questo gesto ci ricorda che la materia creata non \u00e8 solo buona, ma destinata a essere elevata e trasfigurata in un atto d\u2019amore divino.<\/p>\n\n\n\n<h3 class=\"wp-block-heading\"><strong>La Liturgia Cosmica e Papa Francesco<\/strong><\/h3>\n\n\n\n<p>Nell\u2019enciclica <em>Laudato Si\u2019<\/em>, Papa Francesco rivitalizza questa visione cosmica. Ci invita a riscoprire il nostro rapporto con il mondo creato e a riconoscere che \u201ctutta la creazione canta le lodi di Dio\u201d (<em>LS<\/em> 83). Francesco collega questa idea alla spiritualit\u00e0 di San Francesco d\u2019Assisi, che vedeva tutte le creature come fratelli e sorelle in una danza cosmica di adorazione.<\/p>\n\n\n\n<p>Il Papa insiste sul fatto che non possiamo separare la nostra vita spirituale dalla nostra responsabilit\u00e0 ecologica. Prendersi cura della creazione significa partecipare a questa liturgia cosmica, dove ogni atto di amore e cura per la terra diventa un\u2019offerta di lode.<\/p>\n\n\n\n<h3 class=\"wp-block-heading\"><strong>Applicazioni Pratiche: Vivere la Liturgia Cosmica Oggi<\/strong><\/h3>\n\n\n\n<p>Come possiamo partecipare attivamente a questa liturgia cosmica nella nostra vita quotidiana? Ecco alcune idee:<\/p>\n\n\n\n<h4 class=\"wp-block-heading\">1. <strong>Contemplare la Creazione<\/strong><\/h4>\n\n\n\n<p>Prenditi del tempo per osservare la natura con un cuore aperto. Che si tratti di ammirare un cielo stellato o di ascoltare il canto degli uccelli, lasciati stupire e sii grato. Questo semplice atto pu\u00f2 diventare una preghiera silenziosa.<\/p>\n\n\n\n<h4 class=\"wp-block-heading\">2. <strong>Integrare Spiritualit\u00e0 ed Ecologia<\/strong><\/h4>\n\n\n\n<p>Rifletti su come le tue decisioni quotidiane influenzano la creazione. Ridurre il consumo, riciclare e scegliere alternative sostenibili sono modi concreti per vivere la tua fede. Come osserva Papa Francesco, queste piccole azioni hanno \u201cun profondo significato spirituale e morale\u201d (<em>LS<\/em> 211).<\/p>\n\n\n\n<h4 class=\"wp-block-heading\">3. <strong>Pregare con i Salmi e la Liturgia delle Ore<\/strong><\/h4>\n\n\n\n<p>Includi nella tua preghiera testi biblici che celebrano la creazione. I Salmi, in particolare, sono ricchi di immagini cosmiche che esaltano Dio.<\/p>\n\n\n\n<h4 class=\"wp-block-heading\">4. <strong>Partecipare Attivamente all\u2019Eucaristia<\/strong><\/h4>\n\n\n\n<p>Ricorda che ogni Messa \u00e8 una celebrazione cosmica. Offri le tue lotte, gioie e fatiche insieme ai doni del pane e del vino.<\/p>\n\n\n\n<h4 class=\"wp-block-heading\">5. <strong>Educare ed Evangelizzare<\/strong><\/h4>\n\n\n\n<p>Parla agli altri del legame tra fede ed ecologia. Organizza attivit\u00e0 nella tua comunit\u00e0 parrocchiale, come giornate di pulizia ambientale o conferenze educative sulla cura del creato.<\/p>\n\n\n\n<h3 class=\"wp-block-heading\"><strong>Un Invito alla Speranza<\/strong><\/h3>\n\n\n\n<p>In un mondo che affronta crisi ecologiche e spirituali, la liturgia cosmica offre una visione di speranza. Ci ricorda che tutto \u00e8 interconnesso e che la nostra vita ha uno scopo pi\u00f9 grande di noi stessi: partecipare al canto eterno d\u2019amore tra Dio, l\u2019umanit\u00e0 e la creazione.<\/p>\n\n\n\n<p>Vivere con questa consapevolezza pu\u00f2 trasformare non solo il nostro rapporto con la natura, ma anche con Dio e con gli altri. Ognuno di noi \u00e8 chiamato a essere un piccolo strumento in questa sinfonia cosmica, elevando la nostra voce nella lode e nella gratitudine.<\/p>\n\n\n\n<p>Possa questa visione ispirare il tuo cuore e incoraggiarti a vivere in modo pi\u00f9 pieno, consapevole e in armonia con il ritmo divino dell\u2019universo. Tutta la creazione canta! Vuoi unirti al coro?<\/p>\n","protected":false},"excerpt":{"rendered":"<p>In un mondo che si muove a un ritmo sempre pi\u00f9 veloce e che appare sempre pi\u00f9 disconnesso dalla natura, riscoprire la sacralit\u00e0 della creazione \u00e8 un atto rivoluzionario. L\u2019idea di una &#8220;liturgia cosmica&#8221; pu\u00f2 sembrare nuova o addirittura poetica, ma \u00e8 profondamente biblica e radicata nella tradizione della Chiesa cattolica. Questo concetto ci invita &hellip;<\/p>\n","protected":false},"author":3,"featured_media":1716,"comment_status":"open","ping_status":"open","sticky":false,"template":"","format":"standard","meta":{"_seopress_robots_primary_cat":"","_seopress_titles_title":"","_seopress_titles_desc":"","_seopress_robots_index":"","footnotes":""},"categories":[52,38],"tags":[427],"class_list":["post-1715","post","type-post","status-publish","format-standard","has-post-thumbnail","","category-liturgia-e-anno-liturgico","category-storia-e-tradizione","tag-liturgia-cosmica"],"_links":{"self":[{"href":"https:\/\/catholicus.eu\/it\/wp-json\/wp\/v2\/posts\/1715","targetHints":{"allow":["GET"]}}],"collection":[{"href":"https:\/\/catholicus.eu\/it\/wp-json\/wp\/v2\/posts"}],"about":[{"href":"https:\/\/catholicus.eu\/it\/wp-json\/wp\/v2\/types\/post"}],"author":[{"embeddable":true,"href":"https:\/\/catholicus.eu\/it\/wp-json\/wp\/v2\/users\/3"}],"replies":[{"embeddable":true,"href":"https:\/\/catholicus.eu\/it\/wp-json\/wp\/v2\/comments?post=1715"}],"version-history":[{"count":1,"href":"https:\/\/catholicus.eu\/it\/wp-json\/wp\/v2\/posts\/1715\/revisions"}],"predecessor-version":[{"id":1717,"href":"https:\/\/catholicus.eu\/it\/wp-json\/wp\/v2\/posts\/1715\/revisions\/1717"}],"wp:featuredmedia":[{"embeddable":true,"href":"https:\/\/catholicus.eu\/it\/wp-json\/wp\/v2\/media\/1716"}],"wp:attachment":[{"href":"https:\/\/catholicus.eu\/it\/wp-json\/wp\/v2\/media?parent=1715"}],"wp:term":[{"taxonomy":"category","embeddable":true,"href":"https:\/\/catholicus.eu\/it\/wp-json\/wp\/v2\/categories?post=1715"},{"taxonomy":"post_tag","embeddable":true,"href":"https:\/\/catholicus.eu\/it\/wp-json\/wp\/v2\/tags?post=1715"}],"curies":[{"name":"wp","href":"https:\/\/api.w.org\/{rel}","templated":true}]}}