{"id":1667,"date":"2024-12-20T00:03:28","date_gmt":"2024-12-19T23:03:28","guid":{"rendered":"https:\/\/catholicus.eu\/it\/?p=1667"},"modified":"2024-12-20T00:03:28","modified_gmt":"2024-12-19T23:03:28","slug":"i-dettagli-del-presepe-nei-vangeli-apocrifi-un-mistero-illuminato-dalla-tradizione","status":"publish","type":"post","link":"https:\/\/catholicus.eu\/it\/i-dettagli-del-presepe-nei-vangeli-apocrifi-un-mistero-illuminato-dalla-tradizione\/","title":{"rendered":"I dettagli del presepe nei Vangeli apocrifi: un mistero illuminato dalla tradizione"},"content":{"rendered":"\n<p>La scena del presepe, con la sua umile mangiatoia, le figure di Maria, Giuseppe e il Bambino Ges\u00f9, e i dettagli affascinanti come il bue, l&#8217;asino e i pastori, occupa un posto speciale nel cuore di milioni di cristiani in tutto il mondo. Tuttavia, molti non sanno che alcuni di questi elementi non provengono direttamente dai Vangeli canonici, ma trovano le loro radici nei Vangeli apocrifi. Questi testi antichi, pur non facendo parte del canone biblico riconosciuto dalla Chiesa, hanno profondamente influenzato l&#8217;arte, la devozione e la tradizione cristiana.<\/p>\n\n\n\n<p>In questo articolo esploreremo i dettagli affascinanti del presepe cos\u00ec come vengono descritti nei Vangeli apocrifi, la loro ricchezza teologica e simbolica, e come possano ispirarci nella nostra vita spirituale.<\/p>\n\n\n\n<hr class=\"wp-block-separator has-alpha-channel-opacity\"\/>\n\n\n\n<h3 class=\"wp-block-heading\"><strong>Cosa sono i Vangeli apocrifi e perch\u00e9 sono importanti?<\/strong><\/h3>\n\n\n\n<p>Prima di addentrarci nei dettagli del presepe, \u00e8 essenziale capire cosa siano i Vangeli apocrifi. Questi testi, scritti tra il II e il IV secolo, non furono inclusi nel canone biblico perch\u00e9 non rispondevano a determinati criteri di autenticit\u00e0, antichit\u00e0 o coerenza dottrinale stabiliti dalla Chiesa. Tuttavia, molti di questi racconti contengono descrizioni profondamente devozionali e simboliche che hanno plasmato l\u2019immaginario cristiano nel corso dei secoli.<\/p>\n\n\n\n<p>Nel contesto del presepe, due Vangeli apocrifi si distinguono in particolare: il <strong>Protovangelo di Giacomo<\/strong> e il <strong>Vangelo dello Pseudo-Matteo<\/strong>. Questi testi aggiungono dettagli che, pur non essendo considerati ispirati, offrono una prospettiva arricchente sulla nascita di Ges\u00f9 e sulla Sacra Famiglia.<\/p>\n\n\n\n<hr class=\"wp-block-separator has-alpha-channel-opacity\"\/>\n\n\n\n<h3 class=\"wp-block-heading\"><strong>Il Protovangelo di Giacomo: La purezza di Maria e la nascita in una grotta<\/strong><\/h3>\n\n\n\n<p>Uno dei testi apocrifi pi\u00f9 influenti \u00e8 il <strong>Protovangelo di Giacomo<\/strong>, probabilmente scritto nel II secolo. Questo racconto si concentra sulla vita di Maria, mettendo in evidenza la sua purezza e santit\u00e0 dalla sua concezione fino alla nascita di Ges\u00f9.<\/p>\n\n\n\n<h4 class=\"wp-block-heading\"><strong>La nascita di Ges\u00f9 in una grotta<\/strong><\/h4>\n\n\n\n<p>Il Protovangelo narra che Maria e Giuseppe, durante il loro viaggio a Betlemme, non trovarono un luogo adatto dove alloggiare e si rifugiarono in una grotta. \u00c8 l\u00ec che Maria diede alla luce il Salvatore. Questo dettaglio ha ispirato la tradizione di rappresentare il presepe in un contesto roccioso o in una grotta, in particolare nell\u2019iconografia orientale.<\/p>\n\n\n\n<p>Il racconto descrive anche come Giuseppe usc\u00ec in cerca di aiuto e trov\u00f2 una levatrice. Quest\u2019ultima, assistendo al parto, rimase meravigliata dalla luce divina che riemp\u00ec la grotta, un segno della natura soprannaturale della nascita di Ges\u00f9.<\/p>\n\n\n\n<h4 class=\"wp-block-heading\"><strong>Il miracolo di Salom\u00e8<\/strong><\/h4>\n\n\n\n<p>Un dettaglio toccante del Protovangelo \u00e8 la figura di Salom\u00e8, una seconda levatrice che dubita della verginit\u00e0 di Maria dopo il parto. Quando cerca di verificare, la sua mano si paralizza come punizione per la sua incredulit\u00e0. Solo toccando il Bambino Ges\u00f9 la sua mano viene guarita, sottolineando il potere divino del neonato e la santit\u00e0 di Maria.<\/p>\n\n\n\n<hr class=\"wp-block-separator has-alpha-channel-opacity\"\/>\n\n\n\n<h3 class=\"wp-block-heading\"><strong>Il Vangelo dello Pseudo-Matteo: La natura e i miracoli intorno al presepe<\/strong><\/h3>\n\n\n\n<p>Il <strong>Vangelo dello Pseudo-Matteo<\/strong>, un testo del IV secolo, contribuisce anch\u2019esso in modo significativo alla tradizione del presepe. Questo Vangelo amplia i dettagli sul viaggio di Maria e Giuseppe a Betlemme, sulla nascita di Ges\u00f9 e sui suoi primi giorni.<\/p>\n\n\n\n<h4 class=\"wp-block-heading\"><strong>Il bue e l&#8217;asino: Simboli di umilt\u00e0 e adorazione<\/strong><\/h4>\n\n\n\n<p>Uno dei contributi pi\u00f9 iconici di questo Vangelo \u00e8 la presenza del bue e dell&#8217;asino accanto alla mangiatoia. Secondo lo Pseudo-Matteo, questi animali riconoscono il Bambino Ges\u00f9 come loro Signore e si inchinano davanti a Lui. Questo dettaglio richiama la profezia di Isaia: <em>\u00abIl bue conosce il suo padrone e l&#8217;asino la mangiatoia del suo proprietario\u00bb<\/em> (Isaia 1,3). Sebbene non menzionata nei Vangeli canonici, questa immagine \u00e8 diventata un simbolo universale dell\u2019umilt\u00e0 e semplicit\u00e0 della nascita di Cristo.<\/p>\n\n\n\n<h4 class=\"wp-block-heading\"><strong>I miracoli lungo il viaggio verso Betlemme<\/strong><\/h4>\n\n\n\n<p>Il Vangelo dello Pseudo-Matteo descrive anche eventi miracolosi durante il viaggio di Maria e Giuseppe. Ad esempio, racconta come una palma si inchin\u00f2 per offrire i suoi frutti alla Sacra Famiglia e come una sorgente d&#8217;acqua sgorg\u00f2 miracolosamente per dissetarli. Questi dettagli rafforzano l\u2019idea che l\u2019intera creazione partecipi alla celebrazione della nascita del Salvatore.<\/p>\n\n\n\n<hr class=\"wp-block-separator has-alpha-channel-opacity\"\/>\n\n\n\n<h3 class=\"wp-block-heading\"><strong>Significato teologico dei dettagli apocrifi<\/strong><\/h3>\n\n\n\n<p>Sebbene questi racconti non abbiano lo stesso status dei Vangeli canonici, offrono importanti insegnamenti teologici e spirituali:<\/p>\n\n\n\n<ol class=\"wp-block-list\">\n<li><strong>L\u2019unione di cielo e terra<\/strong><br>I miracoli associati alla nascita di Ges\u00f9, come la luce divina nella grotta o l&#8217;adorazione del bue e dell&#8217;asino, sottolineano che questo evento non tocca solo l\u2019umanit\u00e0, ma tutta la creazione. Ricorda che l\u2019incarnazione di Cristo trasforma l\u2019intero cosmo.<\/li>\n\n\n\n<li><strong>La santit\u00e0 di Maria<\/strong><br>I racconti apocrifi approfondiscono il ruolo di Maria come Madre di Dio, mettendo in luce la sua purezza e obbedienza. La sua figura ispira i cristiani a cercare l\u2019umilt\u00e0 e la fede di fronte alle prove.<\/li>\n\n\n\n<li><strong>La centralit\u00e0 dell\u2019umilt\u00e0<\/strong><br>L\u2019umile cornice della nascita di Ges\u00f9, in una grotta circondata da animali, contrasta con la grandezza che ci si aspetterebbe per un re. Questo rafforza l\u2019insegnamento cristiano secondo cui Dio si manifesta in ci\u00f2 che \u00e8 piccolo e semplice.<\/li>\n<\/ol>\n\n\n\n<hr class=\"wp-block-separator has-alpha-channel-opacity\"\/>\n\n\n\n<h3 class=\"wp-block-heading\"><strong>Il presepe oggi: Un invito alla riflessione spirituale<\/strong><\/h3>\n\n\n\n<p>La tradizione del presepe, ispirata sia dai Vangeli canonici che da quelli apocrifi, non \u00e8 solo una rappresentazione visiva della Nativit\u00e0; \u00e8 un invito a vivere le verit\u00e0 del Vangelo nella vita quotidiana. Ecco alcune modalit\u00e0 per farlo:<\/p>\n\n\n\n<ol class=\"wp-block-list\">\n<li><strong>Contemplare l\u2019umilt\u00e0 della mangiatoia<\/strong><br>Il presepe ci ricorda che Dio ha scelto il luogo pi\u00f9 umile per venire al mondo. Questo ci invita a valorizzare la semplicit\u00e0 e a cercare le ricchezze spirituali piuttosto che materiali.<\/li>\n\n\n\n<li><strong>Riconoscere Cristo negli altri<\/strong><br>Il dettaglio del bue e dell&#8217;asino che riconoscono il loro Creatore ci interpella a riconoscere Cristo negli altri, in particolare nei poveri, negli emarginati e nei bisognosi.<\/li>\n\n\n\n<li><strong>Celebrare l\u2019unione con la natura<\/strong><br>I miracoli descritti nei Vangeli apocrifi ci chiamano a rispettare e prenderci cura della creazione, vedendola come un riflesso dell\u2019opera di Dio.<\/li>\n\n\n\n<li><strong>Coltivare la devozione familiare<\/strong><br>Allestire un presepe in casa, meditare sui suoi elementi e condividere le sue storie con i bambini pu\u00f2 rafforzare la fede familiare e trasmettere le verit\u00e0 del Vangelo di generazione in generazione.<\/li>\n<\/ol>\n\n\n\n<hr class=\"wp-block-separator has-alpha-channel-opacity\"\/>\n\n\n\n<h3 class=\"wp-block-heading\"><strong>Un messaggio per il nostro tempo<\/strong><\/h3>\n\n\n\n<p>In un mondo segnato dalla frenesia, dalle divisioni e da un\u2019insaziabile ricerca di riconoscimento, il presepe ci invita a fermarci, riflettere e riscoprire il potere trasformante dell\u2019umilt\u00e0 e dell\u2019amore. I Vangeli apocrifi, con i loro dettagli vivaci e poetici, offrono una visione ampliata di questo mistero e ci ispirano a vivere con una fede e una gratitudine pi\u00f9 profonde.<\/p>\n\n\n\n<p>Quest\u2019anno, contemplando il nostro presepe, permettiamo al messaggio di pace, umilt\u00e0 e speranza nato in una grotta a Betlemme di illuminare la nostra vita e quella delle persone che ci sono accanto.<\/p>\n","protected":false},"excerpt":{"rendered":"<p>La scena del presepe, con la sua umile mangiatoia, le figure di Maria, Giuseppe e il Bambino Ges\u00f9, e i dettagli affascinanti come il bue, l&#8217;asino e i pastori, occupa un posto speciale nel cuore di milioni di cristiani in tutto il mondo. Tuttavia, molti non sanno che alcuni di questi elementi non provengono direttamente &hellip;<\/p>\n","protected":false},"author":3,"featured_media":1668,"comment_status":"open","ping_status":"open","sticky":false,"template":"","format":"standard","meta":{"_seopress_robots_primary_cat":"","_seopress_titles_title":"","_seopress_titles_desc":"","_seopress_robots_index":"","footnotes":""},"categories":[66,41],"tags":[411,83],"class_list":["post-1667","post","type-post","status-publish","format-standard","has-post-thumbnail","","category-cultura-popolare-e-cattolicesimo","category-fede-e-cultura","tag-presepe","tag-vangeli-apocrifi"],"_links":{"self":[{"href":"https:\/\/catholicus.eu\/it\/wp-json\/wp\/v2\/posts\/1667","targetHints":{"allow":["GET"]}}],"collection":[{"href":"https:\/\/catholicus.eu\/it\/wp-json\/wp\/v2\/posts"}],"about":[{"href":"https:\/\/catholicus.eu\/it\/wp-json\/wp\/v2\/types\/post"}],"author":[{"embeddable":true,"href":"https:\/\/catholicus.eu\/it\/wp-json\/wp\/v2\/users\/3"}],"replies":[{"embeddable":true,"href":"https:\/\/catholicus.eu\/it\/wp-json\/wp\/v2\/comments?post=1667"}],"version-history":[{"count":1,"href":"https:\/\/catholicus.eu\/it\/wp-json\/wp\/v2\/posts\/1667\/revisions"}],"predecessor-version":[{"id":1669,"href":"https:\/\/catholicus.eu\/it\/wp-json\/wp\/v2\/posts\/1667\/revisions\/1669"}],"wp:featuredmedia":[{"embeddable":true,"href":"https:\/\/catholicus.eu\/it\/wp-json\/wp\/v2\/media\/1668"}],"wp:attachment":[{"href":"https:\/\/catholicus.eu\/it\/wp-json\/wp\/v2\/media?parent=1667"}],"wp:term":[{"taxonomy":"category","embeddable":true,"href":"https:\/\/catholicus.eu\/it\/wp-json\/wp\/v2\/categories?post=1667"},{"taxonomy":"post_tag","embeddable":true,"href":"https:\/\/catholicus.eu\/it\/wp-json\/wp\/v2\/tags?post=1667"}],"curies":[{"name":"wp","href":"https:\/\/api.w.org\/{rel}","templated":true}]}}