{"id":1618,"date":"2024-12-09T21:52:32","date_gmt":"2024-12-09T20:52:32","guid":{"rendered":"https:\/\/catholicus.eu\/it\/?p=1618"},"modified":"2024-12-09T21:52:32","modified_gmt":"2024-12-09T20:52:32","slug":"il-cero-pasquale-la-luce-di-cristo-per-il-mondo","status":"publish","type":"post","link":"https:\/\/catholicus.eu\/it\/il-cero-pasquale-la-luce-di-cristo-per-il-mondo\/","title":{"rendered":"Il Cero Pasquale: La Luce di Cristo per il Mondo"},"content":{"rendered":"\n<p>Il cero pasquale \u00e8 uno dei simboli pi\u00f9 profondi e significativi nella liturgia cattolica. Questa grande candela, accesa durante la Veglia Pasquale, non \u00e8 solo un elemento decorativo. Rappresenta Cristo risorto, la Luce del mondo, che trionfa sulle tenebre del peccato e della morte. In questo articolo esploreremo la sua storia, il suo significato teologico e come questo simbolo pu\u00f2 ispirare e guidare la nostra vita quotidiana come credenti.<\/p>\n\n\n\n<hr class=\"wp-block-separator has-alpha-channel-opacity\"\/>\n\n\n\n<h2 class=\"wp-block-heading\"><strong>L&#8217;origine del cero pasquale<\/strong><\/h2>\n\n\n\n<p>La tradizione del cero pasquale affonda le sue radici nei primi secoli del cristianesimo. In un\u2019epoca in cui le comunit\u00e0 cristiane celebravano la Pasqua dopo il calar della notte, il fuoco e la luce venivano usati per simboleggiare il trionfo di Cristo sulle tenebre. Questo rito iniziale si \u00e8 evoluto nel tempo nella benedizione del fuoco nuovo e nell&#8217;accensione del cero, che \u00e8 diventato un elemento centrale della Veglia Pasquale.<\/p>\n\n\n\n<p>L\u2019uso specifico di una grande candela risale al IV secolo, quando sant&#8217;Ambrogio di Milano e altri Padri della Chiesa lo menzionano come parte della liturgia pasquale. L&#8217;introduzione dell&#8217;<strong>&#8220;Exsultet&#8221;<\/strong>, l&#8217;inno proclamato durante l\u2019accensione del cero pasquale, ha consolidato il suo ruolo centrale nella celebrazione della Pasqua.<\/p>\n\n\n\n<hr class=\"wp-block-separator has-alpha-channel-opacity\"\/>\n\n\n\n<h2 class=\"wp-block-heading\"><strong>Il simbolismo del cero pasquale<\/strong><\/h2>\n\n\n\n<p>Il cero pasquale \u00e8 carico di simboli che ci ricordano chi \u00e8 Cristo e cosa ha fatto per noi:<\/p>\n\n\n\n<ol class=\"wp-block-list\">\n<li><strong>Luce che scaccia le tenebre<\/strong>: Il fuoco del cero pasquale, acceso dal fuoco nuovo, simboleggia la luce di Cristo che scaccia le tenebre del peccato e della morte. All&#8217;inizio della Veglia Pasquale, la chiesa buia si illumina gradualmente mentre la luce del cero viene condivisa con i fedeli. Questo atto \u00e8 una rappresentazione visiva di come la risurrezione di Cristo porti speranza al mondo.<\/li>\n\n\n\n<li><strong>La croce e i chiodi<\/strong>: Il cero \u00e8 spesso decorato con una croce incisa, insieme alle lettere greche Alfa (\u0391) e Omega (\u03a9), l&#8217;inizio e la fine, come indicato nell&#8217;Apocalisse (Ap 22,13). Cinque perle d&#8217;incenso vengono inserite nel cero, a simboleggiare le cinque ferite di Cristo sulla croce.<\/li>\n\n\n\n<li><strong>L&#8217;anno in corso<\/strong>: L&#8217;anno viene inciso sul cero, ricordandoci che la salvezza di Cristo \u00e8 sia eterna che attuale. Non \u00e8 un evento lontano nella storia, ma una realt\u00e0 presente che trasforma la nostra vita qui e ora.<\/li>\n<\/ol>\n\n\n\n<hr class=\"wp-block-separator has-alpha-channel-opacity\"\/>\n\n\n\n<h2 class=\"wp-block-heading\"><strong>Significato teologico<\/strong><\/h2>\n\n\n\n<p>Il cero pasquale non ci ricorda solo l&#8217;evento centrale della nostra fede \u2013 la Risurrezione di Cristo \u2013 ma ci invita anche a riflettere sulla nostra vita di cristiani:<\/p>\n\n\n\n<ol class=\"wp-block-list\">\n<li><strong>Cristo come nostra Luce<\/strong>: In un mondo spesso immerso nelle tenebre del peccato, il cero pasquale ci ricorda che Cristo \u00e8 la nostra guida, il nostro faro nel mezzo delle tempeste della vita. Come ha detto Lui stesso: &#8220;Io sono la luce del mondo; chi mi segue non camminer\u00e0 nelle tenebre, ma avr\u00e0 la luce della vita&#8221; (Gv 8,12).<\/li>\n\n\n\n<li><strong>Vittoria sulla morte<\/strong>: Ogni volta che vediamo il cero pasquale, specialmente durante i battesimi e i funerali, ci ricordiamo che la Risurrezione non \u00e8 solo un evento passato, ma una speranza per il nostro futuro. In Cristo, la morte non ha l&#8217;ultima parola.<\/li>\n\n\n\n<li><strong>Comunit\u00e0 e missione<\/strong>: Quando condividiamo la luce del cero pasquale durante la Veglia, ci impegniamo a portare questa luce agli altri. Non possiamo tenere la luce di Cristo solo per noi stessi; siamo chiamati a essere portatori di questa luce nel mondo.<\/li>\n<\/ol>\n\n\n\n<hr class=\"wp-block-separator has-alpha-channel-opacity\"\/>\n\n\n\n<h2 class=\"wp-block-heading\"><strong>Il cero pasquale nella vita quotidiana<\/strong><\/h2>\n\n\n\n<p>Come possiamo applicare il simbolismo del cero pasquale nella nostra vita quotidiana? Ecco alcune riflessioni pratiche:<\/p>\n\n\n\n<ol class=\"wp-block-list\">\n<li><strong>Essere luce per gli altri<\/strong>: Cos\u00ec come il cero pasquale illumina la chiesa, siamo chiamati a illuminare il nostro ambiente con atti di amore, giustizia e verit\u00e0. Chiediamoci ogni giorno: Come posso essere una luce per qualcuno oggi?<\/li>\n\n\n\n<li><strong>Ravvivare la nostra fede<\/strong>: Come la fiamma del cero che brucia intensamente, anche la nostra fede ha bisogno di essere nutrita. Partecipare all&#8217;Eucaristia, leggere la Parola di Dio e dedicare tempo alla preghiera sono modi per mantenere viva la nostra relazione con Cristo.<\/li>\n\n\n\n<li><strong>Vivere la Pasqua durante tutto l&#8217;anno<\/strong>: Sebbene il cero pasquale venga acceso solennemente durante la Veglia e nel periodo pasquale, il suo messaggio \u00e8 permanente. Ogni giorno possiamo ricordare che siamo risorti con Cristo, chiamati a una vita nuova.<\/li>\n<\/ol>\n\n\n\n<hr class=\"wp-block-separator has-alpha-channel-opacity\"\/>\n\n\n\n<h2 class=\"wp-block-heading\"><strong>Conclusione<\/strong><\/h2>\n\n\n\n<p>Il cero pasquale \u00e8 molto pi\u00f9 di un oggetto liturgico. \u00c8 un potente richiamo che Cristo, la nostra Luce, \u00e8 sempre presente, ci guida e ci riempie di speranza. In ogni Veglia Pasquale, in ogni battesimo e in ogni funerale, la sua luce ci invita a vivere come figli della luce (Ef 5,8).<\/p>\n\n\n\n<p>Possa il cero pasquale ispirarci a lasciare brillare la luce di Cristo in noi e a condividerla con il mondo, ricordando sempre che in Cristo le tenebre non avranno mai l&#8217;ultima parola. Cos\u00ec, alla fine della nostra vita, potremo unirci a Lui nella Luce eterna.<\/p>\n","protected":false},"excerpt":{"rendered":"<p>Il cero pasquale \u00e8 uno dei simboli pi\u00f9 profondi e significativi nella liturgia cattolica. Questa grande candela, accesa durante la Veglia Pasquale, non \u00e8 solo un elemento decorativo. Rappresenta Cristo risorto, la Luce del mondo, che trionfa sulle tenebre del peccato e della morte. In questo articolo esploreremo la sua storia, il suo significato teologico &hellip;<\/p>\n","protected":false},"author":3,"featured_media":1619,"comment_status":"open","ping_status":"open","sticky":false,"template":"","format":"standard","meta":{"_seopress_robots_primary_cat":"","_seopress_titles_title":"","_seopress_titles_desc":"","_seopress_robots_index":"","footnotes":""},"categories":[52,38],"tags":[397],"class_list":["post-1618","post","type-post","status-publish","format-standard","has-post-thumbnail","","category-liturgia-e-anno-liturgico","category-storia-e-tradizione","tag-cero-pasquale"],"_links":{"self":[{"href":"https:\/\/catholicus.eu\/it\/wp-json\/wp\/v2\/posts\/1618","targetHints":{"allow":["GET"]}}],"collection":[{"href":"https:\/\/catholicus.eu\/it\/wp-json\/wp\/v2\/posts"}],"about":[{"href":"https:\/\/catholicus.eu\/it\/wp-json\/wp\/v2\/types\/post"}],"author":[{"embeddable":true,"href":"https:\/\/catholicus.eu\/it\/wp-json\/wp\/v2\/users\/3"}],"replies":[{"embeddable":true,"href":"https:\/\/catholicus.eu\/it\/wp-json\/wp\/v2\/comments?post=1618"}],"version-history":[{"count":1,"href":"https:\/\/catholicus.eu\/it\/wp-json\/wp\/v2\/posts\/1618\/revisions"}],"predecessor-version":[{"id":1620,"href":"https:\/\/catholicus.eu\/it\/wp-json\/wp\/v2\/posts\/1618\/revisions\/1620"}],"wp:featuredmedia":[{"embeddable":true,"href":"https:\/\/catholicus.eu\/it\/wp-json\/wp\/v2\/media\/1619"}],"wp:attachment":[{"href":"https:\/\/catholicus.eu\/it\/wp-json\/wp\/v2\/media?parent=1618"}],"wp:term":[{"taxonomy":"category","embeddable":true,"href":"https:\/\/catholicus.eu\/it\/wp-json\/wp\/v2\/categories?post=1618"},{"taxonomy":"post_tag","embeddable":true,"href":"https:\/\/catholicus.eu\/it\/wp-json\/wp\/v2\/tags?post=1618"}],"curies":[{"name":"wp","href":"https:\/\/api.w.org\/{rel}","templated":true}]}}