{"id":1414,"date":"2024-11-22T00:12:40","date_gmt":"2024-11-21T23:12:40","guid":{"rendered":"https:\/\/catholicus.eu\/it\/?p=1414"},"modified":"2024-11-22T00:12:40","modified_gmt":"2024-11-21T23:12:40","slug":"educazione-cattolica-limportanza-di-formare-cuore-e-mente","status":"publish","type":"post","link":"https:\/\/catholicus.eu\/it\/educazione-cattolica-limportanza-di-formare-cuore-e-mente\/","title":{"rendered":"Educazione cattolica: L&#8217;importanza di formare cuore e mente"},"content":{"rendered":"\n<p>L&#8217;educazione cattolica \u00e8 stata, fin dai primi secoli del cristianesimo, una pietra angolare per trasmettere la fede e promuovere il bene comune. In un mondo sempre pi\u00f9 secolarizzato, in cui i valori e i principi cristiani sono spesso marginalizzati, la formazione integrale delle persone \u2013 nel cuore e nella mente \u2013 \u00e8 pi\u00f9 urgente che mai. Ma cosa significa davvero educazione cattolica? Perch\u00e9 \u00e8 cos\u00ec vitale e come pu\u00f2 trasformare non solo gli individui, ma anche le famiglie, le comunit\u00e0 e le societ\u00e0 intere?<\/p>\n\n\n\n<h2 class=\"wp-block-heading\"><strong>Uno sguardo storico sull&#8217;educazione cattolica<\/strong><\/h2>\n\n\n\n<p>Sin dalle sue origini, la Chiesa \u00e8 stata una grande promotrice dell&#8217;educazione. I primi monasteri medievali non erano solo centri spirituali, ma anche luoghi di attivit\u00e0 culturale ed educativa. Qui venivano copiati manoscritti e studiati teologia, filosofia, letteratura classica e scienze. Con il tempo, le prime universit\u00e0 cattoliche, come quelle di Bologna, Parigi e Salamanca, hanno gettato le basi del pensiero moderno.<\/p>\n\n\n\n<p>In America Latina, ordini religiosi come i Gesuiti, i Francescani e i Domenicani hanno guidato l&#8217;evangelizzazione attraverso l&#8217;educazione, fondando scuole e universit\u00e0 che rimangono influenti ancora oggi. Questo patrimonio storico dimostra che la Chiesa ha sempre cercato non solo di trasmettere conoscenze, ma anche di formare persone integrali: esseri umani capaci di amare Dio, servire gli altri e contribuire allo sviluppo del mondo.<\/p>\n\n\n\n<h2 class=\"wp-block-heading\"><strong>La dimensione teologica: educare come atto d&#8217;amore<\/strong><\/h2>\n\n\n\n<p>Da una prospettiva teologica, l&#8217;educazione non \u00e8 solo trasmissione di fatti o competenze. \u00c8 un atto d&#8217;amore che mira a condurre ogni persona alla pienezza della sua umanit\u00e0 in Cristo. Il <em>Catechismo della Chiesa Cattolica<\/em> (n. 2221) afferma che &#8220;l&#8217;educazione \u00e8 un dovere primario dei genitori&#8221;, chiamati a insegnare ai loro figli ad amare Dio e il prossimo, coltivando sia le virt\u00f9 morali che quelle intellettuali.<\/p>\n\n\n\n<p>San Giovanni Paolo II ha approfondito questa idea affermando che &#8220;l&#8217;educazione non pu\u00f2 limitarsi alla trasmissione di conoscenze; deve formare cuori capaci di amare, menti aperte alla verit\u00e0 e volont\u00e0 orientate al bene&#8221;. In questo senso, educare rispecchia l&#8217;atto creativo di Dio, che forma l&#8217;essere umano affinch\u00e9 possa conoscerlo, amarlo e servirlo.<\/p>\n\n\n\n<h3 class=\"wp-block-heading\"><strong>Cuore e mente: dimensioni inseparabili<\/strong><\/h3>\n\n\n\n<p>L&#8217;educazione cattolica sottolinea la formazione integrale dell&#8217;essere umano: corpo, anima e spirito. Ci\u00f2 comporta prendersi cura sia dello sviluppo intellettuale che della crescita spirituale ed emotiva.<\/p>\n\n\n\n<ul class=\"wp-block-list\">\n<li><strong>Formazione del cuore:<\/strong> Significa coltivare la virt\u00f9, l&#8217;empatia, l&#8217;amore per gli altri e il desiderio di servire il prossimo. Questo si realizza promuovendo valori cristiani come la carit\u00e0, la giustizia e la solidariet\u00e0.<\/li>\n\n\n\n<li><strong>Formazione della mente:<\/strong> Consiste nel cercare la verit\u00e0 attraverso lo studio e la riflessione. La Chiesa insegna che fede e ragione non sono opposte, ma complementari. Come affermava San Tommaso d&#8217;Aquino: &#8220;La verit\u00e0 \u00e8 una, anche se osservata da diverse prospettive&#8221;.<\/li>\n<\/ul>\n\n\n\n<p>Quando queste due dimensioni si sviluppano insieme, si raggiunge un&#8217;armonia che permette alle persone di vivere autenticamente la propria fede e contribuire al bene comune.<\/p>\n\n\n\n<h2 class=\"wp-block-heading\"><strong>Il contesto attuale: sfide e opportunit\u00e0<\/strong><\/h2>\n\n\n\n<p>Nel XXI secolo, l&#8217;educazione cattolica affronta numerose sfide, tra cui:<\/p>\n\n\n\n<ol class=\"wp-block-list\">\n<li><strong>Secolarizzazione:<\/strong> Molte scuole e universit\u00e0, anche quelle di fondazione cattolica, si sentono costrette ad abbandonare i loro principi per conformarsi agli standard culturali secolari.<\/li>\n\n\n\n<li><strong>Relativismo morale:<\/strong> In un mondo che promuove una filosofia del &#8220;vivi e lascia vivere&#8221;, valori assoluti come il bene, la verit\u00e0 e la bellezza vengono spesso respinti.<\/li>\n\n\n\n<li><strong>Tecnologia e social media:<\/strong> Pur offrendo opportunit\u00e0 di evangelizzazione, espongono anche bambini e giovani a contenuti che possono distorcere la loro visione del mondo e di s\u00e9 stessi.<\/li>\n<\/ol>\n\n\n\n<p>Tuttavia, queste sfide rappresentano anche opportunit\u00e0. L&#8217;educazione cattolica pu\u00f2 offrire una visione alternativa, fondata sulla dignit\u00e0 della persona, sul rispetto per la creazione e sulla speranza cristiana.<\/p>\n\n\n\n<h2 class=\"wp-block-heading\"><strong>Applicazioni pratiche: vivere l&#8217;educazione cattolica nella vita quotidiana<\/strong><\/h2>\n\n\n\n<p>L&#8217;educazione cattolica non si limita alle aule scolastiche; \u00e8 una missione vissuta in ogni casa, parrocchia e comunit\u00e0. Ecco alcuni modi pratici per applicarne i principi:<\/p>\n\n\n\n<ol class=\"wp-block-list\">\n<li><strong>In famiglia:<\/strong>\n<ul class=\"wp-block-list\">\n<li>Creare spazi per la preghiera e il dialogo familiare.<\/li>\n\n\n\n<li>Incoraggiare la lettura della Bibbia e la partecipazione alla vita sacramentale.<\/li>\n\n\n\n<li>Insegnare ai bambini e ai giovani il discernimento, aiutandoli a riflettere sull&#8217;impatto delle loro scelte.<\/li>\n<\/ul>\n<\/li>\n\n\n\n<li><strong>A scuola:<\/strong>\n<ul class=\"wp-block-list\">\n<li>Garantire che i programmi scolastici promuovano sia la conoscenza accademica che i valori cristiani.<\/li>\n\n\n\n<li>Favorire ambienti in cui la fede sia vissuta: attraverso celebrazioni liturgiche, attivit\u00e0 caritative e momenti di riflessione spirituale.<\/li>\n<\/ul>\n<\/li>\n\n\n\n<li><strong>Nella comunit\u00e0:<\/strong>\n<ul class=\"wp-block-list\">\n<li>Partecipare a programmi di catechesi e formazione continua per adulti.<\/li>\n\n\n\n<li>Promuovere la carit\u00e0 attraverso il volontariato e le opere di misericordia.<\/li>\n\n\n\n<li>Utilizzare i social media per condividere contenuti educativi ed evangelizzatori.<\/li>\n<\/ul>\n<\/li>\n<\/ol>\n\n\n\n<h2 class=\"wp-block-heading\"><strong>Conclusione: Formare per trasformare<\/strong><\/h2>\n\n\n\n<p>L&#8217;educazione cattolica non \u00e8 un lusso n\u00e9 un&#8217;opzione secondaria; \u00e8 una necessit\u00e0 urgente del nostro tempo. Formando cuore e mente, si seminano i semi di una societ\u00e0 pi\u00f9 giusta, solidale e orientata verso Dio. Ognuno di noi, nel proprio ruolo, \u00e8 chiamato a essere educatore: un testimone dell&#8217;amore di Cristo che guida, ispira e trasforma le vite.<\/p>\n\n\n\n<p>Come ha detto Papa Francesco: &#8220;Educare \u00e8 un atto di speranza.&#8221; Investire nella formazione integrale delle persone, specialmente delle giovani generazioni, non solo onora il nostro patrimonio come Chiesa, ma costruisce anche un futuro in cui la luce di Cristo brilla in ogni angolo del mondo.<\/p>\n","protected":false},"excerpt":{"rendered":"<p>L&#8217;educazione cattolica \u00e8 stata, fin dai primi secoli del cristianesimo, una pietra angolare per trasmettere la fede e promuovere il bene comune. In un mondo sempre pi\u00f9 secolarizzato, in cui i valori e i principi cristiani sono spesso marginalizzati, la formazione integrale delle persone \u2013 nel cuore e nella mente \u2013 \u00e8 pi\u00f9 urgente che &hellip;<\/p>\n","protected":false},"author":3,"featured_media":1415,"comment_status":"open","ping_status":"open","sticky":false,"template":"","format":"standard","meta":{"_seopress_robots_primary_cat":"","_seopress_titles_title":"","_seopress_titles_desc":"","_seopress_robots_index":"","footnotes":""},"categories":[53,39],"tags":[305],"class_list":["post-1414","post","type-post","status-publish","format-standard","has-post-thumbnail","","category-dottrina-sociale-della-chiesa","category-morale-e-vita-cristiana","tag-educazione-cattolica"],"_links":{"self":[{"href":"https:\/\/catholicus.eu\/it\/wp-json\/wp\/v2\/posts\/1414","targetHints":{"allow":["GET"]}}],"collection":[{"href":"https:\/\/catholicus.eu\/it\/wp-json\/wp\/v2\/posts"}],"about":[{"href":"https:\/\/catholicus.eu\/it\/wp-json\/wp\/v2\/types\/post"}],"author":[{"embeddable":true,"href":"https:\/\/catholicus.eu\/it\/wp-json\/wp\/v2\/users\/3"}],"replies":[{"embeddable":true,"href":"https:\/\/catholicus.eu\/it\/wp-json\/wp\/v2\/comments?post=1414"}],"version-history":[{"count":1,"href":"https:\/\/catholicus.eu\/it\/wp-json\/wp\/v2\/posts\/1414\/revisions"}],"predecessor-version":[{"id":1416,"href":"https:\/\/catholicus.eu\/it\/wp-json\/wp\/v2\/posts\/1414\/revisions\/1416"}],"wp:featuredmedia":[{"embeddable":true,"href":"https:\/\/catholicus.eu\/it\/wp-json\/wp\/v2\/media\/1415"}],"wp:attachment":[{"href":"https:\/\/catholicus.eu\/it\/wp-json\/wp\/v2\/media?parent=1414"}],"wp:term":[{"taxonomy":"category","embeddable":true,"href":"https:\/\/catholicus.eu\/it\/wp-json\/wp\/v2\/categories?post=1414"},{"taxonomy":"post_tag","embeddable":true,"href":"https:\/\/catholicus.eu\/it\/wp-json\/wp\/v2\/tags?post=1414"}],"curies":[{"name":"wp","href":"https:\/\/api.w.org\/{rel}","templated":true}]}}