{"id":1411,"date":"2024-11-21T22:28:19","date_gmt":"2024-11-21T21:28:19","guid":{"rendered":"https:\/\/catholicus.eu\/it\/?p=1411"},"modified":"2024-11-21T22:28:19","modified_gmt":"2024-11-21T21:28:19","slug":"piu-cattolicesimo-contro-la-cultura-woke-una-riflessione-profonda-e-attuale","status":"publish","type":"post","link":"https:\/\/catholicus.eu\/it\/piu-cattolicesimo-contro-la-cultura-woke-una-riflessione-profonda-e-attuale\/","title":{"rendered":"Pi\u00f9 cattolicesimo contro la cultura woke: una riflessione profonda e attuale"},"content":{"rendered":"\n<p>Negli ultimi anni, il termine <em>cultura woke<\/em> ha acquisito molta rilevanza come movimento volto a sensibilizzare e combattere le ingiustizie sociali, culturali ed economiche. Tuttavia, questo fenomeno ha anche suscitato intensi dibattiti sulle sue implicazioni, soprattutto dal punto di vista cristiano. Come dovrebbe rispondere il cattolicesimo a questa cultura? Quali sfide e opportunit\u00e0 offre questo movimento per la Chiesa e i fedeli? In questo articolo, rifletteremo dal punto di vista cattolico, esplorando come la fede possa offrire una via che resista agli eccessi ideologici della cultura woke, pur riaffermando i principi dell&#8217;Evangelo.<\/p>\n\n\n\n<hr class=\"wp-block-separator has-alpha-channel-opacity\"\/>\n\n\n\n<h2 class=\"wp-block-heading\"><strong>1. Cos&#8217;\u00e8 la cultura woke?<\/strong><\/h2>\n\n\n\n<p>Il termine <em>woke<\/em>, derivato dall&#8217;inglese <em>awake<\/em> (sveglio), si riferiva inizialmente a una consapevolezza critica delle disuguaglianze e delle oppressioni sistemiche, in particolare riguardo alla razza e alla giustizia sociale. \u00c8 nato nel contesto dei movimenti per i diritti civili e nella lotta contro il razzismo strutturale. Tuttavia, oggi il concetto si \u00e8 ampliato per includere cause come il femminismo radicale, l&#8217;ideologia di genere e la reinterpretazione dei valori tradizionali, spesso in contrasto con principi etici e religiosi profondamente radicati.<\/p>\n\n\n\n<p>Nella sua forma pi\u00f9 estrema, la cultura woke tende a polarizzare e a \u201cannullare\u201d (cancel) le voci dissidenti, promuovendo il relativismo morale e il soggettivismo etico, che sono in conflitto con le verit\u00e0 oggettive proclamate dalla fede cattolica.<\/p>\n\n\n\n<hr class=\"wp-block-separator has-alpha-channel-opacity\"\/>\n\n\n\n<h2 class=\"wp-block-heading\"><strong>2. Il cattolicesimo come risposta: Verit\u00e0 e carit\u00e0<\/strong><\/h2>\n\n\n\n<h3 class=\"wp-block-heading\"><strong>La verit\u00e0 come faro in un mondo confuso<\/strong><\/h3>\n\n\n\n<p>In un contesto in cui la cultura woke promuove spesso una <em>\u201cverit\u00e0 soggettiva\u201d<\/em> \u2014 dove ogni individuo definisce ci\u00f2 che \u00e8 moralmente giusto in base alla propria esperienza o identit\u00e0 \u2014 il cattolicesimo si erge come difensore della verit\u00e0 oggettiva, fondata sulla legge naturale e sulla rivelazione divina.<\/p>\n\n\n\n<p>Ges\u00f9 stesso ci ricorda nel Vangelo di Giovanni 14,6: <em>\u201cIo sono la via, la verit\u00e0 e la vita.\u201d<\/em> La verit\u00e0 non \u00e8 qualcosa che possiamo modellare a nostro piacimento; \u00e8 qualcosa che scopriamo e riceviamo come un dono di Dio. In questo senso, la fede cattolica offre una risposta chiara agli eccessi ideologici della cultura woke: un impegno verso la verit\u00e0 che libera e non opprime.<\/p>\n\n\n\n<h3 class=\"wp-block-heading\"><strong>La carit\u00e0 come via del dialogo<\/strong><\/h3>\n\n\n\n<p>Papa Francesco, nella sua enciclica <em>Fratelli Tutti<\/em>, sottolinea l&#8217;importanza di una cultura dell&#8217;incontro. Sebbene i cristiani siano chiamati a resistere alle ideologie che contraddicono l&#8217;Evangelo, ci\u00f2 non significa una postura di confronto. Al contrario, siamo invitati a rispondere con carit\u00e0, riconoscendo i valori legittimi che la cultura woke pu\u00f2 promuovere (come la lotta contro il razzismo o la dignit\u00e0 delle donne), pur rigettando ci\u00f2 che contraddice la verit\u00e0 rivelata.<\/p>\n\n\n\n<p>San Agostino ha riassunto questa postura con una frase immortale: <em>\u201cAma e fai ci\u00f2 che vuoi.\u201d<\/em> Ci\u00f2 significa che ogni giudizio deve essere illuminato dall&#8217;amore, che cerca il vero bene degli altri, anche quando ci\u00f2 implica dire verit\u00e0 scomode.<\/p>\n\n\n\n<hr class=\"wp-block-separator has-alpha-channel-opacity\"\/>\n\n\n\n<h2 class=\"wp-block-heading\"><strong>3. Storia: La Chiesa e le ideologie del suo tempo<\/strong><\/h2>\n\n\n\n<p>Nel corso della storia, la Chiesa cattolica \u00e8 stata confrontata con molteplici movimenti ideologici che hanno messo in discussione la sua dottrina. Dal gnosticismo nei primi secoli alla lotta contro il relativismo moderno, la Chiesa ha sempre saputo rispondere con una posizione basata sulla ragione, sulla tradizione e sulla fede.<\/p>\n\n\n\n<h3 class=\"wp-block-heading\"><strong>Il relativismo morale<\/strong><\/h3>\n\n\n\n<p>La cultura woke condivide con il relativismo morale la tendenza a negare le verit\u00e0 assolute, promuovendo l&#8217;idea che ogni individuo possa costruire la propria moralit\u00e0. Questo non \u00e8 qualcosa di nuovo: Papa Benedetto XVI ha denunciato la <em>\u201cdittatura del relativismo\u201d<\/em>, che sottopone la verit\u00e0 al desiderio individuale, creando una societ\u00e0 disorientata.<\/p>\n\n\n\n<h3 class=\"wp-block-heading\"><strong>La rivoluzione sessuale e l&#8217;ideologia di genere<\/strong><\/h3>\n\n\n\n<p>Negli ultimi decenni, la Chiesa ha difeso il concetto di antropologia cristiana contro i movimenti che cercano di ridefinire la natura umana. San Giovanni Paolo II, con la sua <em>Teologia del Corpo<\/em>, ha offerto una visione positiva e profondamente umana della sessualit\u00e0 e della dignit\u00e0 della persona, in contrasto con le visioni riduttive promosse dall&#8217;ideologia di genere.<\/p>\n\n\n\n<p>La storia mostra che, pur cambiando le ideologie, la verit\u00e0 dell&#8217;Evangelo rimane come guida costante per l&#8217;umanit\u00e0.<\/p>\n\n\n\n<hr class=\"wp-block-separator has-alpha-channel-opacity\"\/>\n\n\n\n<h2 class=\"wp-block-heading\"><strong>4. Le sfide attuali per il cattolicesimo di fronte alla cultura woke<\/strong><\/h2>\n\n\n\n<h3 class=\"wp-block-heading\"><strong>Il rischio del silenzio<\/strong><\/h3>\n\n\n\n<p>Una delle pi\u00f9 grandi tentazioni per i cattolici nell&#8217;era della cultura woke \u00e8 la paura di parlare. Viviamo in un mondo in cui le opinioni contrarie al consenso sociale vengono rapidamente etichettate come intolleranti o retrive. Tuttavia, il silenzio non \u00e8 un&#8217;opzione per i discepoli di Cristo.<\/p>\n\n\n\n<p>Ges\u00f9 ci invita a essere <em>\u201cil sale della terra\u201d<\/em> e la <em>\u201cluce del mondo\u201d<\/em> (Mt 5,13-16). Ci\u00f2 significa proclamare la verit\u00e0 con coraggio, anche quando essa \u00e8 impopolare, sempre radicati nella carit\u00e0.<\/p>\n\n\n\n<h3 class=\"wp-block-heading\"><strong>La sfida della cancel culture<\/strong><\/h3>\n\n\n\n<p>La <em>cancel culture<\/em>, che cerca di zittire coloro che non si allineano ai principi woke, contraddice la dignit\u00e0 umana e la libert\u00e0 di espressione. Come cattolici, dobbiamo difendere non solo la nostra libert\u00e0 di proclamare la verit\u00e0, ma anche il diritto di ogni persona di essere ascoltata, indipendentemente dall&#8217;impopolarit\u00e0 della sua opinione.<\/p>\n\n\n\n<h3 class=\"wp-block-heading\"><strong>Educare alla fede<\/strong><\/h3>\n\n\n\n<p>La cultura woke trova un terreno fertile in una societ\u00e0 che ha perso il contatto con la verit\u00e0 rivelata. L&#8217;evangelizzazione e la catechesi diventano essenziali. Dobbiamo formare le nuove generazioni nella fede, aiutarle a discernere le ideologie del loro tempo e equipaggiarle per vivere l&#8217;Evangelo con coraggio.<\/p>\n\n\n\n<hr class=\"wp-block-separator has-alpha-channel-opacity\"\/>\n\n\n\n<h2 class=\"wp-block-heading\"><strong>5. Applicazioni pratiche per i cattolici di oggi<\/strong><\/h2>\n\n\n\n<h3 class=\"wp-block-heading\"><strong>Discernimento con saggezza<\/strong><\/h3>\n\n\n\n<p>San Paolo ci esorta: <em>\u201cEsaminate ogni cosa e tenete ci\u00f2 che \u00e8 buono\u201d<\/em> (1 Ts 5,21). Ci\u00f2 significa che come cattolici dobbiamo affrontare la cultura woke con spirito critico, discernendo ci\u00f2 che \u00e8 in accordo con l&#8217;Evangelo e rigettando ci\u00f2 che gli \u00e8 contrario.<\/p>\n\n\n\n<h3 class=\"wp-block-heading\"><strong>Essere testimoni dell&#8217;Evangelo<\/strong><\/h3>\n\n\n\n<p>Il modo migliore per contrastare qualsiasi ideologia \u00e8 vivere autenticamente la nostra fede. Ci\u00f2 implica:<\/p>\n\n\n\n<ul class=\"wp-block-list\">\n<li><strong>Promuovere la dignit\u00e0 di ogni persona:<\/strong> Ogni essere umano, indipendentemente dalla razza, dal sesso o dalla condizione sociale, \u00e8 creato a immagine e somiglianza di Dio.<\/li>\n\n\n\n<li><strong>Difendere la famiglia:<\/strong> La cultura woke attacca spesso i valori familiari tradizionali. I cattolici sono chiamati a mostrare, con il nostro esempio, che la famiglia, fondata sul matrimonio tra un uomo e una donna, \u00e8 un cammino di amore e pienezza.<\/li>\n<\/ul>\n\n\n\n<h3 class=\"wp-block-heading\"><strong>Impegno nella societ\u00e0<\/strong><\/h3>\n\n\n\n<p>La risposta cattolica non \u00e8 quella di un ritiro dal mondo, ma di un impegno attivo per trasformarlo. Ci\u00f2 include la partecipazione ai dibattiti pubblici, la promozione di politiche giuste e, soprattutto, vivere la nostra fede con coerenza.<\/p>\n\n\n\n<hr class=\"wp-block-separator has-alpha-channel-opacity\"\/>\n\n\n\n<h2 class=\"wp-block-heading\"><strong>6. Conclusione: Pi\u00f9 cattolicesimo, pi\u00f9 Evangelo<\/strong><\/h2>\n\n\n\n<p>Affrontare la cultura woke non significa rifiutarla completamente n\u00e9 averne paura, ma dare una risposta basata sulla verit\u00e0 dell&#8217;Evangelo. La Chiesa ha una missione profetica: illuminare le tenebre di ogni epoca con la luce di Cristo. Questo richiede da noi coraggio, discernimento e amore.<\/p>\n\n\n\n<p>La cultura woke presenta sfide, ma offre anche opportunit\u00e0 per testimoniare l&#8217;Evangelo in modo vivo e attuale. Mai come oggi, il mondo ha bisogno di cattolici impegnati, che vivano la loro fede con gioia e audacia. Siamo pronti ad accogliere questa chiamata? La storia ci insegna che con Cristo, anche le sfide pi\u00f9 complesse possono essere trasformate in vie di salvezza.<\/p>\n","protected":false},"excerpt":{"rendered":"<p>Negli ultimi anni, il termine cultura woke ha acquisito molta rilevanza come movimento volto a sensibilizzare e combattere le ingiustizie sociali, culturali ed economiche. Tuttavia, questo fenomeno ha anche suscitato intensi dibattiti sulle sue implicazioni, soprattutto dal punto di vista cristiano. Come dovrebbe rispondere il cattolicesimo a questa cultura? Quali sfide e opportunit\u00e0 offre questo &hellip;<\/p>\n","protected":false},"author":3,"featured_media":1412,"comment_status":"open","ping_status":"open","sticky":false,"template":"","format":"standard","meta":{"_seopress_robots_primary_cat":"","_seopress_titles_title":"","_seopress_titles_desc":"","_seopress_robots_index":"","footnotes":""},"categories":[54,39],"tags":[297],"class_list":["post-1411","post","type-post","status-publish","format-standard","has-post-thumbnail","","category-bioetica-e-questioni-contemporanee","category-morale-e-vita-cristiana","tag-cattolicesimo"],"_links":{"self":[{"href":"https:\/\/catholicus.eu\/it\/wp-json\/wp\/v2\/posts\/1411","targetHints":{"allow":["GET"]}}],"collection":[{"href":"https:\/\/catholicus.eu\/it\/wp-json\/wp\/v2\/posts"}],"about":[{"href":"https:\/\/catholicus.eu\/it\/wp-json\/wp\/v2\/types\/post"}],"author":[{"embeddable":true,"href":"https:\/\/catholicus.eu\/it\/wp-json\/wp\/v2\/users\/3"}],"replies":[{"embeddable":true,"href":"https:\/\/catholicus.eu\/it\/wp-json\/wp\/v2\/comments?post=1411"}],"version-history":[{"count":1,"href":"https:\/\/catholicus.eu\/it\/wp-json\/wp\/v2\/posts\/1411\/revisions"}],"predecessor-version":[{"id":1413,"href":"https:\/\/catholicus.eu\/it\/wp-json\/wp\/v2\/posts\/1411\/revisions\/1413"}],"wp:featuredmedia":[{"embeddable":true,"href":"https:\/\/catholicus.eu\/it\/wp-json\/wp\/v2\/media\/1412"}],"wp:attachment":[{"href":"https:\/\/catholicus.eu\/it\/wp-json\/wp\/v2\/media?parent=1411"}],"wp:term":[{"taxonomy":"category","embeddable":true,"href":"https:\/\/catholicus.eu\/it\/wp-json\/wp\/v2\/categories?post=1411"},{"taxonomy":"post_tag","embeddable":true,"href":"https:\/\/catholicus.eu\/it\/wp-json\/wp\/v2\/tags?post=1411"}],"curies":[{"name":"wp","href":"https:\/\/api.w.org\/{rel}","templated":true}]}}