{"id":1408,"date":"2024-11-21T21:46:35","date_gmt":"2024-11-21T20:46:35","guid":{"rendered":"https:\/\/catholicus.eu\/it\/?p=1408"},"modified":"2024-11-21T21:46:35","modified_gmt":"2024-11-21T20:46:35","slug":"preghiere-per-ogni-momento-della-giornata-dal-mattino-alla-sera","status":"publish","type":"post","link":"https:\/\/catholicus.eu\/it\/preghiere-per-ogni-momento-della-giornata-dal-mattino-alla-sera\/","title":{"rendered":"Preghiere per Ogni Momento della Giornata: Dal Mattino alla Sera"},"content":{"rendered":"\n<p>Nella vita cristiana, la preghiera non \u00e8 solo un\u2019azione che compiamo, ma un dialogo continuo con Dio che permea l\u2019intera giornata. Dal momento in cui apriamo gli occhi al mattino fino a quando li chiudiamo la sera, la preghiera ci aiuta a vivere in comunione con Lui, a cercare la Sua guida e a riposare nel Suo amore. Ma come possiamo rendere la preghiera una parte integrante della nostra quotidianit\u00e0? Quali effetti ha sulla nostra relazione con Dio e sulla routine giornaliera? In questo articolo esploreremo le preghiere per ogni momento della giornata, dalle loro radici teologiche alle applicazioni pratiche nel mondo di oggi.<\/p>\n\n\n\n<hr class=\"wp-block-separator has-alpha-channel-opacity\"\/>\n\n\n\n<h2 class=\"wp-block-heading\"><strong>Il Mattino: Iniziare la Giornata con Dio<\/strong><\/h2>\n\n\n\n<h3 class=\"wp-block-heading\"><strong>Il Significato della Preghiera del Mattino<\/strong><\/h3>\n\n\n\n<p>La tradizione cristiana ha sempre considerato il mattino un momento privilegiato per connettersi a Dio. Nel Salmo 5,4 leggiamo: <em>\u00abAl mattino ascolta la mia voce; al mattino ti espongo la mia preghiera e resto in attesa.\u00bb<\/em> Questo versetto ci ricorda che l\u2019inizio della giornata \u00e8 il momento ideale per affidare le nostre attivit\u00e0 al Signore e chiedere la Sua protezione e guida.<\/p>\n\n\n\n<p>Dal punto di vista teologico, la preghiera del mattino ci invita a riconoscere che tutto ci\u00f2 che siamo e facciamo viene da Dio. Sant\u2019Ignazio di Loyola, nella sua spiritualit\u00e0 ignaziana, ci esorta a &#8220;trovare Dio in tutte le cose&#8221;, e iniziare la giornata con la preghiera ci prepara a vivere questa realt\u00e0.<\/p>\n\n\n\n<h3 class=\"wp-block-heading\"><strong>Esempio di Preghiera del Mattino<\/strong><\/h3>\n\n\n\n<p>Una preghiera semplice ma profonda per il mattino potrebbe essere:<\/p>\n\n\n\n<blockquote class=\"wp-block-quote is-layout-flow wp-block-quote-is-layout-flow\">\n<p>Signore, ti rendo grazie per questo nuovo giorno, per il dono della vita e per le opportunit\u00e0 che porter\u00e0. Guidami con la tua luce, donami saggezza per prendere le decisioni giuste e aiutami a vivere secondo la tua volont\u00e0. Amen.<\/p>\n<\/blockquote>\n\n\n\n<h4 class=\"wp-block-heading\"><strong>Applicazioni Pratiche<\/strong><\/h4>\n\n\n\n<ul class=\"wp-block-list\">\n<li><strong>Rituale Mattutino<\/strong>: Dedica cinque minuti alla preghiera prima di guardare il telefono o iniziare le attivit\u00e0.<\/li>\n\n\n\n<li><strong>La Parola di Dio<\/strong>: Leggi un breve passo del Vangelo e rifletti su come applicarlo durante la giornata.<\/li>\n\n\n\n<li><strong>Offerta del Mattino<\/strong>: La tradizionale preghiera di offerta \u00e8 un bellissimo impegno per vivere la giornata come un atto d\u2019amore verso Dio.<\/li>\n<\/ul>\n\n\n\n<hr class=\"wp-block-separator has-alpha-channel-opacity\"\/>\n\n\n\n<h2 class=\"wp-block-heading\"><strong>Il Mezzogiorno: Rinfrescare l\u2019Anima<\/strong><\/h2>\n\n\n\n<h3 class=\"wp-block-heading\"><strong>Perch\u00e9 Pregare a Mezzogiorno<\/strong><\/h3>\n\n\n\n<p>Nel bel mezzo della frenesia della giornata, \u00e8 facile perdere di vista la nostra connessione con Dio. Tuttavia, la preghiera a mezzogiorno ci aiuta a ritrovare il centro in Lui e a trovare un riposo spirituale. Lo stesso Ges\u00f9 si ritirava frequentemente a pregare durante il giorno (Luca 5,16).<\/p>\n\n\n\n<p>La Chiesa, nella sua saggezza, propone l\u2019<em>Ora Sesta<\/em> come parte della Liturgia delle Ore, invitandoci a ricordare il sacrificio di Cristo anche in mezzo ai nostri impegni.<\/p>\n\n\n\n<h3 class=\"wp-block-heading\"><strong>Esempio di Preghiera di Mezzogiorno<\/strong><\/h3>\n\n\n\n<p>Una preghiera per il mezzogiorno potrebbe essere:<\/p>\n\n\n\n<blockquote class=\"wp-block-quote is-layout-flow wp-block-quote-is-layout-flow\">\n<p>Signore, nel bel mezzo di questa giornata ti offro tutto ci\u00f2 che ho vissuto finora: i miei successi, le mie lotte e le mie preoccupazioni. Rinnova le mie forze per continuare e aiutami a ricordare che tutto ci\u00f2 che faccio \u00e8 per la tua gloria. Amen.<\/p>\n<\/blockquote>\n\n\n\n<h4 class=\"wp-block-heading\"><strong>Applicazioni Pratiche<\/strong><\/h4>\n\n\n\n<ul class=\"wp-block-list\">\n<li><strong>Un Minuto di Silenzio<\/strong>: Trova un luogo tranquillo per dedicare un minuto alla preghiera.<\/li>\n\n\n\n<li><strong>Angelus<\/strong>: Recita questa antica preghiera mariana per onorare l\u2019Incarnazione.<\/li>\n\n\n\n<li><strong>Riconoscenza in Movimento<\/strong>: Se non puoi fermarti, recita mentalmente una breve invocazione come &#8220;Ges\u00f9, confido in te&#8221; mentre cammini o lavori.<\/li>\n<\/ul>\n\n\n\n<hr class=\"wp-block-separator has-alpha-channel-opacity\"\/>\n\n\n\n<h2 class=\"wp-block-heading\"><strong>Il Pomeriggio: Riflessione e Gratitudine<\/strong><\/h2>\n\n\n\n<h3 class=\"wp-block-heading\"><strong>La Dimensione Teologica della Preghiera della Sera<\/strong><\/h3>\n\n\n\n<p>Quando il pomeriggio volge al termine, \u00e8 naturale riflettere sulla giornata che si chiude. Nella tradizione cristiana, la preghiera serale \u00e8 associata al sacrificio vespertino nel Tempio ebraico e, successivamente, ai Vespri nella Liturgia delle Ore.<\/p>\n\n\n\n<p>\u00c8 un momento opportuno per ringraziare Dio per le benedizioni ricevute e chiedere perdono per gli errori commessi. Serve anche come promemoria che ogni giorno che passa ci avvicina al nostro obiettivo finale: l\u2019unione eterna con Dio.<\/p>\n\n\n\n<h3 class=\"wp-block-heading\"><strong>Esempio di Preghiera della Sera<\/strong><\/h3>\n\n\n\n<p>Una preghiera per la fine del pomeriggio potrebbe essere:<\/p>\n\n\n\n<blockquote class=\"wp-block-quote is-layout-flow wp-block-quote-is-layout-flow\">\n<p>Grazie, Signore, per questa giornata che volge al termine. Perdonami per i miei errori e aiutami a imparare da essi. Ti offro tutto ci\u00f2 che ho vissuto, confidando che trasformerai tutto per il bene mio e degli altri. Amen.<\/p>\n<\/blockquote>\n\n\n\n<h4 class=\"wp-block-heading\"><strong>Applicazioni Pratiche<\/strong><\/h4>\n\n\n\n<ul class=\"wp-block-list\">\n<li><strong>Esame di Coscienza<\/strong>: Pratica il metodo di Sant\u2019Ignazio di Loyola, passando in rassegna la tua giornata con gratitudine e chiedendo aiuto per migliorare.<\/li>\n\n\n\n<li><strong>Ringraziamento in Famiglia<\/strong>: Se sei con la tua famiglia, prenditi un momento per condividere con loro ci\u00f2 per cui ciascuno \u00e8 grato a Dio.<\/li>\n<\/ul>\n\n\n\n<hr class=\"wp-block-separator has-alpha-channel-opacity\"\/>\n\n\n\n<h2 class=\"wp-block-heading\"><strong>La Notte: Riposare nella Pace di Dio<\/strong><\/h2>\n\n\n\n<h3 class=\"wp-block-heading\"><strong>L\u2019Importanza della Preghiera Notturna<\/strong><\/h3>\n\n\n\n<p>Prima di dormire, la preghiera ci aiuta a consegnare le nostre preoccupazioni al Signore, ricordando la Sua promessa nel Salmo 4,9: <em>\u00abIn pace mi corico e subito mi addormento: tu solo, Signore, al sicuro mi fai riposare.\u00bb<\/em><\/p>\n\n\n\n<p>La tradizione della Compieta nella Liturgia delle Ore include un bell\u2019invito a chiedere la protezione di Dio durante il riposo, simbolizzando anche la nostra speranza nella vita eterna.<\/p>\n\n\n\n<h3 class=\"wp-block-heading\"><strong>Esempio di Preghiera Notturna<\/strong><\/h3>\n\n\n\n<p>Una preghiera semplice per concludere la giornata:<\/p>\n\n\n\n<blockquote class=\"wp-block-quote is-layout-flow wp-block-quote-is-layout-flow\">\n<p>Padre celeste, affido a te il mio riposo e la mia vita. Grazie per tutto ci\u00f2 che mi hai dato oggi, per le sfide e le gioie. Proteggimi questa notte e riempi il mio cuore della tua pace. Amen.<\/p>\n<\/blockquote>\n\n\n\n<h4 class=\"wp-block-heading\"><strong>Applicazioni Pratiche<\/strong><\/h4>\n\n\n\n<ul class=\"wp-block-list\">\n<li><strong>Pregare in Famiglia<\/strong>: Prima di dormire, riunisciti con la tua famiglia per pregare insieme.<\/li>\n\n\n\n<li><strong>Lettura Spirituale<\/strong>: Leggi un breve passo di un santo o un salmo su cui riflettere.<\/li>\n\n\n\n<li><strong>Rituale di Preghiera Personale<\/strong>: Crea un momento di calma nella tua stanza per pregare e meditare.<\/li>\n<\/ul>\n\n\n\n<hr class=\"wp-block-separator has-alpha-channel-opacity\"\/>\n\n\n\n<h2 class=\"wp-block-heading\"><strong>Pregare Sempre: Un Cuore Sempre nella Presenza di Dio<\/strong><\/h2>\n\n\n\n<p>San Paolo ci esorta in 1 Tessalonicesi 5,17: <em>\u00abPregate ininterrottamente.\u00bb<\/em> Questo non significa necessariamente pregare formalmente in ogni momento, ma mantenere un atteggiamento di apertura e di dialogo costante con Dio.<\/p>\n\n\n\n<p>Alcuni modi pratici per farlo:<\/p>\n\n\n\n<ul class=\"wp-block-list\">\n<li><strong>Invocazioni Brevi<\/strong>: Preghiere brevi che puoi ripetere durante la giornata, come &#8220;Signore, donami la tua pace&#8221; o &#8220;Ges\u00f9, Figlio di Dio, abbi piet\u00e0 di me&#8221;.<\/li>\n\n\n\n<li><strong>Musica Cristiana<\/strong>: Ascolta inni o canti spirituali mentre lavori o guidi.<\/li>\n\n\n\n<li><strong>Promemoria Visivi<\/strong>: Colloca una croce o un\u2019immagine nello spazio in cui lavori come promemoria della presenza di Dio.<\/li>\n<\/ul>\n\n\n\n<hr class=\"wp-block-separator has-alpha-channel-opacity\"\/>\n\n\n\n<h2 class=\"wp-block-heading\"><strong>Conclusione<\/strong><\/h2>\n\n\n\n<p>La preghiera \u00e8 pi\u00f9 che parole; \u00e8 una relazione viva con il Creatore che trasforma la nostra giornata e la nostra vita. Dal fresco del mattino alla serenit\u00e0 della notte, pregare in ogni momento ci riempie di senso, pace e gratitudine. Come il sole illumina il nostro giorno, cos\u00ec la preghiera illumina la nostra anima, ricordandoci che non siamo mai soli.<\/p>\n\n\n\n<p>Che questa guida possa ispirarti a trovare il tuo ritmo di preghiera, adattandolo alle tue esigenze e circostanze. Dio \u00e8 sempre disponibile, in attesa di ascoltare la tua voce in ogni momento. Quale modo migliore di vivere, se non camminare mano nella mano con Lui, dal mattino alla sera?<\/p>\n","protected":false},"excerpt":{"rendered":"<p>Nella vita cristiana, la preghiera non \u00e8 solo un\u2019azione che compiamo, ma un dialogo continuo con Dio che permea l\u2019intera giornata. Dal momento in cui apriamo gli occhi al mattino fino a quando li chiudiamo la sera, la preghiera ci aiuta a vivere in comunione con Lui, a cercare la Sua guida e a riposare &hellip;<\/p>\n","protected":false},"author":3,"featured_media":1409,"comment_status":"open","ping_status":"open","sticky":false,"template":"","format":"standard","meta":{"_seopress_robots_primary_cat":"","_seopress_titles_title":"","_seopress_titles_desc":"","_seopress_robots_index":"","footnotes":""},"categories":[40,58],"tags":[304],"class_list":["post-1408","post","type-post","status-publish","format-standard","has-post-thumbnail","","category-preghiera-e-spiritualita","category-preghiera-e-vita-spirituale","tag-preghiere"],"_links":{"self":[{"href":"https:\/\/catholicus.eu\/it\/wp-json\/wp\/v2\/posts\/1408","targetHints":{"allow":["GET"]}}],"collection":[{"href":"https:\/\/catholicus.eu\/it\/wp-json\/wp\/v2\/posts"}],"about":[{"href":"https:\/\/catholicus.eu\/it\/wp-json\/wp\/v2\/types\/post"}],"author":[{"embeddable":true,"href":"https:\/\/catholicus.eu\/it\/wp-json\/wp\/v2\/users\/3"}],"replies":[{"embeddable":true,"href":"https:\/\/catholicus.eu\/it\/wp-json\/wp\/v2\/comments?post=1408"}],"version-history":[{"count":1,"href":"https:\/\/catholicus.eu\/it\/wp-json\/wp\/v2\/posts\/1408\/revisions"}],"predecessor-version":[{"id":1410,"href":"https:\/\/catholicus.eu\/it\/wp-json\/wp\/v2\/posts\/1408\/revisions\/1410"}],"wp:featuredmedia":[{"embeddable":true,"href":"https:\/\/catholicus.eu\/it\/wp-json\/wp\/v2\/media\/1409"}],"wp:attachment":[{"href":"https:\/\/catholicus.eu\/it\/wp-json\/wp\/v2\/media?parent=1408"}],"wp:term":[{"taxonomy":"category","embeddable":true,"href":"https:\/\/catholicus.eu\/it\/wp-json\/wp\/v2\/categories?post=1408"},{"taxonomy":"post_tag","embeddable":true,"href":"https:\/\/catholicus.eu\/it\/wp-json\/wp\/v2\/tags?post=1408"}],"curies":[{"name":"wp","href":"https:\/\/api.w.org\/{rel}","templated":true}]}}