{"id":1405,"date":"2024-11-21T16:24:45","date_gmt":"2024-11-21T15:24:45","guid":{"rendered":"https:\/\/catholicus.eu\/it\/?p=1405"},"modified":"2024-11-21T16:24:45","modified_gmt":"2024-11-21T15:24:45","slug":"i-mercanti-nel-tempio-significato-teologico-rilevanza-spirituale-e-riflessioni-contemporanee","status":"publish","type":"post","link":"https:\/\/catholicus.eu\/it\/i-mercanti-nel-tempio-significato-teologico-rilevanza-spirituale-e-riflessioni-contemporanee\/","title":{"rendered":"I mercanti nel tempio: Significato teologico, rilevanza spirituale e riflessioni contemporanee"},"content":{"rendered":"\n<h2 class=\"wp-block-heading\"><strong>Introduzione: Lo zelo per la casa di Dio<\/strong><\/h2>\n\n\n\n<p>Una delle scene pi\u00f9 impressionanti dei Vangeli \u00e8 quella in cui Ges\u00f9 scaccia i mercanti e i cambiavalute dal tempio di Gerusalemme. Questo episodio, narrato da tutti e quattro gli evangelisti (Matteo 21,12-13; Marco 11,15-17; Luca 19,45-46; Giovanni 2,13-16), viene spesso interpretato come un&#8217;espressione dell&#8217;indignazione divina di fronte alla profanazione di un luogo sacro. Tuttavia, questo gesto va oltre una reazione impulsiva: racchiude un profondo insegnamento sulla vera adorazione, sullo zelo per la santit\u00e0 e sulla purezza del cuore umano come dimora di Dio.<\/p>\n\n\n\n<p>Questo passaggio della Scrittura conserva una grande attualit\u00e0 anche oggi. Ci invita a riflettere sul posto che Dio occupa nella nostra vita, sull\u2019autenticit\u00e0 della nostra fede e sulla lotta contro la tentazione di ridurre la nostra relazione con Lui a un formalismo o a una pratica superficiale. Questo articolo esplora il significato teologico, storico e spirituale di questo episodio, offrendo riflessioni pratiche per applicarlo nella vita quotidiana.<\/p>\n\n\n\n<hr class=\"wp-block-separator has-alpha-channel-opacity\"\/>\n\n\n\n<h2 class=\"wp-block-heading\"><strong>Contesto storico e biblico: La purificazione del tempio<\/strong><\/h2>\n\n\n\n<p>Ai tempi di Ges\u00f9, il tempio di Gerusalemme era il centro della vita religiosa ebraica. Era il luogo in cui venivano offerti sacrifici e dove i fedeli si recavano per pregare e cercare la presenza di Dio. Durante le grandi feste, come la Pasqua, migliaia di pellegrini arrivavano al tempio da tutte le regioni del mondo. Per facilitare i sacrifici, i mercanti vendevano animali, e i cambiavalute scambiavano le monete locali con quelle accettate per pagare la tassa del tempio, poich\u00e9 le monete romane con l&#8217;effigie di Cesare erano considerate impure.<\/p>\n\n\n\n<p>Sebbene queste attivit\u00e0 avessero uno scopo pratico, col tempo si trasformarono in un commercio lucroso che profanava la santit\u00e0 del luogo. Secondo i racconti evangelici, Ges\u00f9, entrando nel tempio e vedendo questa situazione, fu preso da un profondo zelo e proclam\u00f2: <em>\u00abLa mia casa sar\u00e0 chiamata casa di preghiera, ma voi ne fate un covo di ladri\u00bb<\/em> (Matteo 21,13). Armato di una frusta, rovesci\u00f2 i tavoli dei cambiavalute e scacci\u00f2 i mercanti, dichiarando che il tempio doveva restare un luogo sacro.<\/p>\n\n\n\n<p>Questo gesto non denuncia soltanto la corruzione economica, ma simboleggia anche la necessit\u00e0 di una purificazione spirituale. Ges\u00f9 critica la mercificazione del tempio e annuncia la fine del culto antico, inaugurando una nuova relazione con Dio, centrata sul cuore umano come tempio dello Spirito Santo.<\/p>\n\n\n\n<hr class=\"wp-block-separator has-alpha-channel-opacity\"\/>\n\n\n\n<h2 class=\"wp-block-heading\"><strong>Rilevanza teologica: La vera adorazione<\/strong><\/h2>\n\n\n\n<h3 class=\"wp-block-heading\"><strong>Il tempio come luogo sacro<\/strong><\/h3>\n\n\n\n<p>Nella teologia ebraica, il tempio di Gerusalemme era il luogo in cui risiedeva la presenza di Dio, la <em>Shekinah<\/em>. Con la venuta di Cristo, questa concezione si amplia. Ges\u00f9 si presenta come il vero tempio: <em>\u00abDistruggete questo tempio, e in tre giorni lo far\u00f2 risorgere\u00bb<\/em> (Giovanni 2,19). Qui Ges\u00f9 parla del suo corpo, indicando che il centro del culto non \u00e8 pi\u00f9 un edificio, ma Lui stesso, che riconcilia l\u2019umanit\u00e0 con il Padre.<\/p>\n\n\n\n<h3 class=\"wp-block-heading\"><strong>Il tempio del cuore<\/strong><\/h3>\n\n\n\n<p>San Paolo riprende questa idea nelle sue lettere, affermando che i cristiani sono templi dello Spirito Santo (1 Corinzi 6,19). Cos\u00ec, l&#8217;episodio dei mercanti nel tempio diventa un invito alla purificazione interiore. Non basta frequentare un luogo di culto fisico; bisogna purificare il cuore da tutto ci\u00f2 che ci allontana da Dio: il peccato, l\u2019avidit\u00e0, l\u2019ipocrisia e le distrazioni mondane.<\/p>\n\n\n\n<h3 class=\"wp-block-heading\"><strong>Lo zelo per la santit\u00e0<\/strong><\/h3>\n\n\n\n<p>Lo zelo di Ges\u00f9 per il tempio riflette l\u2019amore appassionato di Dio per il suo popolo. Questo zelo non \u00e8 una rabbia incontrollata, ma un\u2019espressione del suo desiderio che l\u2019umanit\u00e0 viva nella pienezza, libera da ci\u00f2 che offusca la sua dignit\u00e0 di figli di Dio.<\/p>\n\n\n\n<hr class=\"wp-block-separator has-alpha-channel-opacity\"\/>\n\n\n\n<h2 class=\"wp-block-heading\"><strong>Applicazioni pratiche: Purificare il tempio della nostra vita<\/strong><\/h2>\n\n\n\n<h3 class=\"wp-block-heading\"><strong>1. Esaminare le nostre priorit\u00e0<\/strong><\/h3>\n\n\n\n<p>L\u2019episodio dei mercanti nel tempio ci invita a chiederci se gli interessi materiali hanno preso il posto che spetta a Dio nella nostra vita. Dedichiamo tempo alla preghiera e all\u2019adorazione, o siamo assorbiti dal lavoro, dal consumismo o dalle preoccupazioni mondane?<\/p>\n\n\n\n<p><strong>Esempio pratico:<\/strong> Riservare un momento quotidiano alla preghiera, anche breve, per riaffermare che Dio \u00e8 la nostra priorit\u00e0.<\/p>\n\n\n\n<h3 class=\"wp-block-heading\"><strong>2. Combattere la corruzione interiore<\/strong><\/h3>\n\n\n\n<p>Proprio come Ges\u00f9 ha scacciato i mercanti dal tempio, siamo chiamati a identificare ed eliminare i &#8220;mercanti&#8221; che occupano il nostro cuore. Potrebbero essere vizi, rancori, egoismi o qualsiasi atteggiamento che ci allontana dalla santit\u00e0.<\/p>\n\n\n\n<p><strong>Esempio pratico:<\/strong> Fare regolarmente un esame di coscienza e ricorrere al sacramento della Riconciliazione come mezzo di purificazione.<\/p>\n\n\n\n<h3 class=\"wp-block-heading\"><strong>3. Promuovere la sacralit\u00e0 dei luoghi di culto<\/strong><\/h3>\n\n\n\n<p>Questo passaggio ci ricorda anche l&#8217;importanza di rispettare le nostre chiese come luoghi sacri. Non sono semplici auditorium o sale sociali, ma luoghi di incontro con Dio.<\/p>\n\n\n\n<p><strong>Esempio pratico:<\/strong> Favorire il silenzio, la riverenza e la partecipazione attiva alla liturgia.<\/p>\n\n\n\n<hr class=\"wp-block-separator has-alpha-channel-opacity\"\/>\n\n\n\n<h2 class=\"wp-block-heading\"><strong>Riflessione contemporanea: Il tempio nel mondo moderno<\/strong><\/h2>\n\n\n\n<p>Nella nostra societ\u00e0 odierna, in cui quasi tutto sembra mercificato, l\u2019insegnamento di Ges\u00f9 rimane una sfida. La commercializzazione della vita si estende anche a sfere sacre come la famiglia, la comunit\u00e0 e la fede. Ad esempio, i social media, sebbene utili per l\u2019evangelizzazione, possono diventare un mercato dove cerchiamo l\u2019approvazione degli altri invece di cercare Dio.<\/p>\n\n\n\n<p>Il messaggio di Ges\u00f9 ci invita a resistere a questa tendenza. Egli ci chiama a essere testimoni di una fede autentica, non contaminata da interessi egoistici. Ci\u00f2 implica vivere con integrit\u00e0, promuovendo la giustizia, la solidariet\u00e0 e la carit\u00e0 in un mondo dominato dalla cultura individualista.<\/p>\n\n\n\n<p><strong>Esempio contemporaneo:<\/strong> Usare i social media non per cercare gloria o riconoscimento, ma per condividere valori cristiani e favorire un dialogo rispettoso.<\/p>\n\n\n\n<hr class=\"wp-block-separator has-alpha-channel-opacity\"\/>\n\n\n\n<h2 class=\"wp-block-heading\"><strong>Conclusione: Una casa di preghiera per tutti<\/strong><\/h2>\n\n\n\n<p>L\u2019episodio dei mercanti nel tempio ci ricorda che Dio desidera abitare un luogo puro e santo: il nostro cuore. Questo passaggio ci chiama non solo a una conversione personale, ma anche a lavorare per una societ\u00e0 pi\u00f9 giusta, in cui il sacro non venga profanato da interessi mondani.<\/p>\n\n\n\n<p>L\u2019invito di Ges\u00f9 \u00e8 chiaro: purifichiamo il nostro cuore e restauriamo la centralit\u00e0 di Dio nella nostra vita. Cos\u00ec facendo, trasformiamo non solo il nostro rapporto con Lui, ma contribuiamo anche a rendere il mondo un riflesso pi\u00f9 perfetto del suo Regno. Che lo zelo di Ges\u00f9 per il tempio ispiri in noi il desiderio di vivere con autenticit\u00e0 e amore, facendo della nostra vita una vera casa di preghiera per tutte le nazioni.<\/p>\n","protected":false},"excerpt":{"rendered":"<p>Introduzione: Lo zelo per la casa di Dio Una delle scene pi\u00f9 impressionanti dei Vangeli \u00e8 quella in cui Ges\u00f9 scaccia i mercanti e i cambiavalute dal tempio di Gerusalemme. Questo episodio, narrato da tutti e quattro gli evangelisti (Matteo 21,12-13; Marco 11,15-17; Luca 19,45-46; Giovanni 2,13-16), viene spesso interpretato come un&#8217;espressione dell&#8217;indignazione divina di &hellip;<\/p>\n","protected":false},"author":3,"featured_media":1406,"comment_status":"open","ping_status":"open","sticky":false,"template":"","format":"standard","meta":{"_seopress_robots_primary_cat":"","_seopress_titles_title":"","_seopress_titles_desc":"","_seopress_robots_index":"","footnotes":""},"categories":[37,45],"tags":[303],"class_list":["post-1405","post","type-post","status-publish","format-standard","has-post-thumbnail","","category-dottrina-e-fede","category-sacra-scrittura","tag-mercanti-nel-tempio"],"_links":{"self":[{"href":"https:\/\/catholicus.eu\/it\/wp-json\/wp\/v2\/posts\/1405","targetHints":{"allow":["GET"]}}],"collection":[{"href":"https:\/\/catholicus.eu\/it\/wp-json\/wp\/v2\/posts"}],"about":[{"href":"https:\/\/catholicus.eu\/it\/wp-json\/wp\/v2\/types\/post"}],"author":[{"embeddable":true,"href":"https:\/\/catholicus.eu\/it\/wp-json\/wp\/v2\/users\/3"}],"replies":[{"embeddable":true,"href":"https:\/\/catholicus.eu\/it\/wp-json\/wp\/v2\/comments?post=1405"}],"version-history":[{"count":1,"href":"https:\/\/catholicus.eu\/it\/wp-json\/wp\/v2\/posts\/1405\/revisions"}],"predecessor-version":[{"id":1407,"href":"https:\/\/catholicus.eu\/it\/wp-json\/wp\/v2\/posts\/1405\/revisions\/1407"}],"wp:featuredmedia":[{"embeddable":true,"href":"https:\/\/catholicus.eu\/it\/wp-json\/wp\/v2\/media\/1406"}],"wp:attachment":[{"href":"https:\/\/catholicus.eu\/it\/wp-json\/wp\/v2\/media?parent=1405"}],"wp:term":[{"taxonomy":"category","embeddable":true,"href":"https:\/\/catholicus.eu\/it\/wp-json\/wp\/v2\/categories?post=1405"},{"taxonomy":"post_tag","embeddable":true,"href":"https:\/\/catholicus.eu\/it\/wp-json\/wp\/v2\/tags?post=1405"}],"curies":[{"name":"wp","href":"https:\/\/api.w.org\/{rel}","templated":true}]}}