{"id":1288,"date":"2024-11-12T23:11:41","date_gmt":"2024-11-12T22:11:41","guid":{"rendered":"https:\/\/catholicus.eu\/it\/?p=1288"},"modified":"2024-11-12T23:11:41","modified_gmt":"2024-11-12T22:11:41","slug":"la-fede-puo-arricchire-il-pensiero-critico-unesplorazione-filosofica","status":"publish","type":"post","link":"https:\/\/catholicus.eu\/it\/la-fede-puo-arricchire-il-pensiero-critico-unesplorazione-filosofica\/","title":{"rendered":"La Fede pu\u00f2 Arricchire il Pensiero Critico? Un\u2019Esplorazione Filosofica"},"content":{"rendered":"\n<p>In un mondo sempre pi\u00f9 polarizzato e complesso, spesso ci si chiede quale valore possa avere la fede nello sviluppo di un pensiero critico e razionale. Nella tradizione cattolica, la fede non \u00e8 solo un atto di impegno spirituale, ma anche un mezzo di crescita personale e di ricerca della verit\u00e0. A prima vista, alcuni potrebbero considerare la fede e il pensiero critico come opposti, poich\u00e9 la fede sembra implicare accettazione senza prove, mentre il pensiero critico richiede interrogazione e analisi. Tuttavia, dal punto di vista teologico, queste due dimensioni non solo non sono in conflitto, ma si completano e si arricchiscono reciprocamente.<\/p>\n\n\n\n<p>In questo articolo, esploreremo come la fede, lungi dal negare la ragione, possa rafforzare il pensiero critico nella vita cristiana. Esaminare questa relazione ci permette di scoprire come una fede vissuta e profonda possa dare ai credenti una visione pi\u00f9 ampia e compassionevole del mondo, approfondendo al contempo la loro comprensione e discernimento.<\/p>\n\n\n\n<hr class=\"wp-block-separator has-alpha-channel-opacity\"\/>\n\n\n\n<h3 class=\"wp-block-heading\">Contesto Storico e Biblico<\/h3>\n\n\n\n<p>Il rapporto tra fede e ragione \u00e8 un tema ricorrente nelle Sacre Scritture. La Bibbia, lontana dal rifiutare l\u2019intelligenza umana, la invita a partecipare alla ricerca di Dio e della verit\u00e0. Nel Libro dei Proverbi siamo incoraggiati a cercare la sapienza: \u00abPresta l&#8217;orecchio alla sapienza e inclina il cuore all&#8217;intelligenza\u00bb (Proverbi 2,2). Qui, le Scritture suggeriscono che la sapienza \u00e8 un bene desiderabile, una virt\u00f9 che pu\u00f2 guidare le nostre decisioni e rafforzare la nostra fede.<\/p>\n\n\n\n<p>Nel Nuovo Testamento, questa relazione diventa ancora pi\u00f9 chiara. Ges\u00f9 stesso invita i suoi discepoli ad \u00abamare il Signore con tutto il cuore, con tutta l&#8217;anima e con tutta la mente\u00bb (Matteo 22,37). In questo comandamento, la mente occupa un posto speciale nella vita del credente. Cristo non chiede una fede cieca, ma una fede che includa la comprensione. I primi cristiani, specialmente negli scritti di San Paolo, mostrano una fede che implica la ragione e il discernimento. Nella sua lettera ai Romani, Paolo esorta i credenti a essere \u00abtrasformati dal rinnovamento della mente\u00bb (Romani 12,2), suggerendo una fede che trasforma non solo il cuore, ma anche la mente.<\/p>\n\n\n\n<p>I Padri della Chiesa, come Sant\u2019Agostino e San Tommaso d\u2019Aquino, hanno approfondito questo rapporto tra fede e ragione. Per loro, l\u2019uso della ragione e del pensiero critico era essenziale per comprendere e vivere pienamente la fede. Questi pensatori riconoscevano che la ragione poteva guidare la fede verso una comprensione pi\u00f9 profonda dei misteri divini, senza toglierle il suo carattere trascendentale.<\/p>\n\n\n\n<hr class=\"wp-block-separator has-alpha-channel-opacity\"\/>\n\n\n\n<h3 class=\"wp-block-heading\">Rilevanza Teologica<\/h3>\n\n\n\n<p>Dal punto di vista teologico, fede e pensiero critico sono intrinsecamente legati poich\u00e9 entrambi cercano la verit\u00e0. San Tommaso d\u2019Aquino affermava che la verit\u00e0 \u00e8 una, e che ogni vera conoscenza proviene da Dio, sia essa raggiunta mediante la fede o la ragione. La fede non si oppone alla ragione; la eleva, aprendo il pensiero umano a realt\u00e0 che la ragione da sola non potrebbe raggiungere. In questo senso, la fede permette al credente di raggiungere una conoscenza pi\u00f9 profonda della verit\u00e0, e il pensiero critico, a sua volta, arricchisce l\u2019esperienza di questa fede, aiutandoci a evitare posizioni estreme o superstiziose.<\/p>\n\n\n\n<p>Inoltre, il pensiero critico \u00e8 un mezzo attraverso cui la fede pu\u00f2 maturare e crescere. Una fede autentica non deve temere domande n\u00e9 dubbi; al contrario, deve integrarli in una costante ricerca della verit\u00e0. Questa prospettiva pu\u00f2 essere confortante per molti credenti moderni che, in un mondo sempre pi\u00f9 secolarizzato, si sentono talvolta divisi tra la loro fede e il desiderio di comprensione razionale.<\/p>\n\n\n\n<hr class=\"wp-block-separator has-alpha-channel-opacity\"\/>\n\n\n\n<h3 class=\"wp-block-heading\">Applicazioni Pratiche<\/h3>\n\n\n\n<p>Come pu\u00f2 la fede cristiana arricchire il pensiero critico nella vita quotidiana? Ecco alcuni esempi specifici che possono guidare i credenti nell&#8217;integrazione di questi due aspetti nella loro vita quotidiana.<\/p>\n\n\n\n<h4 class=\"wp-block-heading\">1. <strong>Discernimento nelle Decisioni<\/strong><\/h4>\n\n\n\n<p>La vita \u00e8 piena di decisioni complesse, dalla scelta di una carriera alla risoluzione di conflitti familiari. La fede invita i credenti a cercare la volont\u00e0 di Dio in ogni decisione, il che implica un processo di discernimento che richiede spesso una riflessione critica e un&#8217;analisi. Pregando e riflettendo sulle opzioni, il credente pu\u00f2 sviluppare un approccio di pensiero critico basato sulla sapienza di Dio e non solo sui propri desideri personali.<\/p>\n\n\n\n<h4 class=\"wp-block-heading\">2. <strong>Allargare la Prospettiva nei Dibattiti e nelle Conversazioni<\/strong><\/h4>\n\n\n\n<p>In un\u2019epoca di social media e polarizzazione ideologica, il pensiero critico basato sulla fede permette ai cristiani di ascoltare e comprendere gli altri senza pregiudizi. La fede ci invita a vedere ogni persona come figlia di Dio, indipendentemente dalle opinioni. Questa apertura aiuta i cristiani ad affrontare conversazioni difficili con una mente aperta e una disposizione a imparare.<\/p>\n\n\n\n<h4 class=\"wp-block-heading\">3. <strong>Riflettere sulle Informazioni e sui Media<\/strong><\/h4>\n\n\n\n<p>Viviamo in un\u2019epoca di sovraccarico di informazioni. Il pensiero critico ispirato dalla fede aiuta i credenti ad analizzare le informazioni, a distinguere ci\u00f2 che \u00e8 vero e utile da ci\u00f2 che non lo \u00e8. La fede cristiana pu\u00f2 motivare a cercare la verit\u00e0 con umilt\u00e0 e a respingere la disinformazione che semina divisione.<\/p>\n\n\n\n<h4 class=\"wp-block-heading\">4. <strong>Coltivare l\u2019Umilt\u00e0 nella Ricerca della Conoscenza<\/strong><\/h4>\n\n\n\n<p>La fede cristiana insegna l\u2019umilt\u00e0 e il riconoscimento dei nostri limiti. Questa umilt\u00e0 \u00e8 fondamentale nel pensiero critico, poich\u00e9 ci permette di essere aperti a correggere i nostri errori e ad accettare che abbiamo sempre qualcosa da imparare.<\/p>\n\n\n\n<hr class=\"wp-block-separator has-alpha-channel-opacity\"\/>\n\n\n\n<h3 class=\"wp-block-heading\">Riflessione Contemporanea<\/h3>\n\n\n\n<p>Oggi, il rapporto tra fede e pensiero critico affronta sfide e opportunit\u00e0 uniche. In un mondo segnato dal relativismo, la scienza e la tecnologia avanzano a un ritmo che supera la nostra capacit\u00e0 di comprenderne appieno le implicazioni etiche. Questo porta molti a chiedersi se la fede sia ancora rilevante o se il pensiero critico da solo sia sufficiente per affrontare dilemmi etici ed esistenziali.<\/p>\n\n\n\n<p>Tuttavia, la fede pu\u00f2 offrire una dimensione di speranza e di scopo che va oltre l&#8217;analisi razionale. In tempi di crisi, la fede fornisce una base solida, una fonte di conforto e di forza che trascende la ragione. Al contempo, il pensiero critico rimane essenziale per vivere una fede autentica ed evitare interpretazioni errate o fanatismi. In questo senso, i cristiani sono chiamati a vivere una fede che non si isola dalla realt\u00e0, ma cerca di illuminarla con la luce del Vangelo.<\/p>\n\n\n\n<p>Ad esempio, in questioni come la protezione dell\u2019ambiente, la fede offre una prospettiva etica sulla creazione, mentre il pensiero critico ci permette di valutare le soluzioni pratiche e le loro possibili conseguenze. La fede ci invita a rispettare e a prenderci cura del mondo, mentre il pensiero critico ci aiuta a capire quali azioni concrete siano necessarie per adempiere a questa responsabilit\u00e0.<\/p>\n\n\n\n<hr class=\"wp-block-separator has-alpha-channel-opacity\"\/>\n\n\n\n<h3 class=\"wp-block-heading\">Conclusione<\/h3>\n\n\n\n<p>La fede cristiana e il pensiero critico, lontani dall&#8217;essere opposti, si completano in modo ricco e significativo. La fede ci invita a confidare in una verit\u00e0 che supera la nostra comprensione, mentre il pensiero critico ci aiuta a esplorare, comprendere e vivere questa verit\u00e0 in modo autentico e responsabile. In una societ\u00e0 che spesso considera la fede come superata o irrazionale, questa prospettiva ci sfida a riscoprire il valore di una fede vissuta e riflessiva.<\/p>\n\n\n\n<p>Per il cristiano, vivere questa armonia significa essere una persona di fede con la mente aperta, pronta a imparare, a riflettere e a crescere. Nella vita quotidiana, questo atteggiamento si traduce nella disponibilit\u00e0 ad ascoltare, analizzare e agire secondo i principi del Vangelo. Una tale integrazione ci aiuta a prendere decisioni con saggezza, a costruire relazioni basate sull\u2019amore e sulla verit\u00e0 e ad affrontare le sfide moderne con una speranza incrollabile.<\/p>\n\n\n\n<p>Possa questa riflessione ispirare i credenti a coltivare sia la loro fede sia il loro pensiero critico, ricordando sempre che la ricerca della verit\u00e0 \u00e8, in definitiva, un atto d\u2019amore verso Dio e verso il prossimo.<\/p>\n","protected":false},"excerpt":{"rendered":"<p>In un mondo sempre pi\u00f9 polarizzato e complesso, spesso ci si chiede quale valore possa avere la fede nello sviluppo di un pensiero critico e razionale. Nella tradizione cattolica, la fede non \u00e8 solo un atto di impegno spirituale, ma anche un mezzo di crescita personale e di ricerca della verit\u00e0. A prima vista, alcuni &hellip;<\/p>\n","protected":false},"author":3,"featured_media":1289,"comment_status":"open","ping_status":"open","sticky":false,"template":"","format":"standard","meta":{"_seopress_robots_primary_cat":"","_seopress_titles_title":"","_seopress_titles_desc":"","_seopress_robots_index":"","footnotes":""},"categories":[41,63],"tags":[110,268],"class_list":["post-1288","post","type-post","status-publish","format-standard","has-post-thumbnail","","category-fede-e-cultura","category-filosofia-e-fede","tag-fede","tag-pensiero-critico"],"_links":{"self":[{"href":"https:\/\/catholicus.eu\/it\/wp-json\/wp\/v2\/posts\/1288","targetHints":{"allow":["GET"]}}],"collection":[{"href":"https:\/\/catholicus.eu\/it\/wp-json\/wp\/v2\/posts"}],"about":[{"href":"https:\/\/catholicus.eu\/it\/wp-json\/wp\/v2\/types\/post"}],"author":[{"embeddable":true,"href":"https:\/\/catholicus.eu\/it\/wp-json\/wp\/v2\/users\/3"}],"replies":[{"embeddable":true,"href":"https:\/\/catholicus.eu\/it\/wp-json\/wp\/v2\/comments?post=1288"}],"version-history":[{"count":1,"href":"https:\/\/catholicus.eu\/it\/wp-json\/wp\/v2\/posts\/1288\/revisions"}],"predecessor-version":[{"id":1290,"href":"https:\/\/catholicus.eu\/it\/wp-json\/wp\/v2\/posts\/1288\/revisions\/1290"}],"wp:featuredmedia":[{"embeddable":true,"href":"https:\/\/catholicus.eu\/it\/wp-json\/wp\/v2\/media\/1289"}],"wp:attachment":[{"href":"https:\/\/catholicus.eu\/it\/wp-json\/wp\/v2\/media?parent=1288"}],"wp:term":[{"taxonomy":"category","embeddable":true,"href":"https:\/\/catholicus.eu\/it\/wp-json\/wp\/v2\/categories?post=1288"},{"taxonomy":"post_tag","embeddable":true,"href":"https:\/\/catholicus.eu\/it\/wp-json\/wp\/v2\/tags?post=1288"}],"curies":[{"name":"wp","href":"https:\/\/api.w.org\/{rel}","templated":true}]}}