{"id":1691,"count":1,"description":"","link":"https:\/\/catholicus.eu\/fr\/tag\/eglise-persecutee\/","name":"\u00c9GLISE PERS\u00c9CUT\u00c9E","slug":"eglise-persecutee","taxonomy":"post_tag","meta":[],"_links":{"self":[{"href":"https:\/\/catholicus.eu\/fr\/wp-json\/wp\/v2\/tags\/1691","targetHints":{"allow":["GET"]}}],"collection":[{"href":"https:\/\/catholicus.eu\/fr\/wp-json\/wp\/v2\/tags"}],"about":[{"href":"https:\/\/catholicus.eu\/fr\/wp-json\/wp\/v2\/taxonomies\/post_tag"}],"wp:post_type":[{"href":"https:\/\/catholicus.eu\/fr\/wp-json\/wp\/v2\/posts?tags=1691"}],"curies":[{"name":"wp","href":"https:\/\/api.w.org\/{rel}","templated":true}]}}