{"id":993,"date":"2024-10-06T09:32:24","date_gmt":"2024-10-06T07:32:24","guid":{"rendered":"https:\/\/catholicus.eu\/fr\/?p=993"},"modified":"2024-10-06T09:32:25","modified_gmt":"2024-10-06T07:32:25","slug":"lannee-liturgique-un-voyage-spirituel-tout-au-long-de-lannee","status":"publish","type":"post","link":"https:\/\/catholicus.eu\/fr\/lannee-liturgique-un-voyage-spirituel-tout-au-long-de-lannee\/","title":{"rendered":"L&rsquo;Ann\u00e9e Liturgique : Un Voyage Spirituel tout au long de l&rsquo;Ann\u00e9e"},"content":{"rendered":"\n<p>L&rsquo;ann\u00e9e liturgique est l&rsquo;un des tr\u00e9sors les plus pr\u00e9cieux de l&rsquo;\u00c9glise catholique. Par ses rythmes et ses saisons, l&rsquo;\u00c9glise nous invite \u00e0 plonger dans les myst\u00e8res de la foi, \u00e0 marcher avec le Christ et \u00e0 vivre une v\u00e9ritable conversion du c\u0153ur. Plus qu&rsquo;une simple structure chronologique, l&rsquo;ann\u00e9e liturgique est un voyage spirituel qui offre aux catholiques un chemin clair pour grandir dans leur relation avec Dieu. C&rsquo;est une occasion d&rsquo;unir nos vies quotidiennes au grand drame du salut qui se d\u00e9ploie au fil du temps.<\/p>\n\n\n\n<p>Dans cet article, nous explorerons en d\u00e9tail les diff\u00e9rentes saisons liturgiques, leurs significations et comment chacune d&rsquo;entre elles offre une opportunit\u00e9 unique d&rsquo;approfondir notre foi et de transformer nos vies. Rejoignez-nous dans ce voyage \u00e0 travers les saisons spirituelles de l&rsquo;ann\u00e9e liturgique.<\/p>\n\n\n\n<h3 class=\"wp-block-heading\">Qu&rsquo;est-ce que l&rsquo;Ann\u00e9e Liturgique ?<\/h3>\n\n\n\n<p>L&rsquo;ann\u00e9e liturgique est le cycle annuel de c\u00e9l\u00e9brations organis\u00e9 par l&rsquo;\u00c9glise pour comm\u00e9morer les grands myst\u00e8res de la vie de J\u00e9sus-Christ, de son incarnation \u00e0 son ascension, en passant par la vie de la Vierge Marie et des saints. Ce calendrier sacr\u00e9 ne suit pas strictement le calendrier civil, mais se concentre autour des \u00e9v\u00e9nements fondamentaux de la foi chr\u00e9tienne.<\/p>\n\n\n\n<p>Le but de l&rsquo;ann\u00e9e liturgique est que, par la pri\u00e8re, la c\u00e9l\u00e9bration des sacrements et l&rsquo;\u00e9coute de la Parole, les fid\u00e8les puissent marcher spirituellement avec le Christ tout au long de l&rsquo;ann\u00e9e. C&rsquo;est une fa\u00e7on dont l&rsquo;\u00c9glise nous aide \u00e0 rester centr\u00e9s sur ce qui compte vraiment : notre relation avec Dieu et notre engagement dans la foi.<\/p>\n\n\n\n<h3 class=\"wp-block-heading\">Les Saisons Liturgiques : Des \u00c9tapes Cl\u00e9s de Notre Voyage Spirituel<\/h3>\n\n\n\n<p>L&rsquo;ann\u00e9e liturgique est divis\u00e9e en diff\u00e9rentes saisons, chacune avec sa propre couleur liturgique, ses symboles, ses pri\u00e8res et ses lectures bibliques. Chaque saison poss\u00e8de une richesse spirituelle unique et offre une invitation particuli\u00e8re aux fid\u00e8les \u00e0 renouveler leur vie en Christ.<\/p>\n\n\n\n<h4 class=\"wp-block-heading\">1. <strong>L&rsquo;Avent : Un Temps d&rsquo;Esp\u00e9rance et de Pr\u00e9paration<\/strong><\/h4>\n\n\n\n<p>L&rsquo;ann\u00e9e liturgique commence avec <strong>l&rsquo;Avent<\/strong>, une p\u00e9riode de quatre semaines qui nous pr\u00e9pare \u00e0 la venue du Christ. C&rsquo;est un temps d&rsquo;<strong>esp\u00e9rance<\/strong> et d&rsquo;<strong>attente<\/strong>, durant lequel nous nous souvenons de la premi\u00e8re venue de J\u00e9sus dans l&rsquo;humilit\u00e9 de Bethl\u00e9em et nous pr\u00e9parons \u00e9galement \u00e0 sa seconde venue glorieuse \u00e0 la fin des temps.<\/p>\n\n\n\n<p>La couleur liturgique de l&rsquo;Avent est le <strong>violet<\/strong>, symbole de p\u00e9nitence et de conversion. Bien qu&rsquo;il s&rsquo;agisse d&rsquo;un temps de pr\u00e9paration, l&rsquo;Avent n&rsquo;est pas aussi aust\u00e8re que le Car\u00eame. Il nous invite \u00e0 regarder l&rsquo;avenir avec joie, sachant que le Sauveur est proche. Les lectures de la messe durant cette p\u00e9riode nous appellent \u00e0 la <strong>vigilance, \u00e0 la conversion et \u00e0 la joie<\/strong>, nous rappelant que nous devons toujours \u00eatre pr\u00eats \u00e0 accueillir le Christ dans nos vies.<\/p>\n\n\n\n<p>L&rsquo;Avent est une occasion unique de r\u00e9fl\u00e9chir \u00e0 la mani\u00e8re dont nous pr\u00e9parons nos c\u0153urs \u00e0 accueillir J\u00e9sus. Sommes-nous pr\u00eats \u00e0 lui faire de la place dans nos vies, ou sommes-nous trop absorb\u00e9s par les pr\u00e9occupations mondaines ? Cette saison nous invite \u00e0 cr\u00e9er cet espace int\u00e9rieur, \u00e0 purifier nos intentions et \u00e0 attendre avec un c\u0153ur rempli d&rsquo;esp\u00e9rance.<\/p>\n\n\n\n<h4 class=\"wp-block-heading\">2. <strong>No\u00ebl : C\u00e9l\u00e9brer la Naissance du Sauveur<\/strong><\/h4>\n\n\n\n<p>Apr\u00e8s l&rsquo;Avent vient la joie de <strong>No\u00ebl<\/strong>, la saison o\u00f9 nous c\u00e9l\u00e9brons la naissance de J\u00e9sus-Christ, le Verbe fait chair. No\u00ebl n&rsquo;est pas seulement un jour, mais une saison qui dure jusqu&rsquo;\u00e0 la f\u00eate du Bapt\u00eame du Seigneur. La couleur liturgique est le <strong>blanc<\/strong>, symbole de <strong>puret\u00e9, de lumi\u00e8re et de gloire<\/strong>.<\/p>\n\n\n\n<p>Pendant No\u00ebl, l&rsquo;\u00c9glise nous invite \u00e0 contempler le myst\u00e8re de l&rsquo;incarnation : <strong>Dieu s&rsquo;est fait homme<\/strong>, a partag\u00e9 notre nature humaine et nous a apport\u00e9 le salut. Les lectures et les pri\u00e8res de cette p\u00e9riode nous encouragent \u00e0 m\u00e9diter sur l&rsquo;humilit\u00e9 du Christ, qui a choisi de na\u00eetre dans la pauvret\u00e9 et la simplicit\u00e9 d&rsquo;une cr\u00e8che. Cela nous rappelle l&rsquo;immense amour de Dieu, qui n&rsquo;a pas h\u00e9sit\u00e9 \u00e0 envoyer son Fils pour nous sauver.<\/p>\n\n\n\n<p>C&rsquo;est un temps de <strong>joie profonde<\/strong>, mais aussi de r\u00e9flexion sur la mani\u00e8re dont nous r\u00e9pondons \u00e0 ce don immense. Accueillons-nous le Christ dans nos vies avec le m\u00eame enthousiasme et la m\u00eame joie que les bergers et les mages, ou avons-nous laiss\u00e9 la routine et les distractions att\u00e9nuer notre ferveur ?<\/p>\n\n\n\n<h4 class=\"wp-block-heading\">3. <strong>Le Car\u00eame : Un Chemin de Conversion et de Renoncement<\/strong><\/h4>\n\n\n\n<p>Le <strong>Car\u00eame<\/strong> est une p\u00e9riode de quarante jours qui nous pr\u00e9pare \u00e0 P\u00e2ques, le c\u0153ur de l&rsquo;ann\u00e9e liturgique. Il commence le <strong>Mercredi des Cendres<\/strong> et nous invite \u00e0 un temps de <strong>p\u00e9nitence, de pri\u00e8re et de je\u00fbne<\/strong>. La couleur liturgique est le <strong>violet<\/strong>, symbolisant la repentance et la pr\u00e9paration spirituelle.<\/p>\n\n\n\n<p>Cette saison s&rsquo;inspire des quarante jours que J\u00e9sus a pass\u00e9s dans le d\u00e9sert avant de commencer son minist\u00e8re public. Elle nous appelle \u00e0 imiter le Christ dans sa lutte contre la tentation et \u00e0 nous renouveler spirituellement par le renoncement et le sacrifice. Pendant le Car\u00eame, l&rsquo;\u00c9glise nous encourage \u00e0 <strong>examiner nos vies, \u00e0 confesser nos p\u00e9ch\u00e9s et \u00e0 retourner \u00e0 Dieu<\/strong>.<\/p>\n\n\n\n<p>L&rsquo;appel central du Car\u00eame est celui de la <strong>conversion<\/strong>. C&rsquo;est un temps pour revoir nos priorit\u00e9s, \u00e9carter ce qui nous \u00e9loigne de Dieu et renforcer notre vie spirituelle par des pratiques telles que le je\u00fbne, l&rsquo;aum\u00f4ne et la pri\u00e8re intense. C&rsquo;est aussi un moment de <strong>solidarit\u00e9<\/strong> avec ceux qui souffrent, pour se souvenir des n\u00e9cessiteux et s&rsquo;engager dans la justice et la charit\u00e9.<\/p>\n\n\n\n<h4 class=\"wp-block-heading\">4. <strong>P\u00e2ques : La Victoire du Christ Ressuscit\u00e9<\/strong><\/h4>\n\n\n\n<p>Apr\u00e8s la pr\u00e9paration du Car\u00eame vient la c\u00e9l\u00e9bration glorieuse de <strong>P\u00e2ques<\/strong>, qui comm\u00e9more la <strong>r\u00e9surrection de J\u00e9sus-Christ<\/strong>. P\u00e2ques est le centre de l&rsquo;ann\u00e9e liturgique, l&rsquo;\u00e9v\u00e9nement qui donne sens \u00e0 toute notre foi. La couleur liturgique est le <strong>blanc<\/strong>, symbolisant <strong>gloire et triomphe<\/strong>.<\/p>\n\n\n\n<p>La <strong>Veill\u00e9e pascale<\/strong> est le moment le plus solennel du calendrier liturgique, o\u00f9 nous proclamons avec joie que <strong>le Christ a vaincu la mort<\/strong> et nous a donn\u00e9 la vie \u00e9ternelle. P\u00e2ques n&rsquo;est pas seulement un jour, mais une saison de cinquante jours, qui se termine par la f\u00eate de la Pentec\u00f4te, o\u00f9 nous c\u00e9l\u00e9brons le don de l&rsquo;Esprit Saint.<\/p>\n\n\n\n<p>Le temps pascal nous invite \u00e0 vivre dans la <strong>joie de la r\u00e9surrection<\/strong>. Le Christ a triomph\u00e9, et nous, en tant que ses disciples, sommes appel\u00e9s \u00e0 partager cette victoire. Il nous invite \u00e0 vivre avec une <strong>esp\u00e9rance in\u00e9branlable<\/strong> et \u00e0 \u00eatre t\u00e9moins du pouvoir transformateur de la r\u00e9surrection dans notre vie quotidienne.<\/p>\n\n\n\n<h4 class=\"wp-block-heading\">5. <strong>Le Temps Ordinaire : Vivre la Foi dans la Vie Quotidienne<\/strong><\/h4>\n\n\n\n<p>Le <strong>Temps Ordinaire<\/strong> occupe la majeure partie du calendrier liturgique et repr\u00e9sente le moment o\u00f9 nous ne c\u00e9l\u00e9brons pas un myst\u00e8re sp\u00e9cifique, tel que No\u00ebl ou P\u00e2ques. Cependant, le Temps Ordinaire n&rsquo;est pas moins important. C&rsquo;est le temps o\u00f9 nous sommes appel\u00e9s \u00e0 <strong>vivre notre foi au quotidien<\/strong>, \u00e0 appliquer ce que nous avons appris et v\u00e9cu lors des saisons plus solennelles.<\/p>\n\n\n\n<p>La couleur liturgique est le <strong>vert<\/strong>, symbole d&rsquo;<strong>esp\u00e9rance et de vie<\/strong>. Pendant ce temps, les lectures de la messe nous invitent \u00e0 r\u00e9fl\u00e9chir sur la vie et les enseignements de J\u00e9sus durant son minist\u00e8re public, et \u00e0 consid\u00e9rer comment nous pouvons \u00eatre ses disciples dans notre vie de tous les jours.<\/p>\n\n\n\n<p>Le Temps Ordinaire nous rappelle que la saintet\u00e9 ne se vit pas seulement dans des moments extraordinaires, mais dans les petites d\u00e9cisions et actions de chaque jour. C&rsquo;est un temps pour grandir en vertu, pour suivre l&rsquo;exemple du Christ dans nos relations avec les autres et pour maintenir notre foi vivante tout au long de l&rsquo;ann\u00e9e.<\/p>\n\n\n\n<h3 class=\"wp-block-heading\">Conclusion : Un Voyage Continu de Foi<\/h3>\n\n\n\n<p>L&rsquo;ann\u00e9e liturgique est bien plus qu&rsquo;une structure de dates et de c\u00e9l\u00e9brations. C&rsquo;est un <strong>voyage spirituel<\/strong>, une occasion de grandir dans notre foi, de nous rapprocher du Christ et de transformer nos vies \u00e0 la lumi\u00e8re de l&rsquo;\u00c9vangile. Chaque saison liturgique offre une <strong>gr\u00e2ce particuli\u00e8re<\/strong> et une <strong>invitation unique<\/strong> : que ce soit l&rsquo;esp\u00e9rance de l&rsquo;Avent, la joie de No\u00ebl, la p\u00e9nitence du Car\u00eame, la victoire de P\u00e2ques ou la vie quotidienne du Temps Ordinaire.<\/p>\n\n\n\n<p>Embrasser pleinement l&rsquo;ann\u00e9e liturgique, c&rsquo;est vivre chaque jour plus proche du Christ, se laisser guider par la Parole de Dieu et permettre \u00e0 l&rsquo;Esprit Saint de transformer nos c\u0153urs. En tant que catholiques, nous sommes appel\u00e9s \u00e0 <strong>participer pleinement \u00e0 la liturgie<\/strong>, \u00e0 vivre chaque saison avec intensit\u00e9 et \u00e0 laisser le rythme de l&rsquo;ann\u00e9e liturgique fa\u00e7onner notre vie spirituelle. En fin de compte, ce voyage n&rsquo;est pas seulement vers une destination temporelle, mais vers la vie \u00e9ternelle en Christ<\/p>\n","protected":false},"excerpt":{"rendered":"<p>L&rsquo;ann\u00e9e liturgique est l&rsquo;un des tr\u00e9sors les plus pr\u00e9cieux de l&rsquo;\u00c9glise catholique. Par ses rythmes et ses saisons, l&rsquo;\u00c9glise nous invite \u00e0 plonger dans les myst\u00e8res de la foi, \u00e0 marcher avec le Christ et \u00e0 vivre une v\u00e9ritable conversion du c\u0153ur. Plus qu&rsquo;une simple structure chronologique, l&rsquo;ann\u00e9e liturgique est un voyage spirituel qui offre &hellip;<\/p>\n","protected":false},"author":3,"featured_media":994,"comment_status":"open","ping_status":"open","sticky":false,"template":"","format":"standard","meta":{"_seopress_robots_primary_cat":"38","_seopress_titles_title":"","_seopress_titles_desc":"","_seopress_robots_index":"","footnotes":""},"categories":[38,52],"tags":[],"class_list":["post-993","post","type-post","status-publish","format-standard","has-post-thumbnail","","category-histoire-et-tradition","category-liturgie-et-annee-liturgique"],"_links":{"self":[{"href":"https:\/\/catholicus.eu\/fr\/wp-json\/wp\/v2\/posts\/993","targetHints":{"allow":["GET"]}}],"collection":[{"href":"https:\/\/catholicus.eu\/fr\/wp-json\/wp\/v2\/posts"}],"about":[{"href":"https:\/\/catholicus.eu\/fr\/wp-json\/wp\/v2\/types\/post"}],"author":[{"embeddable":true,"href":"https:\/\/catholicus.eu\/fr\/wp-json\/wp\/v2\/users\/3"}],"replies":[{"embeddable":true,"href":"https:\/\/catholicus.eu\/fr\/wp-json\/wp\/v2\/comments?post=993"}],"version-history":[{"count":0,"href":"https:\/\/catholicus.eu\/fr\/wp-json\/wp\/v2\/posts\/993\/revisions"}],"wp:featuredmedia":[{"embeddable":true,"href":"https:\/\/catholicus.eu\/fr\/wp-json\/wp\/v2\/media\/994"}],"wp:attachment":[{"href":"https:\/\/catholicus.eu\/fr\/wp-json\/wp\/v2\/media?parent=993"}],"wp:term":[{"taxonomy":"category","embeddable":true,"href":"https:\/\/catholicus.eu\/fr\/wp-json\/wp\/v2\/categories?post=993"},{"taxonomy":"post_tag","embeddable":true,"href":"https:\/\/catholicus.eu\/fr\/wp-json\/wp\/v2\/tags?post=993"}],"curies":[{"name":"wp","href":"https:\/\/api.w.org\/{rel}","templated":true}]}}