{"id":953,"date":"2024-10-02T12:03:35","date_gmt":"2024-10-02T10:03:35","guid":{"rendered":"https:\/\/catholicus.eu\/fr\/?p=953"},"modified":"2024-10-02T12:03:36","modified_gmt":"2024-10-02T10:03:36","slug":"saint-thomas-daquin-et-lharmonie-entre-foi-et-raison-une-perspective-contemporaine","status":"publish","type":"post","link":"https:\/\/catholicus.eu\/fr\/saint-thomas-daquin-et-lharmonie-entre-foi-et-raison-une-perspective-contemporaine\/","title":{"rendered":"Saint Thomas d&rsquo;Aquin et l&rsquo;harmonie entre foi et raison : Une perspective contemporaine"},"content":{"rendered":"\n<p>Saint Thomas d&rsquo;Aquin (1225-1274), l&rsquo;un des plus grands th\u00e9ologiens et philosophes de l&rsquo;\u00c9glise catholique, est une figure cl\u00e9 pour comprendre le dialogue entre la foi et la raison. Dans son \u0153uvre monumentale, Thomas a d\u00e9montr\u00e9 que la foi en Dieu et la raison humaine ne sont pas seulement compatibles, mais qu&rsquo;elles se compl\u00e8tent. Sa pens\u00e9e reste pertinente aujourd&rsquo;hui, dans un monde qui s\u00e9pare souvent foi et raison ou les oppose. Cet article explore comment la synth\u00e8se de la foi et de la raison, selon Saint Thomas, offre une perspective renouvel\u00e9e et actuelle face aux d\u00e9fis contemporains.<\/p>\n\n\n\n<h4 class=\"wp-block-heading\">1. Contexte historique : Saint Thomas et la red\u00e9couverte d\u2019Aristote<\/h4>\n\n\n\n<p>Au cours du Moyen \u00c2ge, la philosophie grecque, en particulier les \u0153uvres d&rsquo;Aristote, avait en grande partie \u00e9t\u00e9 oubli\u00e9e en Europe. Cependant, au 12\u00e8me si\u00e8cle, gr\u00e2ce \u00e0 l&rsquo;influence arabe et juive, les \u00e9crits d&rsquo;Aristote furent r\u00e9introduits en Europe, d\u00e9clenchant une r\u00e9volution intellectuelle. Saint Thomas d&rsquo;Aquin joua un r\u00f4le d\u00e9cisif dans la r\u00e9conciliation de la philosophie aristot\u00e9licienne avec la th\u00e9ologie chr\u00e9tienne.<\/p>\n\n\n\n<p>Contrairement \u00e0 certains de ses contemporains, qui craignaient que la raison humaine ne contredise la foi r\u00e9v\u00e9l\u00e9e, Saint Thomas consid\u00e9rait la raison comme un don divin pouvant approfondir notre compr\u00e9hension de la v\u00e9rit\u00e9 de Dieu. Son approche \u00e9tait celle de la synth\u00e8se : il croyait que la philosophie et la th\u00e9ologie cherchaient toutes deux la v\u00e9rit\u00e9, et que puisque la v\u00e9rit\u00e9 est unique, il ne pouvait y avoir de v\u00e9ritable conflit entre la raison et la foi.<\/p>\n\n\n\n<h4 class=\"wp-block-heading\">2. La relation entre foi et raison selon Saint Thomas<\/h4>\n\n\n\n<p>Dans son ouvrage <strong>Somme th\u00e9ologique<\/strong>, Saint Thomas d\u00e9veloppe sa vision de la relation entre la foi et la raison. Pour lui, la foi est une vertu th\u00e9ologale, un don de Dieu qui nous permet de croire en ce qu&rsquo;Il a r\u00e9v\u00e9l\u00e9, m\u00eame si nous ne pouvons pas tout comprendre. Cependant, cela ne signifie pas que la foi s&rsquo;oppose \u00e0 la raison. En fait, Thomas soutient que la raison peut et doit \u00eatre utilis\u00e9e pour explorer, comprendre et d\u00e9fendre la foi.<\/p>\n\n\n\n<ul class=\"wp-block-list\">\n<li><strong>Foi et raison : Des chemins vers la v\u00e9rit\u00e9<\/strong> : Saint Thomas affirme que la foi et la raison proviennent d\u2019une m\u00eame source : Dieu. La raison nous permet de comprendre le monde cr\u00e9\u00e9 et les v\u00e9rit\u00e9s naturelles, tandis que la foi nous introduit aux myst\u00e8res surnaturels, ces aspects de Dieu et de la r\u00e9alit\u00e9 qui \u00e9chappent \u00e0 la raison, comme la Trinit\u00e9 ou l\u2019Incarnation. Bien que la raison ne puisse atteindre ces v\u00e9rit\u00e9s surnaturelles par elle-m\u00eame, elle ne les contredit pas. Au contraire, la raison peut nous aider \u00e0 mieux comprendre ce que nous croyons par la foi.<\/li>\n\n\n\n<li><strong>La compl\u00e9mentarit\u00e9 de la raison et de la foi<\/strong> : Pour Saint Thomas, la raison et la foi sont comme deux ailes avec lesquelles l&rsquo;esprit humain s&rsquo;\u00e9l\u00e8ve \u00e0 la contemplation de la v\u00e9rit\u00e9. La raison, lorsqu\u2019elle est bien utilis\u00e9e, peut nous conduire \u00e0 une connaissance naturelle de Dieu, par l&rsquo;observation de la cr\u00e9ation. Par exemple, dans ses c\u00e9l\u00e8bres <strong>cinq voies<\/strong>, Saint Thomas propose cinq arguments rationnels qui montrent l&rsquo;existence de Dieu \u00e0 partir de l&rsquo;observation du monde naturel, comme le mouvement, la causalit\u00e9 ou l&rsquo;ordre dans l&rsquo;univers.<\/li>\n<\/ul>\n\n\n\n<h4 class=\"wp-block-heading\">3. La pertinence de la pens\u00e9e de Saint Thomas au 21e si\u00e8cle<\/h4>\n\n\n\n<p>Aujourd&rsquo;hui, la relation entre foi et raison reste un sujet d&rsquo;actualit\u00e9, en particulier dans un monde o\u00f9 la la\u00efcit\u00e9 et la science sont souvent per\u00e7ues comme oppos\u00e9es \u00e0 la religion. Cependant, la pens\u00e9e de Saint Thomas offre une r\u00e9ponse profonde \u00e0 ce conflit suppos\u00e9.<\/p>\n\n\n\n<ul class=\"wp-block-list\">\n<li><strong>Le dialogue entre science et foi<\/strong> : De nos jours, beaucoup voient la science comme la seule voie vers la v\u00e9rit\u00e9, rel\u00e9guant la religion au domaine des croyances priv\u00e9es. Saint Thomas rappelle que la v\u00e9rit\u00e9 est unique, et que la science comme la religion cherchent \u00e0 r\u00e9pondre aux questions fondamentales sur la r\u00e9alit\u00e9. La science nous aide \u00e0 comprendre le \u00ab comment \u00bb du monde, tandis que la religion offre des r\u00e9ponses au \u00ab pourquoi \u00bb. L&rsquo;approche de Saint Thomas nous permet de voir qu&rsquo;il n&rsquo;y a pas de contradiction entre les deux, mais plut\u00f4t une profonde compl\u00e9mentarit\u00e9.<\/li>\n\n\n\n<li><strong>Le d\u00e9fi du relativisme<\/strong> : Dans notre culture contemporaine, le relativisme \u2013 l&rsquo;id\u00e9e qu&rsquo;il n&rsquo;y a pas de v\u00e9rit\u00e9 absolue \u2013 est omnipr\u00e9sent. La pens\u00e9e de Saint Thomas, avec sa confiance dans la capacit\u00e9 de la raison \u00e0 acc\u00e9der \u00e0 des v\u00e9rit\u00e9s objectives, constitue un antidote \u00e0 cette tendance. Thomas soutient que les \u00eatres humains ont une nature rationnelle et qu&rsquo;\u00e0 travers l&rsquo;usage correct de la raison, ils peuvent parvenir \u00e0 une connaissance objective du monde et de Dieu. Dans un monde qui remet souvent en question la possibilit\u00e9 de la v\u00e9rit\u00e9, la pens\u00e9e thomiste offre une base solide pour affirmer l&rsquo;existence de v\u00e9rit\u00e9s universelles.<\/li>\n\n\n\n<li><strong>La d\u00e9fense rationnelle de la foi<\/strong> : \u00c0 une \u00e9poque de scepticisme croissant \u00e0 l\u2019\u00e9gard de la religion, la th\u00e9ologie de Saint Thomas fournit des outils pour une d\u00e9fense rationnelle de la foi chr\u00e9tienne. Par son \u0153uvre, il montre que la foi n\u2019est pas irrationnelle, mais profond\u00e9ment enracin\u00e9e dans la v\u00e9rit\u00e9 et qu\u2019elle peut \u00eatre d\u00e9fendue par des arguments logiques. Cela est particuli\u00e8rement pertinent aujourd&rsquo;hui, alors que les chr\u00e9tiens font souvent face \u00e0 des critiques bas\u00e9es sur des incompr\u00e9hensions de la nature de la foi.<\/li>\n<\/ul>\n\n\n\n<h4 class=\"wp-block-heading\">4. L\u2019influence de Saint Thomas sur la pens\u00e9e contemporaine<\/h4>\n\n\n\n<p>L\u2019h\u00e9ritage de Saint Thomas d\u2019Aquin a \u00e9t\u00e9 immense au fil des si\u00e8cles. Son \u0153uvre a influenc\u00e9 non seulement la th\u00e9ologie catholique, mais aussi la philosophie occidentale. Au 20e si\u00e8cle, le pape L\u00e9on XIII, dans son encyclique <strong>Aeterni Patris<\/strong> (1879), a promu la red\u00e9couverte de la pens\u00e9e thomiste comme r\u00e9ponse aux d\u00e9fis du monde moderne. Depuis lors, le thomisme a continu\u00e9 d\u2019\u00eatre un courant influent au sein du catholicisme.<\/p>\n\n\n\n<p>M\u00eame dans des domaines tels que l&rsquo;\u00e9thique, le droit naturel et la philosophie politique, la pens\u00e9e de Saint Thomas reste pertinente. Sa conception du droit naturel \u2013 l&rsquo;id\u00e9e que certains principes moraux sont inh\u00e9rents \u00e0 la nature humaine et peuvent \u00eatre d\u00e9couverts par la raison \u2013 continue d&rsquo;offrir un cadre utile pour les d\u00e9bats contemporains sur les questions \u00e9thiques et juridiques, comme les droits de l&rsquo;homme ou la justice sociale.<\/p>\n\n\n\n<h4 class=\"wp-block-heading\">5. Applications pratiques de la pens\u00e9e de Saint Thomas dans la vie chr\u00e9tienne<\/h4>\n\n\n\n<p>La pens\u00e9e de Saint Thomas n&rsquo;est pas seulement une r\u00e9flexion th\u00e9orique ; elle a des applications pratiques dans la vie quotidienne des chr\u00e9tiens. L&rsquo;harmonie entre foi et raison nous invite \u00e0 vivre notre foi de mani\u00e8re coh\u00e9rente, en utilisant la raison pour approfondir notre connaissance de Dieu et du monde qui nous entoure. Elle nous encourage \u00e9galement \u00e0 d\u00e9fendre la v\u00e9rit\u00e9 avec humilit\u00e9, sachant que la raison humaine est limit\u00e9e et a toujours besoin de l&rsquo;illumination de la foi.<\/p>\n\n\n\n<p>Dans la vie quotidienne, la synth\u00e8se thomiste nous rappelle que la foi n\u2019est pas un acte aveugle, mais une r\u00e9ponse rationnelle et libre \u00e0 l\u2019appel de Dieu. Elle nous invite \u00e0 rechercher la connaissance, \u00e0 nous interroger sur les raisons de notre foi, et \u00e0 ne pas craindre d\u2019engager le dialogue avec la science, la philosophie ou la culture contemporaine.<\/p>\n\n\n\n<h4 class=\"wp-block-heading\">Conclusion<\/h4>\n\n\n\n<p>Saint Thomas d&rsquo;Aquin nous offre une vision profonde et \u00e9quilibr\u00e9e de la relation entre foi et raison. Dans un monde o\u00f9 ces deux dimensions sont souvent per\u00e7ues comme en conflit, sa pens\u00e9e demeure une source de lumi\u00e8re et de sagesse. L&rsquo;harmonie qu&rsquo;il propose entre la foi et la raison est un rappel que toutes deux sont des chemins vers la v\u00e9rit\u00e9 et que, utilis\u00e9es ensemble, elles nous permettent de mieux approcher le myst\u00e8re de Dieu. Aujourd\u2019hui plus que jamais, il est n\u00e9cessaire de red\u00e9couvrir l\u2019h\u00e9ritage de Saint Thomas et d\u2019appliquer sa vision aux d\u00e9fis de notre \u00e9poque.<\/p>\n","protected":false},"excerpt":{"rendered":"<p>Saint Thomas d&rsquo;Aquin (1225-1274), l&rsquo;un des plus grands th\u00e9ologiens et philosophes de l&rsquo;\u00c9glise catholique, est une figure cl\u00e9 pour comprendre le dialogue entre la foi et la raison. Dans son \u0153uvre monumentale, Thomas a d\u00e9montr\u00e9 que la foi en Dieu et la raison humaine ne sont pas seulement compatibles, mais qu&rsquo;elles se compl\u00e8tent. Sa pens\u00e9e &hellip;<\/p>\n","protected":false},"author":3,"featured_media":954,"comment_status":"open","ping_status":"open","sticky":false,"template":"","format":"standard","meta":{"_seopress_robots_primary_cat":"41","_seopress_titles_title":"","_seopress_titles_desc":"","_seopress_robots_index":"","footnotes":""},"categories":[41,63],"tags":[],"class_list":["post-953","post","type-post","status-publish","format-standard","has-post-thumbnail","","category-foi-et-culture","category-philosophie-et-foi"],"_links":{"self":[{"href":"https:\/\/catholicus.eu\/fr\/wp-json\/wp\/v2\/posts\/953","targetHints":{"allow":["GET"]}}],"collection":[{"href":"https:\/\/catholicus.eu\/fr\/wp-json\/wp\/v2\/posts"}],"about":[{"href":"https:\/\/catholicus.eu\/fr\/wp-json\/wp\/v2\/types\/post"}],"author":[{"embeddable":true,"href":"https:\/\/catholicus.eu\/fr\/wp-json\/wp\/v2\/users\/3"}],"replies":[{"embeddable":true,"href":"https:\/\/catholicus.eu\/fr\/wp-json\/wp\/v2\/comments?post=953"}],"version-history":[{"count":0,"href":"https:\/\/catholicus.eu\/fr\/wp-json\/wp\/v2\/posts\/953\/revisions"}],"wp:featuredmedia":[{"embeddable":true,"href":"https:\/\/catholicus.eu\/fr\/wp-json\/wp\/v2\/media\/954"}],"wp:attachment":[{"href":"https:\/\/catholicus.eu\/fr\/wp-json\/wp\/v2\/media?parent=953"}],"wp:term":[{"taxonomy":"category","embeddable":true,"href":"https:\/\/catholicus.eu\/fr\/wp-json\/wp\/v2\/categories?post=953"},{"taxonomy":"post_tag","embeddable":true,"href":"https:\/\/catholicus.eu\/fr\/wp-json\/wp\/v2\/tags?post=953"}],"curies":[{"name":"wp","href":"https:\/\/api.w.org\/{rel}","templated":true}]}}