{"id":6361,"date":"2026-07-04T14:36:30","date_gmt":"2026-07-04T12:36:30","guid":{"rendered":"https:\/\/catholicus.eu\/fr\/?p=6361"},"modified":"2026-07-04T14:36:31","modified_gmt":"2026-07-04T12:36:31","slug":"le-stereotype-du-tradi-quand-les-prejuges-remplacent-le-dialogue-et-que-la-tradition-devient-une-insulte","status":"publish","type":"post","link":"https:\/\/catholicus.eu\/fr\/le-stereotype-du-tradi-quand-les-prejuges-remplacent-le-dialogue-et-que-la-tradition-devient-une-insulte\/","title":{"rendered":"Le st\u00e9r\u00e9otype du \u00ab tradi \u00bb : quand les pr\u00e9jug\u00e9s remplacent le dialogue et que la Tradition devient une insulte"},"content":{"rendered":"\n<p class=\"wp-block-paragraph\">Le but des st\u00e9r\u00e9otypes est de simplifier la r\u00e9alit\u00e9. Dans le cas du catholicisme traditionnel, cette simplification est all\u00e9e si loin qu\u2019elle a fini par cr\u00e9er un personnage fictif : <strong>le \u00ab tradi \u00bb<\/strong>. Sur les r\u00e9seaux sociaux, ce personnage est g\u00e9n\u00e9ralement pr\u00e9sent\u00e9 comme un homme amer, obs\u00e9d\u00e9 par le latin, hostile au Concile, nostalgique d\u2019une \u00e9poque r\u00e9volue, jugeant constamment les autres, politiquement extr\u00e9miste et convaincu que lui seul poss\u00e8de la v\u00e9rit\u00e9.<\/p>\n\n\n\n<p class=\"wp-block-paragraph\">Mais quelle part de cette image rel\u00e8ve de la r\u00e9alit\u00e9, et quelle part n\u2019est qu\u2019une caricature ? Qui a construit cette repr\u00e9sentation ? Pourquoi est-elle si utile ? Que doit faire un catholique traditionnel face \u00e0 ces \u00e9tiquettes ? Existe-t-il \u00e9galement un danger que certains traditionalistes finissent par croire eux-m\u00eames au personnage qui a \u00e9t\u00e9 invent\u00e9 pour les repr\u00e9senter ?<\/p>\n\n\n\n<p class=\"wp-block-paragraph\">Ces questions m\u00e9ritent une r\u00e9flexion s\u00e9rieuse, surtout \u00e0 une \u00e9poque o\u00f9 les r\u00e9seaux sociaux ont souvent remplac\u00e9 l\u2019\u00e9tude, o\u00f9 l\u2019ironie a remplac\u00e9 l\u2019argumentation et o\u00f9 les m\u00e8mes ont pris la place de la th\u00e9ologie.<\/p>\n\n\n\n<h1 class=\"wp-block-heading\">Le st\u00e9r\u00e9otype du \u00ab tradi \u00bb : quand une caricature tente de remplacer la r\u00e9alit\u00e9<\/h1>\n\n\n\n<h2 class=\"wp-block-heading\">Un mot qui n\u2019existait presque pas\u2026 jusqu\u2019aux r\u00e9seaux sociaux<\/h2>\n\n\n\n<p class=\"wp-block-paragraph\">Il y a encore quelques ann\u00e9es, il \u00e9tait rare d\u2019entendre le terme \u00ab tradi \u00bb. On parlait de catholiques traditionnels, de fid\u00e8les attach\u00e9s \u00e0 la liturgie traditionnelle ou de personnes aimant la Tradition de l\u2019\u00c9glise.<\/p>\n\n\n\n<p class=\"wp-block-paragraph\">Pourtant, Internet a r\u00e9duit toute cette richesse \u00e0 une simple \u00e9tiquette.<\/p>\n\n\n\n<p class=\"wp-block-paragraph\"><strong>\u00ab Tradi \u00bb.<\/strong><\/p>\n\n\n\n<p class=\"wp-block-paragraph\">Un mot court.<\/p>\n\n\n\n<p class=\"wp-block-paragraph\">Facile \u00e0 r\u00e9p\u00e9ter.<\/p>\n\n\n\n<p class=\"wp-block-paragraph\">Parfait pour ridiculiser.<\/p>\n\n\n\n<p class=\"wp-block-paragraph\">Car les \u00e9tiquettes pr\u00e9sentent un immense avantage pour celui qui veut discr\u00e9diter son interlocuteur : elles \u00e9vitent d\u2019avoir \u00e0 r\u00e9pondre \u00e0 ses arguments.<\/p>\n\n\n\n<p class=\"wp-block-paragraph\">Il n\u2019est plus n\u00e9cessaire de discuter de la liturgie.<\/p>\n\n\n\n<p class=\"wp-block-paragraph\">Plus besoin de parler du Magist\u00e8re.<\/p>\n\n\n\n<p class=\"wp-block-paragraph\">Plus besoin d\u2019analyser des documents.<\/p>\n\n\n\n<p class=\"wp-block-paragraph\">Il suffit de dire :<\/p>\n\n\n\n<p class=\"wp-block-paragraph\"><em>\u00ab C\u2019est ce que disent les tradis. \u00bb<\/em><\/p>\n\n\n\n<p class=\"wp-block-paragraph\">Et imm\u00e9diatement, tout raisonnement est discr\u00e9dit\u00e9.<\/p>\n\n\n\n<p class=\"wp-block-paragraph\">Il s\u2019agit d\u2019une technique tr\u00e8s ancienne.<\/p>\n\n\n\n<p class=\"wp-block-paragraph\">\u00c0 l\u2019\u00e9poque m\u00eame de Notre-Seigneur, on trouve d\u00e9j\u00e0 un proc\u00e9d\u00e9 semblable.<\/p>\n\n\n\n<p class=\"wp-block-paragraph\">Lorsque les pharisiens ne pouvaient pas nier les miracles du Christ, ils cherchaient \u00e0 discr\u00e9diter leur origine :<\/p>\n\n\n\n<blockquote class=\"wp-block-quote is-layout-flow wp-block-quote-is-layout-flow\">\n<p class=\"wp-block-paragraph\"><em>\u00ab Il est poss\u00e9d\u00e9 par B\u00e9elz\u00e9boul. \u00bb<\/em> (Mc 3,22)<\/p>\n<\/blockquote>\n\n\n\n<p class=\"wp-block-paragraph\">Ils ne r\u00e9pondaient pas aux faits.<\/p>\n\n\n\n<p class=\"wp-block-paragraph\">Ils attaquaient la personne.<\/p>\n\n\n\n<p class=\"wp-block-paragraph\">C\u2019est exactement ce qui se produit souvent aujourd\u2019hui.<\/p>\n\n\n\n<h2 class=\"wp-block-heading\">Le pouvoir des \u00e9tiquettes<\/h2>\n\n\n\n<p class=\"wp-block-paragraph\">La psychologie sociale conna\u00eet tr\u00e8s bien ce ph\u00e9nom\u00e8ne.<\/p>\n\n\n\n<p class=\"wp-block-paragraph\">Une \u00e9tiquette r\u00e9p\u00e9t\u00e9e des milliers de fois finit par remplacer la connaissance r\u00e9elle.<\/p>\n\n\n\n<p class=\"wp-block-paragraph\">Beaucoup de personnes n\u2019ont jamais parl\u00e9 avec un catholique traditionnel.<\/p>\n\n\n\n<p class=\"wp-block-paragraph\">Elles n\u2019ont jamais assist\u00e9 \u00e0 une Messe traditionnelle.<\/p>\n\n\n\n<p class=\"wp-block-paragraph\">Elles n\u2019ont jamais lu un seul document pontifical ant\u00e9rieur au XX\u1d49 si\u00e8cle.<\/p>\n\n\n\n<p class=\"wp-block-paragraph\">Et pourtant, elles pensent savoir parfaitement ce que sont les catholiques traditionnels.<\/p>\n\n\n\n<p class=\"wp-block-paragraph\">Pourquoi ?<\/p>\n\n\n\n<p class=\"wp-block-paragraph\">Parce qu\u2019Internet a d\u00e9j\u00e0 fabriqu\u00e9 un personnage \u00e0 leur place.<\/p>\n\n\n\n<p class=\"wp-block-paragraph\">Il est beaucoup plus facile de combattre une caricature qu\u2019une personne r\u00e9elle.<\/p>\n\n\n\n<h2 class=\"wp-block-heading\">Le \u00ab tradi \u00bb selon les r\u00e9seaux sociaux<\/h2>\n\n\n\n<p class=\"wp-block-paragraph\">Si l\u2019on rassemblait tous les commentaires publi\u00e9s ces derni\u00e8res ann\u00e9es, on pourrait reconstruire un personnage presque identique sur toutes les plateformes.<\/p>\n\n\n\n<p class=\"wp-block-paragraph\">Selon ce st\u00e9r\u00e9otype, le \u00ab tradi \u00bb est :<\/p>\n\n\n\n<ul class=\"wp-block-list\">\n<li>ultra-conservateur ;<\/li>\n\n\n\n<li>obs\u00e9d\u00e9 par le latin ;<\/li>\n\n\n\n<li>oppos\u00e9 au Pape ;<\/li>\n\n\n\n<li>oppos\u00e9 au Concile Vatican II ;<\/li>\n\n\n\n<li>misogyne ;<\/li>\n\n\n\n<li>sexiste ;<\/li>\n\n\n\n<li>autoritaire ;<\/li>\n\n\n\n<li>int\u00e9griste ;<\/li>\n\n\n\n<li>fanatique ;<\/li>\n\n\n\n<li>complotiste ;<\/li>\n\n\n\n<li>monarchiste ;<\/li>\n\n\n\n<li>franquiste (en Espagne) ;<\/li>\n\n\n\n<li>d\u2019extr\u00eame droite ;<\/li>\n\n\n\n<li>ennemi du monde moderne ;<\/li>\n\n\n\n<li>rigide ;<\/li>\n\n\n\n<li>incapable de sourire ;<\/li>\n\n\n\n<li>obs\u00e9d\u00e9 par les r\u00e8gles ;<\/li>\n\n\n\n<li>obs\u00e9d\u00e9 par la pudeur f\u00e9minine ;<\/li>\n\n\n\n<li>incapable d\u2019aimer ;<\/li>\n\n\n\n<li>obs\u00e9d\u00e9 par le p\u00e9ch\u00e9 ;<\/li>\n\n\n\n<li>juge permanent de tous les autres ;<\/li>\n\n\n\n<li>oppos\u00e9 au dialogue ;<\/li>\n\n\n\n<li>\u00e9litiste ;<\/li>\n\n\n\n<li>orgueilleux ;<\/li>\n\n\n\n<li>l\u00e9galiste ;<\/li>\n\n\n\n<li>pharisien ;<\/li>\n\n\n\n<li>nostalgique d\u2019une \u00c9glise qui n\u2019existe plus.<\/li>\n<\/ul>\n\n\n\n<p class=\"wp-block-paragraph\">La liste semble interminable.<\/p>\n\n\n\n<p class=\"wp-block-paragraph\">Le plus \u00e9tonnant est que beaucoup de ces \u00e9tiquettes se contredisent entre elles.<\/p>\n\n\n\n<p class=\"wp-block-paragraph\">Mais cela importe peu.<\/p>\n\n\n\n<p class=\"wp-block-paragraph\">Leur objectif n\u2019est pas de d\u00e9crire la r\u00e9alit\u00e9.<\/p>\n\n\n\n<p class=\"wp-block-paragraph\">Leur objectif est de susciter le rejet.<\/p>\n\n\n\n<h2 class=\"wp-block-heading\">Qui se cache derri\u00e8re ces st\u00e9r\u00e9otypes ?<\/h2>\n\n\n\n<p class=\"wp-block-paragraph\">La r\u00e9ponse n\u2019est pas simple.<\/p>\n\n\n\n<p class=\"wp-block-paragraph\">Il n\u2019existe pas une seule cause.<\/p>\n\n\n\n<h3 class=\"wp-block-heading\">1. L\u2019ignorance<\/h3>\n\n\n\n<p class=\"wp-block-paragraph\">La plupart des personnes n\u2019ont tout simplement jamais connu le monde catholique traditionnel.<\/p>\n\n\n\n<p class=\"wp-block-paragraph\">Elles se forgent une opinion \u00e0 partir de courtes vid\u00e9os.<\/p>\n\n\n\n<p class=\"wp-block-paragraph\">De m\u00e8mes.<\/p>\n\n\n\n<p class=\"wp-block-paragraph\">De captures d\u2019\u00e9cran.<\/p>\n\n\n\n<p class=\"wp-block-paragraph\">D\u2019influenceurs.<\/p>\n\n\n\n<p class=\"wp-block-paragraph\">Or, rien de tout cela ne remplacera jamais une exp\u00e9rience directe.<\/p>\n\n\n\n<h2 class=\"wp-block-heading\">2. La polarisation d\u2019Internet<\/h2>\n\n\n\n<p class=\"wp-block-paragraph\">Les r\u00e9seaux sociaux r\u00e9compensent le conflit.<\/p>\n\n\n\n<p class=\"wp-block-paragraph\">Les algorithmes ont d\u00e9couvert depuis longtemps que l\u2019indignation g\u00e9n\u00e8re davantage d\u2019interactions que la s\u00e9r\u00e9nit\u00e9.<\/p>\n\n\n\n<p class=\"wp-block-paragraph\">C\u2019est pourquoi les contenus extr\u00eames remportent toujours plus de succ\u00e8s.<\/p>\n\n\n\n<p class=\"wp-block-paragraph\">Un pr\u00eatre calme attire peu d\u2019attention.<\/p>\n\n\n\n<p class=\"wp-block-paragraph\">Un pr\u00eatre qui crie obtient des millions de vues.<\/p>\n\n\n\n<p class=\"wp-block-paragraph\">Un catholique traditionnel \u00e9quilibr\u00e9 int\u00e9resse peu de monde.<\/p>\n\n\n\n<p class=\"wp-block-paragraph\">Celui qui provoque la pol\u00e9mique devient viral.<\/p>\n\n\n\n<p class=\"wp-block-paragraph\">C\u2019est alors qu\u2019appara\u00eet un ph\u00e9nom\u00e8ne dangereux :<\/p>\n\n\n\n<p class=\"wp-block-paragraph\">un cas particulier finit par devenir la r\u00e8gle g\u00e9n\u00e9rale.<\/p>\n\n\n\n<h3 class=\"wp-block-heading\">3. La d\u00e9sinformation<\/h3>\n\n\n\n<p class=\"wp-block-paragraph\">Beaucoup d&rsquo;affirmations r\u00e9p\u00e9t\u00e9es contre les catholiques traditionnels ne sont jamais \u00e9tay\u00e9es par des preuves.<\/p>\n\n\n\n<p class=\"wp-block-paragraph\">Elles sont simplement r\u00e9p\u00e9t\u00e9es.<\/p>\n\n\n\n<p class=\"wp-block-paragraph\">Et un mensonge r\u00e9p\u00e9t\u00e9 des milliers de fois finit par ressembler \u00e0 une v\u00e9rit\u00e9.<\/p>\n\n\n\n<h3 class=\"wp-block-heading\">4. Les blessures personnelles<\/h3>\n\n\n\n<p class=\"wp-block-paragraph\">Certaines personnes ont v\u00e9cu de mauvaises exp\u00e9riences bien r\u00e9elles.<\/p>\n\n\n\n<p class=\"wp-block-paragraph\">Elles ont connu des milieux rigides.<\/p>\n\n\n\n<p class=\"wp-block-paragraph\">Elles ont rencontr\u00e9 des pr\u00eatres peu prudents.<\/p>\n\n\n\n<p class=\"wp-block-paragraph\">Elles ont subi des jugements injustes.<\/p>\n\n\n\n<p class=\"wp-block-paragraph\">Puis elles ont g\u00e9n\u00e9ralis\u00e9 cette exp\u00e9rience \u00e0 l&rsquo;ensemble du monde traditionnel.<\/p>\n\n\n\n<p class=\"wp-block-paragraph\">Cette souffrance m\u00e9rite d&rsquo;\u00eatre comprise.<\/p>\n\n\n\n<p class=\"wp-block-paragraph\">Mais une exp\u00e9rience n\u00e9gative ne peut jamais devenir un jugement universel.<\/p>\n\n\n\n<h3 class=\"wp-block-heading\">5. Le combat spirituel<\/h3>\n\n\n\n<p class=\"wp-block-paragraph\">Tout ne peut pas \u00eatre expliqu\u00e9 par la sociologie.<\/p>\n\n\n\n<p class=\"wp-block-paragraph\">Du point de vue chr\u00e9tien, il existe \u00e9galement une dimension spirituelle.<\/p>\n\n\n\n<p class=\"wp-block-paragraph\">Le d\u00e9mon a toujours cherch\u00e9 \u00e0 diviser les catholiques.<\/p>\n\n\n\n<p class=\"wp-block-paragraph\">Saint Paul nous avertit :<\/p>\n\n\n\n<blockquote class=\"wp-block-quote is-layout-flow wp-block-quote-is-layout-flow\">\n<p class=\"wp-block-paragraph\"><em>\u00ab Car nous n&rsquo;avons pas \u00e0 lutter contre des \u00eatres de chair et de sang, mais contre les Principaut\u00e9s, contre les Puissances\u2026 \u00bb<\/em> (Ep 6,12)<\/p>\n<\/blockquote>\n\n\n\n<p class=\"wp-block-paragraph\">Lorsque les catholiques commencent \u00e0 se caricaturer les uns les autres, l&rsquo;ennemi n&rsquo;a presque plus besoin d&rsquo;intervenir.<\/p>\n\n\n\n<p class=\"wp-block-paragraph\">La division fait le reste.<\/p>\n\n\n\n<h1 class=\"wp-block-heading\">Le danger inverse : lorsque certains traditionalistes finissent par donner raison au st\u00e9r\u00e9otype<\/h1>\n\n\n\n<p class=\"wp-block-paragraph\">Ici, un examen de conscience s&rsquo;impose.<\/p>\n\n\n\n<p class=\"wp-block-paragraph\">Car il existe aussi des traditionalistes qui alimentent involontairement cette caricature.<\/p>\n\n\n\n<p class=\"wp-block-paragraph\">Toute critique ne na\u00eet pas de la haine.<\/p>\n\n\n\n<p class=\"wp-block-paragraph\">Certaines trouvent leur origine dans des comportements bien r\u00e9els.<\/p>\n\n\n\n<p class=\"wp-block-paragraph\">Lorsqu&rsquo;un catholique vit dans une col\u00e8re permanente&#8230;<\/p>\n\n\n\n<p class=\"wp-block-paragraph\">Lorsqu&rsquo;il r\u00e9pond avec m\u00e9pris&#8230;<\/p>\n\n\n\n<p class=\"wp-block-paragraph\">Lorsqu&rsquo;il transforme chaque conversation en condamnation&#8230;<\/p>\n\n\n\n<p class=\"wp-block-paragraph\">Lorsqu&rsquo;il parle sans charit\u00e9&#8230;<\/p>\n\n\n\n<p class=\"wp-block-paragraph\">Lorsqu&rsquo;il semble prendre davantage de plaisir \u00e0 d\u00e9noncer qu&rsquo;\u00e0 annoncer l&rsquo;\u00c9vangile&#8230;<\/p>\n\n\n\n<p class=\"wp-block-paragraph\">Alors il cesse de ressembler au Christ.<\/p>\n\n\n\n<p class=\"wp-block-paragraph\">Et il commence \u00e0 ressembler au personnage invent\u00e9 par Internet.<\/p>\n\n\n\n<p class=\"wp-block-paragraph\">Cela constitue un immense danger pastoral.<\/p>\n\n\n\n<h2 class=\"wp-block-heading\">La Tradition n&rsquo;a jamais \u00e9t\u00e9 synonyme de duret\u00e9<\/h2>\n\n\n\n<p class=\"wp-block-paragraph\">Les grands saints de la Tradition furent extraordinairement charitables.<\/p>\n\n\n\n<p class=\"wp-block-paragraph\">Saint Fran\u00e7ois de Sales corrigeait avec douceur.<\/p>\n\n\n\n<p class=\"wp-block-paragraph\">Saint Philippe N\u00e9ri souriait sans cesse.<\/p>\n\n\n\n<p class=\"wp-block-paragraph\">Saint Jean Bosco attirait les \u00e2mes par sa joie.<\/p>\n\n\n\n<p class=\"wp-block-paragraph\">Saint Padre Pio pouvait \u00eatre ferme, mais il rayonnait de mis\u00e9ricorde envers les p\u00e9nitents sinc\u00e8res.<\/p>\n\n\n\n<p class=\"wp-block-paragraph\">La fermet\u00e9 doctrinale n&rsquo;a jamais \u00e9t\u00e9 incompatible avec la charit\u00e9.<\/p>\n\n\n\n<p class=\"wp-block-paragraph\">Le Christ Lui-m\u00eame a d\u00e9clar\u00e9 :<\/p>\n\n\n\n<blockquote class=\"wp-block-quote is-layout-flow wp-block-quote-is-layout-flow\">\n<p class=\"wp-block-paragraph\"><em>\u00ab Apprenez de moi, car je suis doux et humble de c\u0153ur. \u00bb<\/em> (Mt 11,29)<\/p>\n<\/blockquote>\n\n\n\n<p class=\"wp-block-paragraph\">Il n&rsquo;a jamais dit :<\/p>\n\n\n\n<p class=\"wp-block-paragraph\"><em>\u00ab Apprenez de moi \u00e0 gagner des disputes. \u00bb<\/em><\/p>\n\n\n\n<h2 class=\"wp-block-heading\">Aimer la Tradition ne signifie pas idol\u00e2trer le pass\u00e9<\/h2>\n\n\n\n<p class=\"wp-block-paragraph\">Un autre st\u00e9r\u00e9otype tr\u00e8s r\u00e9pandu consiste \u00e0 affirmer que les catholiques traditionnels veulent simplement retourner au XIX\u1d49 si\u00e8cle.<\/p>\n\n\n\n<p class=\"wp-block-paragraph\">Non.<\/p>\n\n\n\n<p class=\"wp-block-paragraph\">La Tradition ne consiste pas \u00e0 vivre en regardant constamment vers le pass\u00e9.<\/p>\n\n\n\n<p class=\"wp-block-paragraph\">La Tradition est la transmission vivante du d\u00e9p\u00f4t de la foi.<\/p>\n\n\n\n<p class=\"wp-block-paragraph\">Elle n&rsquo;est pas de l&rsquo;arch\u00e9ologie.<\/p>\n\n\n\n<p class=\"wp-block-paragraph\">Elle n&rsquo;est pas de la nostalgie.<\/p>\n\n\n\n<p class=\"wp-block-paragraph\">Elle n&rsquo;est pas du romantisme.<\/p>\n\n\n\n<p class=\"wp-block-paragraph\">Elle est fid\u00e9lit\u00e9.<\/p>\n\n\n\n<p class=\"wp-block-paragraph\">L&rsquo;\u00c9glise change dans les aspects accidentels.<\/p>\n\n\n\n<p class=\"wp-block-paragraph\">Mais elle conserve fid\u00e8lement ce qu&rsquo;elle a re\u00e7u du Christ.<\/p>\n\n\n\n<p class=\"wp-block-paragraph\">C&rsquo;est pr\u00e9cis\u00e9ment pour cette raison que la Tradition regarde toujours vers l&rsquo;avenir : parce qu&rsquo;elle demeure unie \u00e0 sa source.<\/p>\n\n\n\n<h2 class=\"wp-block-heading\">Est-il mauvais d&rsquo;aimer le latin ?<\/h2>\n\n\n\n<p class=\"wp-block-paragraph\">C&rsquo;est probablement l&rsquo;un des clich\u00e9s les plus fr\u00e9quents.<\/p>\n\n\n\n<p class=\"wp-block-paragraph\"><em>\u00ab Ils prient seulement dans une langue que personne ne comprend. \u00bb<\/em><\/p>\n\n\n\n<p class=\"wp-block-paragraph\">Pourtant, l&rsquo;\u00c9glise n&rsquo;a jamais enseign\u00e9 que le latin \u00e9tait un simple caprice.<\/p>\n\n\n\n<p class=\"wp-block-paragraph\">Pendant des si\u00e8cles, il fut consid\u00e9r\u00e9 comme un signe d&rsquo;unit\u00e9, de stabilit\u00e9 doctrinale et d&rsquo;universalit\u00e9.<\/p>\n\n\n\n<p class=\"wp-block-paragraph\">Le probl\u00e8me appara\u00eet uniquement lorsqu&rsquo;il devient une arme permettant de se croire spirituellement sup\u00e9rieur.<\/p>\n\n\n\n<p class=\"wp-block-paragraph\">\u00c0 ce moment-l\u00e0, il cesse d&rsquo;\u00eatre un instrument de communion.<\/p>\n\n\n\n<p class=\"wp-block-paragraph\">Et il devient un aliment pour l&rsquo;orgueil.<\/p>\n\n\n\n<h2 class=\"wp-block-heading\">Le catholique traditionnel m\u00e9prise-t-il le Pape ?<\/h2>\n\n\n\n<p class=\"wp-block-paragraph\">Ici, il est n\u00e9cessaire de faire une distinction.<\/p>\n\n\n\n<p class=\"wp-block-paragraph\">Certaines personnes peuvent effectivement d\u00e9fendre des positions erron\u00e9es.<\/p>\n\n\n\n<p class=\"wp-block-paragraph\">Mais identifier tous les catholiques traditionnels \u00e0 ces positions extr\u00eames est profond\u00e9ment injuste.<\/p>\n\n\n\n<p class=\"wp-block-paragraph\">L&rsquo;immense majorit\u00e9 souhaite simplement conserver intact le d\u00e9p\u00f4t de la foi transmis par l&rsquo;\u00c9glise.<\/p>\n\n\n\n<p class=\"wp-block-paragraph\">Cela ne signifie pas automatiquement rejeter l&rsquo;autorit\u00e9 l\u00e9gitime de l&rsquo;\u00c9glise.<\/p>\n\n\n\n<h2 class=\"wp-block-heading\">Les traditionalistes sont-ils tous engag\u00e9s politiquement ?<\/h2>\n\n\n\n<p class=\"wp-block-paragraph\">Voil\u00e0 une autre erreur fr\u00e9quente.<\/p>\n\n\n\n<p class=\"wp-block-paragraph\">Les r\u00e9seaux sociaux m\u00e9langent constamment religion et politique.<\/p>\n\n\n\n<p class=\"wp-block-paragraph\">Ainsi na\u00eet un nouveau st\u00e9r\u00e9otype :<\/p>\n\n\n\n<p class=\"wp-block-paragraph\"><em>\u00ab S&rsquo;il assiste \u00e0 la Messe traditionnelle, il appartient forc\u00e9ment \u00e0 tel ou tel parti politique. \u00bb<\/em><\/p>\n\n\n\n<p class=\"wp-block-paragraph\">Il n&rsquo;existe pourtant aucun lien logique.<\/p>\n\n\n\n<p class=\"wp-block-paragraph\">La foi ne peut \u00eatre r\u00e9duite \u00e0 une id\u00e9ologie.<\/p>\n\n\n\n<p class=\"wp-block-paragraph\">Le Christ n&rsquo;est pas venu fonder un parti politique.<\/p>\n\n\n\n<p class=\"wp-block-paragraph\">Il est venu sauver les \u00e2mes.<\/p>\n\n\n\n<h2 class=\"wp-block-heading\">Le v\u00e9ritable visage du catholique traditionnel<\/h2>\n\n\n\n<p class=\"wp-block-paragraph\">Le v\u00e9ritable amoureux de la Tradition devrait \u00eatre reconnu par quelque chose de beaucoup plus simple.<\/p>\n\n\n\n<p class=\"wp-block-paragraph\">L&rsquo;humilit\u00e9.<\/p>\n\n\n\n<p class=\"wp-block-paragraph\">Une vie sacramentelle.<\/p>\n\n\n\n<p class=\"wp-block-paragraph\">L&rsquo;amour de la liturgie.<\/p>\n\n\n\n<p class=\"wp-block-paragraph\">Le respect.<\/p>\n\n\n\n<p class=\"wp-block-paragraph\">Une ob\u00e9issance correctement comprise.<\/p>\n\n\n\n<p class=\"wp-block-paragraph\">Un esprit de pri\u00e8re.<\/p>\n\n\n\n<p class=\"wp-block-paragraph\">La charit\u00e9.<\/p>\n\n\n\n<p class=\"wp-block-paragraph\">La patience.<\/p>\n\n\n\n<p class=\"wp-block-paragraph\">Un d\u00e9sir sinc\u00e8re de saintet\u00e9.<\/p>\n\n\n\n<p class=\"wp-block-paragraph\">Si ces vertus sont absentes, peu importe finalement la forme liturgique \u00e0 laquelle il participe.<\/p>\n\n\n\n<h2 class=\"wp-block-heading\">Qui peut tirer profit de ce st\u00e9r\u00e9otype ?<\/h2>\n\n\n\n<p class=\"wp-block-paragraph\">Voil\u00e0 une question inconfortable, mais n\u00e9cessaire.<\/p>\n\n\n\n<p class=\"wp-block-paragraph\">Les caricatures apparaissent rarement par hasard.<\/p>\n\n\n\n<p class=\"wp-block-paragraph\">Dans tout d\u00e9bat culturel ou religieux, simplifier son adversaire permet d&rsquo;\u00e9viter de r\u00e9pondre \u00e0 ses arguments.<\/p>\n\n\n\n<p class=\"wp-block-paragraph\">Un st\u00e9r\u00e9otype peut \u00eatre utile \u00e0 diff\u00e9rentes personnes ou \u00e0 diff\u00e9rents groupes, pour des raisons tr\u00e8s diverses.<\/p>\n\n\n\n<p class=\"wp-block-paragraph\">Tout d&rsquo;abord, il peut servir ceux qui souhaitent discr\u00e9diter certaines positions sans avoir \u00e0 engager un v\u00e9ritable dialogue th\u00e9ologique.<\/p>\n\n\n\n<p class=\"wp-block-paragraph\">Si le catholique traditionnel est r\u00e9duit \u00e0 une caricature de \u00ab fanatique \u00bb, de \u00ab nostalgique \u00bb ou d&rsquo;\u00ab extr\u00e9miste \u00bb, alors tous ses arguments concernant la liturgie, la doctrine ou la morale pourront \u00eatre \u00e9cart\u00e9s sans m\u00eame \u00eatre examin\u00e9s.<\/p>\n\n\n\n<p class=\"wp-block-paragraph\">Ensuite, les algorithmes des r\u00e9seaux sociaux y trouvent eux-m\u00eames un b\u00e9n\u00e9fice indirect.<\/p>\n\n\n\n<p class=\"wp-block-paragraph\">Le conflit g\u00e9n\u00e8re davantage de commentaires, davantage de partages et un temps de connexion plus long.<\/p>\n\n\n\n<p class=\"wp-block-paragraph\">Une vid\u00e9o intitul\u00e9e <em>\u00ab Pourquoi les tradis sont dangereux \u00bb<\/em> ou <em>\u00ab Les modernistes d\u00e9truisent l&rsquo;\u00c9glise \u00bb<\/em> obtiendra g\u00e9n\u00e9ralement beaucoup plus d&rsquo;interactions qu&rsquo;une explication paisible de la Tradition ou de la communion eccl\u00e9siale.<\/p>\n\n\n\n<p class=\"wp-block-paragraph\">Certains cr\u00e9ateurs de contenu profitent \u00e9galement de cette logique en construisant leur audience autour de la pol\u00e9mique.<\/p>\n\n\n\n<p class=\"wp-block-paragraph\">L&rsquo;indignation fid\u00e9lise les abonn\u00e9s.<\/p>\n\n\n\n<p class=\"wp-block-paragraph\">La mod\u00e9ration devient rarement virale.<\/p>\n\n\n\n<p class=\"wp-block-paragraph\">Par ailleurs, il ne faut pas n\u00e9gliger la dimension spirituelle.<\/p>\n\n\n\n<p class=\"wp-block-paragraph\">L&rsquo;\u00c9criture pr\u00e9sente le d\u00e9mon comme <em>\u00ab l&rsquo;accusateur de nos fr\u00e8res \u00bb<\/em> (Ap 12,10).<\/p>\n\n\n\n<p class=\"wp-block-paragraph\">L\u00e0 o\u00f9 r\u00e8gnent la suspicion, la calomnie, les attaques personnelles et les divisions entre chr\u00e9tiens, tout croyant devrait s&rsquo;interroger : ces attitudes refl\u00e8tent-elles vraiment l&rsquo;esprit de l&rsquo;\u00c9vangile ?<\/p>\n\n\n\n<p class=\"wp-block-paragraph\">Cela ne signifie pas qu&rsquo;il existe une conspiration organis\u00e9e derri\u00e8re chaque commentaire publi\u00e9 sur les r\u00e9seaux sociaux.<\/p>\n\n\n\n<p class=\"wp-block-paragraph\">Dans la plupart des cas, les pr\u00e9jug\u00e9s, l&rsquo;ignorance, les blessures personnelles et la logique propre aux algorithmes suffisent largement \u00e0 expliquer la diffusion de ces \u00e9tiquettes.<\/p>\n\n\n\n<h2 class=\"wp-block-heading\">Le d\u00e9fi pastoral<\/h2>\n\n\n\n<p class=\"wp-block-paragraph\">Le monde n&rsquo;a pas besoin de davantage de disputes interminables entre catholiques.<\/p>\n\n\n\n<p class=\"wp-block-paragraph\">Il a besoin de saints.<\/p>\n\n\n\n<p class=\"wp-block-paragraph\">Il a besoin d&rsquo;hommes et de femmes dont la vie rende l&rsquo;\u00c9vangile cr\u00e9dible.<\/p>\n\n\n\n<p class=\"wp-block-paragraph\">La meilleure r\u00e9ponse au st\u00e9r\u00e9otype ne consiste pas \u00e0 publier cent messages indign\u00e9s.<\/p>\n\n\n\n<p class=\"wp-block-paragraph\">Elle consiste \u00e0 vivre de telle mani\u00e8re que toute personne qui rencontre un catholique traditionnel d\u00e9couvre une r\u00e9alit\u00e9 totalement diff\u00e9rente de la caricature.<\/p>\n\n\n\n<p class=\"wp-block-paragraph\">Quelqu&rsquo;un de joyeux.<\/p>\n\n\n\n<p class=\"wp-block-paragraph\">\u00c9quilibr\u00e9.<\/p>\n\n\n\n<p class=\"wp-block-paragraph\">Profond\u00e9ment form\u00e9.<\/p>\n\n\n\n<p class=\"wp-block-paragraph\">Capable d&rsquo;\u00e9couter.<\/p>\n\n\n\n<p class=\"wp-block-paragraph\">Ferme dans la v\u00e9rit\u00e9.<\/p>\n\n\n\n<p class=\"wp-block-paragraph\">Et extraordinairement charitable.<\/p>\n\n\n\n<h1 class=\"wp-block-heading\">Conclusion : qu&rsquo;on parle du Christ avant de parler de nous<\/h1>\n\n\n\n<p class=\"wp-block-paragraph\">Le chr\u00e9tien n&rsquo;est pas appel\u00e9 \u00e0 d\u00e9fendre une \u00e9tiquette, mais \u00e0 rendre t\u00e9moignage \u00e0 J\u00e9sus-Christ.<\/p>\n\n\n\n<p class=\"wp-block-paragraph\">Si quelqu&rsquo;un nous appelle \u00ab tradi \u00bb, \u00ab progressiste \u00bb ou nous attribue n&rsquo;importe quelle autre \u00e9tiquette, nous devrions nous demander si notre v\u00e9ritable identit\u00e9 se trouve dans ces mots ou dans le bapt\u00eame que nous avons re\u00e7u.<\/p>\n\n\n\n<p class=\"wp-block-paragraph\">La Tradition de l&rsquo;\u00c9glise n&rsquo;est ni une mode, ni une esth\u00e9tique, ni une tribu num\u00e9rique. Elle est la transmission fid\u00e8le de la R\u00e9v\u00e9lation re\u00e7ue du Christ, gard\u00e9e par l&rsquo;\u00c9glise et v\u00e9cue par des g\u00e9n\u00e9rations de saints. Celui qui aime cette Tradition est \u00e9galement appel\u00e9 \u00e0 refl\u00e9ter l&rsquo;esprit dans lequel elle a \u00e9t\u00e9 transmise : une v\u00e9rit\u00e9 ins\u00e9parable de la charit\u00e9.<\/p>\n\n\n\n<p class=\"wp-block-paragraph\">Comme nous le rappelle saint Paul :<\/p>\n\n\n\n<blockquote class=\"wp-block-quote is-layout-flow wp-block-quote-is-layout-flow\">\n<p class=\"wp-block-paragraph\"><em>\u00ab Quand je parlerais les langues des hommes et des anges, si je n&rsquo;ai pas la charit\u00e9, je suis comme un airain qui r\u00e9sonne ou une cymbale retentissante. \u00bb<\/em> (1 Co 13,1)<\/p>\n<\/blockquote>\n\n\n\n<p class=\"wp-block-paragraph\">Un catholique traditionnel peut conna\u00eetre le latin, aimer la liturgie traditionnelle, \u00e9tudier les P\u00e8res de l&rsquo;\u00c9glise et d\u00e9fendre avec fermet\u00e9 la doctrine catholique. Mais si tout cela ne conduit pas \u00e0 une vie d&rsquo;humilit\u00e9, de mis\u00e9ricorde et d&rsquo;amour envers Dieu et le prochain, alors il aura perdu de vue le c\u0153ur m\u00eame de l&rsquo;\u00c9vangile.<\/p>\n\n\n\n<p class=\"wp-block-paragraph\">La meilleure mani\u00e8re de d\u00e9construire le st\u00e9r\u00e9otype du \u00ab tradi \u00bb n&rsquo;est pas de r\u00e9pondre \u00e0 chaque provocation sur Internet.<\/p>\n\n\n\n<p class=\"wp-block-paragraph\">C&rsquo;est de vivre une vie chr\u00e9tienne authentique, profond\u00e9ment enracin\u00e9e dans la Tradition de l&rsquo;\u00c9glise et d\u00e9bordante des vertus de l&rsquo;\u00c9vangile.<\/p>\n\n\n\n<p class=\"wp-block-paragraph\">Lorsque la saintet\u00e9 remplace la pol\u00e9mique, les caricatures perdent leur force.<\/p>\n\n\n\n<p class=\"wp-block-paragraph\">Car, en d\u00e9finitive, le v\u00e9ritable disciple du Christ ne se reconna\u00eet pas \u00e0 l&rsquo;\u00e9tiquette que les autres lui collent, mais parce que, comme le Seigneur Lui-m\u00eame l&rsquo;a d\u00e9clar\u00e9 :<\/p>\n\n\n\n<blockquote class=\"wp-block-quote is-layout-flow wp-block-quote-is-layout-flow\">\n<p class=\"wp-block-paragraph\"><em>\u00ab \u00c0 ceci tous reconna\u00eetront que vous \u00eates mes disciples : si vous avez de l&rsquo;amour les uns pour les autres. \u00bb<\/em> (Jn 13,35)<\/p>\n<\/blockquote>\n","protected":false},"excerpt":{"rendered":"<p>Le but des st\u00e9r\u00e9otypes est de simplifier la r\u00e9alit\u00e9. Dans le cas du catholicisme traditionnel, cette simplification est all\u00e9e si loin qu\u2019elle a fini par cr\u00e9er un personnage fictif : le \u00ab tradi \u00bb. Sur les r\u00e9seaux sociaux, ce personnage est g\u00e9n\u00e9ralement pr\u00e9sent\u00e9 comme un homme amer, obs\u00e9d\u00e9 par le latin, hostile au Concile, nostalgique &hellip;<\/p>\n","protected":false},"author":3,"featured_media":6362,"comment_status":"open","ping_status":"closed","sticky":false,"template":"","format":"standard","meta":{"_seopress_titles_title":"","_seopress_titles_desc":"","_seopress_robots_index":"","_seopress_robots_follow":"","_seopress_robots_imageindex":"","_seopress_robots_snippet":"","_seopress_robots_primary_cat":"","_seopress_robots_breadcrumbs":"","_seopress_robots_freeze_modified_date":"","_seopress_robots_custom_modified_date":"","_seopress_robots_canonical":"","_seopress_social_fb_title":"","_seopress_social_fb_desc":"","_seopress_social_fb_img":"","_seopress_social_fb_img_attachment_id":0,"_seopress_social_fb_img_width":0,"_seopress_social_fb_img_height":0,"_seopress_social_twitter_title":"","_seopress_social_twitter_desc":"","_seopress_social_twitter_img":"","_seopress_social_twitter_img_attachment_id":0,"_seopress_social_twitter_img_width":0,"_seopress_social_twitter_img_height":0,"_seopress_redirections_value":"","_seopress_redirections_enabled":"","_seopress_redirections_enabled_regex":"","_seopress_redirections_logged_status":"","_seopress_redirections_param":"","_seopress_redirections_type":0,"_seopress_analysis_target_kw":"","footnotes":""},"categories":[66,41],"tags":[1976],"class_list":["post-6361","post","type-post","status-publish","format-standard","has-post-thumbnail","","category-culture-populaire-et-catholicisme","category-foi-et-culture","tag-tradi"],"_links":{"self":[{"href":"https:\/\/catholicus.eu\/fr\/wp-json\/wp\/v2\/posts\/6361","targetHints":{"allow":["GET"]}}],"collection":[{"href":"https:\/\/catholicus.eu\/fr\/wp-json\/wp\/v2\/posts"}],"about":[{"href":"https:\/\/catholicus.eu\/fr\/wp-json\/wp\/v2\/types\/post"}],"author":[{"embeddable":true,"href":"https:\/\/catholicus.eu\/fr\/wp-json\/wp\/v2\/users\/3"}],"replies":[{"embeddable":true,"href":"https:\/\/catholicus.eu\/fr\/wp-json\/wp\/v2\/comments?post=6361"}],"version-history":[{"count":1,"href":"https:\/\/catholicus.eu\/fr\/wp-json\/wp\/v2\/posts\/6361\/revisions"}],"predecessor-version":[{"id":6363,"href":"https:\/\/catholicus.eu\/fr\/wp-json\/wp\/v2\/posts\/6361\/revisions\/6363"}],"wp:featuredmedia":[{"embeddable":true,"href":"https:\/\/catholicus.eu\/fr\/wp-json\/wp\/v2\/media\/6362"}],"wp:attachment":[{"href":"https:\/\/catholicus.eu\/fr\/wp-json\/wp\/v2\/media?parent=6361"}],"wp:term":[{"taxonomy":"category","embeddable":true,"href":"https:\/\/catholicus.eu\/fr\/wp-json\/wp\/v2\/categories?post=6361"},{"taxonomy":"post_tag","embeddable":true,"href":"https:\/\/catholicus.eu\/fr\/wp-json\/wp\/v2\/tags?post=6361"}],"curies":[{"name":"wp","href":"https:\/\/api.w.org\/{rel}","templated":true}]}}