{"id":6277,"date":"2026-06-10T10:20:07","date_gmt":"2026-06-10T08:20:07","guid":{"rendered":"https:\/\/catholicus.eu\/fr\/?p=6277"},"modified":"2026-06-10T10:20:07","modified_gmt":"2026-06-10T08:20:07","slug":"catholique-ignorant-futur-protestant-lurgence-de-connaitre-la-foi-pour-la-conserver","status":"publish","type":"post","link":"https:\/\/catholicus.eu\/fr\/catholique-ignorant-futur-protestant-lurgence-de-connaitre-la-foi-pour-la-conserver\/","title":{"rendered":"Catholique ignorant, futur protestant : l\u2019urgence de conna\u00eetre la foi pour la conserver"},"content":{"rendered":"\n<p class=\"wp-block-paragraph\">Au fil des si\u00e8cles, une phrase a r\u00e9sonn\u00e9 dans la pr\u00e9dication, la cat\u00e9ch\u00e8se et les r\u00e9flexions de nombreux pr\u00eatres, \u00e9v\u00eaques et th\u00e9ologiens : <strong>\u00ab Catholique ignorant, futur protestant. \u00bb<\/strong> Bien qu\u2019elle puisse para\u00eetre dure, voire controvers\u00e9e, \u00e0 certaines oreilles modernes, elle renferme une profonde v\u00e9rit\u00e9 spirituelle et pastorale qui m\u00e9rite d\u2019\u00eatre examin\u00e9e avec s\u00e9r\u00e9nit\u00e9 et profondeur.<\/p>\n\n\n\n<p class=\"wp-block-paragraph\">Il ne s\u2019agit pas d\u2019un m\u00e9pris envers nos fr\u00e8res protestants, ni d\u2019une critique simpliste de ceux qui appartiennent \u00e0 d\u2019autres confessions chr\u00e9tiennes. Cette phrase renvoie \u00e0 une r\u00e9alit\u00e9 tr\u00e8s concr\u00e8te : <strong>lorsqu\u2019un catholique ne conna\u00eet pas les raisons de sa foi, ignore les enseignements de l\u2019\u00c9glise et ne comprend pas la richesse de la Tradition, il devient vuln\u00e9rable \u00e0 toute doctrine qui semble plus convaincante, plus simple ou plus s\u00e9duisante sur le plan \u00e9motionnel.<\/strong><\/p>\n\n\n\n<p class=\"wp-block-paragraph\">Nous vivons \u00e0 une \u00e9poque o\u00f9 abondent les opinions religieuses, les pr\u00e9dicateurs sur Internet, les vid\u00e9os de quelques minutes qui pr\u00e9tendent r\u00e9soudre des questions th\u00e9ologiques complexes et les interpr\u00e9tations personnelles de la Bible. Dans ce contexte, l\u2019ignorance religieuse n\u2019est pas seulement une carence intellectuelle ; elle peut devenir un grave danger pour la vie spirituelle.<\/p>\n\n\n\n<p class=\"wp-block-paragraph\">C\u2019est pourquoi il est plus actuel que jamais de r\u00e9fl\u00e9chir \u00e0 cette expression et de d\u00e9couvrir pourquoi la connaissance de la foi est une n\u00e9cessit\u00e9 pour tout catholique qui souhaite demeurer fid\u00e8le au Christ.<\/p>\n\n\n\n<hr class=\"wp-block-separator has-alpha-channel-opacity\"\/>\n\n\n\n<h1 class=\"wp-block-heading\">L\u2019ignorance religieuse : un probl\u00e8me ancien<\/h1>\n\n\n\n<p class=\"wp-block-paragraph\">Beaucoup pensent que le manque de formation religieuse est un probl\u00e8me moderne. Pourtant, cette pr\u00e9occupation appara\u00eet d\u00e9j\u00e0 dans les Saintes \u00c9critures.<\/p>\n\n\n\n<p class=\"wp-block-paragraph\">Dieu se lamente par la voix du proph\u00e8te Os\u00e9e :<\/p>\n\n\n\n<blockquote class=\"wp-block-quote is-layout-flow wp-block-quote-is-layout-flow\">\n<p class=\"wp-block-paragraph\">\u00ab Mon peuple est d\u00e9truit faute de connaissance. \u00bb (Os\u00e9e 4, 6)<\/p>\n<\/blockquote>\n\n\n\n<p class=\"wp-block-paragraph\">Il ne dit pas que le peuple p\u00e9rit par manque de richesse, de pouvoir ou d\u2019influence politique. Il dit qu\u2019il p\u00e9rit faute de connaissance.<\/p>\n\n\n\n<p class=\"wp-block-paragraph\">L\u2019histoire d\u2019Isra\u00ebl montre constamment ce m\u00eame sch\u00e9ma. Lorsque le peuple connaissait la Loi de Dieu, il demeurait fid\u00e8le. Lorsqu\u2019il oubliait l\u2019enseignement re\u00e7u, il tombait dans l\u2019idol\u00e2trie.<\/p>\n\n\n\n<p class=\"wp-block-paragraph\">Il en va de m\u00eame dans la vie chr\u00e9tienne.<\/p>\n\n\n\n<p class=\"wp-block-paragraph\">Un catholique qui ignore :<\/p>\n\n\n\n<ul class=\"wp-block-list\">\n<li>L\u2019Eucharistie.<\/li>\n\n\n\n<li>Les sacrements.<\/li>\n\n\n\n<li>Le r\u00f4le de la Vierge Marie.<\/li>\n\n\n\n<li>L\u2019autorit\u00e9 de l\u2019\u00c9glise.<\/li>\n\n\n\n<li>La succession apostolique.<\/li>\n\n\n\n<li>La Tradition.<\/li>\n\n\n\n<li>Le sens de la Messe.<\/li>\n<\/ul>\n\n\n\n<p class=\"wp-block-paragraph\">finira par avoir d\u2019\u00e9normes difficult\u00e9s \u00e0 d\u00e9fendre sa foi lorsque quelqu\u2019un remettra ces r\u00e9alit\u00e9s en question.<\/p>\n\n\n\n<hr class=\"wp-block-separator has-alpha-channel-opacity\"\/>\n\n\n\n<h1 class=\"wp-block-heading\">La foi doit \u00eatre connue<\/h1>\n\n\n\n<p class=\"wp-block-paragraph\">Une id\u00e9e fausse est aujourd\u2019hui tr\u00e8s r\u00e9pandue : croire que la foi consiste uniquement en des sentiments.<\/p>\n\n\n\n<p class=\"wp-block-paragraph\">Selon cette vision, il suffirait de \u00ab sentir Dieu dans son c\u0153ur \u00bb.<\/p>\n\n\n\n<p class=\"wp-block-paragraph\">Or, la foi catholique a toujours enseign\u00e9 que la foi implique \u00e9galement l\u2019intelligence.<\/p>\n\n\n\n<p class=\"wp-block-paragraph\">Saint Pierre exhortait les premiers chr\u00e9tiens :<\/p>\n\n\n\n<blockquote class=\"wp-block-quote is-layout-flow wp-block-quote-is-layout-flow\">\n<p class=\"wp-block-paragraph\">\u00ab Soyez toujours pr\u00eats \u00e0 rendre compte de l\u2019esp\u00e9rance qui est en vous. \u00bb (1 Pierre 3, 15)<\/p>\n<\/blockquote>\n\n\n\n<p class=\"wp-block-paragraph\">Remarquons qu\u2019il ne dit pas simplement d\u2019avoir de l\u2019esp\u00e9rance, mais <strong>d\u2019en rendre raison<\/strong>.<\/p>\n\n\n\n<p class=\"wp-block-paragraph\">Le croyant doit savoir expliquer :<\/p>\n\n\n\n<ul class=\"wp-block-list\">\n<li>Ce qu\u2019il croit.<\/li>\n\n\n\n<li>Pourquoi il le croit.<\/li>\n\n\n\n<li>D\u2019o\u00f9 vient cet enseignement.<\/li>\n\n\n\n<li>Comment l\u2019\u00c9glise l\u2019a transmis.<\/li>\n<\/ul>\n\n\n\n<p class=\"wp-block-paragraph\">La foi n\u2019est pas une \u00e9motion passag\u00e8re.<\/p>\n\n\n\n<p class=\"wp-block-paragraph\">La foi est une adh\u00e9sion libre et intelligente \u00e0 la v\u00e9rit\u00e9 r\u00e9v\u00e9l\u00e9e par Dieu.<\/p>\n\n\n\n<hr class=\"wp-block-separator has-alpha-channel-opacity\"\/>\n\n\n\n<h1 class=\"wp-block-heading\">Pourquoi certains catholiques quittent-ils l\u2019\u00c9glise ?<\/h1>\n\n\n\n<p class=\"wp-block-paragraph\">Les causes peuvent \u00eatre nombreuses et complexes.<\/p>\n\n\n\n<p class=\"wp-block-paragraph\">Parfois, il existe des blessures personnelles.<\/p>\n\n\n\n<p class=\"wp-block-paragraph\">D\u2019autres fois, les circonstances familiales jouent un r\u00f4le.<\/p>\n\n\n\n<p class=\"wp-block-paragraph\">Dans certains cas, les scandales \u00e9branlent la confiance.<\/p>\n\n\n\n<p class=\"wp-block-paragraph\">Mais un facteur revient sans cesse : <strong>le manque de formation doctrinale.<\/strong><\/p>\n\n\n\n<p class=\"wp-block-paragraph\">Beaucoup de catholiques n\u2019ont re\u00e7u qu\u2019une cat\u00e9ch\u00e8se enfantine.<\/p>\n\n\n\n<p class=\"wp-block-paragraph\">Ils ont appris quelques pri\u00e8res.<\/p>\n\n\n\n<p class=\"wp-block-paragraph\">Ils ont fait leur premi\u00e8re communion.<\/p>\n\n\n\n<p class=\"wp-block-paragraph\">Peut-\u00eatre ont-ils re\u00e7u la confirmation.<\/p>\n\n\n\n<p class=\"wp-block-paragraph\">Puis ils n\u2019ont jamais approfondi leur foi.<\/p>\n\n\n\n<p class=\"wp-block-paragraph\">Pendant ce temps, durant des d\u00e9cennies, ils ont continu\u00e9 \u00e0 \u00e9tudier :<\/p>\n\n\n\n<ul class=\"wp-block-list\">\n<li>L\u2019histoire.<\/li>\n\n\n\n<li>Les sciences.<\/li>\n\n\n\n<li>La politique.<\/li>\n\n\n\n<li>La technologie.<\/li>\n\n\n\n<li>L\u2019\u00e9conomie.<\/li>\n<\/ul>\n\n\n\n<p class=\"wp-block-paragraph\">Leur formation intellectuelle a progress\u00e9 tandis que leur formation religieuse est rest\u00e9e bloqu\u00e9e au niveau de l\u2019enfance.<\/p>\n\n\n\n<p class=\"wp-block-paragraph\">Ils poss\u00e8dent ainsi un esprit adulte avec une foi infantile.<\/p>\n\n\n\n<p class=\"wp-block-paragraph\">Lorsqu\u2019une personne remet en question l\u2019\u00c9glise avec des arguments bibliques apparemment solides, le catholique peu form\u00e9 se sent souvent incapable de r\u00e9pondre.<\/p>\n\n\n\n<p class=\"wp-block-paragraph\">Et lorsqu\u2019il ne conna\u00eet pas les r\u00e9ponses, il risque de croire qu\u2019elles n\u2019existent pas.<\/p>\n\n\n\n<hr class=\"wp-block-separator has-alpha-channel-opacity\"\/>\n\n\n\n<h1 class=\"wp-block-heading\">La strat\u00e9gie historique de la R\u00e9forme protestante<\/h1>\n\n\n\n<p class=\"wp-block-paragraph\">Pour mieux comprendre cette question, il convient de rappeler certains aspects historiques.<\/p>\n\n\n\n<p class=\"wp-block-paragraph\">Au XVIe si\u00e8cle, la rupture initi\u00e9e par Martin Luther provoqua une profonde division au sein de la chr\u00e9tient\u00e9 occidentale.<\/p>\n\n\n\n<p class=\"wp-block-paragraph\">Parmi les doctrines d\u00e9fendues par les r\u00e9formateurs figuraient :<\/p>\n\n\n\n<ul class=\"wp-block-list\">\n<li>Sola Scriptura (l\u2019\u00c9criture seule).<\/li>\n\n\n\n<li>Sola Fide (la foi seule).<\/li>\n\n\n\n<li>Le rejet de la papaut\u00e9.<\/li>\n\n\n\n<li>La n\u00e9gation de plusieurs sacrements.<\/li>\n\n\n\n<li>La remise en question du culte des saints.<\/li>\n\n\n\n<li>Le rejet de certains enseignements traditionnels.<\/li>\n<\/ul>\n\n\n\n<p class=\"wp-block-paragraph\">De nombreux catholiques de l\u2019\u00e9poque ne poss\u00e9daient pas une formation suffisante pour r\u00e9pondre \u00e0 ces controverses.<\/p>\n\n\n\n<p class=\"wp-block-paragraph\">L\u2019\u00c9glise comprit alors la n\u00e9cessit\u00e9 d\u2019une cat\u00e9ch\u00e8se plus solide.<\/p>\n\n\n\n<p class=\"wp-block-paragraph\">Le r\u00e9sultat fut un extraordinaire renouveau doctrinal et pastoral promu par le Concile de Trente.<\/p>\n\n\n\n<p class=\"wp-block-paragraph\">De ce concile naquirent des cat\u00e9chismes, des s\u00e9minaires mieux organis\u00e9s et un intense effort de formation qui renfor\u00e7a l\u2019identit\u00e9 catholique pendant des si\u00e8cles.<\/p>\n\n\n\n<p class=\"wp-block-paragraph\">La le\u00e7on demeure valable aujourd\u2019hui.<\/p>\n\n\n\n<hr class=\"wp-block-separator has-alpha-channel-opacity\"\/>\n\n\n\n<h1 class=\"wp-block-heading\">Le probl\u00e8me n\u2019est pas de lire la Bible<\/h1>\n\n\n\n<p class=\"wp-block-paragraph\">Certains pensent que la solution consiste simplement \u00e0 lire davantage la Bible.<\/p>\n\n\n\n<p class=\"wp-block-paragraph\">Cependant, la question est plus profonde.<\/p>\n\n\n\n<p class=\"wp-block-paragraph\">L\u2019\u00c9glise catholique a toujours aim\u00e9 les Saintes \u00c9critures.<\/p>\n\n\n\n<p class=\"wp-block-paragraph\">Saint J\u00e9r\u00f4me affirmait :<\/p>\n\n\n\n<blockquote class=\"wp-block-quote is-layout-flow wp-block-quote-is-layout-flow\">\n<p class=\"wp-block-paragraph\">\u00ab Ignorer les \u00c9critures, c\u2019est ignorer le Christ. \u00bb<\/p>\n<\/blockquote>\n\n\n\n<p class=\"wp-block-paragraph\">Le probl\u00e8me appara\u00eet lorsque la Bible est interpr\u00e9t\u00e9e en dehors de l\u2019\u00c9glise qui l\u2019a re\u00e7ue, conserv\u00e9e et transmise.<\/p>\n\n\n\n<p class=\"wp-block-paragraph\">La question fondamentale est la suivante :<\/p>\n\n\n\n<p class=\"wp-block-paragraph\"><strong>Qui poss\u00e8de l\u2019autorit\u00e9 pour interpr\u00e9ter correctement l\u2019\u00c9criture ?<\/strong><\/p>\n\n\n\n<p class=\"wp-block-paragraph\">Si chaque croyant interpr\u00e8te lui-m\u00eame les textes sacr\u00e9s, des interpr\u00e9tations contradictoires appara\u00eetront in\u00e9vitablement.<\/p>\n\n\n\n<p class=\"wp-block-paragraph\">C\u2019est pr\u00e9cis\u00e9ment pour cette raison que le Christ n\u2019a pas laiss\u00e9 seulement un livre.<\/p>\n\n\n\n<p class=\"wp-block-paragraph\">Il a aussi fond\u00e9 une \u00c9glise.<\/p>\n\n\n\n<p class=\"wp-block-paragraph\">Il dit aux Ap\u00f4tres :<\/p>\n\n\n\n<blockquote class=\"wp-block-quote is-layout-flow wp-block-quote-is-layout-flow\">\n<p class=\"wp-block-paragraph\">\u00ab Qui vous \u00e9coute m\u2019\u00e9coute. \u00bb (Luc 10, 16)<\/p>\n<\/blockquote>\n\n\n\n<p class=\"wp-block-paragraph\">Historiquement, l\u2019\u00c9glise existait avant le Nouveau Testament.<\/p>\n\n\n\n<p class=\"wp-block-paragraph\">Avant m\u00eame l\u2019\u00e9tablissement du canon biblique, la communaut\u00e9 apostolique enseignait d\u00e9j\u00e0 la foi.<\/p>\n\n\n\n<hr class=\"wp-block-separator has-alpha-channel-opacity\"\/>\n\n\n\n<h1 class=\"wp-block-heading\">L\u2019ignorance concernant l\u2019Eucharistie<\/h1>\n\n\n\n<p class=\"wp-block-paragraph\">L\u2019un des exemples les plus fr\u00e9quents d\u2019ignorance religieuse concerne le sacrement central de la foi catholique : l\u2019Eucharistie.<\/p>\n\n\n\n<p class=\"wp-block-paragraph\">De nombreux catholiques ne savent pas expliquer pourquoi ils croient \u00e0 la pr\u00e9sence r\u00e9elle du Christ.<\/p>\n\n\n\n<p class=\"wp-block-paragraph\">Pourtant, J\u00e9sus fut extr\u00eamement clair :<\/p>\n\n\n\n<blockquote class=\"wp-block-quote is-layout-flow wp-block-quote-is-layout-flow\">\n<p class=\"wp-block-paragraph\">\u00ab Ma chair est vraiment une nourriture et mon sang est vraiment une boisson. \u00bb (Jean 6, 55)<\/p>\n<\/blockquote>\n\n\n\n<p class=\"wp-block-paragraph\">Lorsque certains disciples abandonn\u00e8rent le Christ \u00e0 cause de ces paroles, J\u00e9sus ne les corrigea pas en disant que tout \u00e9tait seulement symbolique.<\/p>\n\n\n\n<p class=\"wp-block-paragraph\">Il les laissa partir.<\/p>\n\n\n\n<p class=\"wp-block-paragraph\">L\u2019\u00c9glise a toujours compris ce discours dans un sens r\u00e9el et sacramentel.<\/p>\n\n\n\n<p class=\"wp-block-paragraph\">Un catholique qui ignore cet enseignement peut facilement \u00eatre d\u00e9stabilis\u00e9 lorsqu\u2019il entend des interpr\u00e9tations qui r\u00e9duisent l\u2019Eucharistie \u00e0 un simple symbole.<\/p>\n\n\n\n<hr class=\"wp-block-separator has-alpha-channel-opacity\"\/>\n\n\n\n<h1 class=\"wp-block-heading\">L\u2019ignorance concernant Marie<\/h1>\n\n\n\n<p class=\"wp-block-paragraph\">Un autre domaine fr\u00e9quent de confusion est la doctrine mariale.<\/p>\n\n\n\n<p class=\"wp-block-paragraph\">Beaucoup de catholiques savent qu\u2019ils aiment la Sainte Vierge, mais ils ne savent pas expliquer pourquoi.<\/p>\n\n\n\n<p class=\"wp-block-paragraph\">Ils ignorent :<\/p>\n\n\n\n<ul class=\"wp-block-list\">\n<li>La maternit\u00e9 divine.<\/li>\n\n\n\n<li>La virginit\u00e9 perp\u00e9tuelle.<\/li>\n\n\n\n<li>L\u2019Immacul\u00e9e Conception.<\/li>\n\n\n\n<li>L\u2019Assomption.<\/li>\n\n\n\n<li>L\u2019intercession des saints.<\/li>\n<\/ul>\n\n\n\n<p class=\"wp-block-paragraph\">Lorsque quelqu\u2019un affirme que les catholiques \u00ab adorent Marie \u00bb, certains se trouvent d\u00e9concert\u00e9s parce qu\u2019ils n\u2019ont jamais \u00e9tudi\u00e9 ce que l\u2019\u00c9glise enseigne r\u00e9ellement.<\/p>\n\n\n\n<p class=\"wp-block-paragraph\">Pourtant, la doctrine catholique distingue clairement :<\/p>\n\n\n\n<ul class=\"wp-block-list\">\n<li>L\u2019adoration due \u00e0 Dieu seul.<\/li>\n\n\n\n<li>La v\u00e9n\u00e9ration rendue aux saints.<\/li>\n\n\n\n<li>La v\u00e9n\u00e9ration particuli\u00e8re accord\u00e9e \u00e0 la Bienheureuse Vierge Marie.<\/li>\n<\/ul>\n\n\n\n<p class=\"wp-block-paragraph\">La formation pr\u00e9vient les confusions et fortifie la foi.<\/p>\n\n\n\n<hr class=\"wp-block-separator has-alpha-channel-opacity\"\/>\n\n\n\n<h1 class=\"wp-block-heading\">Le Cat\u00e9chisme : un tr\u00e9sor oubli\u00e9<\/h1>\n\n\n\n<p class=\"wp-block-paragraph\">Il est frappant de constater que de nombreux foyers catholiques poss\u00e8dent plusieurs Bibles mais aucun Cat\u00e9chisme.<\/p>\n\n\n\n<p class=\"wp-block-paragraph\">Et lorsqu\u2019ils en poss\u00e8dent un, il est rarement lu.<\/p>\n\n\n\n<p class=\"wp-block-paragraph\">Pourtant, le Cat\u00e9chisme de l&rsquo;\u00c9glise catholique constitue l\u2019un des outils les plus pr\u00e9cieux pour conna\u00eetre la foi.<\/p>\n\n\n\n<p class=\"wp-block-paragraph\">On y trouve des r\u00e9ponses concernant :<\/p>\n\n\n\n<ul class=\"wp-block-list\">\n<li>Dieu.<\/li>\n\n\n\n<li>La Trinit\u00e9.<\/li>\n\n\n\n<li>Les sacrements.<\/li>\n\n\n\n<li>La morale chr\u00e9tienne.<\/li>\n\n\n\n<li>La pri\u00e8re.<\/li>\n\n\n\n<li>La vie \u00e9ternelle.<\/li>\n<\/ul>\n\n\n\n<p class=\"wp-block-paragraph\">Chaque catholique devrait consacrer du temps \u00e0 son \u00e9tude.<\/p>\n\n\n\n<p class=\"wp-block-paragraph\">Ce n\u2019est pas un livre r\u00e9serv\u00e9 aux pr\u00eatres ou aux th\u00e9ologiens.<\/p>\n\n\n\n<p class=\"wp-block-paragraph\">C\u2019est un instrument destin\u00e9 \u00e0 tous les fid\u00e8les.<\/p>\n\n\n\n<hr class=\"wp-block-separator has-alpha-channel-opacity\"\/>\n\n\n\n<h1 class=\"wp-block-heading\">L\u2019ignorance religieuse \u00e0 l\u2019\u00e8re num\u00e9rique<\/h1>\n\n\n\n<p class=\"wp-block-paragraph\">Aujourd\u2019hui, la situation pr\u00e9sente de nouveaux d\u00e9fis.<\/p>\n\n\n\n<p class=\"wp-block-paragraph\">Internet offre d\u2019immenses possibilit\u00e9s d\u2019\u00e9vang\u00e9lisation.<\/p>\n\n\n\n<p class=\"wp-block-paragraph\">Mais il multiplie \u00e9galement la diffusion des erreurs doctrinales.<\/p>\n\n\n\n<p class=\"wp-block-paragraph\">Des milliers de personnes re\u00e7oivent l\u2019essentiel de leur formation religieuse \u00e0 travers :<\/p>\n\n\n\n<ul class=\"wp-block-list\">\n<li>De courtes vid\u00e9os.<\/li>\n\n\n\n<li>Les r\u00e9seaux sociaux.<\/li>\n\n\n\n<li>Les influenceurs religieux.<\/li>\n\n\n\n<li>Les d\u00e9bats pol\u00e9miques.<\/li>\n<\/ul>\n\n\n\n<p class=\"wp-block-paragraph\">Tr\u00e8s souvent, des arguments simplifi\u00e9s sont pr\u00e9sent\u00e9s comme d\u00e9cisifs simplement parce que l\u2019auditeur ne poss\u00e8de pas la formation n\u00e9cessaire pour les \u00e9valuer de mani\u00e8re critique.<\/p>\n\n\n\n<p class=\"wp-block-paragraph\">C\u2019est pourquoi le catholique du XXIe si\u00e8cle a besoin de davantage de formation que jamais auparavant.<\/p>\n\n\n\n<p class=\"wp-block-paragraph\">Il ne suffit pas de r\u00e9p\u00e9ter des formules apprises par c\u0153ur.<\/p>\n\n\n\n<p class=\"wp-block-paragraph\">Il est n\u00e9cessaire de comprendre profond\u00e9ment la foi.<\/p>\n\n\n\n<hr class=\"wp-block-separator has-alpha-channel-opacity\"\/>\n\n\n\n<h1 class=\"wp-block-heading\">Le devoir de se former<\/h1>\n\n\n\n<p class=\"wp-block-paragraph\">La formation doctrinale n\u2019est pas un luxe r\u00e9serv\u00e9 aux sp\u00e9cialistes.<\/p>\n\n\n\n<p class=\"wp-block-paragraph\">C\u2019est une responsabilit\u00e9 de toute personne baptis\u00e9e.<\/p>\n\n\n\n<p class=\"wp-block-paragraph\">Le Concile Vatican II a rappel\u00e9 l\u2019importance pour les fid\u00e8les la\u00efcs de mieux conna\u00eetre la doctrine chr\u00e9tienne afin de pouvoir t\u00e9moigner dans le monde.<\/p>\n\n\n\n<p class=\"wp-block-paragraph\">L\u2019\u00e9vang\u00e9lisation commence par sa propre conversion intellectuelle et spirituelle.<\/p>\n\n\n\n<p class=\"wp-block-paragraph\">Nous ne pouvons pas transmettre ce que nous ne connaissons pas.<\/p>\n\n\n\n<p class=\"wp-block-paragraph\">Nous ne pouvons pas d\u00e9fendre ce que nous ne comprenons pas.<\/p>\n\n\n\n<p class=\"wp-block-paragraph\">Nous ne pouvons pas aimer pleinement ce dont nous ignorons la richesse.<\/p>\n\n\n\n<hr class=\"wp-block-separator has-alpha-channel-opacity\"\/>\n\n\n\n<h1 class=\"wp-block-heading\">Comment \u00e9viter de devenir un \u00ab catholique ignorant \u00bb<\/h1>\n\n\n\n<p class=\"wp-block-paragraph\">La r\u00e9ponse ne consiste pas \u00e0 accumuler des connaissances th\u00e9ologiques par orgueil intellectuel.<\/p>\n\n\n\n<p class=\"wp-block-paragraph\">La v\u00e9ritable formation cherche \u00e0 aimer davantage le Christ.<\/p>\n\n\n\n<p class=\"wp-block-paragraph\">Quelques pratiques concr\u00e8tes peuvent aider :<\/p>\n\n\n\n<h2 class=\"wp-block-heading\">1. Lire la Bible chaque jour<\/h2>\n\n\n\n<p class=\"wp-block-paragraph\">Non pas de mani\u00e8re isol\u00e9e, mais accompagn\u00e9e de l\u2019enseignement de l\u2019\u00c9glise.<\/p>\n\n\n\n<h2 class=\"wp-block-heading\">2. \u00c9tudier le Cat\u00e9chisme<\/h2>\n\n\n\n<p class=\"wp-block-paragraph\">M\u00eame quelques paragraphes chaque jour.<\/p>\n\n\n\n<h2 class=\"wp-block-heading\">3. Lire les P\u00e8res de l\u2019\u00c9glise<\/h2>\n\n\n\n<p class=\"wp-block-paragraph\">Ils montrent comment les premiers chr\u00e9tiens comprenaient la foi.<\/p>\n\n\n\n<h2 class=\"wp-block-heading\">4. Se former continuellement<\/h2>\n\n\n\n<p class=\"wp-block-paragraph\">La formation chr\u00e9tienne ne s\u2019ach\u00e8ve pas avec la Confirmation.<\/p>\n\n\n\n<p class=\"wp-block-paragraph\">Elle doit durer toute la vie.<\/p>\n\n\n\n<h2 class=\"wp-block-heading\">5. Participer activement \u00e0 la vie paroissiale<\/h2>\n\n\n\n<p class=\"wp-block-paragraph\">Les cours, groupes d\u2019\u00e9tude, retraites et conf\u00e9rences peuvent consid\u00e9rablement renforcer la foi.<\/p>\n\n\n\n<h2 class=\"wp-block-heading\">6. Cultiver la pri\u00e8re<\/h2>\n\n\n\n<p class=\"wp-block-paragraph\">La th\u00e9ologie sans pri\u00e8re peut devenir une simple information.<\/p>\n\n\n\n<p class=\"wp-block-paragraph\">La pri\u00e8re transforme la connaissance en rencontre avec Dieu.<\/p>\n\n\n\n<hr class=\"wp-block-separator has-alpha-channel-opacity\"\/>\n\n\n\n<h1 class=\"wp-block-heading\">La connaissance qui conduit \u00e0 l\u2019amour<\/h1>\n\n\n\n<p class=\"wp-block-paragraph\">Il existe un danger oppos\u00e9 \u00e0 l\u2019ignorance : l\u2019intellectualisme froid.<\/p>\n\n\n\n<p class=\"wp-block-paragraph\">Il ne suffit pas de conna\u00eetre des doctrines.<\/p>\n\n\n\n<p class=\"wp-block-paragraph\">Le d\u00e9mon conna\u00eet beaucoup de th\u00e9ologie.<\/p>\n\n\n\n<p class=\"wp-block-paragraph\">Ce qui sauve, c\u2019est une foi vivante qui transforme l\u2019existence.<\/p>\n\n\n\n<p class=\"wp-block-paragraph\">Cependant, nous ne pouvons pas aimer profond\u00e9ment ce que nous ne connaissons pas.<\/p>\n\n\n\n<p class=\"wp-block-paragraph\">Plus nous connaissons le Christ, plus nous l\u2019aimons.<\/p>\n\n\n\n<p class=\"wp-block-paragraph\">Plus nous comprenons l\u2019\u00c9glise, plus nous l\u2019appr\u00e9cions.<\/p>\n\n\n\n<p class=\"wp-block-paragraph\">Plus nous d\u00e9couvrons la richesse de la tradition catholique, plus nous sommes reconnaissants pour le tr\u00e9sor re\u00e7u.<\/p>\n\n\n\n<hr class=\"wp-block-separator has-alpha-channel-opacity\"\/>\n\n\n\n<h1 class=\"wp-block-heading\">Conclusion : conna\u00eetre pour demeurer<\/h1>\n\n\n\n<p class=\"wp-block-paragraph\">L\u2019expression \u00ab Catholique ignorant, futur protestant \u00bb ne doit pas \u00eatre comprise comme une attaque ou une condamnation. C\u2019est un avertissement pastoral n\u00e9 d\u2019une r\u00e9alit\u00e9 historique qui s\u2019est r\u00e9p\u00e9t\u00e9e \u00e0 de nombreuses reprises.<\/p>\n\n\n\n<p class=\"wp-block-paragraph\">Celui qui ne conna\u00eet pas sa foi est expos\u00e9 \u00e0 la confusion.<\/p>\n\n\n\n<p class=\"wp-block-paragraph\">Celui qui ne comprend pas la doctrine aura du mal \u00e0 la d\u00e9fendre.<\/p>\n\n\n\n<p class=\"wp-block-paragraph\">Celui qui n\u2019approfondit pas le tr\u00e9sor qu\u2019il a re\u00e7u risque de l\u2019abandonner sans l\u2019avoir jamais v\u00e9ritablement connu.<\/p>\n\n\n\n<p class=\"wp-block-paragraph\">\u00c0 une \u00e9poque marqu\u00e9e par la d\u00e9sinformation religieuse, la superficialit\u00e9 et la fragmentation doctrinale, le rem\u00e8de demeure le m\u00eame que celui propos\u00e9 par les saints de tous les temps : <strong>une formation solide, une pri\u00e8re constante et un amour profond de la v\u00e9rit\u00e9 r\u00e9v\u00e9l\u00e9e par le Christ.<\/strong><\/p>\n\n\n\n<p class=\"wp-block-paragraph\">Car la foi catholique ne craint pas l\u2019\u00e9tude. Au contraire, elle invite \u00e0 chercher, comprendre et approfondir.<\/p>\n\n\n\n<p class=\"wp-block-paragraph\">Et lorsqu\u2019un catholique conna\u00eet v\u00e9ritablement sa foi, il d\u00e9couvre qu\u2019il ne s\u2019agit pas simplement d\u2019une tradition h\u00e9rit\u00e9e, mais d\u2019une rencontre vivante avec J\u00e9sus-Christ, \u00ab le Chemin, la V\u00e9rit\u00e9 et la Vie \u00bb (Jean 14, 6), capable d\u2019illuminer chaque aspect de l\u2019existence humaine et de la conduire vers la pl\u00e9nitude de Dieu.<\/p>\n","protected":false},"excerpt":{"rendered":"<p>Au fil des si\u00e8cles, une phrase a r\u00e9sonn\u00e9 dans la pr\u00e9dication, la cat\u00e9ch\u00e8se et les r\u00e9flexions de nombreux pr\u00eatres, \u00e9v\u00eaques et th\u00e9ologiens : \u00ab Catholique ignorant, futur protestant. \u00bb Bien qu\u2019elle puisse para\u00eetre dure, voire controvers\u00e9e, \u00e0 certaines oreilles modernes, elle renferme une profonde v\u00e9rit\u00e9 spirituelle et pastorale qui m\u00e9rite d\u2019\u00eatre examin\u00e9e avec s\u00e9r\u00e9nit\u00e9 et &hellip;<\/p>\n","protected":false},"author":3,"featured_media":6278,"comment_status":"open","ping_status":"closed","sticky":false,"template":"","format":"standard","meta":{"_seopress_titles_title":"","_seopress_titles_desc":"","_seopress_robots_index":"","_seopress_robots_follow":"","_seopress_robots_imageindex":"","_seopress_robots_snippet":"","_seopress_robots_primary_cat":"","_seopress_robots_breadcrumbs":"","_seopress_robots_freeze_modified_date":"","_seopress_robots_custom_modified_date":"","_seopress_robots_canonical":"","_seopress_social_fb_title":"","_seopress_social_fb_desc":"","_seopress_social_fb_img":"","_seopress_social_fb_img_attachment_id":0,"_seopress_social_fb_img_width":0,"_seopress_social_fb_img_height":0,"_seopress_social_twitter_title":"","_seopress_social_twitter_desc":"","_seopress_social_twitter_img":"","_seopress_social_twitter_img_attachment_id":0,"_seopress_social_twitter_img_width":0,"_seopress_social_twitter_img_height":0,"_seopress_redirections_value":"","_seopress_redirections_enabled":"","_seopress_redirections_enabled_regex":"","_seopress_redirections_logged_status":"","_seopress_redirections_param":"","_seopress_redirections_type":0,"_seopress_analysis_target_kw":"","footnotes":""},"categories":[66,41],"tags":[],"class_list":["post-6277","post","type-post","status-publish","format-standard","has-post-thumbnail","","category-culture-populaire-et-catholicisme","category-foi-et-culture"],"_links":{"self":[{"href":"https:\/\/catholicus.eu\/fr\/wp-json\/wp\/v2\/posts\/6277","targetHints":{"allow":["GET"]}}],"collection":[{"href":"https:\/\/catholicus.eu\/fr\/wp-json\/wp\/v2\/posts"}],"about":[{"href":"https:\/\/catholicus.eu\/fr\/wp-json\/wp\/v2\/types\/post"}],"author":[{"embeddable":true,"href":"https:\/\/catholicus.eu\/fr\/wp-json\/wp\/v2\/users\/3"}],"replies":[{"embeddable":true,"href":"https:\/\/catholicus.eu\/fr\/wp-json\/wp\/v2\/comments?post=6277"}],"version-history":[{"count":1,"href":"https:\/\/catholicus.eu\/fr\/wp-json\/wp\/v2\/posts\/6277\/revisions"}],"predecessor-version":[{"id":6279,"href":"https:\/\/catholicus.eu\/fr\/wp-json\/wp\/v2\/posts\/6277\/revisions\/6279"}],"wp:featuredmedia":[{"embeddable":true,"href":"https:\/\/catholicus.eu\/fr\/wp-json\/wp\/v2\/media\/6278"}],"wp:attachment":[{"href":"https:\/\/catholicus.eu\/fr\/wp-json\/wp\/v2\/media?parent=6277"}],"wp:term":[{"taxonomy":"category","embeddable":true,"href":"https:\/\/catholicus.eu\/fr\/wp-json\/wp\/v2\/categories?post=6277"},{"taxonomy":"post_tag","embeddable":true,"href":"https:\/\/catholicus.eu\/fr\/wp-json\/wp\/v2\/tags?post=6277"}],"curies":[{"name":"wp","href":"https:\/\/api.w.org\/{rel}","templated":true}]}}