{"id":6037,"date":"2026-05-01T23:27:15","date_gmt":"2026-05-01T21:27:15","guid":{"rendered":"https:\/\/catholicus.eu\/fr\/?p=6037"},"modified":"2026-05-01T23:27:16","modified_gmt":"2026-05-01T21:27:16","slug":"la-saintete-lappel-le-plus-radical-et-le-plus-beau-du-chretien-dans-un-monde-qui-a-oublie-le-ciel","status":"publish","type":"post","link":"https:\/\/catholicus.eu\/fr\/la-saintete-lappel-le-plus-radical-et-le-plus-beau-du-chretien-dans-un-monde-qui-a-oublie-le-ciel\/","title":{"rendered":"La saintet\u00e9 : l\u2019appel le plus radical et le plus beau du chr\u00e9tien dans un monde qui a oubli\u00e9 le ciel"},"content":{"rendered":"\n<h2 class=\"wp-block-heading\">Introduction : La saintet\u00e9 n\u2019est pas r\u00e9serv\u00e9e \u00e0 quelques \u00e9lus\u2026 elle est pour toi<\/h2>\n\n\n\n<p>Parler de saintet\u00e9 au XXIe si\u00e8cle peut sembler, pour beaucoup, une id\u00e9e ancienne, r\u00e9serv\u00e9e aux moines m\u00e9di\u00e9vaux, aux martyrs h\u00e9ro\u00efques ou \u00e0 des \u00e2mes extraordinaires ayant v\u00e9cu des exp\u00e9riences mystiques impossibles \u00e0 imiter. Beaucoup pensent qu\u2019un saint est quelqu\u2019un qui vit s\u00e9par\u00e9 du monde, qui ne tombe jamais, qui semble presque cesser d\u2019\u00eatre humain.<\/p>\n\n\n\n<p>Mais cette vision est profond\u00e9ment incompl\u00e8te.<\/p>\n\n\n\n<p>La saintet\u00e9 n\u2019est pas une vocation exclusive pour une \u00e9lite spirituelle. Ce n\u2019est pas une option secondaire dans le christianisme. Ce n\u2019est pas un \u201csuppl\u00e9ment\u201d pour les particuli\u00e8rement religieux.<\/p>\n\n\n\n<p><strong>La saintet\u00e9 est la destin\u00e9e normale du chr\u00e9tien.<\/strong><\/p>\n\n\n\n<p>Dieu ne t\u2019a pas cr\u00e9\u00e9 simplement pour \u201c\u00eatre une bonne personne\u201d, pour survivre moralement ou pour \u00e9viter le mal autant que possible. Dieu t\u2019a cr\u00e9\u00e9 pour participer \u00e0 Sa propre vie.<\/p>\n\n\n\n<blockquote class=\"wp-block-quote is-layout-flow wp-block-quote-is-layout-flow\">\n<p>\u00ab Soyez saints, car Moi, Je suis saint \u00bb (1 Pierre 1,16).<\/p>\n<\/blockquote>\n\n\n\n<p>Ce commandement n\u2019est pas une suggestion po\u00e9tique : c\u2019est un appel divin.<\/p>\n\n\n\n<p>La trag\u00e9die de l\u2019homme moderne n\u2019est pas seulement le p\u00e9ch\u00e9, mais d\u2019avoir abaiss\u00e9 son horizon. Nous avons \u00e9chang\u00e9 le ciel contre le confort, l\u2019\u00e9ternit\u00e9 contre le divertissement, la vertu contre l\u2019apparence, la croix contre le plaisir imm\u00e9diat.<\/p>\n\n\n\n<p>Et pourtant, au milieu de tout ce bruit, le Christ continue de prononcer les m\u00eames paroles :<\/p>\n\n\n\n<p><strong>\u00ab Suis-moi. \u00bb<\/strong><\/p>\n\n\n\n<p>Et suivre le Christ jusqu\u2019au bout porte un nom : <strong>la saintet\u00e9<\/strong>.<\/p>\n\n\n\n<hr class=\"wp-block-separator has-alpha-channel-opacity\"\/>\n\n\n\n<h1 class=\"wp-block-heading\">I. Qu\u2019est-ce que la saintet\u00e9, r\u00e9ellement ?<\/h1>\n\n\n\n<h2 class=\"wp-block-heading\">L\u2019union avec Dieu : la pl\u00e9nitude de la personne humaine<\/h2>\n\n\n\n<p>La saintet\u00e9, dans son essence la plus profonde, ne consiste pas simplement \u00e0 \u201cfaire de bonnes choses\u201d.<\/p>\n\n\n\n<p>La saintet\u00e9 est la transformation progressive de l\u2019\u00e2me par la gr\u00e2ce de Dieu, jusqu\u2019\u00e0 ce que le Christ vive en elle.<\/p>\n\n\n\n<p>Saint Paul l\u2019a exprim\u00e9 avec une force saisissante :<\/p>\n\n\n\n<blockquote class=\"wp-block-quote is-layout-flow wp-block-quote-is-layout-flow\">\n<p>\u00ab Ce n\u2019est plus moi qui vis, c\u2019est le Christ qui vit en moi \u00bb (Galates 2,20).<\/p>\n<\/blockquote>\n\n\n\n<p>\u00catre saint signifie permettre \u00e0 Dieu de r\u00e9gner pleinement dans le c\u0153ur, l\u2019esprit, les d\u00e9cisions, les relations, la souffrance, le travail et l\u2019esp\u00e9rance.<\/p>\n\n\n\n<h2 class=\"wp-block-heading\">D\u2019un point de vue th\u00e9ologique :<\/h2>\n\n\n\n<p>La saintet\u00e9 na\u00eet de trois fondements :<\/p>\n\n\n\n<h3 class=\"wp-block-heading\">1. <strong>La gr\u00e2ce sanctifiante<\/strong><\/h3>\n\n\n\n<p>Re\u00e7ue au Bapt\u00eame, elle fait de nous des enfants de Dieu.<\/p>\n\n\n\n<h3 class=\"wp-block-heading\">2. <strong>La coop\u00e9ration humaine<\/strong><\/h3>\n\n\n\n<p>Dieu donne la gr\u00e2ce, mais l\u2019homme doit y r\u00e9pondre librement.<\/p>\n\n\n\n<h3 class=\"wp-block-heading\">3. <strong>Une vie vertueuse<\/strong><\/h3>\n\n\n\n<p>La saintet\u00e9 se d\u00e9veloppe par l\u2019exercice constant des vertus th\u00e9ologales (foi, esp\u00e9rance et charit\u00e9) et cardinales (prudence, justice, force et temp\u00e9rance).<\/p>\n\n\n\n<p>C\u2019est pourquoi la saintet\u00e9 n\u2019est pas magique. Elle est gr\u00e2ce + lutte + amour.<\/p>\n\n\n\n<p>Sainte Th\u00e9r\u00e8se d\u2019Avila l\u2019avait parfaitement compris : la saintet\u00e9 ne consiste pas \u00e0 beaucoup penser, mais \u00e0 beaucoup aimer.<\/p>\n\n\n\n<hr class=\"wp-block-separator has-alpha-channel-opacity\"\/>\n\n\n\n<h1 class=\"wp-block-heading\">II. La joie saine : le premier signe de la vraie saintet\u00e9<\/h1>\n\n\n\n<h2 class=\"wp-block-heading\">\u00ab Un saint triste est un triste saint \u00bb<\/h2>\n\n\n\n<p>Cette c\u00e9l\u00e8bre phrase attribu\u00e9e \u00e0 Sainte Th\u00e9r\u00e8se r\u00e9sume une v\u00e9rit\u00e9 essentielle : la saintet\u00e9 authentique ne produit pas l\u2019amertume, mais une joie profonde.<\/p>\n\n\n\n<p>Il ne s\u2019agit ni de superficialit\u00e9 ni d\u2019optimisme vide. La joie chr\u00e9tienne ne d\u00e9pend pas du fait que tout aille bien, mais de la certitude que Dieu r\u00e8gne m\u00eame au milieu de la souffrance.<\/p>\n\n\n\n<p>Saint Paul insistait :<\/p>\n\n\n\n<blockquote class=\"wp-block-quote is-layout-flow wp-block-quote-is-layout-flow\">\n<p>\u00ab Soyez toujours dans la joie du Seigneur ; je le r\u00e9p\u00e8te : soyez dans la joie \u00bb (Philippiens 4,4).<\/p>\n<\/blockquote>\n\n\n\n<h2 class=\"wp-block-heading\">Pourquoi le saint est-il joyeux ?<\/h2>\n\n\n\n<p>Parce qu\u2019il vit dans l\u2019ordre.<\/p>\n\n\n\n<h3 class=\"wp-block-heading\">La joie saine na\u00eet de :<\/h3>\n\n\n\n<ul class=\"wp-block-list\">\n<li>l\u2019accomplissement du devoir,<\/li>\n\n\n\n<li>le d\u00e9tachement de ce qui est relatif,<\/li>\n\n\n\n<li>la capacit\u00e9 \u00e0 jouir de tout ce que Dieu nous a donn\u00e9,<\/li>\n\n\n\n<li>une vie selon l\u2019ordre, la sagesse, la bont\u00e9 et la beaut\u00e9 avec lesquels Dieu a cr\u00e9\u00e9 toutes choses.<\/li>\n<\/ul>\n\n\n\n<h2 class=\"wp-block-heading\">La fausse joie du monde :<\/h2>\n\n\n\n<p>Aujourd\u2019hui, on confond souvent la joie avec :<\/p>\n\n\n\n<ul class=\"wp-block-list\">\n<li>la consommation,<\/li>\n\n\n\n<li>l\u2019\u00e9vasion,<\/li>\n\n\n\n<li>le plaisir,<\/li>\n\n\n\n<li>l\u2019approbation sociale.<\/li>\n<\/ul>\n\n\n\n<p>Mais tout cela passe.<\/p>\n\n\n\n<p>La joie chr\u00e9tienne, en revanche, demeure m\u00eame sur la croix, parce qu\u2019elle jaillit de la certitude d\u2019\u00eatre aim\u00e9 de Dieu.<\/p>\n\n\n\n<p>Les saints riaient, chantaient, servaient, pleuraient\u2026 mais ils ne vivaient jamais dans le vide.<\/p>\n\n\n\n<hr class=\"wp-block-separator has-alpha-channel-opacity\"\/>\n\n\n\n<h1 class=\"wp-block-heading\">III. Les caract\u00e9ristiques de la saintet\u00e9 : le profil d\u2019une \u00e2me qui appartient \u00e0 Dieu<\/h1>\n\n\n\n<h2 class=\"wp-block-heading\">1. Aimer radicalement<\/h2>\n\n\n\n<p>La saintet\u00e9 commence et s\u2019ach\u00e8ve dans la charit\u00e9.<\/p>\n\n\n\n<blockquote class=\"wp-block-quote is-layout-flow wp-block-quote-is-layout-flow\">\n<p>\u00ab Tu aimeras le Seigneur ton Dieu de tout ton c\u0153ur\u2026 \u00bb (Matthieu 22,37).<\/p>\n<\/blockquote>\n\n\n\n<p>Cela implique :<\/p>\n\n\n\n<ul class=\"wp-block-list\">\n<li>aimer Dieu par-dessus tout,<\/li>\n\n\n\n<li>aimer son prochain,<\/li>\n\n\n\n<li>aimer ses ennemis,<\/li>\n\n\n\n<li>pardonner,<\/li>\n\n\n\n<li>servir.<\/li>\n<\/ul>\n\n\n\n<h2 class=\"wp-block-heading\">2. Vivre h\u00e9ro\u00efquement les vertus<\/h2>\n\n\n\n<p>Il ne suffit pas d\u2019\u00e9viter le p\u00e9ch\u00e9 grave. La saintet\u00e9 exige une croissance.<\/p>\n\n\n\n<p>\u00catre saint signifie lutter contre :<\/p>\n\n\n\n<ul class=\"wp-block-list\">\n<li>l\u2019orgueil,<\/li>\n\n\n\n<li>la luxure,<\/li>\n\n\n\n<li>l\u2019avarice,<\/li>\n\n\n\n<li>la ti\u00e9deur,<\/li>\n\n\n\n<li>la paresse spirituelle.<\/li>\n<\/ul>\n\n\n\n<h2 class=\"wp-block-heading\">3. Appartenir activement \u00e0 l\u2019\u00c9glise<\/h2>\n\n\n\n<p>Il n\u2019existe pas de saintet\u00e9 isol\u00e9e du Corps du Christ.<\/p>\n\n\n\n<p>L\u2019\u00c9glise n\u2019est pas un club social, mais le lieu ordinaire de sanctification \u00e0 travers :<\/p>\n\n\n\n<ul class=\"wp-block-list\">\n<li>les sacrements,<\/li>\n\n\n\n<li>la doctrine,<\/li>\n\n\n\n<li>la pri\u00e8re,<\/li>\n\n\n\n<li>la communaut\u00e9,<\/li>\n\n\n\n<li>la mission.<\/li>\n<\/ul>\n\n\n\n<hr class=\"wp-block-separator has-alpha-channel-opacity\"\/>\n\n\n\n<h1 class=\"wp-block-heading\">IV. Renoncer \u00e0 la mondanit\u00e9 : \u00eatre dans le monde sans \u00eatre du monde<\/h1>\n\n\n\n<h2 class=\"wp-block-heading\">Le grand drame contemporain<\/h2>\n\n\n\n<p>Nous vivons dans une culture qui absolutise le temporel :<\/p>\n\n\n\n<ul class=\"wp-block-list\">\n<li>l\u2019image,<\/li>\n\n\n\n<li>l\u2019argent,<\/li>\n\n\n\n<li>le plaisir,<\/li>\n\n\n\n<li>le succ\u00e8s,<\/li>\n\n\n\n<li>le pouvoir.<\/li>\n<\/ul>\n\n\n\n<p>Mais le Christ a \u00e9t\u00e9 clair :<\/p>\n\n\n\n<blockquote class=\"wp-block-quote is-layout-flow wp-block-quote-is-layout-flow\">\n<p>\u00ab Que sert \u00e0 l\u2019homme de gagner le monde entier, s\u2019il vient \u00e0 perdre son \u00e2me ? \u00bb (Marc 8,36).<\/p>\n<\/blockquote>\n\n\n\n<h2 class=\"wp-block-heading\">Renoncer au monde ne signifie pas le fuir physiquement<\/h2>\n\n\n\n<p>Cela signifie rejeter la mentalit\u00e9 mondaine :<\/p>\n\n\n\n<ul class=\"wp-block-list\">\n<li>relativisme,<\/li>\n\n\n\n<li>h\u00e9donisme,<\/li>\n\n\n\n<li>orgueil,<\/li>\n\n\n\n<li>autosuffisance.<\/li>\n<\/ul>\n\n\n\n<h2 class=\"wp-block-heading\">La spiritualit\u00e9 chr\u00e9tienne enseigne :<\/h2>\n\n\n\n<h3 class=\"wp-block-heading\">Utiliser les choses sans les adorer.<\/h3>\n\n\n\n<h3 class=\"wp-block-heading\">Poss\u00e9der des biens sans en \u00eatre poss\u00e9d\u00e9.<\/h3>\n\n\n\n<h3 class=\"wp-block-heading\">Vivre ici-bas en regardant vers le ciel.<\/h3>\n\n\n\n<p>Saint Jean de la Croix enseignait qu\u2019un attachement d\u00e9sordonn\u00e9, m\u00eame \u00e0 de petites choses, peut emp\u00eacher l\u2019\u00e2me de s\u2019\u00e9lever.<\/p>\n\n\n\n<hr class=\"wp-block-separator has-alpha-channel-opacity\"\/>\n\n\n\n<h1 class=\"wp-block-heading\">V. Vie apostolique : tout baptis\u00e9 est envoy\u00e9<\/h1>\n\n\n\n<h2 class=\"wp-block-heading\">\u00ab Allez dans le monde entier\u2026 \u00bb<\/h2>\n\n\n\n<p>Il n\u2019existe pas de chr\u00e9tien authentique sans mission.<\/p>\n\n\n\n<p>La Confirmation n\u2019est pas une c\u00e9r\u00e9monie culturelle ; c\u2019est une force spirituelle pour combattre pour le Christ.<\/p>\n\n\n\n<h2 class=\"wp-block-heading\">L\u2019apostolat des la\u00efcs aujourd\u2019hui :<\/h2>\n\n\n\n<h3 class=\"wp-block-heading\">Dans la famille :<\/h3>\n\n\n\n<ul class=\"wp-block-list\">\n<li>\u00c9duquer dans la foi,<\/li>\n\n\n\n<li>D\u00e9fendre la v\u00e9rit\u00e9,<\/li>\n\n\n\n<li>\u00catre un exemple.<\/li>\n<\/ul>\n\n\n\n<h3 class=\"wp-block-heading\">Au travail :<\/h3>\n\n\n\n<ul class=\"wp-block-list\">\n<li>Honn\u00eatet\u00e9,<\/li>\n\n\n\n<li>Coh\u00e9rence,<\/li>\n\n\n\n<li>Dignit\u00e9.<\/li>\n<\/ul>\n\n\n\n<h3 class=\"wp-block-heading\">Dans la soci\u00e9t\u00e9 :<\/h3>\n\n\n\n<ul class=\"wp-block-list\">\n<li>D\u00e9fendre la vie,<\/li>\n\n\n\n<li>Prot\u00e9ger la famille,<\/li>\n\n\n\n<li>Combattre la d\u00e9christianisation culturelle.<\/li>\n<\/ul>\n\n\n\n<h2 class=\"wp-block-heading\">Le grand probl\u00e8me actuel :<\/h2>\n\n\n\n<p>Beaucoup de catholiques ont privatis\u00e9 leur foi.<\/p>\n\n\n\n<p>Mais une foi qui ne transforme pas le monde s\u2019affaiblit.<\/p>\n\n\n\n<hr class=\"wp-block-separator has-alpha-channel-opacity\"\/>\n\n\n\n<h1 class=\"wp-block-heading\">VI. Vie contemplative : la puissance cach\u00e9e qui soutient le monde<\/h1>\n\n\n\n<p>Dans une civilisation obs\u00e9d\u00e9e par la productivit\u00e9, la vie contemplative semble inutile.<\/p>\n\n\n\n<p>Mais th\u00e9ologiquement, c\u2019est l\u2019inverse.<\/p>\n\n\n\n<p>Les monast\u00e8res, couvents et \u00e2mes consacr\u00e9es sont les poumons spirituels de l\u2019\u00c9glise.<\/p>\n\n\n\n<h2 class=\"wp-block-heading\">Deux dimensions :<\/h2>\n\n\n\n<h3 class=\"wp-block-heading\">Vie contemplative passive :<\/h3>\n\n\n\n<ul class=\"wp-block-list\">\n<li>Cl\u00f4ture,<\/li>\n\n\n\n<li>Silence,<\/li>\n\n\n\n<li>Adoration,<\/li>\n\n\n\n<li>Sacrifice.<\/li>\n<\/ul>\n\n\n\n<h3 class=\"wp-block-heading\">Vie contemplative active :<\/h3>\n\n\n\n<ul class=\"wp-block-list\">\n<li>H\u00f4pitaux,<\/li>\n\n\n\n<li>\u00c9coles,<\/li>\n\n\n\n<li>Missions,<\/li>\n\n\n\n<li>Service des pauvres.<\/li>\n<\/ul>\n\n\n\n<h2 class=\"wp-block-heading\">Une grande v\u00e9rit\u00e9 :<\/h2>\n\n\n\n<p>Sans pri\u00e8re profonde, l\u2019apostolat devient un activisme vide.<\/p>\n\n\n\n<p>J\u00e9sus montait d\u2019abord sur la montagne pour prier\u2026 puis descendait pour pr\u00eacher.<\/p>\n\n\n\n<hr class=\"wp-block-separator has-alpha-channel-opacity\"\/>\n\n\n\n<h1 class=\"wp-block-heading\">VII. La Vierge Marie : le mod\u00e8le parfait de la saintet\u00e9 humaine<\/h1>\n\n\n\n<p>Marie n\u2019est pas seulement une figure de d\u00e9votion. Elle est l\u2019id\u00e9al parfait de coop\u00e9ration avec la gr\u00e2ce.<\/p>\n\n\n\n<h2 class=\"wp-block-heading\">Immacul\u00e9e :<\/h2>\n\n\n\n<p>Pr\u00e9serv\u00e9e du p\u00e9ch\u00e9 originel.<\/p>\n\n\n\n<h2 class=\"wp-block-heading\">Vierge :<\/h2>\n\n\n\n<p>Totalement donn\u00e9e \u00e0 Dieu.<\/p>\n\n\n\n<h2 class=\"wp-block-heading\">M\u00e8re :<\/h2>\n\n\n\n<p>M\u00e8re du Christ et M\u00e8re de l\u2019\u00c9glise.<\/p>\n\n\n\n<h2 class=\"wp-block-heading\">Assum\u00e9e au ciel :<\/h2>\n\n\n\n<p>Le fruit glorieux premier de la r\u00e9demption.<\/p>\n\n\n\n<blockquote class=\"wp-block-quote is-layout-flow wp-block-quote-is-layout-flow\">\n<p>\u00ab Qu\u2019il me soit fait selon ta parole \u00bb (Luc 1,38).<\/p>\n<\/blockquote>\n\n\n\n<p>Dans cette phrase se condense tout le chemin de la saintet\u00e9 :<br><strong>Disponibilit\u00e9 absolue \u00e0 Dieu.<\/strong><\/p>\n\n\n\n<p>Marie enseigne que la saintet\u00e9 ne consiste pas dans le protagonisme, mais dans la docilit\u00e9.<\/p>\n\n\n\n<hr class=\"wp-block-separator has-alpha-channel-opacity\"\/>\n\n\n\n<h1 class=\"wp-block-heading\">VIII. La recherche de la saintet\u00e9 : guide pastoral pratique pour aujourd\u2019hui<\/h1>\n\n\n\n<h2 class=\"wp-block-heading\">1. D\u00e9sirer \u00eatre saint<\/h2>\n\n\n\n<p>Sans d\u00e9sir, il n\u2019y a pas de chemin.<\/p>\n\n\n\n<h2 class=\"wp-block-heading\">2. Une vie sacramentelle s\u00e9rieuse<\/h2>\n\n\n\n<ul class=\"wp-block-list\">\n<li>Confession fr\u00e9quente,<\/li>\n\n\n\n<li>Eucharistie re\u00e7ue dignement,<\/li>\n\n\n\n<li>Pri\u00e8re quotidienne.<\/li>\n<\/ul>\n\n\n\n<h2 class=\"wp-block-heading\">3. Combattre la ti\u00e9deur<\/h2>\n\n\n\n<p>L\u2019Apocalypse avertit :<\/p>\n\n\n\n<blockquote class=\"wp-block-quote is-layout-flow wp-block-quote-is-layout-flow\">\n<p>\u00ab Parce que tu es ti\u00e8de\u2026 je vais te vomir de ma bouche \u00bb (Apocalypse 3,16).<\/p>\n<\/blockquote>\n\n\n\n<h2 class=\"wp-block-heading\">4. Se former doctrinalement<\/h2>\n\n\n\n<p>On ne peut aimer ce que l\u2019on ne conna\u00eet pas.<\/p>\n\n\n\n<h2 class=\"wp-block-heading\">5. Pratiquer la mortification<\/h2>\n\n\n\n<p>Dire \u201cnon\u201d \u00e0 soi-m\u00eame fortifie l\u2019\u00e2me.<\/p>\n\n\n\n<h2 class=\"wp-block-heading\">6. Pers\u00e9v\u00e9rer<\/h2>\n\n\n\n<p>La saintet\u00e9 ne consiste pas \u00e0 ne jamais tomber, mais \u00e0 toujours se relever.<\/p>\n\n\n\n<hr class=\"wp-block-separator has-alpha-channel-opacity\"\/>\n\n\n\n<h1 class=\"wp-block-heading\">IX. La saintet\u00e9 en temps de crise : plus urgente que jamais<\/h1>\n\n\n\n<p>Aujourd\u2019hui, la saintet\u00e9 est contre-culturelle.<\/p>\n\n\n\n<p>\u00catre saint aujourd\u2019hui signifie :<\/p>\n\n\n\n<ul class=\"wp-block-list\">\n<li>D\u00e9fendre la v\u00e9rit\u00e9 quand elle est ridiculis\u00e9e,<\/li>\n\n\n\n<li>Vivre la puret\u00e9 dans une culture hypersexualis\u00e9e,<\/li>\n\n\n\n<li>\u00catre humble dans une soci\u00e9t\u00e9 narcissique,<\/li>\n\n\n\n<li>Garder la foi dans un monde s\u00e9cularis\u00e9.<\/li>\n<\/ul>\n\n\n\n<p>Cela n\u2019a jamais \u00e9t\u00e9 facile. Mais cela n\u2019a jamais \u00e9t\u00e9 impossible.<\/p>\n\n\n\n<p>Chaque \u00e9poque produit ses saints.<\/p>\n\n\n\n<p>La question n\u2019est pas de savoir si ce monde est trop sombre.<\/p>\n\n\n\n<p>La question est : <strong>Es-tu pr\u00eat \u00e0 \u00eatre lumi\u00e8re ?<\/strong><\/p>\n\n\n\n<hr class=\"wp-block-separator has-alpha-channel-opacity\"\/>\n\n\n\n<h1 class=\"wp-block-heading\">Conclusion : La saintet\u00e9 n\u2019est pas le perfectionnisme\u2026 c\u2019est l\u2019appartenance<\/h1>\n\n\n\n<p>Dieu n\u2019appelle pas les parfaits ; Il perfectionne ceux qu\u2019Il appelle.<\/p>\n\n\n\n<p>La saintet\u00e9 ne signifie pas l\u2019absence de lutte, mais la fid\u00e9lit\u00e9 au c\u0153ur m\u00eame du combat.<\/p>\n\n\n\n<p>Il ne s\u2019agit pas de n\u2019avoir aucune blessure, mais de permettre au Christ de r\u00e9gner jusque dans ses blessures.<\/p>\n\n\n\n<p>Le monde a besoin de saints :<\/p>\n\n\n\n<ul class=\"wp-block-list\">\n<li>de p\u00e8res saints,<\/li>\n\n\n\n<li>de m\u00e8res saintes,<\/li>\n\n\n\n<li>de jeunes saints,<\/li>\n\n\n\n<li>de travailleurs saints,<\/li>\n\n\n\n<li>de pr\u00eatres saints.<\/li>\n<\/ul>\n\n\n\n<p>Pas demain. Aujourd\u2019hui.<\/p>\n\n\n\n<p>Car chaque \u00e2me sainte devient une r\u00e9volution silencieuse.<\/p>\n\n\n\n<h2 class=\"wp-block-heading\">Selon les paroles de Saint L\u00e9on le Grand :<\/h2>\n\n\n\n<p><strong>\u00ab Chr\u00e9tien, reconnais ta dignit\u00e9. \u00bb<\/strong><\/p>\n\n\n\n<p>Tu as \u00e9t\u00e9 cr\u00e9\u00e9 pour davantage.<\/p>\n\n\n\n<p>Pas seulement pour survivre.<br>Pas pour te conformer.<br>Pas pour \u00eatre m\u00e9diocre.<\/p>\n\n\n\n<p><strong>Tu as \u00e9t\u00e9 cr\u00e9\u00e9 pour \u00eatre saint.<\/strong><\/p>\n","protected":false},"excerpt":{"rendered":"<p>Introduction : La saintet\u00e9 n\u2019est pas r\u00e9serv\u00e9e \u00e0 quelques \u00e9lus\u2026 elle est pour toi Parler de saintet\u00e9 au XXIe si\u00e8cle peut sembler, pour beaucoup, une id\u00e9e ancienne, r\u00e9serv\u00e9e aux moines m\u00e9di\u00e9vaux, aux martyrs h\u00e9ro\u00efques ou \u00e0 des \u00e2mes extraordinaires ayant v\u00e9cu des exp\u00e9riences mystiques impossibles \u00e0 imiter. Beaucoup pensent qu\u2019un saint est quelqu\u2019un qui vit &hellip;<\/p>\n","protected":false},"author":3,"featured_media":6038,"comment_status":"open","ping_status":"closed","sticky":false,"template":"","format":"standard","meta":{"_seopress_robots_primary_cat":"","_seopress_titles_title":"","_seopress_titles_desc":"","_seopress_robots_index":"","footnotes":""},"categories":[39,57],"tags":[974],"class_list":["post-6037","post","type-post","status-publish","format-standard","has-post-thumbnail","","category-morale-et-vie-chretienne","category-vertus-chretiennes","tag-saintete"],"_links":{"self":[{"href":"https:\/\/catholicus.eu\/fr\/wp-json\/wp\/v2\/posts\/6037","targetHints":{"allow":["GET"]}}],"collection":[{"href":"https:\/\/catholicus.eu\/fr\/wp-json\/wp\/v2\/posts"}],"about":[{"href":"https:\/\/catholicus.eu\/fr\/wp-json\/wp\/v2\/types\/post"}],"author":[{"embeddable":true,"href":"https:\/\/catholicus.eu\/fr\/wp-json\/wp\/v2\/users\/3"}],"replies":[{"embeddable":true,"href":"https:\/\/catholicus.eu\/fr\/wp-json\/wp\/v2\/comments?post=6037"}],"version-history":[{"count":1,"href":"https:\/\/catholicus.eu\/fr\/wp-json\/wp\/v2\/posts\/6037\/revisions"}],"predecessor-version":[{"id":6039,"href":"https:\/\/catholicus.eu\/fr\/wp-json\/wp\/v2\/posts\/6037\/revisions\/6039"}],"wp:featuredmedia":[{"embeddable":true,"href":"https:\/\/catholicus.eu\/fr\/wp-json\/wp\/v2\/media\/6038"}],"wp:attachment":[{"href":"https:\/\/catholicus.eu\/fr\/wp-json\/wp\/v2\/media?parent=6037"}],"wp:term":[{"taxonomy":"category","embeddable":true,"href":"https:\/\/catholicus.eu\/fr\/wp-json\/wp\/v2\/categories?post=6037"},{"taxonomy":"post_tag","embeddable":true,"href":"https:\/\/catholicus.eu\/fr\/wp-json\/wp\/v2\/tags?post=6037"}],"curies":[{"name":"wp","href":"https:\/\/api.w.org\/{rel}","templated":true}]}}