{"id":6034,"date":"2026-05-01T23:02:31","date_gmt":"2026-05-01T21:02:31","guid":{"rendered":"https:\/\/catholicus.eu\/fr\/?p=6034"},"modified":"2026-05-01T23:02:31","modified_gmt":"2026-05-01T21:02:31","slug":"la-grace-la-puissance-de-dieu-qui-te-rend-veritablement-libre","status":"publish","type":"post","link":"https:\/\/catholicus.eu\/fr\/la-grace-la-puissance-de-dieu-qui-te-rend-veritablement-libre\/","title":{"rendered":"La Gr\u00e2ce : La Puissance de Dieu qui Te Rend V\u00e9ritablement Libre"},"content":{"rendered":"\n<h2 class=\"wp-block-heading\"><em>Tu n\u2019es pas n\u00e9 pour ramper comme esclave du p\u00e9ch\u00e9, mais pour vivre dans la libert\u00e9 glorieuse des enfants de Dieu<\/em><\/h2>\n\n\n\n<h2 class=\"wp-block-heading\">Introduction : Le grand mensonge moderne sur la libert\u00e9<\/h2>\n\n\n\n<p>Nous vivons \u00e0 une \u00e9poque qui r\u00e9p\u00e8te sans cesse une id\u00e9e s\u00e9duisante mais profond\u00e9ment erron\u00e9e : <em>\u00eatre libre, c\u2019est faire ce que l\u2019on veut<\/em>.<\/p>\n\n\n\n<p>On nous dit que la libert\u00e9 consiste \u00e0 briser les limites, rejeter les normes, refuser le sacrifice, ignorer Dieu et transformer le d\u00e9sir personnel en loi supr\u00eame.<\/p>\n\n\n\n<p>Mais l\u2019exp\u00e9rience humaine prouve le contraire.<\/p>\n\n\n\n<p>Celui qui fait toujours ce qu\u2019il veut finit souvent par devenir esclave de lui-m\u00eame : esclave de ses impulsions, de ses blessures, de ses vices, de son ego, de ses passions d\u00e9sordonn\u00e9es.<\/p>\n\n\n\n<p>La vision catholique offre une v\u00e9rit\u00e9 bien plus profonde, exigeante et lumineuse :<\/p>\n\n\n\n<p><strong>La v\u00e9ritable libert\u00e9 ne consiste pas \u00e0 faire ce que l\u2019on veut, mais \u00e0 pouvoir accomplir le bien pour lequel on a \u00e9t\u00e9 cr\u00e9\u00e9.<\/strong><\/p>\n\n\n\n<p>Et c\u2019est ici qu\u2019entre le myst\u00e8re immense de la <strong>Gr\u00e2ce<\/strong>.<\/p>\n\n\n\n<p>La gr\u00e2ce n\u2019est pas un concept abstrait, ni une \u00e9nergie impersonnelle, ni une simple \u201cb\u00e9n\u00e9diction\u201d superficielle.<br>La gr\u00e2ce est la vie m\u00eame de Dieu r\u00e9pandue dans l\u2019\u00e2me humaine pour la gu\u00e9rir, l\u2019\u00e9lever, la transformer et conduire l\u2019homme vers son accomplissement surnaturel.<\/p>\n\n\n\n<p>La gr\u00e2ce ne d\u00e9truit pas ta libert\u00e9 :<br><strong>elle la sauve, la purifie et la perfectionne.<\/strong><\/p>\n\n\n\n<p>Comme l\u2019enseigne saint Paul :<\/p>\n\n\n\n<blockquote class=\"wp-block-quote is-layout-flow wp-block-quote-is-layout-flow\">\n<p><strong>\u00ab C\u2019est pour la libert\u00e9 que le Christ nous a lib\u00e9r\u00e9s \u00bb<\/strong> (Galates 5,1).<\/p>\n<\/blockquote>\n\n\n\n<p>Cet article cherche \u00e0 explorer rigoureusement l\u2019un des piliers les plus d\u00e9cisifs de toute la th\u00e9ologie catholique : la gr\u00e2ce, cette aide divine sans laquelle l\u2019homme ne pourra jamais se comprendre pleinement ni atteindre sa destin\u00e9e \u00e9ternelle.<\/p>\n\n\n\n<hr class=\"wp-block-separator has-alpha-channel-opacity\"\/>\n\n\n\n<h1 class=\"wp-block-heading\">I. Fragilit\u00e9 humaine : L\u2019homme bless\u00e9 qui a besoin d\u2019\u00eatre relev\u00e9<\/h1>\n\n\n\n<h2 class=\"wp-block-heading\">Cr\u00e9\u00e9 pour la grandeur<\/h2>\n\n\n\n<p>Dieu cr\u00e9a l\u2019homme dans un \u00e9tat de justice originelle.<br>Adam et \u00c8ve furent cr\u00e9\u00e9s dans l\u2019amiti\u00e9 avec Dieu, dans l\u2019harmonie int\u00e9rieure, sans souffrance morale, sans mort, sans p\u00e9ch\u00e9, avec une nature parfaitement ordonn\u00e9e.<\/p>\n\n\n\n<p>L\u2019homme \u00e9tait libre, mais non autonome.<br>Il d\u00e9pendait avec amour de son Cr\u00e9ateur.<\/p>\n\n\n\n<h2 class=\"wp-block-heading\">La blessure du p\u00e9ch\u00e9 originel<\/h2>\n\n\n\n<p>Avec la Chute, l\u2019humanit\u00e9 ne fut pas d\u00e9truite, mais profond\u00e9ment bless\u00e9e.<\/p>\n\n\n\n<p>L\u2019\u00c9glise enseigne que la nature humaine fut affect\u00e9e dans quatre grandes dimensions :<\/p>\n\n\n\n<h3 class=\"wp-block-heading\">1. Intelligence obscurcie<\/h3>\n\n\n\n<p>L\u2019homme ne voit plus clairement.<br>Il confond la v\u00e9rit\u00e9 avec l\u2019opinion, le bien avec le plaisir, la libert\u00e9 avec le caprice.<\/p>\n\n\n\n<h3 class=\"wp-block-heading\">2. Volont\u00e9 affaiblie<\/h3>\n\n\n\n<p>Nous savons souvent ce qui est juste\u2026 mais nous ne le faisons pas.<\/p>\n\n\n\n<p>Saint Paul l\u2019exprima avec un r\u00e9alisme brutal :<\/p>\n\n\n\n<blockquote class=\"wp-block-quote is-layout-flow wp-block-quote-is-layout-flow\">\n<p><strong>\u00ab Je ne fais pas le bien que je veux, et je fais le mal que je ne veux pas \u00bb<\/strong> (Romains 7,19).<\/p>\n<\/blockquote>\n\n\n\n<h3 class=\"wp-block-heading\">3. Affectivit\u00e9 d\u00e9sordonn\u00e9e<\/h3>\n\n\n\n<p>Passions, d\u00e9sirs, peurs, orgueil, sensualit\u00e9.<\/p>\n\n\n\n<h3 class=\"wp-block-heading\">4. Mortalit\u00e9 et souffrance<\/h3>\n\n\n\n<p>Le corps se corrompt, tombe malade et meurt.<\/p>\n\n\n\n<h2 class=\"wp-block-heading\">La fragilit\u00e9 actuelle<\/h2>\n\n\n\n<p>Aujourd\u2019hui, cette blessure se manifeste de mani\u00e8re dramatique :<\/p>\n\n\n\n<ul class=\"wp-block-list\">\n<li>addictions,<\/li>\n\n\n\n<li>anxi\u00e9t\u00e9,<\/li>\n\n\n\n<li>nihilisme,<\/li>\n\n\n\n<li>pornographie,<\/li>\n\n\n\n<li>individualisme,<\/li>\n\n\n\n<li>d\u00e9sespoir,<\/li>\n\n\n\n<li>crise d\u2019identit\u00e9.<\/li>\n<\/ul>\n\n\n\n<p>L\u2019homme moderne poss\u00e8de une technologie avanc\u00e9e, mais souvent une \u00e2me d\u00e9vast\u00e9e.<\/p>\n\n\n\n<p>La doctrine catholique n\u2019humilie pas l\u2019homme en parlant de sa fragilit\u00e9 ; au contraire :<br><strong>elle explique pourquoi, m\u00eame en d\u00e9sirant le bien, il tombe si souvent.<\/strong><\/p>\n\n\n\n<hr class=\"wp-block-separator has-alpha-channel-opacity\"\/>\n\n\n\n<h1 class=\"wp-block-heading\">II. Gr\u00e2ce et p\u00e9ch\u00e9 : Deux \u00e9tats, deux chemins, deux destin\u00e9es<\/h1>\n\n\n\n<h2 class=\"wp-block-heading\">La concupiscence : l\u2019inclination int\u00e9rieure au d\u00e9sordre<\/h2>\n\n\n\n<p>Apr\u00e8s le p\u00e9ch\u00e9 originel, demeure une tendance int\u00e9rieure vers le mal. Ce n\u2019est pas un p\u00e9ch\u00e9 en soi, mais cela incline au p\u00e9ch\u00e9.<\/p>\n\n\n\n<p>C\u2019est un combat constant.<\/p>\n\n\n\n<h2 class=\"wp-block-heading\">\u00c9tat de p\u00e9ch\u00e9<\/h2>\n\n\n\n<p>Vivre dans le p\u00e9ch\u00e9 mortel signifie rompre volontairement l\u2019amiti\u00e9 avec Dieu dans une mati\u00e8re grave, avec pleine conscience et consentement.<\/p>\n\n\n\n<p>Cons\u00e9quences :<\/p>\n\n\n\n<ul class=\"wp-block-list\">\n<li>perte de la gr\u00e2ce sanctifiante,<\/li>\n\n\n\n<li>obscurcissement spirituel,<\/li>\n\n\n\n<li>profonde tristesse,<\/li>\n\n\n\n<li>esclavage int\u00e9rieur,<\/li>\n\n\n\n<li>affaiblissement moral.<\/li>\n<\/ul>\n\n\n\n<p>Le Christ fut radical :<\/p>\n\n\n\n<blockquote class=\"wp-block-quote is-layout-flow wp-block-quote-is-layout-flow\">\n<p><strong>\u00ab Quiconque commet le p\u00e9ch\u00e9 est esclave du p\u00e9ch\u00e9 \u00bb<\/strong> (Jean 8,34).<\/p>\n<\/blockquote>\n\n\n\n<h2 class=\"wp-block-heading\">\u00c9tat de gr\u00e2ce<\/h2>\n\n\n\n<p>C\u2019est vivre dans l\u2019amiti\u00e9 avec Dieu.<br>Cela ne signifie pas une perfection absolue, mais une communion vivante avec Lui.<\/p>\n\n\n\n<p>Fruits :<\/p>\n\n\n\n<ul class=\"wp-block-list\">\n<li>paix,<\/li>\n\n\n\n<li>force,<\/li>\n\n\n\n<li>croissance spirituelle,<\/li>\n\n\n\n<li>capacit\u00e9 surnaturelle,<\/li>\n\n\n\n<li>joie profonde.<\/li>\n<\/ul>\n\n\n\n<p>La gr\u00e2ce transforme l\u2019\u00e2me en temple de Dieu.<\/p>\n\n\n\n<hr class=\"wp-block-separator has-alpha-channel-opacity\"\/>\n\n\n\n<h1 class=\"wp-block-heading\">III. La gr\u00e2ce sanctifiante : La vie divine dans l\u2019\u00e2me<\/h1>\n\n\n\n<h2 class=\"wp-block-heading\">Qu\u2019est-ce que c\u2019est ?<\/h2>\n\n\n\n<p>La gr\u00e2ce sanctifiante est un don surnaturel habituel et permanent infus\u00e9 par Dieu dans l\u2019\u00e2me, nous rendant participants de sa nature divine.<\/p>\n\n\n\n<p>Ce n\u2019est pas un symbole.<br>C\u2019est une r\u00e9alit\u00e9 surnaturelle.<\/p>\n\n\n\n<blockquote class=\"wp-block-quote is-layout-flow wp-block-quote-is-layout-flow\">\n<p><strong>\u00ab Il nous a rendus participants de la nature divine \u00bb<\/strong> (2 Pierre 1,4).<\/p>\n<\/blockquote>\n\n\n\n<h2 class=\"wp-block-heading\">Effets<\/h2>\n\n\n\n<h3 class=\"wp-block-heading\">1. Elle efface le p\u00e9ch\u00e9 mortel (lorsqu\u2019elle est restaur\u00e9e par la confession)<\/h3>\n\n\n\n<h3 class=\"wp-block-heading\">2. Elle fait de nous des enfants adoptifs de Dieu<\/h3>\n\n\n\n<h3 class=\"wp-block-heading\">3. Elle nous donne droit \u00e0 la vie \u00e9ternelle<\/h3>\n\n\n\n<h3 class=\"wp-block-heading\">4. Elle fait habiter la Trinit\u00e9 dans l\u2019\u00e2me<\/h3>\n\n\n\n<h2 class=\"wp-block-heading\">Croissance dans la gr\u00e2ce<\/h2>\n\n\n\n<p>La gr\u00e2ce peut augmenter par :<\/p>\n\n\n\n<ul class=\"wp-block-list\">\n<li>la pri\u00e8re,<\/li>\n\n\n\n<li>la charit\u00e9,<\/li>\n\n\n\n<li>le sacrifice,<\/li>\n\n\n\n<li>les sacrements,<\/li>\n\n\n\n<li>la fid\u00e9lit\u00e9.<\/li>\n<\/ul>\n\n\n\n<p>Ici intervient le principe de <strong>ex opere operantis<\/strong> :<br>la disposition personnelle compte.<\/p>\n\n\n\n<p>Deux personnes peuvent recevoir le m\u00eame sacrement, mais pas avec le m\u00eame fruit spirituel.<\/p>\n\n\n\n<hr class=\"wp-block-separator has-alpha-channel-opacity\"\/>\n\n\n\n<h1 class=\"wp-block-heading\">IV. La gr\u00e2ce sacramentelle : Le Christ agissant aujourd\u2019hui<\/h1>\n\n\n\n<h2 class=\"wp-block-heading\">Les sacrements ne sont pas des symboles vides<\/h2>\n\n\n\n<p>Ce sont des signes efficaces institu\u00e9s par le Christ pour communiquer la gr\u00e2ce.<\/p>\n\n\n\n<h3 class=\"wp-block-heading\">Ex opere operato<\/h3>\n\n\n\n<p>Cela signifie que le sacrement conf\u00e8re la gr\u00e2ce par l\u2019action m\u00eame du Christ, s\u2019il n\u2019existe pas d\u2019obstacle grave.<\/p>\n\n\n\n<h2 class=\"wp-block-heading\">Chaque sacrement a une mission particuli\u00e8re<\/h2>\n\n\n\n<h3 class=\"wp-block-heading\">Bapt\u00eame<\/h3>\n\n\n\n<ul class=\"wp-block-list\">\n<li>efface le p\u00e9ch\u00e9 originel,<\/li>\n\n\n\n<li>incorpore au Christ.<\/li>\n<\/ul>\n\n\n\n<h3 class=\"wp-block-heading\">Confirmation<\/h3>\n\n\n\n<ul class=\"wp-block-list\">\n<li>fortifie pour le combat spirituel.<\/li>\n<\/ul>\n\n\n\n<h3 class=\"wp-block-heading\">Eucharistie<\/h3>\n\n\n\n<ul class=\"wp-block-list\">\n<li>unit intimement au Christ.<\/li>\n<\/ul>\n\n\n\n<blockquote class=\"wp-block-quote is-layout-flow wp-block-quote-is-layout-flow\">\n<p><strong>\u00ab Celui qui mange ma chair et boit mon sang demeure en moi \u00bb<\/strong> (Jean 6,56).<\/p>\n<\/blockquote>\n\n\n\n<h3 class=\"wp-block-heading\">P\u00e9nitence<\/h3>\n\n\n\n<ul class=\"wp-block-list\">\n<li>restaure la gr\u00e2ce perdue.<\/li>\n<\/ul>\n\n\n\n<h3 class=\"wp-block-heading\">Onction<\/h3>\n\n\n\n<ul class=\"wp-block-list\">\n<li>fortifie dans la maladie.<\/li>\n<\/ul>\n\n\n\n<h3 class=\"wp-block-heading\">Mariage<\/h3>\n\n\n\n<ul class=\"wp-block-list\">\n<li>sanctifie l\u2019amour conjugal.<\/li>\n<\/ul>\n\n\n\n<h3 class=\"wp-block-heading\">Ordre sacr\u00e9<\/h3>\n\n\n\n<ul class=\"wp-block-list\">\n<li>configure au Christ Pr\u00eatre.<\/li>\n<\/ul>\n\n\n\n<hr class=\"wp-block-separator has-alpha-channel-opacity\"\/>\n\n\n\n<h1 class=\"wp-block-heading\">V. Les gr\u00e2ces actuelles : Des aides concr\u00e8tes dans les moments d\u00e9cisifs<\/h1>\n\n\n\n<p>Ce sont des interventions sp\u00e9ciales de Dieu pour \u00e9clairer l\u2019intelligence et fortifier la volont\u00e9 dans des circonstances pr\u00e9cises.<\/p>\n\n\n\n<p>Exemples :<\/p>\n\n\n\n<ul class=\"wp-block-list\">\n<li>r\u00e9sister \u00e0 la tentation,<\/li>\n\n\n\n<li>pardonner une trahison,<\/li>\n\n\n\n<li>accepter une croix,<\/li>\n\n\n\n<li>conversion,<\/li>\n\n\n\n<li>pers\u00e9v\u00e9rance.<\/li>\n<\/ul>\n\n\n\n<p>De nombreuses conversions radicales naissent d\u2019une gr\u00e2ce actuelle.<\/p>\n\n\n\n<p>Saint Augustin, qui s\u2019\u00e9tait longtemps cherch\u00e9 dans les mauvais chemins, devint saint parce que Dieu fit irruption dans sa vie.<\/p>\n\n\n\n<h2 class=\"wp-block-heading\">Important :<\/h2>\n\n\n\n<p>La gr\u00e2ce actuelle n\u2019annule pas la libert\u00e9.<br>Elle la met en mouvement, l\u2019invite, la fortifie.<\/p>\n\n\n\n<hr class=\"wp-block-separator has-alpha-channel-opacity\"\/>\n\n\n\n<h1 class=\"wp-block-heading\">VI. Les vertus : Quand la gr\u00e2ce transforme les habitudes<\/h1>\n\n\n\n<p>La gr\u00e2ce ne remplace pas l\u2019effort humain ; elle l\u2019\u00e9l\u00e8ve.<\/p>\n\n\n\n<h2 class=\"wp-block-heading\">Vertus th\u00e9ologales<\/h2>\n\n\n\n<h3 class=\"wp-block-heading\">Foi<\/h3>\n\n\n\n<p>Croire Dieu.<\/p>\n\n\n\n<h3 class=\"wp-block-heading\">Esp\u00e9rance<\/h3>\n\n\n\n<p>Faire confiance m\u00eame dans la nuit.<\/p>\n\n\n\n<h3 class=\"wp-block-heading\">Charit\u00e9<\/h3>\n\n\n\n<p>Aimer comme Dieu aime.<\/p>\n\n\n\n<blockquote class=\"wp-block-quote is-layout-flow wp-block-quote-is-layout-flow\">\n<p><strong>\u00ab Maintenant donc demeurent la foi, l\u2019esp\u00e9rance et la charit\u00e9, mais la plus grande des trois, c\u2019est la charit\u00e9 \u00bb<\/strong> (1 Corinthiens 13,13).<\/p>\n<\/blockquote>\n\n\n\n<h2 class=\"wp-block-heading\">Vertus cardinales<\/h2>\n\n\n\n<h3 class=\"wp-block-heading\">Prudence<\/h3>\n\n\n\n<p>Choisir correctement.<\/p>\n\n\n\n<h3 class=\"wp-block-heading\">Justice<\/h3>\n\n\n\n<p>Rendre \u00e0 chacun ce qui lui est d\u00fb.<\/p>\n\n\n\n<h3 class=\"wp-block-heading\">Force<\/h3>\n\n\n\n<p>Pers\u00e9v\u00e9rer.<\/p>\n\n\n\n<h3 class=\"wp-block-heading\">Temp\u00e9rance<\/h3>\n\n\n\n<p>Ma\u00eetriser ses d\u00e9sirs.<\/p>\n\n\n\n<h2 class=\"wp-block-heading\">Le monde moderne confond libert\u00e9 et absence de discipline.<\/h2>\n\n\n\n<p>L\u2019\u00c9glise enseigne que sans vertu, il n\u2019y a pas de v\u00e9ritable libert\u00e9.<\/p>\n\n\n\n<p>Un homme domin\u00e9 par ses impulsions n\u2019est pas libre.<\/p>\n\n\n\n<hr class=\"wp-block-separator has-alpha-channel-opacity\"\/>\n\n\n\n<h1 class=\"wp-block-heading\">VII. Sacrifice : Le chemin oubli\u00e9 vers la libert\u00e9<\/h1>\n\n\n\n<h2 class=\"wp-block-heading\">Le scandale moderne du sacrifice<\/h2>\n\n\n\n<p>Notre culture idol\u00e2tre le confort, le plaisir imm\u00e9diat et l\u2019\u00e9vasion.<\/p>\n\n\n\n<p>Mais le Christ a dit :<\/p>\n\n\n\n<blockquote class=\"wp-block-quote is-layout-flow wp-block-quote-is-layout-flow\">\n<p><strong>\u00ab Si quelqu\u2019un veut venir \u00e0 ma suite, qu\u2019il se renonce lui-m\u00eame, qu\u2019il prenne sa croix chaque jour et qu\u2019il me suive \u00bb<\/strong> (Luc 9,23).<\/p>\n<\/blockquote>\n\n\n\n<h2 class=\"wp-block-heading\">Le sacrifice chr\u00e9tien n\u2019est pas une autodestruction<\/h2>\n\n\n\n<p>C\u2019est un entra\u00eenement de l\u2019\u00e2me.<\/p>\n\n\n\n<h3 class=\"wp-block-heading\">Il implique :<\/h3>\n\n\n\n<h2 class=\"wp-block-heading\">1. Se ma\u00eetriser soi-m\u00eame<\/h2>\n\n\n\n<p>Ne pas vivre selon ses caprices.<\/p>\n\n\n\n<h2 class=\"wp-block-heading\">2. Combattre le mal<\/h2>\n\n\n\n<p>Couper les occasions de p\u00e9ch\u00e9.<\/p>\n\n\n\n<h2 class=\"wp-block-heading\">3. Lutter pour le bien<\/h2>\n\n\n\n<p>Grandir dans la vertu, promouvoir la paix et laisser le monde meilleur que nous l\u2019avons trouv\u00e9.<\/p>\n\n\n\n<p>Le sacrifice lib\u00e8re parce qu\u2019il brise les cha\u00eenes int\u00e9rieures.<\/p>\n\n\n\n<p>Je\u00fbne, pri\u00e8re, p\u00e9nitence, discipline\u2026 ne sont pas des punitions, mais une m\u00e9decine spirituelle.<\/p>\n\n\n\n<hr class=\"wp-block-separator has-alpha-channel-opacity\"\/>\n\n\n\n<h1 class=\"wp-block-heading\">VIII. La gr\u00e2ce dans le monde actuel : Une urgence pastorale<\/h1>\n\n\n\n<p>Aujourd\u2019hui, beaucoup de baptis\u00e9s vivent comme si la gr\u00e2ce n\u2019existait pas.<\/p>\n\n\n\n<h2 class=\"wp-block-heading\">Elle est remplac\u00e9e par :<\/h2>\n\n\n\n<ul class=\"wp-block-list\">\n<li>d\u00e9veloppement personnel,<\/li>\n\n\n\n<li>psychologie sans transcendance,<\/li>\n\n\n\n<li>relativisme,<\/li>\n\n\n\n<li>spiritualit\u00e9 vide.<\/li>\n<\/ul>\n\n\n\n<p>Mais aucune technique humaine ne peut remplacer la vie divine.<\/p>\n\n\n\n<h2 class=\"wp-block-heading\">La grande crise n\u2019est ni politique, ni \u00e9conomique, ni climatique.<\/h2>\n\n\n\n<p>Elle est spirituelle.<\/p>\n\n\n\n<p>Quand la gr\u00e2ce est perdue :<\/p>\n\n\n\n<ul class=\"wp-block-list\">\n<li>le p\u00e9ch\u00e9 est banalis\u00e9,<\/li>\n\n\n\n<li>la famille est d\u00e9truite,<\/li>\n\n\n\n<li>la liturgie se vide,<\/li>\n\n\n\n<li>la charit\u00e9 se refroidit.<\/li>\n<\/ul>\n\n\n\n<hr class=\"wp-block-separator has-alpha-channel-opacity\"\/>\n\n\n\n<h1 class=\"wp-block-heading\">IX. Guide pratique : Comment vivre dans la gr\u00e2ce<\/h1>\n\n\n\n<h2 class=\"wp-block-heading\">1. Confession fr\u00e9quente<\/h2>\n\n\n\n<p>Pas seulement quand tu es \u201cvraiment mal\u201d.<\/p>\n\n\n\n<h2 class=\"wp-block-heading\">2. R\u00e9ception digne de l\u2019Eucharistie<\/h2>\n\n\n\n<p>La source supr\u00eame de la gr\u00e2ce.<\/p>\n\n\n\n<h2 class=\"wp-block-heading\">3. Pri\u00e8re quotidienne<\/h2>\n\n\n\n<p>Sans pri\u00e8re, notre coop\u00e9ration avec la gr\u00e2ce s\u2019affaiblit.<\/p>\n\n\n\n<h2 class=\"wp-block-heading\">4. Vie morale concr\u00e8te<\/h2>\n\n\n\n<p>\u00c9viter le p\u00e9ch\u00e9 mortel.<\/p>\n\n\n\n<h2 class=\"wp-block-heading\">5. Sacrifice volontaire<\/h2>\n\n\n\n<p>Je\u00fbne, ordre, discipline.<\/p>\n\n\n\n<h2 class=\"wp-block-heading\">6. D\u00e9votion mariale<\/h2>\n\n\n\n<p>Marie conduit \u00e0 la gr\u00e2ce parce qu\u2019elle conduit au Christ.<\/p>\n\n\n\n<hr class=\"wp-block-separator has-alpha-channel-opacity\"\/>\n\n\n\n<h1 class=\"wp-block-heading\">X. Conclusion : La gr\u00e2ce ne t\u2019enl\u00e8ve rien \u2014 elle te rend \u00e0 toi-m\u00eame<\/h1>\n\n\n\n<p>La trag\u00e9die de l\u2019homme n\u2019est pas simplement de souffrir.<br>C\u2019est de vivre loin de Dieu en se croyant libre.<\/p>\n\n\n\n<p>Sans la gr\u00e2ce, la libert\u00e9 se d\u00e9forme.<br>Avec la gr\u00e2ce, la libert\u00e9 s\u2019\u00e9panouit.<\/p>\n\n\n\n<p>La gr\u00e2ce n\u2019\u00e9limine pas ta personnalit\u00e9 ; elle la gu\u00e9rit.<br>Elle ne d\u00e9truit pas tes d\u00e9sirs ; elle les ordonne.<br>Elle n\u2019\u00e9teint pas ton humanit\u00e9 ; elle la divinise.<\/p>\n\n\n\n<p>Dans une soci\u00e9t\u00e9 qui promet la libert\u00e9 tout en multipliant les esclavages, l\u2019\u00c9glise continue de proclamer la v\u00e9rit\u00e9 \u00e9ternelle :<\/p>\n\n\n\n<h2 class=\"wp-block-heading\">Seule la gr\u00e2ce rend l\u2019homme v\u00e9ritablement libre.<\/h2>\n\n\n\n<p>Car la plus grande esclavage n\u2019est pas politique.<br>Elle est spirituelle.<\/p>\n\n\n\n<p>Et la plus grande lib\u00e9ration n\u2019est pas de faire ce que l\u2019on veut.<br>C\u2019est de pouvoir aimer le bien.<\/p>\n\n\n\n<h2 class=\"wp-block-heading\">Aujourd\u2019hui, la question n\u2019est pas de savoir si tu es libre de choisir n\u2019importe quoi.<\/h2>\n\n\n\n<h2 class=\"wp-block-heading\">La vraie question est : Es-tu libre de choisir Dieu ?<\/h2>\n\n\n\n<blockquote class=\"wp-block-quote is-layout-flow wp-block-quote-is-layout-flow\">\n<p><strong>\u00ab L\u00e0 o\u00f9 est l\u2019Esprit du Seigneur, l\u00e0 est la libert\u00e9 \u00bb<\/strong> (2 Corinthiens 3,17).<\/p>\n<\/blockquote>\n","protected":false},"excerpt":{"rendered":"<p>Tu n\u2019es pas n\u00e9 pour ramper comme esclave du p\u00e9ch\u00e9, mais pour vivre dans la libert\u00e9 glorieuse des enfants de Dieu Introduction : Le grand mensonge moderne sur la libert\u00e9 Nous vivons \u00e0 une \u00e9poque qui r\u00e9p\u00e8te sans cesse une id\u00e9e s\u00e9duisante mais profond\u00e9ment erron\u00e9e : \u00eatre libre, c\u2019est faire ce que l\u2019on veut. On &hellip;<\/p>\n","protected":false},"author":3,"featured_media":6035,"comment_status":"open","ping_status":"closed","sticky":false,"template":"","format":"standard","meta":{"_seopress_robots_primary_cat":"","_seopress_titles_title":"","_seopress_titles_desc":"","_seopress_robots_index":"","footnotes":""},"categories":[43,37],"tags":[457],"class_list":["post-6034","post","type-post","status-publish","format-standard","has-post-thumbnail","","category-catechisme-de-leglise-catholique","category-doctrine-et-foi","tag-la-grace"],"_links":{"self":[{"href":"https:\/\/catholicus.eu\/fr\/wp-json\/wp\/v2\/posts\/6034","targetHints":{"allow":["GET"]}}],"collection":[{"href":"https:\/\/catholicus.eu\/fr\/wp-json\/wp\/v2\/posts"}],"about":[{"href":"https:\/\/catholicus.eu\/fr\/wp-json\/wp\/v2\/types\/post"}],"author":[{"embeddable":true,"href":"https:\/\/catholicus.eu\/fr\/wp-json\/wp\/v2\/users\/3"}],"replies":[{"embeddable":true,"href":"https:\/\/catholicus.eu\/fr\/wp-json\/wp\/v2\/comments?post=6034"}],"version-history":[{"count":1,"href":"https:\/\/catholicus.eu\/fr\/wp-json\/wp\/v2\/posts\/6034\/revisions"}],"predecessor-version":[{"id":6036,"href":"https:\/\/catholicus.eu\/fr\/wp-json\/wp\/v2\/posts\/6034\/revisions\/6036"}],"wp:featuredmedia":[{"embeddable":true,"href":"https:\/\/catholicus.eu\/fr\/wp-json\/wp\/v2\/media\/6035"}],"wp:attachment":[{"href":"https:\/\/catholicus.eu\/fr\/wp-json\/wp\/v2\/media?parent=6034"}],"wp:term":[{"taxonomy":"category","embeddable":true,"href":"https:\/\/catholicus.eu\/fr\/wp-json\/wp\/v2\/categories?post=6034"},{"taxonomy":"post_tag","embeddable":true,"href":"https:\/\/catholicus.eu\/fr\/wp-json\/wp\/v2\/tags?post=6034"}],"curies":[{"name":"wp","href":"https:\/\/api.w.org\/{rel}","templated":true}]}}