{"id":6031,"date":"2026-05-01T22:17:37","date_gmt":"2026-05-01T20:17:37","guid":{"rendered":"https:\/\/catholicus.eu\/fr\/?p=6031"},"modified":"2026-05-01T22:17:38","modified_gmt":"2026-05-01T20:17:38","slug":"la-vraie-liberte-ne-consiste-pas-a-faire-ce-que-lon-veut-mais-a-ecouter-ce-que-lon-doit-leveil-de-la-conscience","status":"publish","type":"post","link":"https:\/\/catholicus.eu\/fr\/la-vraie-liberte-ne-consiste-pas-a-faire-ce-que-lon-veut-mais-a-ecouter-ce-que-lon-doit-leveil-de-la-conscience\/","title":{"rendered":"La vraie libert\u00e9 ne consiste pas \u00e0 faire ce que l\u2019on veut, mais \u00e0 \u00e9couter ce que l\u2019on doit : l\u2019\u00e9veil de la conscience"},"content":{"rendered":"\n<p>Nous vivons \u00e0 une \u00e9poque qui exalte la libert\u00e9 comme jamais auparavant. On nous r\u00e9p\u00e8te sans cesse qu\u2019\u00eatre libre signifie choisir sans limites, d\u00e9cider sans interf\u00e9rences, vivre selon ses propres d\u00e9sirs. Mais si cette id\u00e9e de libert\u00e9 \u00e9tait incompl\u00e8te ? Et si la v\u00e9ritable libert\u00e9 ne consistait pas \u00e0 faire ce que l\u2019on veut, mais \u00e0 accomplir le bien que l\u2019on reconna\u00eet comme vrai ?<\/p>\n\n\n\n<p>C\u2019est ici qu\u2019intervient une r\u00e9alit\u00e9 profonde, souvent oubli\u00e9e : la <strong>conscience<\/strong>. Non pas comme un simple sentiment subjectif, mais comme ce sanctuaire int\u00e9rieur o\u00f9 l\u2019homme rencontre la v\u00e9rit\u00e9 et, en fin de compte, Dieu.<\/p>\n\n\n\n<p>Comme l\u2019enseigne l\u2019\u00c9criture Sainte : <em>\u00ab Le souffle de l\u2019homme est une lampe du Seigneur, il p\u00e9n\u00e8tre jusqu\u2019au fond des entrailles \u00bb<\/em> (Proverbes 20,27). La conscience est cette lampe allum\u00e9e en nous. Mais, comme toute lumi\u00e8re, elle peut briller ou s\u2019affaiblir. Et de cela d\u00e9pend notre libert\u00e9.<\/p>\n\n\n\n<hr class=\"wp-block-separator has-alpha-channel-opacity\"\/>\n\n\n\n<h1 class=\"wp-block-heading\"><strong>a) La conscience : la boussole de l\u2019\u00e2me<\/strong><\/h1>\n\n\n\n<p>L\u2019image de la boussole est simple, mais profond\u00e9ment r\u00e9v\u00e9latrice. De m\u00eame que le navigateur a besoin d\u2019une orientation s\u00fbre pour ne pas se perdre, l\u2019\u00eatre humain a besoin d\u2019un guide int\u00e9rieur qui lui indique le bien et le mal. Ce guide, c\u2019est la conscience.<\/p>\n\n\n\n<p>La conscience n\u2019est pas une invention culturelle ni une \u00e9motion passag\u00e8re. Elle est une <strong>capacit\u00e9 spirituelle<\/strong>, inscrite au plus profond de l\u2019\u00eatre humain, qui lui permet de juger ses propres actions. Elle est, en quelque sorte, un tribunal int\u00e9rieur o\u00f9 l\u2019homme s\u2019accuse ou se d\u00e9fend.<\/p>\n\n\n\n<p>Ce n\u2019est pas un hasard si l\u2019ap\u00f4tre saint Paul \u00e9crit : <em>\u00ab Ils montrent que l\u2019\u0153uvre de la loi est \u00e9crite dans leurs c\u0153urs, leur conscience en rendant t\u00e9moignage \u00bb<\/em> (Romains 2,15).<\/p>\n\n\n\n<p>La conscience, donc :<\/p>\n\n\n\n<ul class=\"wp-block-list\">\n<li><strong>rappelle<\/strong> ce que nous avons fait,<\/li>\n\n\n\n<li><strong>discernent<\/strong> si c\u2019est bien ou mal,<\/li>\n\n\n\n<li><strong>juge<\/strong> notre conduite.<\/li>\n<\/ul>\n\n\n\n<p>Mais il y a un point crucial : <strong>la conscience n\u2019est pas infaillible par elle-m\u00eame<\/strong>. Elle peut se tromper, se d\u00e9former ou m\u00eame se taire. C\u2019est pourquoi elle doit \u00eatre \u00e9duqu\u00e9e.<\/p>\n\n\n\n<p>Une conscience mal form\u00e9e ne lib\u00e8re pas : <strong>elle asservit<\/strong>. Seule une conscience droite rend possible une libert\u00e9 authentique.<\/p>\n\n\n\n<hr class=\"wp-block-separator has-alpha-channel-opacity\"\/>\n\n\n\n<h1 class=\"wp-block-heading\"><strong>La n\u00e9cessit\u00e9 d\u2019\u00e9duquer la conscience<\/strong><\/h1>\n\n\n\n<p>Tout comme une boussole peut se d\u00e9r\u00e9gler, la conscience peut aussi se d\u00e9t\u00e9riorer si elle n\u2019est pas entretenue. Aujourd\u2019hui, cela arrive fr\u00e9quemment :<\/p>\n\n\n\n<ul class=\"wp-block-list\">\n<li>lorsque la v\u00e9rit\u00e9 est relativis\u00e9e (\u00ab cela d\u00e9pend \u00bb),<\/li>\n\n\n\n<li>lorsque le mal est justifi\u00e9 (\u00ab tout le monde le fait \u00bb),<\/li>\n\n\n\n<li>lorsque la voix int\u00e9rieure est ignor\u00e9e (\u00ab je ne veux pas y penser \u00bb).<\/li>\n<\/ul>\n\n\n\n<p>\u00c9duquer la conscience signifie :<\/p>\n\n\n\n<ul class=\"wp-block-list\">\n<li>chercher la v\u00e9rit\u00e9,<\/li>\n\n\n\n<li>se former \u00e0 la doctrine morale,<\/li>\n\n\n\n<li>examiner sa vie,<\/li>\n\n\n\n<li>\u00e9couter la voix de Dieu dans la pri\u00e8re.<\/li>\n<\/ul>\n\n\n\n<p>Sans cette formation, l\u2019homme risque de perdre le cap\u2026 tout en croyant \u00eatre sur le bon chemin.<\/p>\n\n\n\n<hr class=\"wp-block-separator has-alpha-channel-opacity\"\/>\n\n\n\n<h1 class=\"wp-block-heading\"><strong>b) Les types de conscience : une carte de l\u2019\u00e2me humaine<\/strong><\/h1>\n\n\n\n<p>Toutes les consciences ne fonctionnent pas de la m\u00eame mani\u00e8re. La tradition morale chr\u00e9tienne distingue plusieurs types qui nous aident \u00e0 mieux comprendre notre vie int\u00e9rieure :<\/p>\n\n\n\n<h3 class=\"wp-block-heading\"><strong>1. Conscience vraie<\/strong><\/h3>\n\n\n\n<p>Elle juge correctement. Elle voit le bien comme bien et le mal comme mal. Elle est le fruit d\u2019une conscience bien form\u00e9e.<\/p>\n\n\n\n<h3 class=\"wp-block-heading\"><strong>2. Conscience erron\u00e9e<\/strong><\/h3>\n\n\n\n<p>Elle confond le bien et le mal. Elle peut justifier des actions objectivement mauvaises sans en percevoir la gravit\u00e9.<\/p>\n\n\n\n<p>Ici se trouve l\u2019un des grands drames de notre temps : <strong>des personnes sinc\u00e8res, mais dans l\u2019erreur<\/strong>.<\/p>\n\n\n\n<h3 class=\"wp-block-heading\"><strong>3. Conscience coupable<\/strong><\/h3>\n\n\n\n<p>C\u2019est celle qui <strong>pourrait conna\u00eetre la v\u00e9rit\u00e9, mais refuse de le faire<\/strong>. Il y a n\u00e9gligence, indiff\u00e9rence ou m\u00eame mauvaise volont\u00e9.<\/p>\n\n\n\n<p>C\u2019est une conscience ferm\u00e9e \u00e0 la lumi\u00e8re.<\/p>\n\n\n\n<h3 class=\"wp-block-heading\"><strong>4. Conscience inculpable<\/strong><\/h3>\n\n\n\n<p>Elle ne conna\u00eet pas la v\u00e9rit\u00e9, mais l\u2019accepterait si elle la d\u00e9couvrait. Il n\u2019y a pas de faute morale dans son erreur.<\/p>\n\n\n\n<p>Ici appara\u00eet la mis\u00e9ricorde de Dieu, qui juge le c\u0153ur.<\/p>\n\n\n\n<h3 class=\"wp-block-heading\"><strong>5. Conscience douteuse<\/strong><\/h3>\n\n\n\n<p>Elle ne sait pas quoi faire. Elle se trouve dans l\u2019incertitude morale.<\/p>\n\n\n\n<p>Dans ces cas, la prudence commande toujours de choisir le <strong>moindre mal<\/strong> ou la solution moralement la plus s\u00fbre, en \u00e9vitant le risque de commettre une faute grave.<\/p>\n\n\n\n<hr class=\"wp-block-separator has-alpha-channel-opacity\"\/>\n\n\n\n<h1 class=\"wp-block-heading\"><strong>c) L\u2019objet de l\u2019action : le \u00ab quoi \u00bb qui d\u00e9finit tout<\/strong><\/h1>\n\n\n\n<p>Dans la morale catholique, il ne suffit pas d\u2019avoir de bonnes intentions. La premi\u00e8re chose \u00e0 consid\u00e9rer est <strong>l\u2019objet de l\u2019action<\/strong>, c\u2019est-\u00e0-dire <strong>ce qui est fait en soi<\/strong>.<\/p>\n\n\n\n<p>Il y a des actes bons par leur nature :<\/p>\n\n\n\n<ul class=\"wp-block-list\">\n<li>aider les personnes dans le besoin,<\/li>\n\n\n\n<li>dire la v\u00e9rit\u00e9,<\/li>\n\n\n\n<li>honorer ses parents.<\/li>\n<\/ul>\n\n\n\n<p>Et il y a des actes mauvais en eux-m\u00eames :<\/p>\n\n\n\n<ul class=\"wp-block-list\">\n<li>mentir d\u00e9lib\u00e9r\u00e9ment,<\/li>\n\n\n\n<li>voler,<\/li>\n\n\n\n<li>ha\u00efr.<\/li>\n<\/ul>\n\n\n\n<p>L\u2019objet r\u00e9pond \u00e0 la question : <strong>que suis-je en train de faire ?<\/strong><\/p>\n\n\n\n<p>Et voici une v\u00e9rit\u00e9 fondamentale :<br>\ud83d\udc49 <strong>Il existe des actions qui ne peuvent jamais \u00eatre justifi\u00e9es<\/strong>, parce qu\u2019elles sont mauvaises par leur nature m\u00eame.<\/p>\n\n\n\n<hr class=\"wp-block-separator has-alpha-channel-opacity\"\/>\n\n\n\n<h1 class=\"wp-block-heading\"><strong>d) La fin de l\u2019action : le \u00ab pourquoi \u00bb qui oriente<\/strong><\/h1>\n\n\n\n<p>La fin est l\u2019intention qui meut le sujet. C\u2019est la raison d\u2019agir.<\/p>\n\n\n\n<p>Elle r\u00e9pond \u00e0 :<\/p>\n\n\n\n<ul class=\"wp-block-list\">\n<li>pourquoi est-ce que je fais cela ?<\/li>\n\n\n\n<li>dans quel but est-ce que je le fais ?<\/li>\n<\/ul>\n\n\n\n<p>Cependant, la morale chr\u00e9tienne est claire :<br>\u2757 <strong>La fin ne justifie pas les moyens<\/strong>.<\/p>\n\n\n\n<p>Un exemple simple :<\/p>\n\n\n\n<ul class=\"wp-block-list\">\n<li>aider les pauvres est bon,<\/li>\n\n\n\n<li>voler pour les aider reste mauvais.<\/li>\n<\/ul>\n\n\n\n<p>L\u2019intention peut <strong>aggraver ou am\u00e9liorer<\/strong> une action bonne, mais <strong>elle ne peut pas rendre bon ce qui est mauvais en soi<\/strong>.<\/p>\n\n\n\n<hr class=\"wp-block-separator has-alpha-channel-opacity\"\/>\n\n\n\n<h1 class=\"wp-block-heading\"><strong>e) Les circonstances de l\u2019action : le contexte qui nuance<\/strong><\/h1>\n\n\n\n<p>Les circonstances entourent l\u2019acte, mais n\u2019en d\u00e9finissent pas l\u2019essence. Elles comprennent :<\/p>\n\n\n\n<ul class=\"wp-block-list\">\n<li><strong>qui<\/strong> agit (exp\u00e9rience, responsabilit\u00e9),<\/li>\n\n\n\n<li><strong>o\u00f9<\/strong> (en public ou en priv\u00e9),<\/li>\n\n\n\n<li><strong>comment<\/strong> (librement, sous contrainte, sous influence\u2026).<\/li>\n<\/ul>\n\n\n\n<p>Bien que secondaires, elles peuvent influencer de mani\u00e8re significative :<\/p>\n\n\n\n<ul class=\"wp-block-list\">\n<li>en augmentant ou diminuant la culpabilit\u00e9,<\/li>\n\n\n\n<li>en rendant une faute plus grave,<\/li>\n\n\n\n<li>ou m\u00eame en modifiant la perception de l\u2019acte.<\/li>\n<\/ul>\n\n\n\n<p>Par exemple :<\/p>\n\n\n\n<ul class=\"wp-block-list\">\n<li>mentir par peur n\u2019est pas la m\u00eame chose que mentir par malice,<\/li>\n\n\n\n<li>ni commettre une erreur par ignorance que le faire en pleine connaissance de cause.<\/li>\n<\/ul>\n\n\n\n<hr class=\"wp-block-separator has-alpha-channel-opacity\"\/>\n\n\n\n<h1 class=\"wp-block-heading\"><strong>Conscience et libert\u00e9 : une relation ins\u00e9parable<\/strong><\/h1>\n\n\n\n<p>Nous arrivons ici au c\u0153ur du sujet.<\/p>\n\n\n\n<p>La conscience ne limite pas la libert\u00e9\u2026 elle la rend possible.<\/p>\n\n\n\n<p>Sans v\u00e9rit\u00e9, il n\u2019y a pas de libert\u00e9, seulement son illusion.<\/p>\n\n\n\n<p>Le monde moderne propose une libert\u00e9 sans v\u00e9rit\u00e9, mais cela conduit au vide, \u00e0 la confusion et, en fin de compte, \u00e0 l\u2019esclavage int\u00e9rieur.<\/p>\n\n\n\n<p>Le Christ, en revanche, r\u00e9v\u00e8le une autre logique :<br><em>\u00ab La v\u00e9rit\u00e9 vous rendra libres \u00bb<\/em> (Jean 8,32).<\/p>\n\n\n\n<p>La conscience est le lieu o\u00f9 cette v\u00e9rit\u00e9 devient une voix personnelle.<\/p>\n\n\n\n<hr class=\"wp-block-separator has-alpha-channel-opacity\"\/>\n\n\n\n<h1 class=\"wp-block-heading\"><strong>Applications pratiques : comment vivre aujourd\u2019hui avec une conscience droite<\/strong><\/h1>\n\n\n\n<p>Au milieu du bruit du monde, cultiver la conscience est une t\u00e2che urgente. Quelques cl\u00e9s concr\u00e8tes :<\/p>\n\n\n\n<h3 class=\"wp-block-heading\"><strong>1. Pratiquer l\u2019examen de conscience<\/strong><\/h3>\n\n\n\n<p>Consacrer quelques minutes chaque jour \u00e0 revoir ses pens\u00e9es, paroles et actions.<\/p>\n\n\n\n<h3 class=\"wp-block-heading\"><strong>2. Se former dans la v\u00e9rit\u00e9<\/strong><\/h3>\n\n\n\n<p>Lire, apprendre et approfondir l\u2019enseignement moral de l\u2019\u00c9glise.<\/p>\n\n\n\n<h3 class=\"wp-block-heading\"><strong>3. \u00c9viter l\u2019autojustification<\/strong><\/h3>\n\n\n\n<p>\u00catre honn\u00eate avec soi-m\u00eame, sans excuses ni relativisme.<\/p>\n\n\n\n<h3 class=\"wp-block-heading\"><strong>4. Chercher conseil<\/strong><\/h3>\n\n\n\n<p>En cas de doute, se tourner vers des personnes bien form\u00e9es ou un directeur spirituel.<\/p>\n\n\n\n<h3 class=\"wp-block-heading\"><strong>5. Vivre en \u00e9tat de gr\u00e2ce<\/strong><\/h3>\n\n\n\n<p>La vie sacramentelle fortifie et \u00e9claire la conscience.<\/p>\n\n\n\n<hr class=\"wp-block-separator has-alpha-channel-opacity\"\/>\n\n\n\n<h1 class=\"wp-block-heading\"><strong>Conclusion : la conscience, lieu de rencontre avec Dieu<\/strong><\/h1>\n\n\n\n<p>La conscience n\u2019est pas seulement une fonction psychologique. Elle est, selon les mots du Magist\u00e8re, le <strong>\u00ab sanctuaire de l\u2019homme \u00bb<\/strong>, o\u00f9 r\u00e9sonne la voix de Dieu.<\/p>\n\n\n\n<p>L\u2019\u00e9couter n\u2019est pas toujours facile. Parfois, elle d\u00e9range, corrige, exige. Mais c\u2019est pr\u00e9cis\u00e9ment l\u00e0 sa valeur : <strong>elle nous appelle \u00e0 \u00eatre meilleurs, \u00e0 vivre dans la v\u00e9rit\u00e9, \u00e0 aimer v\u00e9ritablement<\/strong>.<\/p>\n\n\n\n<p>Dans un monde qui confond libert\u00e9 et caprice, red\u00e9couvrir la conscience, c\u2019est retrouver le chemin de la v\u00e9ritable libert\u00e9.<\/p>\n\n\n\n<p>Car au fond, on n\u2019est pas plus libre en faisant ce que l\u2019on veut\u2026<br>mais en <strong>voulant le bien et en l\u2019accomplissant<\/strong>.<\/p>\n\n\n\n<p>Et cela n\u2019est possible que lorsque la conscience est \u00e9veill\u00e9e, form\u00e9e et ouverte \u00e0 la v\u00e9rit\u00e9.<\/p>\n","protected":false},"excerpt":{"rendered":"<p>Nous vivons \u00e0 une \u00e9poque qui exalte la libert\u00e9 comme jamais auparavant. On nous r\u00e9p\u00e8te sans cesse qu\u2019\u00eatre libre signifie choisir sans limites, d\u00e9cider sans interf\u00e9rences, vivre selon ses propres d\u00e9sirs. Mais si cette id\u00e9e de libert\u00e9 \u00e9tait incompl\u00e8te ? Et si la v\u00e9ritable libert\u00e9 ne consistait pas \u00e0 faire ce que l\u2019on veut, mais &hellip;<\/p>\n","protected":false},"author":3,"featured_media":6032,"comment_status":"open","ping_status":"closed","sticky":false,"template":"","format":"standard","meta":{"_seopress_robots_primary_cat":"","_seopress_titles_title":"","_seopress_titles_desc":"","_seopress_robots_index":"","footnotes":""},"categories":[39,57],"tags":[770],"class_list":["post-6031","post","type-post","status-publish","format-standard","has-post-thumbnail","","category-morale-et-vie-chretienne","category-vertus-chretiennes","tag-conscience"],"_links":{"self":[{"href":"https:\/\/catholicus.eu\/fr\/wp-json\/wp\/v2\/posts\/6031","targetHints":{"allow":["GET"]}}],"collection":[{"href":"https:\/\/catholicus.eu\/fr\/wp-json\/wp\/v2\/posts"}],"about":[{"href":"https:\/\/catholicus.eu\/fr\/wp-json\/wp\/v2\/types\/post"}],"author":[{"embeddable":true,"href":"https:\/\/catholicus.eu\/fr\/wp-json\/wp\/v2\/users\/3"}],"replies":[{"embeddable":true,"href":"https:\/\/catholicus.eu\/fr\/wp-json\/wp\/v2\/comments?post=6031"}],"version-history":[{"count":1,"href":"https:\/\/catholicus.eu\/fr\/wp-json\/wp\/v2\/posts\/6031\/revisions"}],"predecessor-version":[{"id":6033,"href":"https:\/\/catholicus.eu\/fr\/wp-json\/wp\/v2\/posts\/6031\/revisions\/6033"}],"wp:featuredmedia":[{"embeddable":true,"href":"https:\/\/catholicus.eu\/fr\/wp-json\/wp\/v2\/media\/6032"}],"wp:attachment":[{"href":"https:\/\/catholicus.eu\/fr\/wp-json\/wp\/v2\/media?parent=6031"}],"wp:term":[{"taxonomy":"category","embeddable":true,"href":"https:\/\/catholicus.eu\/fr\/wp-json\/wp\/v2\/categories?post=6031"},{"taxonomy":"post_tag","embeddable":true,"href":"https:\/\/catholicus.eu\/fr\/wp-json\/wp\/v2\/tags?post=6031"}],"curies":[{"name":"wp","href":"https:\/\/api.w.org\/{rel}","templated":true}]}}