{"id":6009,"date":"2026-04-30T17:11:57","date_gmt":"2026-04-30T15:11:57","guid":{"rendered":"https:\/\/catholicus.eu\/fr\/?p=6009"},"modified":"2026-04-30T17:11:57","modified_gmt":"2026-04-30T15:11:57","slug":"le-onzieme-article-du-credo-je-crois-a-la-resurrection-de-la-chair","status":"publish","type":"post","link":"https:\/\/catholicus.eu\/fr\/le-onzieme-article-du-credo-je-crois-a-la-resurrection-de-la-chair\/","title":{"rendered":"Le onzi\u00e8me article du Credo : \u00ab Je crois \u00e0 la r\u00e9surrection de la chair \u00bb"},"content":{"rendered":"\n<h2 class=\"wp-block-heading\">La v\u00e9rit\u00e9 oubli\u00e9e qui changerait radicalement notre mani\u00e8re de vivre aujourd\u2019hui<\/h2>\n\n\n\n<p>Nous vivons \u00e0 une \u00e9poque obs\u00e9d\u00e9e par le corps\u2026 mais profond\u00e9ment confuse quant \u00e0 sa v\u00e9ritable destin\u00e9e.<\/p>\n\n\n\n<p>Jamais auparavant on n\u2019avait autant parl\u00e9 de sant\u00e9, d\u2019esth\u00e9tique, de jeunesse, d\u2019exercice, de chirurgie, d\u2019image ou de plaisir corporel. Le corps est idol\u00e2tr\u00e9, exploit\u00e9, exhib\u00e9, modifi\u00e9 et, bien souvent, d\u00e9grad\u00e9. Mais en m\u00eame temps, une v\u00e9rit\u00e9 fondamentale de la foi catholique a presque compl\u00e8tement disparu : <strong>votre corps n\u2019est pas destin\u00e9 \u00e0 dispara\u00eetre pour toujours<\/strong>.<\/p>\n\n\n\n<p>Le christianisme n\u2019enseigne pas simplement que \u00ab l\u2019\u00e2me continue de vivre \u00bb. Cela serait incomplet.<\/p>\n\n\n\n<p>L\u2019\u00c9glise proclame une v\u00e9rit\u00e9 bien plus grande, plus puissante et plus r\u00e9volutionnaire :<\/p>\n\n\n\n<p><strong>\u00ab Je crois \u00e0 la r\u00e9surrection de la chair. \u00bb<\/strong><\/p>\n\n\n\n<p>Non seulement votre \u00e2me compara\u00eetra devant Dieu. Votre corps aussi revivra.<\/p>\n\n\n\n<p>Non comme une m\u00e9taphore.<br>Non comme un symbole.<br>Non comme une \u00e9nergie spirituelle.<\/p>\n\n\n\n<p>R\u00e9ellement.<\/p>\n\n\n\n<p>Et cette v\u00e9rit\u00e9, qui constitue une partie essentielle du Credo, n\u2019est pas un d\u00e9tail secondaire. Elle est l\u2019une des proclamations les plus bouleversantes de toute la R\u00e9v\u00e9lation chr\u00e9tienne.<\/p>\n\n\n\n<hr class=\"wp-block-separator has-alpha-channel-opacity\"\/>\n\n\n\n<h1 class=\"wp-block-heading\">1. Que nous enseigne le onzi\u00e8me article du Credo ?<\/h1>\n\n\n\n<p><strong>\u00ab La r\u00e9surrection des morts. \u00bb<\/strong><\/p>\n\n\n\n<p>Le cat\u00e9chisme traditionnel l\u2019exprime clairement :<\/p>\n\n\n\n<p><strong>Tous les hommes ressusciteront, chaque \u00e2me reprenant le m\u00eame corps qu\u2019elle a eu dans cette vie.<\/strong><\/p>\n\n\n\n<p>Cela signifie que votre corps actuel \u2014 celui m\u00eame avec lequel vous aimez, p\u00e9chez, travaillez, souffrez, priez ou servez \u2014 ne sera pas abandonn\u00e9 pour toujours.<\/p>\n\n\n\n<p>Il sera restaur\u00e9 par la puissance de Dieu.<\/p>\n\n\n\n<h2 class=\"wp-block-heading\">Cela change compl\u00e8tement notre vision de la personne humaine<\/h2>\n\n\n\n<p>Nous ne sommes pas des \u00e2mes prisonni\u00e8res de corps, comme le pensaient certains philosophes pa\u00efens.<\/p>\n\n\n\n<p>Non.<\/p>\n\n\n\n<p>Nous sommes une unit\u00e9 sacr\u00e9e de corps et d\u2019\u00e2me.<\/p>\n\n\n\n<p>Dieu a cr\u00e9\u00e9 le corps.<br>Dieu a assum\u00e9 un corps dans l\u2019Incarnation.<br>Dieu a rachet\u00e9 le corps sur la Croix.<br>Et Dieu glorifiera ou punira aussi le corps dans l\u2019\u00e9ternit\u00e9.<\/p>\n\n\n\n<p>C\u2019est pourquoi le christianisme traite le corps avec r\u00e9v\u00e9rence :<\/p>\n\n\n\n<ul class=\"wp-block-list\">\n<li>Dans le Bapt\u00eame<\/li>\n\n\n\n<li>Dans l\u2019Eucharistie<\/li>\n\n\n\n<li>Dans la puret\u00e9<\/li>\n\n\n\n<li>Dans la s\u00e9pulture chr\u00e9tienne<\/li>\n\n\n\n<li>Dans la v\u00e9n\u00e9ration des reliques<\/li>\n<\/ul>\n\n\n\n<p>Car le corps humain n\u2019est pas un objet jetable.<\/p>\n\n\n\n<p>Il est le temple du Saint-Esprit (1 Co 6,19).<\/p>\n\n\n\n<hr class=\"wp-block-separator has-alpha-channel-opacity\"\/>\n\n\n\n<h1 class=\"wp-block-heading\">2. Comment la r\u00e9surrection aura-t-elle lieu ?<\/h1>\n\n\n\n<p>Ici surgit l\u2019une des grandes objections modernes :<\/p>\n\n\n\n<p><strong>\u00ab Comment un corps d\u00e9compos\u00e9, r\u00e9duit en cendres ou disparu depuis des si\u00e8cles peut-il ressusciter ? \u00bb<\/strong><\/p>\n\n\n\n<p>R\u00e9ponse catholique :<\/p>\n\n\n\n<p><strong>Par la puissance de Dieu tout-puissant.<\/strong><\/p>\n\n\n\n<p>Le m\u00eame Dieu qui a cr\u00e9\u00e9 l\u2019univers \u00e0 partir de rien peut parfaitement restaurer chaque corps.<\/p>\n\n\n\n<p>Celui qui a form\u00e9 Adam de la poussi\u00e8re de la terre peut rappeler chaque atome \u00e0 sa place.<\/p>\n\n\n\n<h2 class=\"wp-block-heading\">Rien n\u2019est impossible \u00e0 Dieu<\/h2>\n\n\n\n<p>La r\u00e9surrection ne d\u00e9pend pas de processus biologiques, mais de la puissance absolue du Cr\u00e9ateur.<\/p>\n\n\n\n<p>Saint Paul l\u2019explique magnifiquement :<\/p>\n\n\n\n<blockquote class=\"wp-block-quote is-layout-flow wp-block-quote-is-layout-flow\">\n<p>\u00ab Il est sem\u00e9 corruptible, il ressuscite incorruptible \u00bb (1 Co 15,42).<\/p>\n<\/blockquote>\n\n\n\n<p>Le corps enseveli ne dispara\u00eet pas comme destin final. Il est comme une semence.<\/p>\n\n\n\n<p>Ce qui semble aujourd\u2019hui ruine deviendra demain manifestation.<\/p>\n\n\n\n<hr class=\"wp-block-separator has-alpha-channel-opacity\"\/>\n\n\n\n<h1 class=\"wp-block-heading\">3. Quand cela arrivera-t-il ?<\/h1>\n\n\n\n<p><strong>\u00c0 la fin du monde.<\/strong><\/p>\n\n\n\n<p>Quand le Christ reviendra dans la gloire pour juger les vivants et les morts, tous ressusciteront.<\/p>\n\n\n\n<p>Alors aura lieu le Jugement universel.<\/p>\n\n\n\n<h2 class=\"wp-block-heading\">Pourquoi le jugement particulier ne suffit-il pas ?<\/h2>\n\n\n\n<p>Parce que, bien que chaque \u00e2me re\u00e7oive son destin imm\u00e9diat apr\u00e8s la mort, la justice divine doit \u00eatre manifest\u00e9e pleinement devant toute la cr\u00e9ation.<\/p>\n\n\n\n<p>Le bien et le mal accomplis dans le corps doivent devenir visibles.<\/p>\n\n\n\n<p>Les scandales cach\u00e9s.<br>Les injustices non r\u00e9par\u00e9es.<br>Les martyrs humili\u00e9s.<br>Les p\u00e9ch\u00e9s secrets.<\/p>\n\n\n\n<p>Tout sera r\u00e9v\u00e9l\u00e9.<\/p>\n\n\n\n<p>L\u2019histoire s\u2019ach\u00e8vera dans la v\u00e9rit\u00e9 totale.<\/p>\n\n\n\n<hr class=\"wp-block-separator has-alpha-channel-opacity\"\/>\n\n\n\n<h1 class=\"wp-block-heading\">4. Pourquoi le corps ressuscite-t-il aussi ?<\/h1>\n\n\n\n<p>Parce que le corps a particip\u00e9 \u00e0 nos \u0153uvres.<\/p>\n\n\n\n<p>Avec le corps :<\/p>\n\n\n\n<ul class=\"wp-block-list\">\n<li>nous avons aid\u00e9 ou bless\u00e9,<\/li>\n\n\n\n<li>nous avons ador\u00e9 ou blasph\u00e9m\u00e9,<\/li>\n\n\n\n<li>nous avons servi ou exploit\u00e9,<\/li>\n\n\n\n<li>nous avons v\u00e9cu dans la puret\u00e9 ou dans le p\u00e9ch\u00e9.<\/li>\n<\/ul>\n\n\n\n<p>Il est donc juste que le corps participe aussi \u00e0 la r\u00e9compense ou au ch\u00e2timent.<\/p>\n\n\n\n<h2 class=\"wp-block-heading\">Un enseignement moral d\u2019une puissance immense<\/h2>\n\n\n\n<p>Vos mains ne sont pas neutres.<br>Vos yeux ne sont pas neutres.<br>Votre langue n\u2019est pas neutre.<br>Votre sexualit\u00e9 n\u2019est pas neutre.<\/p>\n\n\n\n<p>Tout a une port\u00e9e \u00e9ternelle.<\/p>\n\n\n\n<p>Le corps n\u2019a pas \u00e9t\u00e9 fait pour le p\u00e9ch\u00e9, mais pour la gloire.<\/p>\n\n\n\n<hr class=\"wp-block-separator has-alpha-channel-opacity\"\/>\n\n\n\n<h1 class=\"wp-block-heading\">5. Tous ressusciteront-ils de la m\u00eame mani\u00e8re ?<\/h1>\n\n\n\n<p>Non.<\/p>\n\n\n\n<p>Ici, le cat\u00e9chisme est cat\u00e9gorique :<\/p>\n\n\n\n<p><strong>Il y aura une diff\u00e9rence immense entre les corps des justes et les corps des damn\u00e9s.<\/strong><\/p>\n\n\n\n<h2 class=\"wp-block-heading\">Les \u00e9lus<\/h2>\n\n\n\n<p>Ressusciteront \u00e0 l\u2019image du Christ glorifi\u00e9.<\/p>\n\n\n\n<h2 class=\"wp-block-heading\">Les condamn\u00e9s<\/h2>\n\n\n\n<p>Ressusciteront eux aussi\u2026 mais pour une honte \u00e9ternelle.<\/p>\n\n\n\n<p>Cela devrait nous bouleverser.<\/p>\n\n\n\n<p>La r\u00e9surrection n\u2019est pas automatiquement une b\u00e9n\u00e9diction.<\/p>\n\n\n\n<p>Pour certains, ce sera la gloire.<br>Pour d\u2019autres, l\u2019horreur.<\/p>\n\n\n\n<p>Comme l\u2019enseigne Daniel 12,2 :<\/p>\n\n\n\n<blockquote class=\"wp-block-quote is-layout-flow wp-block-quote-is-layout-flow\">\n<p>\u00ab Les uns pour la vie \u00e9ternelle, les autres pour l\u2019opprobre, pour l\u2019horreur \u00e9ternelle. \u00bb<\/p>\n<\/blockquote>\n\n\n\n<hr class=\"wp-block-separator has-alpha-channel-opacity\"\/>\n\n\n\n<h1 class=\"wp-block-heading\">6. Les quatre propri\u00e9t\u00e9s des corps glorieux<\/h1>\n\n\n\n<h2 class=\"wp-block-heading\">La destin\u00e9e sublime des saints<\/h2>\n\n\n\n<p>La tradition catholique, particuli\u00e8rement saint Thomas d\u2019Aquin, enseigne quatre propri\u00e9t\u00e9s glorieuses :<\/p>\n\n\n\n<hr class=\"wp-block-separator has-alpha-channel-opacity\"\/>\n\n\n\n<h2 class=\"wp-block-heading\">1re Impassibilit\u00e9<\/h2>\n\n\n\n<p>Le corps ne souffrira plus.<\/p>\n\n\n\n<p>Plus de maladie.<br>Plus de douleur.<br>Plus de cancer.<br>Plus de fatigue.<br>Plus de faim.<br>Plus de mort.<\/p>\n\n\n\n<p>Imaginez cela.<\/p>\n\n\n\n<p>Toute souffrance corporelle sera termin\u00e9e pour toujours.<\/p>\n\n\n\n<hr class=\"wp-block-separator has-alpha-channel-opacity\"\/>\n\n\n\n<h2 class=\"wp-block-heading\">2e Clart\u00e9<\/h2>\n\n\n\n<p>Les saints brilleront d\u2019une beaut\u00e9 surnaturelle.<\/p>\n\n\n\n<p>Il ne s\u2019agit pas seulement de lumi\u00e8re physique, mais du rayonnement visible de la gloire de l\u2019\u00e2me.<\/p>\n\n\n\n<p>Le Christ dans la Transfiguration nous en a donn\u00e9 un avant-go\u00fbt.<\/p>\n\n\n\n<p>Chaque saint refl\u00e9tera la gr\u00e2ce avec une splendeur incomparable.<\/p>\n\n\n\n<hr class=\"wp-block-separator has-alpha-channel-opacity\"\/>\n\n\n\n<h2 class=\"wp-block-heading\">3e Agilit\u00e9<\/h2>\n\n\n\n<p>Le corps ob\u00e9ira parfaitement \u00e0 l\u2019\u00e2me.<\/p>\n\n\n\n<p>Sans limitation.<br>Sans fatigue.<br>Sans pesanteur.<\/p>\n\n\n\n<p>Ce sera la libert\u00e9 parfaite.<\/p>\n\n\n\n<hr class=\"wp-block-separator has-alpha-channel-opacity\"\/>\n\n\n\n<h2 class=\"wp-block-heading\">4e Subtilit\u00e9<\/h2>\n\n\n\n<p>Le corps sera pleinement spiritualis\u00e9, parfaitement soumis \u00e0 l\u2019\u00e2me glorifi\u00e9e.<\/p>\n\n\n\n<p>Comme le Christ ressuscit\u00e9 traversant les portes closes.<\/p>\n\n\n\n<hr class=\"wp-block-separator has-alpha-channel-opacity\"\/>\n\n\n\n<h1 class=\"wp-block-heading\">7. Et les damn\u00e9s ?<\/h1>\n\n\n\n<p>Ici, la th\u00e9ologie traditionnelle parle avec sobri\u00e9t\u00e9\u2026 mais avec gravit\u00e9.<\/p>\n\n\n\n<p>Les corps des damn\u00e9s seront eux aussi immortels, mais :<\/p>\n\n\n\n<ul class=\"wp-block-list\">\n<li>sans gloire,<\/li>\n\n\n\n<li>sans beaut\u00e9,<\/li>\n\n\n\n<li>sans soulagement,<\/li>\n\n\n\n<li>sans mort,<\/li>\n\n\n\n<li>sans esp\u00e9rance.<\/li>\n<\/ul>\n\n\n\n<p>Le corps deviendra un instrument de souffrance \u00e9ternelle, refl\u00e9tant ext\u00e9rieurement la s\u00e9paration int\u00e9rieure de l\u2019\u00e2me d\u2019avec Dieu.<\/p>\n\n\n\n<p>Ce n\u2019est pas du \u00ab terrorisme religieux \u00bb.<\/p>\n\n\n\n<p>C\u2019est la justice divine.<\/p>\n\n\n\n<p>Une culture qui banalise le p\u00e9ch\u00e9 doit se souvenir que nos d\u00e9cisions ont des cons\u00e9quences \u00e9ternelles.<\/p>\n\n\n\n<hr class=\"wp-block-separator has-alpha-channel-opacity\"\/>\n\n\n\n<h1 class=\"wp-block-heading\">8. Le grand probl\u00e8me moderne : vivre comme si nous ne devions jamais ressusciter<\/h1>\n\n\n\n<p>Aujourd\u2019hui, beaucoup :<\/p>\n\n\n\n<ul class=\"wp-block-list\">\n<li>profanent leur corps,<\/li>\n\n\n\n<li>le commercialisent,<\/li>\n\n\n\n<li>en font une idole,<\/li>\n\n\n\n<li>l\u2019abandonnent au vice,<\/li>\n\n\n\n<li>le mutilent moralement ou spirituellement.<\/li>\n<\/ul>\n\n\n\n<p>Pourquoi ?<\/p>\n\n\n\n<p>Parce qu\u2019ils ont oubli\u00e9 leur destin\u00e9e \u00e9ternelle.<\/p>\n\n\n\n<p>Quand la r\u00e9surrection est perdue, le corps devient soit un objet de plaisir, soit une simple mati\u00e8re sans signification.<\/p>\n\n\n\n<p>Mais lorsque vous vous souvenez que votre chair est destin\u00e9e \u00e0 compara\u00eetre devant Dieu\u2026<\/p>\n\n\n\n<p>Alors tout change :<\/p>\n\n\n\n<ul class=\"wp-block-list\">\n<li>votre mani\u00e8re de vous v\u00eatir,<\/li>\n\n\n\n<li>votre mani\u00e8re d\u2019aimer,<\/li>\n\n\n\n<li>votre mani\u00e8re de souffrir,<\/li>\n\n\n\n<li>votre mani\u00e8re de vieillir,<\/li>\n\n\n\n<li>votre mani\u00e8re d\u2019enterrer vos morts.<\/li>\n<\/ul>\n\n\n\n<hr class=\"wp-block-separator has-alpha-channel-opacity\"\/>\n\n\n\n<h1 class=\"wp-block-heading\">9. La R\u00e9surrection du Christ : la garantie de la n\u00f4tre<\/h1>\n\n\n\n<p>Notre esp\u00e9rance n\u2019est pas une th\u00e9orie.<\/p>\n\n\n\n<p>Le Christ est r\u00e9ellement ressuscit\u00e9.<\/p>\n\n\n\n<p>Son tombeau est rest\u00e9 vide.<\/p>\n\n\n\n<p>Et saint Paul le dit avec force :<\/p>\n\n\n\n<blockquote class=\"wp-block-quote is-layout-flow wp-block-quote-is-layout-flow\">\n<p>\u00ab Si le Christ n\u2019est pas ressuscit\u00e9, notre pr\u00e9dication est vaine, et votre foi aussi est vaine \u00bb (1 Co 15,14).<\/p>\n<\/blockquote>\n\n\n\n<p>Mais le Christ est bien ressuscit\u00e9.<\/p>\n\n\n\n<p>Et c\u2019est pourquoi notre chair ressuscitera aussi.<\/p>\n\n\n\n<p>P\u00e2ques ne parle pas seulement de J\u00e9sus.<br>P\u00e2ques parle aussi de vous.<\/p>\n\n\n\n<hr class=\"wp-block-separator has-alpha-channel-opacity\"\/>\n\n\n\n<h1 class=\"wp-block-heading\">10. Application pratique : vivre aujourd\u2019hui pour l\u2019\u00e9ternit\u00e9<\/h1>\n\n\n\n<h2 class=\"wp-block-heading\">Que demande cet article du Credo ?<\/h2>\n\n\n\n<h3 class=\"wp-block-heading\">R\u00e9v\u00e9rence pour le corps<\/h3>\n\n\n\n<p>Puret\u00e9, modestie, discipline, respect.<\/p>\n\n\n\n<h3 class=\"wp-block-heading\">Esp\u00e9rance dans la souffrance<\/h3>\n\n\n\n<p>Votre douleur, unie au Christ, n\u2019est pas inutile.<\/p>\n\n\n\n<h3 class=\"wp-block-heading\">Dignit\u00e9 devant la mort<\/h3>\n\n\n\n<p>Le cimeti\u00e8re chr\u00e9tien n\u2019est pas un abandon ; c\u2019est une attente.<\/p>\n\n\n\n<h3 class=\"wp-block-heading\">Urgence morale<\/h3>\n\n\n\n<p>Ce que vous faites avec votre corps compte pour toujours.<\/p>\n\n\n\n<hr class=\"wp-block-separator has-alpha-channel-opacity\"\/>\n\n\n\n<h1 class=\"wp-block-heading\">Conclusion : Votre corps a une destin\u00e9e \u00e9ternelle<\/h1>\n\n\n\n<p>Le monde vous dit :<\/p>\n\n\n\n<p>\u00ab Profite-en. \u00bb<br>\u00ab Use-le. \u00bb<br>\u00ab Red\u00e9finis-le. \u00bb<br>\u00ab Fais ce que tu veux. \u00bb<\/p>\n\n\n\n<p>Le Christ vous dit :<\/p>\n\n\n\n<p><strong>\u00ab Il ressuscitera. \u00bb<\/strong><\/p>\n\n\n\n<p>Votre corps reviendra.<\/p>\n\n\n\n<p>Et il sera glorieux\u2026 ou il portera t\u00e9moignage de condamnation.<\/p>\n\n\n\n<p>C\u2019est pourquoi le onzi\u00e8me article du Credo n\u2019est pas une id\u00e9e abstraite. C\u2019est un appel radical \u00e0 vivre avec l\u2019\u00e9ternit\u00e9 en vue.<\/p>\n\n\n\n<h2 class=\"wp-block-heading\">Tout genou fl\u00e9chira.<\/h2>\n\n\n\n<h2 class=\"wp-block-heading\">Tout corps ressuscitera.<\/h2>\n\n\n\n<h2 class=\"wp-block-heading\">Toute \u00e2me r\u00e9pondra.<\/h2>\n\n\n\n<p>Et alors nous comprendrons pleinement que rien n\u2019\u00e9tait insignifiant.<\/p>\n\n\n\n<p>Car cette chair, aujourd\u2019hui fragile et passag\u00e8re, est destin\u00e9e \u00e0 l\u2019immortalit\u00e9.<\/p>\n\n\n\n<p><strong>\u00ab Je crois \u00e0 la r\u00e9surrection de la chair. \u00bb<\/strong><\/p>\n\n\n\n<p>Ce n\u2019est pas seulement une doctrine.<\/p>\n\n\n\n<p>C\u2019est un avertissement.<br>C\u2019est une esp\u00e9rance.<br>C\u2019est une promesse.<\/p>\n","protected":false},"excerpt":{"rendered":"<p>La v\u00e9rit\u00e9 oubli\u00e9e qui changerait radicalement notre mani\u00e8re de vivre aujourd\u2019hui Nous vivons \u00e0 une \u00e9poque obs\u00e9d\u00e9e par le corps\u2026 mais profond\u00e9ment confuse quant \u00e0 sa v\u00e9ritable destin\u00e9e. Jamais auparavant on n\u2019avait autant parl\u00e9 de sant\u00e9, d\u2019esth\u00e9tique, de jeunesse, d\u2019exercice, de chirurgie, d\u2019image ou de plaisir corporel. Le corps est idol\u00e2tr\u00e9, exploit\u00e9, exhib\u00e9, modifi\u00e9 et, &hellip;<\/p>\n","protected":false},"author":3,"featured_media":6010,"comment_status":"open","ping_status":"closed","sticky":false,"template":"","format":"standard","meta":{"_seopress_robots_primary_cat":"","_seopress_titles_title":"","_seopress_titles_desc":"","_seopress_robots_index":"","footnotes":""},"categories":[43,37],"tags":[1908],"class_list":["post-6009","post","type-post","status-publish","format-standard","has-post-thumbnail","","category-catechisme-de-leglise-catholique","category-doctrine-et-foi","tag-credo"],"_links":{"self":[{"href":"https:\/\/catholicus.eu\/fr\/wp-json\/wp\/v2\/posts\/6009","targetHints":{"allow":["GET"]}}],"collection":[{"href":"https:\/\/catholicus.eu\/fr\/wp-json\/wp\/v2\/posts"}],"about":[{"href":"https:\/\/catholicus.eu\/fr\/wp-json\/wp\/v2\/types\/post"}],"author":[{"embeddable":true,"href":"https:\/\/catholicus.eu\/fr\/wp-json\/wp\/v2\/users\/3"}],"replies":[{"embeddable":true,"href":"https:\/\/catholicus.eu\/fr\/wp-json\/wp\/v2\/comments?post=6009"}],"version-history":[{"count":1,"href":"https:\/\/catholicus.eu\/fr\/wp-json\/wp\/v2\/posts\/6009\/revisions"}],"predecessor-version":[{"id":6011,"href":"https:\/\/catholicus.eu\/fr\/wp-json\/wp\/v2\/posts\/6009\/revisions\/6011"}],"wp:featuredmedia":[{"embeddable":true,"href":"https:\/\/catholicus.eu\/fr\/wp-json\/wp\/v2\/media\/6010"}],"wp:attachment":[{"href":"https:\/\/catholicus.eu\/fr\/wp-json\/wp\/v2\/media?parent=6009"}],"wp:term":[{"taxonomy":"category","embeddable":true,"href":"https:\/\/catholicus.eu\/fr\/wp-json\/wp\/v2\/categories?post=6009"},{"taxonomy":"post_tag","embeddable":true,"href":"https:\/\/catholicus.eu\/fr\/wp-json\/wp\/v2\/tags?post=6009"}],"curies":[{"name":"wp","href":"https:\/\/api.w.org\/{rel}","templated":true}]}}