{"id":6003,"date":"2026-04-29T21:54:47","date_gmt":"2026-04-29T19:54:47","guid":{"rendered":"https:\/\/catholicus.eu\/fr\/?p=6003"},"modified":"2026-04-29T21:54:47","modified_gmt":"2026-04-29T19:54:47","slug":"sur-le-neuvieme-article-du-credo-je-crois-en-la-sainte-eglise-catholique-la-communion-des-saints","status":"publish","type":"post","link":"https:\/\/catholicus.eu\/fr\/sur-le-neuvieme-article-du-credo-je-crois-en-la-sainte-eglise-catholique-la-communion-des-saints\/","title":{"rendered":"Sur le Neuvi\u00e8me Article du Credo : \u00ab Je crois en la Sainte \u00c9glise Catholique, la Communion des Saints \u00bb"},"content":{"rendered":"\n<p>Lorsque nous r\u00e9citons le Credo \u00e0 la Sainte Messe, nous pronon\u00e7ons souvent ses paroles avec familiarit\u00e9, presque de m\u00e9moire, sans nous arr\u00eater pour contempler l\u2019immense richesse qu\u2019elles contiennent. Pourtant, chaque article du Credo renferme un oc\u00e9an de v\u00e9rit\u00e9, de gr\u00e2ce et de vie spirituelle.<\/p>\n\n\n\n<p>L\u2019un des plus profonds, et aussi l\u2019un des plus mal compris de notre \u00e9poque, est le neuvi\u00e8me article :<\/p>\n\n\n\n<p><strong>\u00ab Je crois en la Sainte \u00c9glise Catholique, la Communion des Saints. \u00bb<\/strong><\/p>\n\n\n\n<p>Nous vivons \u00e0 une \u00e9poque o\u00f9 beaucoup disent : \u00ab Je crois en Dieu, mais pas en l\u2019\u00c9glise \u00bb, ou m\u00eame : \u00ab Je n\u2019ai pas besoin de l\u2019\u00c9glise pour \u00eatre sauv\u00e9. \u00bb Cette mentalit\u00e9, si r\u00e9pandue aujourd\u2019hui, r\u00e9v\u00e8le une grave perte du sens du surnaturel.<\/p>\n\n\n\n<p>Le Christ n\u2019est pas venu seulement pour laisser une doctrine, ni simplement un ensemble de valeurs morales. Le Christ est venu fonder une \u00c9glise. Il n\u2019a pas laiss\u00e9 un livre comme unique guide ; Il a laiss\u00e9 une soci\u00e9t\u00e9 visible, une famille surnaturelle, une \u00c9pouse sainte, une arche s\u00fbre au milieu du d\u00e9luge du monde.<\/p>\n\n\n\n<p>Parler de l\u2019\u00c9glise, ce n\u2019est pas parler d\u2019une institution humaine parmi d\u2019autres. C\u2019est parler du Corps Mystique du Christ.<\/p>\n\n\n\n<p>Et comprendre cela change compl\u00e8tement la vie chr\u00e9tienne.<\/p>\n\n\n\n<hr class=\"wp-block-separator has-alpha-channel-opacity\"\/>\n\n\n\n<h1 class=\"wp-block-heading\">1. Que nous enseigne cet article du Credo ?<\/h1>\n\n\n\n<p>Le neuvi\u00e8me article nous enseigne que J\u00e9sus-Christ a fond\u00e9 sur la terre une soci\u00e9t\u00e9 visible appel\u00e9e l\u2019\u00c9glise Catholique, et que tous ceux qui font partie de cette \u00c9glise sont unis entre eux dans une v\u00e9ritable communion spirituelle.<\/p>\n\n\n\n<p>Il ne s\u2019agit pas d\u2019une id\u00e9e abstraite ni d\u2019un simple sentiment religieux.<\/p>\n\n\n\n<p>L\u2019\u00c9glise est r\u00e9elle.<\/p>\n\n\n\n<p>Visible.<\/p>\n\n\n\n<p>Concr\u00e8te.<\/p>\n\n\n\n<p>Elle a une doctrine, des sacrements, une hi\u00e9rarchie, une autorit\u00e9 et une mission.<\/p>\n\n\n\n<p>Ce n\u2019est pas une \u00ab \u00e9glise invisible \u00bb form\u00e9e seulement de ceux qui \u00ab sentent Dieu dans leur c\u0153ur \u00bb, comme le pr\u00e9tendent certaines erreurs modernes. Notre Seigneur a voulu une \u00c9glise visible, reconnaissable, identifiable.<\/p>\n\n\n\n<p>De m\u00eame que le Verbe s\u2019est fait chair et a \u00e9t\u00e9 visible parmi nous, de m\u00eame son \u00c9glise poss\u00e8de une dimension visible et concr\u00e8te.<\/p>\n\n\n\n<p>Le Christ n\u2019a pas fond\u00e9 plusieurs \u00e9glises.<\/p>\n\n\n\n<p>Il n\u2019en a fond\u00e9 qu\u2019une seule.<\/p>\n\n\n\n<p>Et cette \u00c9glise subsiste dans l\u2019\u00c9glise Catholique.<\/p>\n\n\n\n<hr class=\"wp-block-separator has-alpha-channel-opacity\"\/>\n\n\n\n<h1 class=\"wp-block-heading\">2. Pourquoi parle-t-on de l\u2019\u00c9glise imm\u00e9diatement apr\u00e8s le Saint-Esprit ?<\/h1>\n\n\n\n<p>Ce n\u2019est pas un hasard.<\/p>\n\n\n\n<p>Apr\u00e8s avoir profess\u00e9 notre foi dans le Saint-Esprit, nous confessons imm\u00e9diatement notre foi dans l\u2019\u00c9glise.<\/p>\n\n\n\n<p>Pourquoi ?<\/p>\n\n\n\n<p>Parce que toute la saintet\u00e9 de l\u2019\u00c9glise vient du Saint-Esprit.<\/p>\n\n\n\n<p>Il est l\u2019\u00e2me divine qui donne vie \u00e0 l\u2019\u00c9glise.<\/p>\n\n\n\n<p>Il sanctifie.<\/p>\n\n\n\n<p>Il \u00e9claire.<\/p>\n\n\n\n<p>Il fortifie.<\/p>\n\n\n\n<p>Il conserve la v\u00e9rit\u00e9.<\/p>\n\n\n\n<p>Il soutient les martyrs.<\/p>\n\n\n\n<p>Il inspire les saints.<\/p>\n\n\n\n<p>Il agit dans les sacrements.<\/p>\n\n\n\n<p>Il prot\u00e8ge l\u2019\u00c9glise de l\u2019erreur lorsqu\u2019elle enseigne solennellement la foi.<\/p>\n\n\n\n<p>Sans le Saint-Esprit, l\u2019\u00c9glise ne serait qu\u2019une organisation humaine.<\/p>\n\n\n\n<p>Avec Lui, elle est un instrument de salut \u00e9ternel.<\/p>\n\n\n\n<p>C\u2019est pourquoi on ne peut pas aimer v\u00e9ritablement le Saint-Esprit et m\u00e9priser l\u2019\u00c9glise.<\/p>\n\n\n\n<p>Ce serait une contradiction.<\/p>\n\n\n\n<hr class=\"wp-block-separator has-alpha-channel-opacity\"\/>\n\n\n\n<h1 class=\"wp-block-heading\">3. Que signifie le mot \u00c9glise ?<\/h1>\n\n\n\n<p>Le mot \u00ab \u00c9glise \u00bb signifie convocation, r\u00e9union, assembl\u00e9e.<\/p>\n\n\n\n<p>C\u2019est-\u00e0-dire : Dieu appelle.<\/p>\n\n\n\n<p>Dieu convoque.<\/p>\n\n\n\n<p>Dieu rassemble.<\/p>\n\n\n\n<p>Nous ne sommes pas chr\u00e9tiens par hasard.<\/p>\n\n\n\n<p>Nous ne sommes pas dans l\u2019\u00c9glise par accident.<\/p>\n\n\n\n<p>Nous avons \u00e9t\u00e9 appel\u00e9s par une gr\u00e2ce particuli\u00e8re.<\/p>\n\n\n\n<p>Dieu nous a tir\u00e9s des t\u00e9n\u00e8bres pour nous introduire dans Son Royaume.<\/p>\n\n\n\n<p>Il nous a donn\u00e9 la lumi\u00e8re de la foi.<\/p>\n\n\n\n<p>Il nous a accord\u00e9 le Bapt\u00eame.<\/p>\n\n\n\n<p>Il nous a ouvert le chemin de la vie \u00e9ternelle.<\/p>\n\n\n\n<p>\u00catre catholique n\u2019est pas une habitude culturelle.<\/p>\n\n\n\n<p>C\u2019est une vocation surnaturelle.<\/p>\n\n\n\n<p>C\u2019est un choix divin.<\/p>\n\n\n\n<p>Et cela devrait nous remplir d\u2019une profonde gratitude.<\/p>\n\n\n\n<hr class=\"wp-block-separator has-alpha-channel-opacity\"\/>\n\n\n\n<h1 class=\"wp-block-heading\">4. Les trois parties de l\u2019\u00c9glise<\/h1>\n\n\n\n<p>Beaucoup pensent que l\u2019\u00c9glise est compos\u00e9e seulement de ceux qui sont actuellement sur la terre.<\/p>\n\n\n\n<p>Mais l\u2019\u00c9glise est bien plus grande.<\/p>\n\n\n\n<p>Beaucoup plus grande.<\/p>\n\n\n\n<p>Ses membres se trouvent dans trois \u00e9tats :<\/p>\n\n\n\n<h2 class=\"wp-block-heading\">L\u2019\u00c9glise triomphante<\/h2>\n\n\n\n<p>Ce sont les saints qui sont d\u00e9j\u00e0 au Ciel, contemplant Dieu face \u00e0 face.<\/p>\n\n\n\n<p>Ils ont vaincu.<\/p>\n\n\n\n<p>Ils ont atteint le but.<\/p>\n\n\n\n<p>Ce sont nos fr\u00e8res et s\u0153urs glorifi\u00e9s.<\/p>\n\n\n\n<p>Ils ne sont pas absents.<\/p>\n\n\n\n<p>Ils sont plus vivants que nous.<\/p>\n\n\n\n<h2 class=\"wp-block-heading\">L\u2019\u00c9glise souffrante<\/h2>\n\n\n\n<p>Ce sont les \u00e2mes du Purgatoire.<\/p>\n\n\n\n<p>Elles sont mortes dans la gr\u00e2ce de Dieu, mais elles ont encore besoin de purification avant d\u2019entrer dans la vision b\u00e9atifique.<\/p>\n\n\n\n<p>Elles souffrent.<\/p>\n\n\n\n<p>Elles attendent.<\/p>\n\n\n\n<p>Elles aiment.<\/p>\n\n\n\n<p>Et elles ont besoin de notre aide.<\/p>\n\n\n\n<h2 class=\"wp-block-heading\">L\u2019\u00c9glise militante<\/h2>\n\n\n\n<p>C\u2019est nous, ceux qui sont encore p\u00e8lerins sur la terre.<\/p>\n\n\n\n<p>Ici nous combattons.<\/p>\n\n\n\n<p>Nous luttons.<\/p>\n\n\n\n<p>Nous tombons.<\/p>\n\n\n\n<p>Nous nous relevons.<\/p>\n\n\n\n<p>Nous pers\u00e9v\u00e9rons.<\/p>\n\n\n\n<p>Nous sommes des soldats dans la bataille spirituelle.<\/p>\n\n\n\n<p>C\u2019est pourquoi elle est appel\u00e9e militante.<\/p>\n\n\n\n<p>Pas touriste.<\/p>\n\n\n\n<p>Pas spectatrice.<\/p>\n\n\n\n<p>Militante.<\/p>\n\n\n\n<hr class=\"wp-block-separator has-alpha-channel-opacity\"\/>\n\n\n\n<h1 class=\"wp-block-heading\">5. Une seule \u00c9glise, un seul Corps<\/h1>\n\n\n\n<p>Ces trois parties ne forment pas des \u00e9glises s\u00e9par\u00e9es.<\/p>\n\n\n\n<p>Elles forment une seule \u00c9glise.<\/p>\n\n\n\n<p>Un seul Corps.<\/p>\n\n\n\n<p>Une seule famille.<\/p>\n\n\n\n<p>Une seule communion.<\/p>\n\n\n\n<p>Nous avons une m\u00eame T\u00eate : J\u00e9sus-Christ.<\/p>\n\n\n\n<p>Un m\u00eame Esprit : le Saint-Esprit.<\/p>\n\n\n\n<p>Une m\u00eame fin : la b\u00e9atitude \u00e9ternelle.<\/p>\n\n\n\n<p>Ceux du Ciel la poss\u00e8dent d\u00e9j\u00e0.<\/p>\n\n\n\n<p>Ceux du Purgatoire l\u2019attendent.<\/p>\n\n\n\n<p>Nous la cherchons.<\/p>\n\n\n\n<p>Mais tous appartiennent au m\u00eame myst\u00e8re du salut.<\/p>\n\n\n\n<p>Cette v\u00e9rit\u00e9 d\u00e9truit l\u2019individualisme moderne.<\/p>\n\n\n\n<p>Personne ne se sauve seul.<\/p>\n\n\n\n<p>Personne ne marche seul.<\/p>\n\n\n\n<p>La vie chr\u00e9tienne est toujours communion.<\/p>\n\n\n\n<hr class=\"wp-block-separator has-alpha-channel-opacity\"\/>\n\n\n\n<h1 class=\"wp-block-heading\">6. Qu\u2019est-ce que l\u2019\u00c9glise Catholique ?<\/h1>\n\n\n\n<p>L\u2019\u00c9glise Catholique est la congr\u00e9gation de tous les baptis\u00e9s qui :<\/p>\n\n\n\n<ul class=\"wp-block-list\">\n<li>professent la m\u00eame foi du Christ<\/li>\n\n\n\n<li>participent aux m\u00eames sacrements<\/li>\n\n\n\n<li>ob\u00e9issent aux Pasteurs l\u00e9gitimes<\/li>\n\n\n\n<li>reconnaissent sp\u00e9cialement le Pontife Romain, le Pape<\/li>\n<\/ul>\n\n\n\n<p>Ici appara\u00eet quelque chose de fondamental : il ne suffit pas de dire \u00ab je suis J\u00e9sus \u00bb.<\/p>\n\n\n\n<p>Le Christ a voulu des m\u00e9diations concr\u00e8tes.<\/p>\n\n\n\n<p>Des sacrements concrets.<\/p>\n\n\n\n<p>Une autorit\u00e9 concr\u00e8te.<\/p>\n\n\n\n<p>Des pasteurs concrets.<\/p>\n\n\n\n<p>Et une t\u00eate visible concr\u00e8te : le Pape.<\/p>\n\n\n\n<p>S\u00e9parer le Christ de Son \u00c9glise, c\u2019est mutiler l\u2019\u00c9vangile.<\/p>\n\n\n\n<hr class=\"wp-block-separator has-alpha-channel-opacity\"\/>\n\n\n\n<h1 class=\"wp-block-heading\">7. Les quatre notes de la v\u00e9ritable \u00c9glise<\/h1>\n\n\n\n<p>Comment distinguer la v\u00e9ritable \u00c9glise parmi tant de communaut\u00e9s chr\u00e9tiennes ?<\/p>\n\n\n\n<p>Par quatre signes infaillibles :<\/p>\n\n\n\n<h2 class=\"wp-block-heading\">Une<\/h2>\n\n\n\n<p>Il y a une seule foi.<\/p>\n\n\n\n<p>Un seul Bapt\u00eame.<\/p>\n\n\n\n<p>Un seul Seigneur.<\/p>\n\n\n\n<p>Une seule t\u00eate visible.<\/p>\n\n\n\n<p>L\u2019unit\u00e9 n\u2019est pas optionnelle.<\/p>\n\n\n\n<p>Elle est constitutive.<\/p>\n\n\n\n<p>Le Christ n\u2019a pas fond\u00e9 une conf\u00e9d\u00e9ration d\u2019opinions.<\/p>\n\n\n\n<p>Il a fond\u00e9 une seule \u00c9glise.<\/p>\n\n\n\n<h2 class=\"wp-block-heading\">Sainte<\/h2>\n\n\n\n<p>Sa T\u00eate invisible est le Christ.<\/p>\n\n\n\n<p>Sa doctrine est sainte.<\/p>\n\n\n\n<p>Ses sacrements sont saints.<\/p>\n\n\n\n<p>Sa loi conduit \u00e0 la saintet\u00e9.<\/p>\n\n\n\n<p>M\u00eame s\u2019il y a des p\u00e9cheurs en son sein \u2014 et il y en a \u2014 l\u2019\u00c9glise demeure sainte parce que sa saintet\u00e9 vient de Dieu, et non de la perfection humaine de ses membres.<\/p>\n\n\n\n<h2 class=\"wp-block-heading\">Catholique<\/h2>\n\n\n\n<p>\u00ab Catholique \u00bb signifie universelle.<\/p>\n\n\n\n<p>Pour tous.<\/p>\n\n\n\n<p>De tous les temps.<\/p>\n\n\n\n<p>De tous les peuples.<\/p>\n\n\n\n<p>De toutes les conditions.<\/p>\n\n\n\n<p>L\u2019\u00c9glise n\u2019appartient pas \u00e0 une culture ni \u00e0 une nation.<\/p>\n\n\n\n<p>Elle appartient au Christ.<\/p>\n\n\n\n<h2 class=\"wp-block-heading\">Apostolique<\/h2>\n\n\n\n<p>Parce qu\u2019elle vient des Ap\u00f4tres.<\/p>\n\n\n\n<p>Parce qu\u2019elle conserve leur m\u00eame foi.<\/p>\n\n\n\n<p>Parce qu\u2019elle continue leur m\u00eame mission.<\/p>\n\n\n\n<p>Parce qu\u2019elle est gouvern\u00e9e par leurs successeurs l\u00e9gitimes : le Pape et les \u00c9v\u00eaques.<\/p>\n\n\n\n<p>Et pr\u00e9cis\u00e9ment \u00e0 cause de ces quatre notes, elle est aussi appel\u00e9e Romaine, parce que ces notes se trouvent pleinement dans l\u2019\u00c9glise unie \u00e0 l\u2019\u00c9v\u00eaque de Rome.<\/p>\n\n\n\n<hr class=\"wp-block-separator has-alpha-channel-opacity\"\/>\n\n\n\n<h1 class=\"wp-block-heading\">8. Le Pape : principe visible de l\u2019unit\u00e9<\/h1>\n\n\n\n<p>En temps de confusion doctrinale, cette v\u00e9rit\u00e9 devient particuli\u00e8rement importante.<\/p>\n\n\n\n<p>Le Pape n\u2019est pas simplement un administrateur religieux.<\/p>\n\n\n\n<p>Il est le successeur de Saint Pierre.<\/p>\n\n\n\n<p>Vicaire du Christ.<\/p>\n\n\n\n<p>Pasteur universel.<\/p>\n\n\n\n<p>T\u00eate visible de l\u2019\u00c9glise.<\/p>\n\n\n\n<p>Le Christ a dit :<\/p>\n\n\n\n<p><strong>\u00ab Tu es Pierre, et sur cette pierre Je b\u00e2tirai Mon \u00c9glise. \u00bb<\/strong><\/p>\n\n\n\n<p>Il n\u2019a pas dit : \u00ab sur des opinions personnelles \u00bb.<\/p>\n\n\n\n<p>Il n\u2019a pas dit : \u00ab sur des consensus humains \u00bb.<\/p>\n\n\n\n<p>Il a dit : sur Pierre.<\/p>\n\n\n\n<p>La Papaut\u00e9 n\u2019est pas une invention historique.<\/p>\n\n\n\n<p>C\u2019est une institution divine.<\/p>\n\n\n\n<p>Et sa finalit\u00e9 n\u2019est pas politique, mais surnaturelle : garder l\u2019unit\u00e9 et la v\u00e9rit\u00e9.<\/p>\n\n\n\n<hr class=\"wp-block-separator has-alpha-channel-opacity\"\/>\n\n\n\n<h1 class=\"wp-block-heading\">9. L\u2019infaillibilit\u00e9 de l\u2019\u00c9glise et du Pape<\/h1>\n\n\n\n<p>Aujourd\u2019hui, cet enseignement est souvent mal compris.<\/p>\n\n\n\n<p>L\u2019infaillibilit\u00e9 ne signifie pas l\u2019impeccabilit\u00e9.<\/p>\n\n\n\n<p>Le Pape peut p\u00e9cher comme homme.<\/p>\n\n\n\n<p>Il peut souffrir.<\/p>\n\n\n\n<p>Il peut se tromper dans des questions prudentielles.<\/p>\n\n\n\n<p>Mais lorsqu\u2019il d\u00e9finit solennellement une doctrine de foi ou de morale pour toute l\u2019\u00c9glise, il ne peut pas errer.<\/p>\n\n\n\n<p>Pourquoi ?<\/p>\n\n\n\n<p>Parce que le Christ l\u2019a promis.<\/p>\n\n\n\n<p>Parce que le Saint-Esprit assiste Son \u00c9glise.<\/p>\n\n\n\n<p>Parce que la v\u00e9rit\u00e9 r\u00e9v\u00e9l\u00e9e ne peut pas \u00eatre abandonn\u00e9e \u00e0 la confusion humaine.<\/p>\n\n\n\n<p>Sans cette garantie divine, la foi serait laiss\u00e9e \u00e0 la merci des opinions changeantes.<\/p>\n\n\n\n<p>Avec elle, nous avons la certitude.<\/p>\n\n\n\n<p>Nous ne suivons pas les modes.<\/p>\n\n\n\n<p>Nous suivons la v\u00e9rit\u00e9.<\/p>\n\n\n\n<hr class=\"wp-block-separator has-alpha-channel-opacity\"\/>\n\n\n\n<h1 class=\"wp-block-heading\">10. Il ne suffit pas d\u2019appartenir : il faut vivre<\/h1>\n\n\n\n<p>Ici appara\u00eet un enseignement tr\u00e8s dur mais n\u00e9cessaire.<\/p>\n\n\n\n<p>Il ne suffit pas d\u2019\u00ab \u00eatre catholique \u00bb.<\/p>\n\n\n\n<p>Il ne suffit pas d\u2019\u00eatre baptis\u00e9.<\/p>\n\n\n\n<p>Il ne suffit pas de figurer dans un registre paroissial.<\/p>\n\n\n\n<p>Il y a des membres vivants et des membres morts.<\/p>\n\n\n\n<h2 class=\"wp-block-heading\">Les membres vivants<\/h2>\n\n\n\n<p>Ce sont ceux qui sont dans la gr\u00e2ce de Dieu.<\/p>\n\n\n\n<p>Les justes.<\/p>\n\n\n\n<p>Ceux qui vivent surnaturellement unis au Christ.<\/p>\n\n\n\n<h2 class=\"wp-block-heading\">Les membres morts<\/h2>\n\n\n\n<p>Ce sont ceux qui sont en \u00e9tat de p\u00e9ch\u00e9 mortel.<\/p>\n\n\n\n<p>Ils appartiennent ext\u00e9rieurement \u00e0 l\u2019\u00c9glise, mais int\u00e9rieurement ils sont spirituellement morts.<\/p>\n\n\n\n<p>Cela est profond\u00e9ment actuel.<\/p>\n\n\n\n<p>Beaucoup veulent un catholicisme sans conversion.<\/p>\n\n\n\n<p>Une foi sans la Croix.<\/p>\n\n\n\n<p>Une religion sans repentir.<\/p>\n\n\n\n<p>Mais cela n\u2019existe pas.<\/p>\n\n\n\n<p>Il ne suffit pas de dire : \u00ab Je suis catholique. \u00bb<\/p>\n\n\n\n<p>Il faut vivre en catholique.<\/p>\n\n\n\n<hr class=\"wp-block-separator has-alpha-channel-opacity\"\/>\n\n\n\n<h1 class=\"wp-block-heading\">11. Hors de l\u2019\u00c9glise, il n\u2019y a pas de salut<\/h1>\n\n\n\n<p>Cette phrase scandalise la mentalit\u00e9 moderne, mais elle doit \u00eatre comprise correctement.<\/p>\n\n\n\n<p>Elle signifie que tout salut vient du Christ et de Son \u00c9glise.<\/p>\n\n\n\n<p>Il n\u2019y a pas d\u2019autre Sauveur.<\/p>\n\n\n\n<p>Il n\u2019y a pas d\u2019autre chemin.<\/p>\n\n\n\n<p>Il n\u2019y a pas d\u2019autre Arche.<\/p>\n\n\n\n<p>De m\u00eame qu\u2019en dehors de l\u2019Arche de No\u00e9 il n\u2019y eut pas de salut du d\u00e9luge, en dehors de l\u2019\u00c9glise il n\u2019y a pas de salut \u00e9ternel.<\/p>\n\n\n\n<p>Cependant, l\u2019\u00c9glise enseigne aussi que celui qui, sans faute de sa part, ne conna\u00eet pas pleinement la v\u00e9rit\u00e9 catholique, mais cherche sinc\u00e8rement Dieu et accomplit Sa volont\u00e9 selon une conscience droite et bien form\u00e9e, peut \u00eatre uni \u00e0 l\u2019\u00e2me de l\u2019\u00c9glise et marcher vers le salut par la gr\u00e2ce du Christ.<\/p>\n\n\n\n<p>Cela ne relativise pas la mission.<\/p>\n\n\n\n<p>Cela la renforce.<\/p>\n\n\n\n<p>Car si la pl\u00e9nitude se trouve dans l\u2019\u00c9glise Catholique, l\u2019\u00e9vang\u00e9lisation demeure une urgence de charit\u00e9.<\/p>\n\n\n\n<hr class=\"wp-block-separator has-alpha-channel-opacity\"\/>\n\n\n\n<h1 class=\"wp-block-heading\">12. La Communion des Saints<\/h1>\n\n\n\n<p>Ici nous entrons dans l\u2019une des plus belles v\u00e9rit\u00e9s du christianisme.<\/p>\n\n\n\n<p>Rien de bon ne reste isol\u00e9.<\/p>\n\n\n\n<p>Tout vrai bien se partage.<\/p>\n\n\n\n<p>Dans l\u2019\u00c9glise, il existe une communion surnaturelle des biens spirituels :<\/p>\n\n\n\n<ul class=\"wp-block-list\">\n<li>la gr\u00e2ce<\/li>\n\n\n\n<li>la foi<\/li>\n\n\n\n<li>l\u2019esp\u00e9rance<\/li>\n\n\n\n<li>la charit\u00e9<\/li>\n\n\n\n<li>les m\u00e9rites du Christ<\/li>\n\n\n\n<li>les m\u00e9rites de la Vierge Marie<\/li>\n\n\n\n<li>les pri\u00e8res des saints<\/li>\n\n\n\n<li>le fruit de la Sainte Messe<\/li>\n\n\n\n<li>les indulgences<\/li>\n\n\n\n<li>les bonnes \u0153uvres<\/li>\n<\/ul>\n\n\n\n<p>Nous ne marchons pas seuls.<\/p>\n\n\n\n<p>Nous sommes aid\u00e9s.<\/p>\n\n\n\n<p>Soutenus.<\/p>\n\n\n\n<p>Fortifi\u00e9s.<\/p>\n\n\n\n<p>Quand une m\u00e8re prie pour son fils, la communion des saints agit.<\/p>\n\n\n\n<p>Quand nous offrons une Messe pour un d\u00e9funt, la communion des saints agit.<\/p>\n\n\n\n<p>Quand nous demandons l\u2019intercession d\u2019un saint, la communion des saints agit.<\/p>\n\n\n\n<p>Quand nous faisons p\u00e9nitence pour les autres, la communion des saints agit.<\/p>\n\n\n\n<p>L\u2019\u00c9glise n\u2019est pas une somme d\u2019individus.<\/p>\n\n\n\n<p>C\u2019est un myst\u00e8re d\u2019amour partag\u00e9.<\/p>\n\n\n\n<hr class=\"wp-block-separator has-alpha-channel-opacity\"\/>\n\n\n\n<h1 class=\"wp-block-heading\">13. Aimer l\u2019\u00c9glise dans les temps difficiles<\/h1>\n\n\n\n<p>Nous vivons des temps complexes.<\/p>\n\n\n\n<p>Scandales.<\/p>\n\n\n\n<p>Confusion.<\/p>\n\n\n\n<p>Divisions.<\/p>\n\n\n\n<p>Blessures.<\/p>\n\n\n\n<p>Et beaucoup utilisent cela comme excuse pour s\u2019\u00e9loigner.<\/p>\n\n\n\n<p>Mais pr\u00e9cis\u00e9ment maintenant, nous devons aimer davantage l\u2019\u00c9glise.<\/p>\n\n\n\n<p>Pas moins.<\/p>\n\n\n\n<p>On n\u2019abandonne pas sa m\u00e8re parce qu\u2019elle est bless\u00e9e.<\/p>\n\n\n\n<p>On l\u2019aime davantage.<\/p>\n\n\n\n<p>On prie davantage.<\/p>\n\n\n\n<p>On souffre avec elle.<\/p>\n\n\n\n<p>On travaille pour sa gloire.<\/p>\n\n\n\n<p>Chaque catholique doit consid\u00e9rer comme un immense honneur d\u2019appartenir \u00e0 l\u2019\u00c9glise.<\/p>\n\n\n\n<p>Non comme un privil\u00e8ge d\u2019orgueil, mais comme une responsabilit\u00e9 sainte.<\/p>\n\n\n\n<p>La d\u00e9fendre.<\/p>\n\n\n\n<p>La servir.<\/p>\n\n\n\n<p>La conna\u00eetre.<\/p>\n\n\n\n<p>L\u2019honorer.<\/p>\n\n\n\n<p>Rester fid\u00e8le.<\/p>\n\n\n\n<p>Surtout lorsque cela co\u00fbte.<\/p>\n\n\n\n<p>C\u2019est l\u00e0 que l\u2019amour se prouve.<\/p>\n\n\n\n<hr class=\"wp-block-separator has-alpha-channel-opacity\"\/>\n\n\n\n<h1 class=\"wp-block-heading\">Conclusion : croire en l\u2019\u00c9glise, c\u2019est croire au Christ agissant aujourd\u2019hui<\/h1>\n\n\n\n<p>Dire :<\/p>\n\n\n\n<p><strong>\u00ab Je crois en la Sainte \u00c9glise Catholique \u00bb<\/strong><\/p>\n\n\n\n<p>ce n\u2019est pas simplement accepter une institution.<\/p>\n\n\n\n<p>C\u2019est croire que le Christ continue d\u2019agir aujourd\u2019hui.<\/p>\n\n\n\n<p>Qu\u2019Il continue d\u2019enseigner.<\/p>\n\n\n\n<p>Qu\u2019Il continue de pardonner.<\/p>\n\n\n\n<p>Qu\u2019Il continue de nourrir.<\/p>\n\n\n\n<p>Qu\u2019Il continue de sanctifier.<\/p>\n\n\n\n<p>Qu\u2019Il continue de sauver.<\/p>\n\n\n\n<p>Et dire :<\/p>\n\n\n\n<p><strong>\u00ab Je crois en la Communion des Saints \u00bb<\/strong><\/p>\n\n\n\n<p>c\u2019est affirmer que nous ne sommes pas seuls.<\/p>\n\n\n\n<p>Que le Ciel n\u2019est pas loin.<\/p>\n\n\n\n<p>Que nos morts dans la gr\u00e2ce restent unis \u00e0 nous.<\/p>\n\n\n\n<p>Que les saints interc\u00e8dent.<\/p>\n\n\n\n<p>Que nos pri\u00e8res ont un poids \u00e9ternel.<\/p>\n\n\n\n<p>Que l\u2019\u00c9glise traverse le temps, la mort et l\u2019\u00e9ternit\u00e9.<\/p>\n\n\n\n<p>Dans une \u00e9poque de solitude, de fragmentation et de relativisme, cet article du Credo est une proclamation d\u2019esp\u00e9rance.<\/p>\n\n\n\n<p>Nous ne sommes pas orphelins.<\/p>\n\n\n\n<p>Nous avons une M\u00e8re.<\/p>\n\n\n\n<p>Et cette M\u00e8re est l\u2019\u00c9glise.<\/p>\n\n\n\n<p>Le croire.<\/p>\n\n\n\n<p>L\u2019aimer.<\/p>\n\n\n\n<p>La d\u00e9fendre.<\/p>\n\n\n\n<p>Vivre en elle.<\/p>\n\n\n\n<p>Et mourir en elle.<\/p>\n\n\n\n<p>Voil\u00e0 le chemin s\u00fbr vers le Ciel.<\/p>\n","protected":false},"excerpt":{"rendered":"<p>Lorsque nous r\u00e9citons le Credo \u00e0 la Sainte Messe, nous pronon\u00e7ons souvent ses paroles avec familiarit\u00e9, presque de m\u00e9moire, sans nous arr\u00eater pour contempler l\u2019immense richesse qu\u2019elles contiennent. Pourtant, chaque article du Credo renferme un oc\u00e9an de v\u00e9rit\u00e9, de gr\u00e2ce et de vie spirituelle. L\u2019un des plus profonds, et aussi l\u2019un des plus mal compris &hellip;<\/p>\n","protected":false},"author":3,"featured_media":6004,"comment_status":"open","ping_status":"closed","sticky":false,"template":"","format":"standard","meta":{"_seopress_robots_primary_cat":"","_seopress_titles_title":"","_seopress_titles_desc":"","_seopress_robots_index":"","footnotes":""},"categories":[43,37],"tags":[1908],"class_list":["post-6003","post","type-post","status-publish","format-standard","has-post-thumbnail","","category-catechisme-de-leglise-catholique","category-doctrine-et-foi","tag-credo"],"_links":{"self":[{"href":"https:\/\/catholicus.eu\/fr\/wp-json\/wp\/v2\/posts\/6003","targetHints":{"allow":["GET"]}}],"collection":[{"href":"https:\/\/catholicus.eu\/fr\/wp-json\/wp\/v2\/posts"}],"about":[{"href":"https:\/\/catholicus.eu\/fr\/wp-json\/wp\/v2\/types\/post"}],"author":[{"embeddable":true,"href":"https:\/\/catholicus.eu\/fr\/wp-json\/wp\/v2\/users\/3"}],"replies":[{"embeddable":true,"href":"https:\/\/catholicus.eu\/fr\/wp-json\/wp\/v2\/comments?post=6003"}],"version-history":[{"count":1,"href":"https:\/\/catholicus.eu\/fr\/wp-json\/wp\/v2\/posts\/6003\/revisions"}],"predecessor-version":[{"id":6005,"href":"https:\/\/catholicus.eu\/fr\/wp-json\/wp\/v2\/posts\/6003\/revisions\/6005"}],"wp:featuredmedia":[{"embeddable":true,"href":"https:\/\/catholicus.eu\/fr\/wp-json\/wp\/v2\/media\/6004"}],"wp:attachment":[{"href":"https:\/\/catholicus.eu\/fr\/wp-json\/wp\/v2\/media?parent=6003"}],"wp:term":[{"taxonomy":"category","embeddable":true,"href":"https:\/\/catholicus.eu\/fr\/wp-json\/wp\/v2\/categories?post=6003"},{"taxonomy":"post_tag","embeddable":true,"href":"https:\/\/catholicus.eu\/fr\/wp-json\/wp\/v2\/tags?post=6003"}],"curies":[{"name":"wp","href":"https:\/\/api.w.org\/{rel}","templated":true}]}}