{"id":6000,"date":"2026-04-29T17:31:33","date_gmt":"2026-04-29T15:31:33","guid":{"rendered":"https:\/\/catholicus.eu\/fr\/?p=6000"},"modified":"2026-04-29T17:31:34","modified_gmt":"2026-04-29T15:31:34","slug":"du-huitieme-article-du-credo-je-crois-en-lesprit-saint","status":"publish","type":"post","link":"https:\/\/catholicus.eu\/fr\/du-huitieme-article-du-credo-je-crois-en-lesprit-saint\/","title":{"rendered":"Du Huiti\u00e8me Article du Credo : \u00ab Je crois en l\u2019Esprit-Saint \u00bb"},"content":{"rendered":"\n<h2 class=\"wp-block-heading\">Le Grand Inconnu pour beaucoup\u2026 et pourtant le feu sans lequel l\u2019\u00e2me meurt<\/h2>\n\n\n\n<p>Il existe des v\u00e9rit\u00e9s de la foi que beaucoup de catholiques r\u00e9citent\u2026 mais que peu m\u00e9ditent r\u00e9ellement.<\/p>\n\n\n\n<p>Chaque dimanche, nous disons : <strong>\u00ab Je crois en l\u2019Esprit-Saint \u00bb<\/strong>, et pourtant, trop souvent, ces paroles passent par nos l\u00e8vres sans embraser notre c\u0153ur.<\/p>\n\n\n\n<p>Nous croyons au P\u00e8re parce que nous Le reconnaissons comme Cr\u00e9ateur.<br>Nous croyons au Fils parce que nous contemplons Sa Croix.<br>Mais lorsqu\u2019il s\u2019agit de l\u2019Esprit-Saint\u2026 beaucoup Le r\u00e9duisent \u00e0 une \u00ab force \u00bb, une \u00ab \u00e9nergie \u00bb, ou une \u00ab inspiration \u00bb.<\/p>\n\n\n\n<p>Et c\u2019est l\u00e0 que commence l\u2019une des grandes trag\u00e9dies spirituelles de notre temps.<\/p>\n\n\n\n<p>Car l\u2019Esprit-Saint n\u2019est pas une \u00e9motion religieuse.<br>Il n\u2019est pas une vague d\u2019enthousiasme.<br>Il n\u2019est pas une m\u00e9taphore po\u00e9tique.<\/p>\n\n\n\n<p><strong>Il est Dieu.<\/strong><\/p>\n\n\n\n<p>Vrai Dieu.<br>Troisi\u00e8me Personne de la Tr\u00e8s Sainte Trinit\u00e9.<br>Seigneur et source de vie.<br>Le feu \u00e9ternel de l\u2019amour entre le P\u00e8re et le Fils.<\/p>\n\n\n\n<p>Comprendre le huiti\u00e8me article du Credo n\u2019est pas une question secondaire : c\u2019est d\u00e9couvrir qui sanctifie ton \u00e2me, qui combat ta ti\u00e9deur, qui te fortifie dans le combat spirituel, et qui peut transformer un l\u00e2che en martyr.<\/p>\n\n\n\n<hr class=\"wp-block-separator has-alpha-channel-opacity\"\/>\n\n\n\n<h1 class=\"wp-block-heading\">1. \u00ab Je crois en l\u2019Esprit-Saint \u00bb : une d\u00e9claration r\u00e9volutionnaire<\/h1>\n\n\n\n<p>Le cat\u00e9chisme enseigne :<\/p>\n\n\n\n<p><strong>\u00ab Le huiti\u00e8me article du Credo nous enseigne qu\u2019il y a un Esprit-Saint, troisi\u00e8me Personne de la Tr\u00e8s Sainte Trinit\u00e9, qui est Dieu \u00e9ternel, infini, tout-puissant, Cr\u00e9ateur et Seigneur de toutes choses, comme le P\u00e8re et le Fils. \u00bb<\/strong><\/p>\n\n\n\n<p>Cela signifie quelque chose d\u2019immense :<br>L\u2019Esprit-Saint n\u2019est pas inf\u00e9rieur au P\u00e8re ni au Fils.<\/p>\n\n\n\n<p>Il n\u2019a pas \u00e9t\u00e9 cr\u00e9\u00e9.<br>Il n\u2019est pas apparu plus tard.<br>Il n\u2019est pas \u00ab moins Dieu \u00bb.<\/p>\n\n\n\n<p>Il est consubstantiel : Il poss\u00e8de la m\u00eame nature divine.<\/p>\n\n\n\n<h2 class=\"wp-block-heading\">Il est \u00e9ternel<\/h2>\n\n\n\n<p>Il n\u2019a jamais commenc\u00e9 \u00e0 exister.<\/p>\n\n\n\n<h2 class=\"wp-block-heading\">Il est infini<\/h2>\n\n\n\n<p>Il n\u2019a aucune limite.<\/p>\n\n\n\n<h2 class=\"wp-block-heading\">Il est tout-puissant<\/h2>\n\n\n\n<p>Toute puissance divine Lui appartient.<\/p>\n\n\n\n<h2 class=\"wp-block-heading\">Il est Seigneur<\/h2>\n\n\n\n<p>Il gouverne toute la cr\u00e9ation avec le P\u00e8re et le Fils.<\/p>\n\n\n\n<p>Ici, l\u2019\u00c9glise d\u00e9truit des si\u00e8cles d\u2019erreurs : l\u2019Esprit-Saint n\u2019est ni une cr\u00e9ature ang\u00e9lique, ni une simple manifestation de Dieu, ni une pr\u00e9sence impersonnelle.<\/p>\n\n\n\n<p><strong>Il est une Personne.<\/strong><br>Il aime.<br>Il sanctifie.<br>Il parle.<br>Il guide.<br>Il envoie.<br>Il console.<\/p>\n\n\n\n<p>C\u2019est pourquoi mentir \u00e0 l\u2019Esprit-Saint, comme l\u2019ont fait Ananie et Saphire, revenait \u00e0 mentir \u00e0 Dieu Lui-m\u00eame (Actes 5).<\/p>\n\n\n\n<hr class=\"wp-block-separator has-alpha-channel-opacity\"\/>\n\n\n\n<h1 class=\"wp-block-heading\">2. De qui proc\u00e8de l\u2019Esprit-Saint ?<\/h1>\n\n\n\n<p>Le cat\u00e9chisme r\u00e9pond :<\/p>\n\n\n\n<p><strong>\u00ab L\u2019Esprit-Saint proc\u00e8de du P\u00e8re et du Fils, par voie de volont\u00e9 et d\u2019amour, comme d\u2019un seul principe. \u00bb<\/strong><\/p>\n\n\n\n<p>Ici, nous entrons dans l\u2019un des myst\u00e8res les plus profonds de la Trinit\u00e9.<\/p>\n\n\n\n<h2 class=\"wp-block-heading\">Le P\u00e8re engendre le Fils<\/h2>\n\n\n\n<p>Par voie d\u2019intelligence \u00e9ternelle.<\/p>\n\n\n\n<h2 class=\"wp-block-heading\">L\u2019Esprit-Saint proc\u00e8de du P\u00e8re et du Fils<\/h2>\n\n\n\n<p>Par voie d\u2019amour \u00e9ternel.<\/p>\n\n\n\n<p>Dit simplement :<\/p>\n\n\n\n<p>Le P\u00e8re conna\u00eet parfaitement le Fils.<br>Le Fils conna\u00eet parfaitement le P\u00e8re.<br>Et de cet Amour infini proc\u00e8de l\u2019Esprit-Saint.<\/p>\n\n\n\n<p>Non comme quelque chose de s\u00e9par\u00e9.<br>Mais comme une Personne divine.<\/p>\n\n\n\n<hr class=\"wp-block-separator has-alpha-channel-opacity\"\/>\n\n\n\n<h1 class=\"wp-block-heading\">3. Le myst\u00e8re du \u00ab Filioque \u00bb : pourquoi cela importe<\/h1>\n\n\n\n<p>Lorsque l\u2019\u00c9glise latine professe que l\u2019Esprit-Saint proc\u00e8de \u00ab du P\u00e8re <strong>et du Fils<\/strong> \u00bb (Filioque), elle n\u2019ajoute pas une curiosit\u00e9 th\u00e9ologique, mais d\u00e9fend une v\u00e9rit\u00e9 fondamentale sur la communion trinitaire.<\/p>\n\n\n\n<p>Car l\u2019Esprit est l\u2019Amour subsistant entre les deux.<\/p>\n\n\n\n<p>Nier cela n\u2019est pas une question mineure ; cela affecte la compr\u00e9hension de la vie intime de Dieu.<\/p>\n\n\n\n<p>Et bien que ce myst\u00e8re d\u00e9passe la raison humaine, l\u2019\u00c9glise le garde parce que le Christ a promis que l\u2019Esprit conduirait Son \u00c9glise dans toute la v\u00e9rit\u00e9.<\/p>\n\n\n\n<hr class=\"wp-block-separator has-alpha-channel-opacity\"\/>\n\n\n\n<h1 class=\"wp-block-heading\">4. L\u2019Esprit-Saint est-Il \u00ab post\u00e9rieur \u00bb au P\u00e8re et au Fils ?<\/h1>\n\n\n\n<p>Question classique :<br>S\u2019Il proc\u00e8de du P\u00e8re et du Fils, est-Il venu apr\u00e8s ?<\/p>\n\n\n\n<p>R\u00e9ponse : <strong>Non.<\/strong><\/p>\n\n\n\n<p>Dieu ne vit pas dans le temps.<\/p>\n\n\n\n<p>En Dieu, il n\u2019y a ni \u00ab avant \u00bb ni \u00ab apr\u00e8s \u00bb.<\/p>\n\n\n\n<p>Le P\u00e8re engendre \u00e9ternellement.<br>Le Fils est \u00e9ternellement engendr\u00e9.<br>L\u2019Esprit proc\u00e8de \u00e9ternellement.<\/p>\n\n\n\n<p>Il n\u2019y a jamais eu de \u00ab moment \u00bb o\u00f9 l\u2019Esprit-Saint n\u2019existait pas.<\/p>\n\n\n\n<p>Cela brise nos cat\u00e9gories humaines, car nous pensons chronologiquement. Mais l\u2019\u00e9ternit\u00e9 divine ne fonctionne pas comme une horloge.<\/p>\n\n\n\n<hr class=\"wp-block-separator has-alpha-channel-opacity\"\/>\n\n\n\n<h1 class=\"wp-block-heading\">5. Pourquoi est-Il appel\u00e9 \u00ab Esprit-Saint \u00bb ?<\/h1>\n\n\n\n<p>Parce qu\u2019Il proc\u00e8de par voie d\u2019aspiration et d\u2019amour.<\/p>\n\n\n\n<p>\u00ab Esprit \u00bb exprime cette procession immat\u00e9rielle et divine.<br>\u00ab Saint \u00bb parce qu\u2019Il est la saintet\u00e9 subsistante, la puret\u00e9 absolue, le feu divin qui purifie.<\/p>\n\n\n\n<p>Il ne poss\u00e8de pas simplement la saintet\u00e9.<br><strong>Il est la Saintet\u00e9.<\/strong><\/p>\n\n\n\n<p>C\u2019est pourquoi, l\u00e0 o\u00f9 l\u2019Esprit-Saint entre :<\/p>\n\n\n\n<ul class=\"wp-block-list\">\n<li>L\u2019intelligence est illumin\u00e9e<\/li>\n\n\n\n<li>La volont\u00e9 est fortifi\u00e9e<\/li>\n\n\n\n<li>Le c\u0153ur est purifi\u00e9<\/li>\n\n\n\n<li>Le p\u00e9ch\u00e9 est d\u00e9truit si l\u2019\u00e2me coop\u00e8re<\/li>\n<\/ul>\n\n\n\n<hr class=\"wp-block-separator has-alpha-channel-opacity\"\/>\n\n\n\n<h1 class=\"wp-block-heading\">6. La grande \u0153uvre de l\u2019Esprit-Saint : sanctifier les \u00e2mes<\/h1>\n\n\n\n<p>Le cat\u00e9chisme dit :<\/p>\n\n\n\n<p><strong>\u00ab \u00c0 l\u2019Esprit-Saint est attribu\u00e9e sp\u00e9cialement la sanctification des \u00e2mes. \u00bb<\/strong><\/p>\n\n\n\n<p>Bien que toute la Trinit\u00e9 agisse unie, la sanctification est attribu\u00e9e particuli\u00e8rement \u00e0 l\u2019Esprit-Saint parce qu\u2019elle est une \u0153uvre d\u2019amour.<\/p>\n\n\n\n<p>Et voici une v\u00e9rit\u00e9 d\u2019une urgence absolue :<\/p>\n\n\n\n<h2 class=\"wp-block-heading\">Sans l\u2019Esprit-Saint, il n\u2019y a pas de saintet\u00e9.<\/h2>\n\n\n\n<p>Tu peux avoir une structure religieuse\u2026 mais pas la vie.<br>Tu peux avoir des r\u00e8gles\u2026 mais pas le feu.<br>Tu peux avoir une tradition ext\u00e9rieure\u2026 mais pas la transformation int\u00e9rieure.<\/p>\n\n\n\n<p>L\u2019Esprit-Saint :<\/p>\n\n\n\n<ul class=\"wp-block-list\">\n<li>Infuse la gr\u00e2ce sanctifiante<\/li>\n\n\n\n<li>Communique les dons<\/li>\n\n\n\n<li>Produit les vertus<\/li>\n\n\n\n<li>Inspire les bonnes \u0153uvres<\/li>\n\n\n\n<li>Soutient dans l\u2019\u00e9preuve<\/li>\n\n\n\n<li>Donne la pers\u00e9v\u00e9rance finale<\/li>\n<\/ul>\n\n\n\n<hr class=\"wp-block-separator has-alpha-channel-opacity\"\/>\n\n\n\n<h1 class=\"wp-block-heading\">7. La Pentec\u00f4te : quand la peur devint feu<\/h1>\n\n\n\n<p>Avant la Pentec\u00f4te :<br>Les Ap\u00f4tres \u00e9taient cach\u00e9s.<\/p>\n\n\n\n<p>Apr\u00e8s la Pentec\u00f4te :<br>Ils pr\u00each\u00e8rent publiquement.<br>Ils convertirent des nations.<br>Ils embrass\u00e8rent le martyre.<\/p>\n\n\n\n<p>Qu\u2019est-ce qui changea ?<\/p>\n\n\n\n<p><strong>L\u2019Esprit-Saint.<\/strong><\/p>\n\n\n\n<p>Cinquante jours apr\u00e8s la R\u00e9surrection, dix jours apr\u00e8s l\u2019Ascension, Il descendit sur eux comme un vent imp\u00e9tueux et des langues de feu.<\/p>\n\n\n\n<p>Ce n\u2019\u00e9tait pas un symbolisme vide.<\/p>\n\n\n\n<p>Ce fut une transformation r\u00e9elle.<\/p>\n\n\n\n<p>Pierre, qui avait reni\u00e9 le Christ devant une servante, d\u00e9fie maintenant les autorit\u00e9s religieuses.<\/p>\n\n\n\n<p>Voil\u00e0 ce que fait l\u2019Esprit-Saint :<br>Il transforme la fragilit\u00e9 en force surnaturelle.<\/p>\n\n\n\n<hr class=\"wp-block-separator has-alpha-channel-opacity\"\/>\n\n\n\n<h1 class=\"wp-block-heading\">8. Le C\u00e9nacle : \u00e9cole d\u2019attente, de silence et de Marie<\/h1>\n\n\n\n<p>Les Ap\u00f4tres ne re\u00e7urent pas l\u2019Esprit au hasard.<\/p>\n\n\n\n<p>Ils attendirent dans la pri\u00e8re.<br>Avec pers\u00e9v\u00e9rance.<br>Avec Notre-Dame.<\/p>\n\n\n\n<p>Cela compte profond\u00e9ment aujourd\u2019hui.<\/p>\n\n\n\n<p>Beaucoup veulent les dons\u2026 sans pri\u00e8re.<br>Ils veulent les charismes\u2026 sans conversion.<br>Ils veulent l\u2019inspiration\u2026 sans recueillement.<\/p>\n\n\n\n<p>Mais la Pentec\u00f4te est n\u00e9e au C\u00e9nacle.<\/p>\n\n\n\n<h2 class=\"wp-block-heading\">L\u00e0 o\u00f9 est Marie, l\u2019Esprit-Saint trouve la docilit\u00e9.<\/h2>\n\n\n\n<p>Car personne n\u2019a jamais \u00e9t\u00e9 plus docile \u00e0 l\u2019Esprit que la Tr\u00e8s Sainte Vierge.<\/p>\n\n\n\n<hr class=\"wp-block-separator has-alpha-channel-opacity\"\/>\n\n\n\n<h1 class=\"wp-block-heading\">9. Les dons de l\u2019Esprit-Saint : des armes pour des temps de confusion<\/h1>\n\n\n\n<p>L\u2019Esprit ne fait pas qu\u2019\u00ab accompagner \u00bb ; Il \u00e9quipe.<\/p>\n\n\n\n<p>Ses sept dons :<br><strong>Sagesse, intelligence, conseil, force, science, pi\u00e9t\u00e9 et crainte de Dieu.<\/strong><\/p>\n\n\n\n<p>Aujourd\u2019hui, \u00e0 une \u00e9poque de relativisme, de ti\u00e9deur et de chaos moral, ces dons sont plus n\u00e9cessaires que jamais :<\/p>\n\n\n\n<h3 class=\"wp-block-heading\">Sagesse<\/h3>\n\n\n\n<p>Pour go\u00fbter les choses de Dieu.<\/p>\n\n\n\n<h3 class=\"wp-block-heading\">Intelligence<\/h3>\n\n\n\n<p>Pour p\u00e9n\u00e9trer les v\u00e9rit\u00e9s r\u00e9v\u00e9l\u00e9es.<\/p>\n\n\n\n<h3 class=\"wp-block-heading\">Conseil<\/h3>\n\n\n\n<p>Pour d\u00e9cider selon Dieu.<\/p>\n\n\n\n<h3 class=\"wp-block-heading\">Force<\/h3>\n\n\n\n<p>Pour r\u00e9sister \u00e0 la pression culturelle, \u00e0 la pers\u00e9cution et \u00e0 la tentation.<\/p>\n\n\n\n<h3 class=\"wp-block-heading\">Science<\/h3>\n\n\n\n<p>Pour ordonner correctement les choses cr\u00e9\u00e9es.<\/p>\n\n\n\n<h3 class=\"wp-block-heading\">Pi\u00e9t\u00e9<\/h3>\n\n\n\n<p>Pour aimer Dieu avec une d\u00e9votion filiale.<\/p>\n\n\n\n<h3 class=\"wp-block-heading\">Crainte de Dieu<\/h3>\n\n\n\n<p>Pour fuir le p\u00e9ch\u00e9 par r\u00e9v\u00e9rence sainte.<\/p>\n\n\n\n<hr class=\"wp-block-separator has-alpha-channel-opacity\"\/>\n\n\n\n<h1 class=\"wp-block-heading\">10. L\u2019Esprit-Saint et l\u2019\u00c9glise : l\u2019\u00e2me du Corps Mystique<\/h1>\n\n\n\n<p>Le cat\u00e9chisme enseigne une image puissante :<\/p>\n\n\n\n<p><strong>De m\u00eame que l\u2019\u00e2me donne vie au corps, ainsi l\u2019Esprit-Saint donne vie \u00e0 l\u2019\u00c9glise.<\/strong><\/p>\n\n\n\n<p>Sans Lui, l\u2019\u00c9glise ne serait qu\u2019une institution humaine parmi d\u2019autres.<\/p>\n\n\n\n<p>Avec Lui :<\/p>\n\n\n\n<ul class=\"wp-block-list\">\n<li>Elle conserve la v\u00e9rit\u00e9<\/li>\n\n\n\n<li>Elle administre des sacrements efficaces<\/li>\n\n\n\n<li>Elle produit des saints<\/li>\n\n\n\n<li>Elle \u00e9vang\u00e9lise<\/li>\n\n\n\n<li>Elle pers\u00e9v\u00e8re<\/li>\n<\/ul>\n\n\n\n<p>C\u2019est pourquoi, malgr\u00e9 les crises humaines, les p\u00e9ch\u00e9s de ses membres et les pers\u00e9cutions historiques, l\u2019\u00c9glise ne dispara\u00eet pas.<\/p>\n\n\n\n<p>Car son principe vital n\u2019est pas politique.<br>Il est divin.<\/p>\n\n\n\n<hr class=\"wp-block-separator has-alpha-channel-opacity\"\/>\n\n\n\n<h1 class=\"wp-block-heading\">11. Un avertissement moderne : r\u00e9sister \u00e0 l\u2019Esprit-Saint<\/h1>\n\n\n\n<p>L\u2019un des plus grands dangers modernes consiste \u00e0 r\u00e9duire la foi \u00e0 une coutume ext\u00e9rieure tout en \u00e9touffant l\u2019action int\u00e9rieure de l\u2019Esprit.<\/p>\n\n\n\n<p>On r\u00e9siste \u00e0 l\u2019Esprit lorsque :<\/p>\n\n\n\n<ul class=\"wp-block-list\">\n<li>Le p\u00e9ch\u00e9 est justifi\u00e9<\/li>\n\n\n\n<li>La gr\u00e2ce est m\u00e9pris\u00e9e<\/li>\n\n\n\n<li>La v\u00e9rit\u00e9 est rejet\u00e9e<\/li>\n\n\n\n<li>On vit dans une ti\u00e9deur volontaire<\/li>\n\n\n\n<li>Le c\u0153ur s\u2019endurcit<\/li>\n<\/ul>\n\n\n\n<p>Le blasph\u00e8me contre l\u2019Esprit-Saint implique cette fermeture obstin\u00e9e \u00e0 la gr\u00e2ce qui cherche \u00e0 sauver.<\/p>\n\n\n\n<hr class=\"wp-block-separator has-alpha-channel-opacity\"\/>\n\n\n\n<h1 class=\"wp-block-heading\">12. Comment vivre aujourd\u2019hui le huiti\u00e8me article du Credo<\/h1>\n\n\n\n<h2 class=\"wp-block-heading\">Invoque-Le chaque jour :<\/h2>\n\n\n\n<p>\u00ab Viens, Esprit-Saint. \u00bb<\/p>\n\n\n\n<h2 class=\"wp-block-heading\">Confesse-toi fr\u00e9quemment :<\/h2>\n\n\n\n<p>La gr\u00e2ce restaure la docilit\u00e9.<\/p>\n\n\n\n<h2 class=\"wp-block-heading\">Prie d\u00e8s l\u2019aube :<\/h2>\n\n\n\n<p>Consacre tes d\u00e9cisions.<\/p>\n\n\n\n<h2 class=\"wp-block-heading\">Lis l\u2019\u00c9criture :<\/h2>\n\n\n\n<p>C\u2019est Lui qui a inspir\u00e9 Sa Parole.<\/p>\n\n\n\n<h2 class=\"wp-block-heading\">Aime la v\u00e9rit\u00e9 :<\/h2>\n\n\n\n<p>L\u2019Esprit ne contredit jamais le Christ.<\/p>\n\n\n\n<h2 class=\"wp-block-heading\">Reste proche de Marie :<\/h2>\n\n\n\n<p>\u00c9pouse de l\u2019Esprit-Saint.<\/p>\n\n\n\n<hr class=\"wp-block-separator has-alpha-channel-opacity\"\/>\n\n\n\n<h1 class=\"wp-block-heading\">Conclusion : Sans l\u2019Esprit-Saint, le christianisme devient cendre<\/h1>\n\n\n\n<p>Le P\u00e8re t\u2019a cr\u00e9\u00e9.<br>Le Fils t\u2019a rachet\u00e9.<br>L\u2019Esprit-Saint veut te sanctifier.<\/p>\n\n\n\n<p>Beaucoup vivent comme baptis\u00e9s\u2026 mais spirituellement \u00e9teints.<\/p>\n\n\n\n<p>Et pourtant, le m\u00eame feu de la Pentec\u00f4te demeure accessible.<\/p>\n\n\n\n<p>Le m\u00eame Esprit qui descendit sur les Ap\u00f4tres peut :<\/p>\n\n\n\n<ul class=\"wp-block-list\">\n<li>Briser tes cha\u00eenes<\/li>\n\n\n\n<li>Gu\u00e9rir ta ti\u00e9deur<\/li>\n\n\n\n<li>Fortifier ta puret\u00e9<\/li>\n\n\n\n<li>Faire de toi un t\u00e9moin courageux<\/li>\n<\/ul>\n\n\n\n<p>Tu n\u2019es pas appel\u00e9 simplement \u00e0 \u00ab croire qu\u2019Il existe \u00bb.<\/p>\n\n\n\n<p>Tu es appel\u00e9 \u00e0 vivre en Lui.<\/p>\n\n\n\n<h2 class=\"wp-block-heading\">Car l\u2019Esprit-Saint n\u2019est pas venu simplement te visiter.<\/h2>\n\n\n\n<p>Il est venu faire de ton \u00e2me Son temple.<\/p>\n\n\n\n<p><strong>\u00ab Viens, Esprit Cr\u00e9ateur, visite les \u00e2mes de Tes fid\u00e8les et remplis de la gr\u00e2ce divine les c\u0153urs que Tu as Toi-m\u00eame cr\u00e9\u00e9s. \u00bb<\/strong><\/p>\n","protected":false},"excerpt":{"rendered":"<p>Le Grand Inconnu pour beaucoup\u2026 et pourtant le feu sans lequel l\u2019\u00e2me meurt Il existe des v\u00e9rit\u00e9s de la foi que beaucoup de catholiques r\u00e9citent\u2026 mais que peu m\u00e9ditent r\u00e9ellement. Chaque dimanche, nous disons : \u00ab Je crois en l\u2019Esprit-Saint \u00bb, et pourtant, trop souvent, ces paroles passent par nos l\u00e8vres sans embraser notre c\u0153ur. &hellip;<\/p>\n","protected":false},"author":3,"featured_media":6001,"comment_status":"open","ping_status":"closed","sticky":false,"template":"","format":"standard","meta":{"_seopress_robots_primary_cat":"","_seopress_titles_title":"","_seopress_titles_desc":"","_seopress_robots_index":"","footnotes":""},"categories":[43,37],"tags":[1908],"class_list":["post-6000","post","type-post","status-publish","format-standard","has-post-thumbnail","","category-catechisme-de-leglise-catholique","category-doctrine-et-foi","tag-credo"],"_links":{"self":[{"href":"https:\/\/catholicus.eu\/fr\/wp-json\/wp\/v2\/posts\/6000","targetHints":{"allow":["GET"]}}],"collection":[{"href":"https:\/\/catholicus.eu\/fr\/wp-json\/wp\/v2\/posts"}],"about":[{"href":"https:\/\/catholicus.eu\/fr\/wp-json\/wp\/v2\/types\/post"}],"author":[{"embeddable":true,"href":"https:\/\/catholicus.eu\/fr\/wp-json\/wp\/v2\/users\/3"}],"replies":[{"embeddable":true,"href":"https:\/\/catholicus.eu\/fr\/wp-json\/wp\/v2\/comments?post=6000"}],"version-history":[{"count":1,"href":"https:\/\/catholicus.eu\/fr\/wp-json\/wp\/v2\/posts\/6000\/revisions"}],"predecessor-version":[{"id":6002,"href":"https:\/\/catholicus.eu\/fr\/wp-json\/wp\/v2\/posts\/6000\/revisions\/6002"}],"wp:featuredmedia":[{"embeddable":true,"href":"https:\/\/catholicus.eu\/fr\/wp-json\/wp\/v2\/media\/6001"}],"wp:attachment":[{"href":"https:\/\/catholicus.eu\/fr\/wp-json\/wp\/v2\/media?parent=6000"}],"wp:term":[{"taxonomy":"category","embeddable":true,"href":"https:\/\/catholicus.eu\/fr\/wp-json\/wp\/v2\/categories?post=6000"},{"taxonomy":"post_tag","embeddable":true,"href":"https:\/\/catholicus.eu\/fr\/wp-json\/wp\/v2\/tags?post=6000"}],"curies":[{"name":"wp","href":"https:\/\/api.w.org\/{rel}","templated":true}]}}