{"id":5974,"date":"2026-04-29T09:56:12","date_gmt":"2026-04-29T07:56:12","guid":{"rendered":"https:\/\/catholicus.eu\/fr\/?p=5974"},"modified":"2026-04-29T09:56:12","modified_gmt":"2026-04-29T07:56:12","slug":"du-premier-article-du-credo-je-crois-en-dieu-le-pere-tout-puissant-createur-du-ciel-et-de-la-terre","status":"publish","type":"post","link":"https:\/\/catholicus.eu\/fr\/du-premier-article-du-credo-je-crois-en-dieu-le-pere-tout-puissant-createur-du-ciel-et-de-la-terre\/","title":{"rendered":"Du premier article du Credo : \u00ab Je crois en Dieu le P\u00e8re tout-puissant, Cr\u00e9ateur du ciel et de la terre \u00bb"},"content":{"rendered":"\n<h2 class=\"wp-block-heading\">Le fondement de toute la foi catholique : qui est Dieu, qui \u00eates-vous, et pourquoi vous existez<\/h2>\n\n\n\n<p>Il existe des v\u00e9rit\u00e9s qui ne se contentent pas d\u2019\u00eatre \u00e9tudi\u00e9es : elles soutiennent toute une vie.<\/p>\n\n\n\n<p>Le premier article du Credo n\u2019est pas simplement une phrase apprise dans l\u2019enfance ou r\u00e9p\u00e9t\u00e9e m\u00e9caniquement \u00e0 la Sainte Messe. Il est la pierre angulaire de toute vision catholique du monde. Il est le commencement de toute th\u00e9ologie, de toute anthropologie v\u00e9ritable, de toute morale et de toute esp\u00e9rance.<\/p>\n\n\n\n<p><strong>\u00ab Je crois en Dieu, le P\u00e8re tout-puissant, Cr\u00e9ateur du ciel et de la terre. \u00bb<\/strong><\/p>\n\n\n\n<p>Dans ces quelques mots, l\u2019ath\u00e9isme s\u2019effondre, le mat\u00e9rialisme est corrig\u00e9, le chaos moderne re\u00e7oit une r\u00e9ponse, le sens de la souffrance est illumin\u00e9, et la dignit\u00e9 de l\u2019homme est r\u00e9v\u00e9l\u00e9e.<\/p>\n\n\n\n<p>Aujourd\u2019hui, nous vivons dans une \u00e9poque o\u00f9 beaucoup savent utiliser la technologie, mais ne savent pas qui les a cr\u00e9\u00e9s. On parle de progr\u00e8s, mais on ignore l\u2019origine. On idol\u00e2tre la libert\u00e9, mais on en m\u00e9conna\u00eet le but.<\/p>\n\n\n\n<p>C\u2019est pourquoi revenir au Credo n\u2019est pas de la nostalgie : c\u2019est une survie spirituelle.<\/p>\n\n\n\n<hr class=\"wp-block-separator has-alpha-channel-opacity\"\/>\n\n\n\n<h1 class=\"wp-block-heading\">I. \u00ab JE CROIS \u00bb : L\u2019ACTE LE PLUS R\u00c9VOLUTIONNAIRE DANS UN MONDE SCEPTIQUE<\/h1>\n\n\n\n<p>Dire \u00ab je crois \u00bb ne signifie pas \u00ab je pense \u00bb.<\/p>\n\n\n\n<p>Ce n\u2019est pas une \u00e9motion vague.<br>Ce n\u2019est pas une pr\u00e9f\u00e9rence culturelle.<br>Ce n\u2019est pas une tradition h\u00e9rit\u00e9e accept\u00e9e sans r\u00e9flexion.<\/p>\n\n\n\n<p>Croire, dans le sens catholique, signifie adh\u00e9rer avec intelligence et volont\u00e9 \u00e0 la V\u00e9rit\u00e9 r\u00e9v\u00e9l\u00e9e par Dieu.<\/p>\n\n\n\n<p>La foi ne d\u00e9truit pas la raison : elle l\u2019\u00e9l\u00e8ve.<\/p>\n\n\n\n<h2 class=\"wp-block-heading\">La raison et la foi : deux ailes vers Dieu<\/h2>\n\n\n\n<p>Le cat\u00e9chisme traditionnel enseigne :<\/p>\n\n\n\n<p><strong>Nous savons que Dieu existe parce que la raison le d\u00e9montre et que la foi le confirme.<\/strong><\/p>\n\n\n\n<p>Ceci est crucial.<\/p>\n\n\n\n<p>L\u2019\u00c9glise n\u2019a jamais enseign\u00e9 une foi irrationnelle. Des P\u00e8res de l\u2019\u00c9glise jusqu\u2019\u00e0 saint Thomas d\u2019Aquin, le christianisme a d\u00e9fendu que la cr\u00e9ation elle-m\u00eame crie l\u2019existence d\u2019un Cr\u00e9ateur.<\/p>\n\n\n\n<h2 class=\"wp-block-heading\">Comment la raison le d\u00e9montre-t-elle ?<\/h2>\n\n\n\n<h3 class=\"wp-block-heading\">1. L\u2019ordre de l\u2019univers exige une intelligence ordonnatrice<\/h3>\n\n\n\n<p>Il ne peut y avoir de dessein sans Desseinateur.<\/p>\n\n\n\n<h3 class=\"wp-block-heading\">2. Tout effet a une cause<\/h3>\n\n\n\n<p>Rien ne peut surgir absolument du n\u00e9ant par soi-m\u00eame.<\/p>\n\n\n\n<h3 class=\"wp-block-heading\">3. La loi morale int\u00e9rieure indique un L\u00e9gislateur<\/h3>\n\n\n\n<p>La conscience n\u2019est pas un accident chimique.<\/p>\n\n\n\n<h3 class=\"wp-block-heading\">4. La contingence du monde exige un \u00catre n\u00e9cessaire<\/h3>\n\n\n\n<p>Si tout d\u00e9pendait d\u2019autre chose, rien n\u2019existerait.<\/p>\n\n\n\n<p>En d\u2019autres termes :<\/p>\n\n\n\n<p><strong>Ne pas croire en Dieu exige une foi plus irrationnelle que croire en Lui.<\/strong><\/p>\n\n\n\n<hr class=\"wp-block-separator has-alpha-channel-opacity\"\/>\n\n\n\n<h1 class=\"wp-block-heading\">II. DIEU EST UN : CONTRE LE POLYTH\u00c9ISME ANCIEN ET LES IDOLES MODERNES<\/h1>\n\n\n\n<p>La foi catholique proclame une v\u00e9rit\u00e9 absolue :<\/p>\n\n\n\n<h2 class=\"wp-block-heading\">Il n\u2019y a qu\u2019un seul Dieu.<\/h2>\n\n\n\n<p>Pas plusieurs.<br>Pas des \u00e9nergies impersonnelles.<br>Pas \u00ab l\u2019univers \u00bb.<br>Pas \u00ab la terre-m\u00e8re \u00bb.<br>Pas \u00ab ma v\u00e9rit\u00e9 \u00bb.<\/p>\n\n\n\n<p>Un seul vrai Dieu : \u00e9ternel, infini, parfait, pur esprit.<\/p>\n\n\n\n<h2 class=\"wp-block-heading\">Les nouvelles idoles n\u2019ont pas disparu ; elles ont seulement chang\u00e9 de nom<\/h2>\n\n\n\n<p>Autrefois, on adorait Baal.<br>Aujourd\u2019hui, on adore l\u2019argent.<\/p>\n\n\n\n<p>Autrefois, on offrait de l\u2019encens aux statues.<br>Aujourd\u2019hui, on sacrifie son \u00e2me au plaisir, au pouvoir, \u00e0 l\u2019image publique et \u00e0 l\u2019id\u00e9ologie.<\/p>\n\n\n\n<p>L\u2019homme adore toujours quelque chose.<br>La question n\u2019est pas de savoir s\u2019il adore, mais ce qu\u2019il adore.<\/p>\n\n\n\n<p>Et lorsqu\u2019il cesse d\u2019adorer Dieu, il finit par adorer des choses inf\u00e9rieures\u2026 jusqu\u2019\u00e0 lui-m\u00eame.<\/p>\n\n\n\n<hr class=\"wp-block-separator has-alpha-channel-opacity\"\/>\n\n\n\n<h1 class=\"wp-block-heading\">III. \u00ab P\u00c8RE \u00bb : LA PATERNIT\u00c9 DIVINE QUI DONNE SENS \u00c0 TOUTE EXISTENCE<\/h1>\n\n\n\n<p>Appeler Dieu P\u00e8re n\u2019est pas une m\u00e9taphore sentimentale.<\/p>\n\n\n\n<p>C\u2019est une v\u00e9rit\u00e9 d\u2019une profondeur immense.<\/p>\n\n\n\n<h2 class=\"wp-block-heading\">Dieu est P\u00e8re de trois mani\u00e8res :<\/h2>\n\n\n\n<h3 class=\"wp-block-heading\">1. P\u00e8re \u00e9ternel du Fils<\/h3>\n\n\n\n<p>De toute \u00e9ternit\u00e9, le P\u00e8re engendre le Fils.<br>Non cr\u00e9\u00e9.<br>Non post\u00e9rieur.<br>Mais consubstantiel.<\/p>\n\n\n\n<p>Ici, nous entrons dans le myst\u00e8re sublime de la Sainte Trinit\u00e9.<\/p>\n\n\n\n<h3 class=\"wp-block-heading\">2. P\u00e8re de toute l\u2019humanit\u00e9 par cr\u00e9ation<\/h3>\n\n\n\n<p>Il nous a faits.<br>Il nous conserve.<br>Il nous gouverne.<\/p>\n\n\n\n<p>Nous ne sommes pas des accidents biologiques.<br>Nous ne sommes pas des produits du hasard.<br>Nous sommes des cr\u00e9atures aim\u00e9es de Dieu.<\/p>\n\n\n\n<h3 class=\"wp-block-heading\">3. P\u00e8re par gr\u00e2ce des chr\u00e9tiens<\/h3>\n\n\n\n<p>Par le Bapt\u00eame, nous sommes des enfants adoptifs.<\/p>\n\n\n\n<p>Cela change tout.<\/p>\n\n\n\n<p>Nous ne prions pas une force cosmique.<br>Nous prions notre P\u00e8re.<\/p>\n\n\n\n<h2 class=\"wp-block-heading\">La crise moderne de la paternit\u00e9 est aussi spirituelle<\/h2>\n\n\n\n<p>Lorsque la figure du p\u00e8re est d\u00e9truite dans la soci\u00e9t\u00e9, il devient plus difficile de comprendre Dieu.<br>Et lorsque Dieu le P\u00e8re est rejet\u00e9, la culture devient orpheline.<\/p>\n\n\n\n<p>Une civilisation sans P\u00e8re finit par se perdre.<\/p>\n\n\n\n<hr class=\"wp-block-separator has-alpha-channel-opacity\"\/>\n\n\n\n<h1 class=\"wp-block-heading\">IV. \u00ab TOUT-PUISSANT \u00bb : DIEU PEUT TOUT\u2026 MAIS PAS COMME L\u2019IMAGINE L\u2019HOMME<\/h1>\n\n\n\n<p>L\u2019omnipotence divine ne signifie pas arbitraire.<\/p>\n\n\n\n<p>Dieu peut tout ce qui correspond \u00e0 Sa nature parfaite.<\/p>\n\n\n\n<h2 class=\"wp-block-heading\">Alors pourquoi ne peut-Il pas p\u00e9cher ?<\/h2>\n\n\n\n<p>Parce que p\u00e9cher n\u2019est pas une puissance.<br>C\u2019est une faiblesse.<\/p>\n\n\n\n<p>Mentir ne perfectionne pas.<br>Cela corrompt.<\/p>\n\n\n\n<p>Mourir n\u2019\u00e9l\u00e8ve pas.<br>Cela limite.<\/p>\n\n\n\n<p>Dieu ne peut cesser d\u2019\u00eatre Dieu.<\/p>\n\n\n\n<p>Sa puissance ne consiste pas dans la contradiction, mais dans la perfection absolue.<\/p>\n\n\n\n<h2 class=\"wp-block-heading\">Cela a d\u2019immenses cons\u00e9quences spirituelles :<\/h2>\n\n\n\n<ul class=\"wp-block-list\">\n<li>Aucun p\u00e9ch\u00e9 n\u2019est plus grand que Sa mis\u00e9ricorde.<\/li>\n\n\n\n<li>Aucun chaos ne d\u00e9passe Sa providence.<\/li>\n\n\n\n<li>Aucun ennemi ne vainc Son dessein.<\/li>\n<\/ul>\n\n\n\n<p>Le monde semble souvent hors de contr\u00f4le.<br>Mais il n\u2019est pas hors du gouvernement de Dieu.<\/p>\n\n\n\n<hr class=\"wp-block-separator has-alpha-channel-opacity\"\/>\n\n\n\n<h1 class=\"wp-block-heading\">V. \u00ab CR\u00c9ATEUR DU CIEL ET DE LA TERRE \u00bb : TOUT PROC\u00c8DE DE DIEU<\/h1>\n\n\n\n<h2 class=\"wp-block-heading\">Cr\u00e9er signifie faire quelque chose \u00e0 partir de rien.<\/h2>\n\n\n\n<p>Dieu seul cr\u00e9e.<\/p>\n\n\n\n<p>L\u2019homme transforme.<br>Dieu cr\u00e9e.<\/p>\n\n\n\n<p>Cela d\u00e9truit deux erreurs modernes :<\/p>\n\n\n\n<h3 class=\"wp-block-heading\">Le mat\u00e9rialisme :<\/h3>\n\n\n\n<p>La mati\u00e8re n\u2019est pas \u00e9ternelle.<\/p>\n\n\n\n<h3 class=\"wp-block-heading\">Le panth\u00e9isme :<\/h3>\n\n\n\n<p>Dieu n\u2019est pas l\u2019univers ; Dieu a cr\u00e9\u00e9 l\u2019univers.<\/p>\n\n\n\n<h2 class=\"wp-block-heading\">Le ciel et la terre comprennent :<\/h2>\n\n\n\n<ul class=\"wp-block-list\">\n<li>Les anges<\/li>\n\n\n\n<li>La mati\u00e8re<\/li>\n\n\n\n<li>Le temps<\/li>\n\n\n\n<li>L\u2019espace<\/li>\n\n\n\n<li>Les lois naturelles<\/li>\n\n\n\n<li>L\u2019homme<\/li>\n<\/ul>\n\n\n\n<p>Rien n\u2019existe en dehors de sa d\u00e9pendance envers Lui.<\/p>\n\n\n\n<hr class=\"wp-block-separator has-alpha-channel-opacity\"\/>\n\n\n\n<h1 class=\"wp-block-heading\">VI. LA PROVIDENCE : DIEU N\u2019A PAS ABANDONN\u00c9 SA CR\u00c9ATION<\/h1>\n\n\n\n<p>Dieu n\u2019est pas un horloger absent.<\/p>\n\n\n\n<p>Il n\u2019a pas cr\u00e9\u00e9 le monde pour ensuite le laisser seul.<\/p>\n\n\n\n<h2 class=\"wp-block-heading\">Dieu conserve, gouverne et permet<\/h2>\n\n\n\n<p>Ici se trouve l\u2019une des questions les plus difficiles :<\/p>\n\n\n\n<h3 class=\"wp-block-heading\">Si Dieu gouverne tout, pourquoi le mal existe-t-il ?<\/h3>\n\n\n\n<p>L\u2019enseignement catholique distingue :<\/p>\n\n\n\n<h3 class=\"wp-block-heading\">Dieu veut le bien<\/h3>\n\n\n\n<h3 class=\"wp-block-heading\">Dieu permet certains maux afin d\u2019en tirer de plus grands biens<\/h3>\n\n\n\n<p>L\u2019exemple supr\u00eame :<br>La Croix.<\/p>\n\n\n\n<p>Le plus grand crime de l\u2019histoire (tuer le Fils de Dieu) a \u00e9t\u00e9 permis afin d\u2019accomplir la plus grande \u0153uvre de mis\u00e9ricorde (la R\u00e9demption).<\/p>\n\n\n\n<p>Cela ne banalise pas la souffrance.<br>Mais cela affirme que rien n\u2019\u00e9chappe \u00e0 la puissance r\u00e9demptrice de Dieu.<\/p>\n\n\n\n<hr class=\"wp-block-separator has-alpha-channel-opacity\"\/>\n\n\n\n<h1 class=\"wp-block-heading\">VII. LES ANGES : LE MONDE INVISIBLE EST R\u00c9EL<\/h1>\n\n\n\n<p>La modernit\u00e9 tourne en d\u00e9rision les anges et les d\u00e9mons comme de simples symboles psychologiques.<\/p>\n\n\n\n<p>La foi catholique enseigne quelque chose de radicalement diff\u00e9rent :<\/p>\n\n\n\n<h2 class=\"wp-block-heading\">Les anges existent.<\/h2>\n\n\n\n<p>Ce sont des cr\u00e9atures :<\/p>\n\n\n\n<ul class=\"wp-block-list\">\n<li>Intelligentes<\/li>\n\n\n\n<li>Spirituelles<\/li>\n\n\n\n<li>Libres<\/li>\n<\/ul>\n\n\n\n<p>Ils ont \u00e9t\u00e9 cr\u00e9\u00e9s pour glorifier Dieu.<\/p>\n\n\n\n<h2 class=\"wp-block-heading\">La r\u00e9bellion de Lucifer<\/h2>\n\n\n\n<p>Le p\u00e9ch\u00e9 ang\u00e9lique fut l\u2019orgueil :<br><strong>\u00ab Je ne servirai pas. \u00bb<\/strong><\/p>\n\n\n\n<p>Et cela demeure l\u2019essence de toute r\u00e9bellion contre Dieu.<\/p>\n\n\n\n<p>Chaque p\u00e9ch\u00e9 r\u00e9p\u00e8te, en miniature, l\u2019\u00e9cho de Lucifer.<\/p>\n\n\n\n<hr class=\"wp-block-separator has-alpha-channel-opacity\"\/>\n\n\n\n<h1 class=\"wp-block-heading\">VIII. D\u00c9MONS, TENTATION ET COMBAT SPIRITUEL<\/h1>\n\n\n\n<p>Parler du diable n\u2019est pas un fanatisme m\u00e9di\u00e9val.<br>C\u2019est une doctrine chr\u00e9tienne.<\/p>\n\n\n\n<p>Satan hait l\u2019homme parce que l\u2019homme est appel\u00e9 \u00e0 une place de gloire qu\u2019il a perdue.<\/p>\n\n\n\n<h2 class=\"wp-block-heading\">Comment tente-t-il ?<\/h2>\n\n\n\n<ul class=\"wp-block-list\">\n<li>Orgueil<\/li>\n\n\n\n<li>Impuret\u00e9<\/li>\n\n\n\n<li>D\u00e9sespoir<\/li>\n\n\n\n<li>Ti\u00e9deur<\/li>\n\n\n\n<li>Erreur doctrinale<\/li>\n<\/ul>\n\n\n\n<h2 class=\"wp-block-heading\">Comment le vaincre ?<\/h2>\n\n\n\n<p>Le cat\u00e9chisme le r\u00e9sume avec une sagesse immortelle :<\/p>\n\n\n\n<h3 class=\"wp-block-heading\">Vigilance<\/h3>\n\n\n\n<h3 class=\"wp-block-heading\">Pri\u00e8re<\/h3>\n\n\n\n<h3 class=\"wp-block-heading\">Mortification<\/h3>\n\n\n\n<p>Il n\u2019existe pas de christianisme s\u00e9rieux sans combat spirituel.<\/p>\n\n\n\n<hr class=\"wp-block-separator has-alpha-channel-opacity\"\/>\n\n\n\n<h1 class=\"wp-block-heading\">IX. L\u2019ANGE GARDIEN : TON COMPAGNON INVISIBLE<\/h1>\n\n\n\n<p>Chaque \u00e2me fid\u00e8le a un ange gardien.<\/p>\n\n\n\n<p>Ce n\u2019est pas de la po\u00e9sie pieuse.<br>C\u2019est l\u2019enseignement constant de la Tradition.<\/p>\n\n\n\n<p>Ton ange :<\/p>\n\n\n\n<ul class=\"wp-block-list\">\n<li>Prot\u00e8ge<\/li>\n\n\n\n<li>Inspire<\/li>\n\n\n\n<li>Avertit<\/li>\n\n\n\n<li>Interc\u00e8de<\/li>\n<\/ul>\n\n\n\n<h2 class=\"wp-block-heading\">Quelle trag\u00e9die moderne :<\/h2>\n\n\n\n<p>Beaucoup consultent les horoscopes\u2026 mais ignorent leur Ange Gardien.<\/p>\n\n\n\n<hr class=\"wp-block-separator has-alpha-channel-opacity\"\/>\n\n\n\n<h1 class=\"wp-block-heading\">X. L\u2019HOMME : IMAGE DE DIEU, NON PRODUIT DU CHAOS<\/h1>\n\n\n\n<h2 class=\"wp-block-heading\">Qu\u2019est-ce que l\u2019homme ?<\/h2>\n\n\n\n<p>Une cr\u00e9ature rationnelle compos\u00e9e d\u2019un corps et d\u2019une \u00e2me.<\/p>\n\n\n\n<p>Ici se trouve la r\u00e9ponse \u00e0 la grande crise anthropologique actuelle.<\/p>\n\n\n\n<p>Tu n\u2019es pas seulement biologie.<br>Tu n\u2019es pas seulement d\u00e9sir.<br>Tu n\u2019es pas seulement mati\u00e8re.<\/p>\n\n\n\n<p>Tu as une \u00e2me immortelle.<\/p>\n\n\n\n<h2 class=\"wp-block-heading\">La dignit\u00e9 humaine ne d\u00e9pend pas de :<\/h2>\n\n\n\n<ul class=\"wp-block-list\">\n<li>L\u2019\u00e2ge<\/li>\n\n\n\n<li>L\u2019utilit\u00e9<\/li>\n\n\n\n<li>La sant\u00e9<\/li>\n\n\n\n<li>La productivit\u00e9<\/li>\n<\/ul>\n\n\n\n<p>Elle d\u00e9pend du fait d\u2019avoir \u00e9t\u00e9 cr\u00e9\u00e9 \u00e0 l\u2019image de Dieu.<\/p>\n\n\n\n<p>C\u2019est pourquoi toute culture qui nie l\u2019\u00e2me finit par d\u00e9grader le corps.<\/p>\n\n\n\n<hr class=\"wp-block-separator has-alpha-channel-opacity\"\/>\n\n\n\n<h1 class=\"wp-block-heading\">XI. LE P\u00c9CH\u00c9 ORIGINEL : LA BLESSURE QUI EXPLIQUE LE MONDE<\/h1>\n\n\n\n<p>Sans cette doctrine, le monde semble incompr\u00e9hensible.<\/p>\n\n\n\n<h2 class=\"wp-block-heading\">Pourquoi existent :<\/h2>\n\n\n\n<ul class=\"wp-block-list\">\n<li>la mort ?<\/li>\n\n\n\n<li>la souffrance ?<\/li>\n\n\n\n<li>la concupiscence ?<\/li>\n\n\n\n<li>l\u2019injustice ?<\/li>\n\n\n\n<li>l\u2019inclination au mal ?<\/li>\n<\/ul>\n\n\n\n<p>Parce que l\u2019homme est tomb\u00e9.<\/p>\n\n\n\n<p>Adam n\u2019a pas commis une \u00ab erreur mythologique \u00bb.<br>Il a commis une d\u00e9sob\u00e9issance r\u00e9elle avec des cons\u00e9quences r\u00e9elles.<\/p>\n\n\n\n<h2 class=\"wp-block-heading\">Le p\u00e9ch\u00e9 originel explique :<\/h2>\n\n\n\n<p>Nous d\u00e9sirons le bien\u2026 mais faisons le mal.<br>Nous cherchons l\u2019ordre\u2026 mais produisons le chaos.<\/p>\n\n\n\n<p>L\u2019humanit\u00e9 n\u2019est pas simplement \u00ab mal inform\u00e9e \u00bb.<br>Elle est bless\u00e9e.<\/p>\n\n\n\n<hr class=\"wp-block-separator has-alpha-channel-opacity\"\/>\n\n\n\n<h1 class=\"wp-block-heading\">XII. MARIE IMMACUL\u00c9E : L\u2019EXCEPTION GLORIEUSE<\/h1>\n\n\n\n<p>L\u00e0 o\u00f9 Adam est tomb\u00e9,<br>Le Christ rach\u00e8te.<\/p>\n\n\n\n<p>L\u00e0 o\u00f9 \u00c8ve fut bless\u00e9e,<br>Marie fut pr\u00e9serv\u00e9e.<\/p>\n\n\n\n<h2 class=\"wp-block-heading\">L\u2019Immacul\u00e9e Conception<\/h2>\n\n\n\n<p>Marie a \u00e9t\u00e9 con\u00e7ue sans p\u00e9ch\u00e9 originel par anticipation des m\u00e9rites du Christ.<\/p>\n\n\n\n<p>Elle n\u2019avait pas besoin de moins de Sauveur.<br>Elle a re\u00e7u le salut d\u2019une mani\u00e8re plus parfaite.<\/p>\n\n\n\n<hr class=\"wp-block-separator has-alpha-channel-opacity\"\/>\n\n\n\n<h1 class=\"wp-block-heading\">XIII. LE MESSIE PROMIS : LA MIS\u00c9RICORDE COMMENCE DANS LA GEN\u00c8SE<\/h1>\n\n\n\n<p>Apr\u00e8s la Chute, Dieu n\u2019abandonne pas.<\/p>\n\n\n\n<p>Il promet un R\u00e9dempteur.<\/p>\n\n\n\n<p>Toute l\u2019histoire humaine change \u00e0 partir de ce moment.<\/p>\n\n\n\n<p>Tout l\u2019Ancien Testament est attente.<br>Le Nouveau est accomplissement.<\/p>\n\n\n\n<p>Le Christ n\u2019appara\u00eet pas de mani\u00e8re improvis\u00e9e.<br>Il est le Messie promis d\u00e8s le commencement.<\/p>\n\n\n\n<hr class=\"wp-block-separator has-alpha-channel-opacity\"\/>\n\n\n\n<h1 class=\"wp-block-heading\">XIV. POURQUOI CET ARTICLE DU CREDO EST-IL SI URGENT AUJOURD\u2019HUI ?<\/h1>\n\n\n\n<p>Parce que le monde moderne nie pr\u00e9cis\u00e9ment ces v\u00e9rit\u00e9s :<\/p>\n\n\n\n<h2 class=\"wp-block-heading\">Nie Dieu \u2192 relativisme<\/h2>\n\n\n\n<h2 class=\"wp-block-heading\">Nie le Cr\u00e9ateur \u2192 nihilisme<\/h2>\n\n\n\n<h2 class=\"wp-block-heading\">Nie l\u2019\u00e2me \u2192 mat\u00e9rialisme<\/h2>\n\n\n\n<h2 class=\"wp-block-heading\">Nie le p\u00e9ch\u00e9 \u2192 corruption morale<\/h2>\n\n\n\n<h2 class=\"wp-block-heading\">Nie le diable \u2192 na\u00efvet\u00e9 spirituelle<\/h2>\n\n\n\n<h2 class=\"wp-block-heading\">Nie le R\u00e9dempteur \u2192 d\u00e9sespoir<\/h2>\n\n\n\n<p>Le Credo n\u2019est pas une relique :<br>C\u2019est une carte pour la survie spirituelle.<\/p>\n\n\n\n<hr class=\"wp-block-separator has-alpha-channel-opacity\"\/>\n\n\n\n<h1 class=\"wp-block-heading\">CONCLUSION : SAVOIR D\u2019O\u00d9 TU VIENS POUR SAVOIR O\u00d9 TU VAS<\/h1>\n\n\n\n<p>Le premier article du Credo r\u00e9pond aux questions les plus d\u00e9cisives :<\/p>\n\n\n\n<h2 class=\"wp-block-heading\">Qui t\u2019a cr\u00e9\u00e9 ?<\/h2>\n\n\n\n<p>Dieu.<\/p>\n\n\n\n<h2 class=\"wp-block-heading\">Pourquoi existes-tu ?<\/h2>\n\n\n\n<p>Pour Le conna\u00eetre, L\u2019aimer et Le servir.<\/p>\n\n\n\n<h2 class=\"wp-block-heading\">Pourquoi le monde est-il bless\u00e9 ?<\/h2>\n\n\n\n<p>\u00c0 cause du p\u00e9ch\u00e9.<\/p>\n\n\n\n<h2 class=\"wp-block-heading\">Es-tu seul ?<\/h2>\n\n\n\n<p>Non. Tu as la providence, la gr\u00e2ce, les anges et un R\u00e9dempteur.<\/p>\n\n\n\n<h2 class=\"wp-block-heading\">Quel est ton destin ?<\/h2>\n\n\n\n<p>Le ciel.<\/p>\n\n\n\n<p>Croire en Dieu le P\u00e8re tout-puissant n\u2019est pas une formule vide :<br>C\u2019est retrouver la r\u00e9alit\u00e9.<\/p>\n\n\n\n<p>Dans les temps de confusion, revenir au Credo, c\u2019est rentrer chez soi.<\/p>\n\n\n\n<p>Car celui qui sait qu\u2019il a \u00e9t\u00e9 cr\u00e9\u00e9 par Dieu\u2026<br>vit diff\u00e9remment.<\/p>\n\n\n\n<p>Et celui qui sait qu\u2019il a un P\u00e8re\u2026<br>n\u2019est jamais v\u00e9ritablement orphelin.<\/p>\n","protected":false},"excerpt":{"rendered":"<p>Le fondement de toute la foi catholique : qui est Dieu, qui \u00eates-vous, et pourquoi vous existez Il existe des v\u00e9rit\u00e9s qui ne se contentent pas d\u2019\u00eatre \u00e9tudi\u00e9es : elles soutiennent toute une vie. Le premier article du Credo n\u2019est pas simplement une phrase apprise dans l\u2019enfance ou r\u00e9p\u00e9t\u00e9e m\u00e9caniquement \u00e0 la Sainte Messe. Il &hellip;<\/p>\n","protected":false},"author":3,"featured_media":5975,"comment_status":"open","ping_status":"closed","sticky":false,"template":"","format":"standard","meta":{"_seopress_robots_primary_cat":"","_seopress_titles_title":"","_seopress_titles_desc":"","_seopress_robots_index":"","footnotes":""},"categories":[43,37],"tags":[1908],"class_list":["post-5974","post","type-post","status-publish","format-standard","has-post-thumbnail","","category-catechisme-de-leglise-catholique","category-doctrine-et-foi","tag-credo"],"_links":{"self":[{"href":"https:\/\/catholicus.eu\/fr\/wp-json\/wp\/v2\/posts\/5974","targetHints":{"allow":["GET"]}}],"collection":[{"href":"https:\/\/catholicus.eu\/fr\/wp-json\/wp\/v2\/posts"}],"about":[{"href":"https:\/\/catholicus.eu\/fr\/wp-json\/wp\/v2\/types\/post"}],"author":[{"embeddable":true,"href":"https:\/\/catholicus.eu\/fr\/wp-json\/wp\/v2\/users\/3"}],"replies":[{"embeddable":true,"href":"https:\/\/catholicus.eu\/fr\/wp-json\/wp\/v2\/comments?post=5974"}],"version-history":[{"count":1,"href":"https:\/\/catholicus.eu\/fr\/wp-json\/wp\/v2\/posts\/5974\/revisions"}],"predecessor-version":[{"id":5976,"href":"https:\/\/catholicus.eu\/fr\/wp-json\/wp\/v2\/posts\/5974\/revisions\/5976"}],"wp:featuredmedia":[{"embeddable":true,"href":"https:\/\/catholicus.eu\/fr\/wp-json\/wp\/v2\/media\/5975"}],"wp:attachment":[{"href":"https:\/\/catholicus.eu\/fr\/wp-json\/wp\/v2\/media?parent=5974"}],"wp:term":[{"taxonomy":"category","embeddable":true,"href":"https:\/\/catholicus.eu\/fr\/wp-json\/wp\/v2\/categories?post=5974"},{"taxonomy":"post_tag","embeddable":true,"href":"https:\/\/catholicus.eu\/fr\/wp-json\/wp\/v2\/tags?post=5974"}],"curies":[{"name":"wp","href":"https:\/\/api.w.org\/{rel}","templated":true}]}}