{"id":5950,"date":"2026-04-27T17:54:28","date_gmt":"2026-04-27T15:54:28","guid":{"rendered":"https:\/\/catholicus.eu\/fr\/?p=5950"},"modified":"2026-04-27T17:54:28","modified_gmt":"2026-04-27T15:54:28","slug":"la-circoncision-du-seigneur-le-premier-sang-redempteur-du-christ-et-le-commencement-de-notre-salut","status":"publish","type":"post","link":"https:\/\/catholicus.eu\/fr\/la-circoncision-du-seigneur-le-premier-sang-redempteur-du-christ-et-le-commencement-de-notre-salut\/","title":{"rendered":"La Circoncision du Seigneur : le premier sang r\u00e9dempteur du Christ et le commencement de notre salut"},"content":{"rendered":"\n<p>Il existe des myst\u00e8res de la vie du Christ qui passent presque inaper\u00e7us dans la sensibilit\u00e9 moderne. Ils n\u2019ont pas la force dramatique de la Croix ni la gloire de la R\u00e9surrection. Et pourtant, ils contiennent une profondeur th\u00e9ologique immense, capable d\u2019\u00e9clairer toute la vie chr\u00e9tienne.<\/p>\n\n\n\n<p>L\u2019un d\u2019eux est la <strong>Circoncision du Seigneur<\/strong>.<\/p>\n\n\n\n<p>Loin d\u2019\u00eatre un simple rite juif sans grande importance, cet \u00e9v\u00e9nement renferme une v\u00e9rit\u00e9 puissante : <strong>le Christ commence \u00e0 nous racheter d\u00e8s les premiers jours de sa vie<\/strong>, et pas seulement au Calvaire. Ici, dans le silence, sans foule de t\u00e9moins, Il commence \u00e0 verser son sang pour nous.<\/p>\n\n\n\n<p>Et cela change tout.<\/p>\n\n\n\n<hr class=\"wp-block-separator has-alpha-channel-opacity\"\/>\n\n\n\n<h2 class=\"wp-block-heading\">1. Un myst\u00e8re oubli\u00e9\u2026 mais d\u00e9cisif<\/h2>\n\n\n\n<p>Pendant des si\u00e8cles, l\u2019\u00c9glise a c\u00e9l\u00e9br\u00e9 solennellement ce myst\u00e8re le 1er janvier. Ce n\u2019\u00e9tait pas une date quelconque : elle marquait le d\u00e9but de l\u2019ann\u00e9e sous le signe de la <strong>r\u00e9demption et du Saint Nom de J\u00e9sus<\/strong>.<\/p>\n\n\n\n<p>Aujourd\u2019hui, m\u00eame si le calendrier liturgique met davantage l\u2019accent sur la maternit\u00e9 de Marie, le contenu spirituel de cette f\u00eate reste pleinement vivant.<\/p>\n\n\n\n<p>Car ici, nous contemplons trois v\u00e9rit\u00e9s essentielles :<\/p>\n\n\n\n<ul class=\"wp-block-list\">\n<li>Le Christ se soumet \u00e0 la Loi<\/li>\n\n\n\n<li>Le Christ verse son premier sang<\/li>\n\n\n\n<li>Le Christ re\u00e7oit le Nom qui sauve<\/li>\n<\/ul>\n\n\n\n<p>Rien n\u2019est secondaire. Tout est r\u00e9v\u00e9lation.<\/p>\n\n\n\n<hr class=\"wp-block-separator has-alpha-channel-opacity\"\/>\n\n\n\n<h2 class=\"wp-block-heading\">2. Le Christ, Seigneur de la Loi\u2026 soumis \u00e0 la Loi<\/h2>\n\n\n\n<p>La circoncision \u00e9tait le signe d\u2019appartenance au peuple d\u2019Isra\u00ebl, \u00e9tabli par Dieu comme marque de l\u2019Alliance. Tout gar\u00e7on juif devait la recevoir le huiti\u00e8me jour apr\u00e8s sa naissance.<\/p>\n\n\n\n<p>Mais une question essentielle se pose ici :<\/p>\n\n\n\n<p><strong>Le Christ \u00e9tait-il oblig\u00e9 de subir ce rite ?<\/strong><\/p>\n\n\n\n<p>La r\u00e9ponse est claire : <strong>non<\/strong>.<\/p>\n\n\n\n<p>Le Christ n\u2019est pas simplement un membre du peuple d\u2019Isra\u00ebl. Il est :<\/p>\n\n\n\n<ul class=\"wp-block-list\">\n<li>Le Fils \u00e9ternel de Dieu<\/li>\n\n\n\n<li>L\u2019auteur de la Loi<\/li>\n\n\n\n<li>La saintet\u00e9 m\u00eame<\/li>\n<\/ul>\n\n\n\n<p>La circoncision \u00e9tait li\u00e9e au p\u00e9ch\u00e9 originel, \u00e0 la condition d\u00e9chue de l\u2019homme. Elle \u00e9tait un signe du besoin de purification.<\/p>\n\n\n\n<p>Le Christ, lui, est innocent.<\/p>\n\n\n\n<p>Alors pourquoi s\u2019y soumet-Il ?<\/p>\n\n\n\n<h3 class=\"wp-block-heading\">Par amour.<\/h3>\n\n\n\n<p>Le Christ n\u2019est pas venu s\u2019imposer de l\u2019ext\u00e9rieur, mais <strong>entrer pleinement dans notre condition<\/strong>. Il n\u2019est pas venu abolir la Loi de mani\u00e8re arbitraire, mais l\u2019accomplir parfaitement.<\/p>\n\n\n\n<p>Ce geste r\u00e9v\u00e8le quelque chose d\u2019essentiel :<br>\ud83d\udc49 <strong>Dieu ne sauve pas \u00e0 distance, mais par une proximit\u00e9 radicale.<\/strong><\/p>\n\n\n\n<hr class=\"wp-block-separator has-alpha-channel-opacity\"\/>\n\n\n\n<h2 class=\"wp-block-heading\">3. Le premier sang : le commencement visible de la R\u00e9demption<\/h2>\n\n\n\n<p>Nous entrons ici dans un point profond\u00e9ment \u00e9mouvant.<\/p>\n\n\n\n<p>La circoncision implique un effusion de sang.<\/p>\n\n\n\n<p>Et c\u2019est le <strong>premier sang que le Christ verse pour nous<\/strong>.<\/p>\n\n\n\n<p>Ce n\u2019est pas un hasard. Ce n\u2019est pas un simple d\u00e9tail biographique. C\u2019est un signe.<\/p>\n\n\n\n<p>La tradition de l\u2019\u00c9glise a toujours vu dans ce moment :<\/p>\n\n\n\n<ul class=\"wp-block-list\">\n<li>Le <strong>commencement du sacrifice r\u00e9dempteur<\/strong><\/li>\n\n\n\n<li>L\u2019<strong>anticipation de la Croix<\/strong><\/li>\n\n\n\n<li>La manifestation que le Christ est v\u00e9ritablement venu souffrir pour l\u2019humanit\u00e9<\/li>\n<\/ul>\n\n\n\n<p>Le Christ n\u2019attend pas l\u2019\u00e2ge adulte. Il n\u2019attend pas sa Passion.<\/p>\n\n\n\n<p>D\u00e8s l\u2019enfance, dans le secret, dans ce qui semble insignifiant, Il s\u2019offre d\u00e9j\u00e0.<\/p>\n\n\n\n<p>Cela porte une le\u00e7on profond\u00e9ment actuelle :<\/p>\n\n\n\n<p>\ud83d\udc49 <strong>Le salut ne commence pas dans les grands moments, mais dans la fid\u00e9lit\u00e9 quotidienne, dans le petit, dans le cach\u00e9.<\/strong><\/p>\n\n\n\n<hr class=\"wp-block-separator has-alpha-channel-opacity\"\/>\n\n\n\n<h2 class=\"wp-block-heading\">4. Le Nom de J\u00e9sus : identit\u00e9 et mission<\/h2>\n\n\n\n<p>Dans le m\u00eame acte de la circoncision, quelque chose de d\u00e9cisif se produit : l\u2019Enfant re\u00e7oit son Nom.<\/p>\n\n\n\n<p>Ce n\u2019est pas un nom choisi au hasard.<\/p>\n\n\n\n<p>C\u2019est un nom r\u00e9v\u00e9l\u00e9 par Dieu.<\/p>\n\n\n\n<p><strong>J\u00e9sus<\/strong> signifie : <em>\u00ab Dieu sauve \u00bb<\/em>.<\/p>\n\n\n\n<p>Il ne s\u2019agit pas d\u2019un symbole vide, mais d\u2019une d\u00e9claration d\u2019identit\u00e9 et de mission :<\/p>\n\n\n\n<ul class=\"wp-block-list\">\n<li>Il est le Sauveur<\/li>\n\n\n\n<li>Il est venu nous lib\u00e9rer du p\u00e9ch\u00e9<\/li>\n\n\n\n<li>Sa personne m\u00eame est salut<\/li>\n<\/ul>\n\n\n\n<p>C\u2019est pourquoi la tradition chr\u00e9tienne a toujours eu une profonde d\u00e9votion pour le Saint Nom de J\u00e9sus.<\/p>\n\n\n\n<p>Non pas comme une formule magique, mais comme une r\u00e9alit\u00e9 vivante.<\/p>\n\n\n\n<p>Invoquer son Nom, c\u2019est :<\/p>\n\n\n\n<ul class=\"wp-block-list\">\n<li>Reconna\u00eetre qui Il est<\/li>\n\n\n\n<li>Mettre sa confiance en sa puissance<\/li>\n\n\n\n<li>Se r\u00e9fugier dans sa mis\u00e9ricorde<\/li>\n<\/ul>\n\n\n\n<p>Dans un monde qui banalise le sacr\u00e9, retrouver la r\u00e9v\u00e9rence pour le Nom de J\u00e9sus est un acte profond\u00e9ment contre-culturel.<\/p>\n\n\n\n<hr class=\"wp-block-separator has-alpha-channel-opacity\"\/>\n\n\n\n<h2 class=\"wp-block-heading\">5. La v\u00e9ritable circoncision : le c\u0153ur<\/h2>\n\n\n\n<p>Peut-\u00eatre le point le plus important pour notre vie aujourd\u2019hui est-il celui-ci.<\/p>\n\n\n\n<p>La circoncision ext\u00e9rieure n\u2019\u00e9tait qu\u2019un signe. L\u2019essentiel a toujours \u00e9t\u00e9 int\u00e9rieur.<\/p>\n\n\n\n<p>D\u00e9j\u00e0 dans l\u2019Ancien Testament, il est question de la n\u00e9cessit\u00e9 d\u2019une <strong>circoncision du c\u0153ur<\/strong>.<\/p>\n\n\n\n<p>Et qu\u2019est-ce que cela signifie ?<\/p>\n\n\n\n<p>Cela signifie :<\/p>\n\n\n\n<ul class=\"wp-block-list\">\n<li>Couper le p\u00e9ch\u00e9 \u00e0 la racine<\/li>\n\n\n\n<li>Renoncer aux attachements d\u00e9sordonn\u00e9s<\/li>\n\n\n\n<li>Purifier l\u2019intention<\/li>\n\n\n\n<li>Orienter sa vie vers Dieu<\/li>\n<\/ul>\n\n\n\n<p>Une religion ext\u00e9rieure, culturelle ou h\u00e9rit\u00e9e ne suffit pas.<\/p>\n\n\n\n<p>La Circoncision du Seigneur nous confronte \u00e0 une question d\u00e9rangeante :<\/p>\n\n\n\n<p>\ud83d\udc49 <strong>Qu\u2019y a-t-il dans ma vie qui doit \u00eatre \u00ab retranch\u00e9 \u00bb ?<\/strong><\/p>\n\n\n\n<p>Cela peut \u00eatre :<\/p>\n\n\n\n<ul class=\"wp-block-list\">\n<li>Une habitude<\/li>\n\n\n\n<li>Une relation<\/li>\n\n\n\n<li>Un attachement<\/li>\n\n\n\n<li>Une incoh\u00e9rence<\/li>\n<\/ul>\n\n\n\n<p>Et c\u2019est l\u00e0 que ce myst\u00e8re devient profond\u00e9ment actuel.<\/p>\n\n\n\n<p>Car nous vivons dans une culture qui \u00e9vite le sacrifice, fuit l\u2019effort int\u00e9rieur et pr\u00e9f\u00e8re une spiritualit\u00e9 confortable.<\/p>\n\n\n\n<p>Mais l\u2019\u00c9vangile ne va pas dans ce sens.<\/p>\n\n\n\n<hr class=\"wp-block-separator has-alpha-channel-opacity\"\/>\n\n\n\n<h2 class=\"wp-block-heading\">6. Commencer l\u2019ann\u00e9e avec Dieu (et non avec des r\u00e9solutions vides)<\/h2>\n\n\n\n<p>Que ce myst\u00e8re soit c\u00e9l\u00e9br\u00e9 le 1er janvier n\u2019est pas un hasard.<\/p>\n\n\n\n<p>L\u2019\u00c9glise nous enseigne \u00e0 commencer l\u2019ann\u00e9e d\u2019une mani\u00e8re tr\u00e8s concr\u00e8te :<\/p>\n\n\n\n<p>Non pas avec des listes interminables d\u2019objectifs\u2026<br>mais avec une <strong>v\u00e9ritable cons\u00e9cration \u00e0 Dieu<\/strong>.<\/p>\n\n\n\n<p>Cela implique :<\/p>\n\n\n\n<ul class=\"wp-block-list\">\n<li>Remettre l\u2019ann\u00e9e entre ses mains<\/li>\n\n\n\n<li>Demander la gr\u00e2ce de vivre dans la fid\u00e9lit\u00e9<\/li>\n\n\n\n<li>R\u00e9examiner l\u2019orientation de notre vie<\/li>\n<\/ul>\n\n\n\n<p>Il ne s\u2019agit pas de \u00ab faire plus de choses \u00bb, mais de <strong>vivre mieux orient\u00e9s<\/strong>.<\/p>\n\n\n\n<p>Car sans Dieu, m\u00eame les meilleures r\u00e9solutions perdent leur sens.<\/p>\n\n\n\n<hr class=\"wp-block-separator has-alpha-channel-opacity\"\/>\n\n\n\n<h2 class=\"wp-block-heading\">7. Une le\u00e7on pour notre temps<\/h2>\n\n\n\n<p>La Circoncision du Seigneur nous laisse plusieurs enseignements urgents pour aujourd\u2019hui :<\/p>\n\n\n\n<h3 class=\"wp-block-heading\">1. L\u2019humilit\u00e9 est le chemin de Dieu<\/h3>\n\n\n\n<p>Le Christ ne s\u2019impose pas. Il s\u2019abaisse.<\/p>\n\n\n\n<h3 class=\"wp-block-heading\">2. L\u2019ob\u00e9issance n\u2019est pas une faiblesse<\/h3>\n\n\n\n<p>C\u2019est une force int\u00e9rieure et une fid\u00e9lit\u00e9 au plan de Dieu.<\/p>\n\n\n\n<h3 class=\"wp-block-heading\">3. Le salut passe par le sacrifice<\/h3>\n\n\n\n<p>Il n\u2019y a pas de r\u00e9demption sans don de soi.<\/p>\n\n\n\n<h3 class=\"wp-block-heading\">4. Les petites choses comptent<\/h3>\n\n\n\n<p>Dieu agit dans le cach\u00e9 avant le spectaculaire.<\/p>\n\n\n\n<h3 class=\"wp-block-heading\">5. La conversion est concr\u00e8te<\/h3>\n\n\n\n<p>Ce n\u2019est pas une id\u00e9e, mais une transformation r\u00e9elle de la vie.<\/p>\n\n\n\n<hr class=\"wp-block-separator has-alpha-channel-opacity\"\/>\n\n\n\n<h2 class=\"wp-block-heading\">8. Conclusion : recommencer\u2026 vraiment<\/h2>\n\n\n\n<p>Ce myst\u00e8re nous place devant une v\u00e9rit\u00e9 exigeante mais lib\u00e9ratrice :<\/p>\n\n\n\n<p>\ud83d\udc49 <strong>Le Christ a d\u00e9j\u00e0 commenc\u00e9 l\u2019\u0153uvre en nous.<br>La question est de savoir si nous voulons y r\u00e9pondre.<\/strong><\/p>\n\n\n\n<p>La Circoncision du Seigneur n\u2019est pas seulement un souvenir du pass\u00e9.<\/p>\n\n\n\n<p>C\u2019est une invitation pr\u00e9sente :<\/p>\n\n\n\n<ul class=\"wp-block-list\">\n<li>\u00c0 vivre avec plus d\u2019authenticit\u00e9<\/li>\n\n\n\n<li>\u00c0 retrancher ce qui nous \u00e9loigne de Dieu<\/li>\n\n\n\n<li>\u00c0 faire davantage confiance au Christ<\/li>\n<\/ul>\n\n\n\n<p>Et surtout, \u00e0 accomplir quelque chose de tr\u00e8s simple et de tr\u00e8s difficile \u00e0 la fois :<\/p>\n\n\n\n<p><strong>placer toute notre vie sous le Nom de J\u00e9sus.<\/strong><\/p>\n\n\n\n<p>Car c\u2019est l\u00e0 \u2014 et non dans nos propres forces \u2014<br>que se trouve le v\u00e9ritable salut.<\/p>\n","protected":false},"excerpt":{"rendered":"<p>Il existe des myst\u00e8res de la vie du Christ qui passent presque inaper\u00e7us dans la sensibilit\u00e9 moderne. Ils n\u2019ont pas la force dramatique de la Croix ni la gloire de la R\u00e9surrection. Et pourtant, ils contiennent une profondeur th\u00e9ologique immense, capable d\u2019\u00e9clairer toute la vie chr\u00e9tienne. L\u2019un d\u2019eux est la Circoncision du Seigneur. Loin d\u2019\u00eatre &hellip;<\/p>\n","protected":false},"author":3,"featured_media":5951,"comment_status":"open","ping_status":"closed","sticky":false,"template":"","format":"standard","meta":{"_seopress_robots_primary_cat":"","_seopress_titles_title":"","_seopress_titles_desc":"","_seopress_robots_index":"","footnotes":""},"categories":[43,37],"tags":[952],"class_list":["post-5950","post","type-post","status-publish","format-standard","has-post-thumbnail","","category-catechisme-de-leglise-catholique","category-doctrine-et-foi","tag-circoncision"],"_links":{"self":[{"href":"https:\/\/catholicus.eu\/fr\/wp-json\/wp\/v2\/posts\/5950","targetHints":{"allow":["GET"]}}],"collection":[{"href":"https:\/\/catholicus.eu\/fr\/wp-json\/wp\/v2\/posts"}],"about":[{"href":"https:\/\/catholicus.eu\/fr\/wp-json\/wp\/v2\/types\/post"}],"author":[{"embeddable":true,"href":"https:\/\/catholicus.eu\/fr\/wp-json\/wp\/v2\/users\/3"}],"replies":[{"embeddable":true,"href":"https:\/\/catholicus.eu\/fr\/wp-json\/wp\/v2\/comments?post=5950"}],"version-history":[{"count":1,"href":"https:\/\/catholicus.eu\/fr\/wp-json\/wp\/v2\/posts\/5950\/revisions"}],"predecessor-version":[{"id":5952,"href":"https:\/\/catholicus.eu\/fr\/wp-json\/wp\/v2\/posts\/5950\/revisions\/5952"}],"wp:featuredmedia":[{"embeddable":true,"href":"https:\/\/catholicus.eu\/fr\/wp-json\/wp\/v2\/media\/5951"}],"wp:attachment":[{"href":"https:\/\/catholicus.eu\/fr\/wp-json\/wp\/v2\/media?parent=5950"}],"wp:term":[{"taxonomy":"category","embeddable":true,"href":"https:\/\/catholicus.eu\/fr\/wp-json\/wp\/v2\/categories?post=5950"},{"taxonomy":"post_tag","embeddable":true,"href":"https:\/\/catholicus.eu\/fr\/wp-json\/wp\/v2\/tags?post=5950"}],"curies":[{"name":"wp","href":"https:\/\/api.w.org\/{rel}","templated":true}]}}