{"id":5944,"date":"2026-04-26T18:26:27","date_gmt":"2026-04-26T16:26:27","guid":{"rendered":"https:\/\/catholicus.eu\/fr\/?p=5944"},"modified":"2026-04-26T18:26:27","modified_gmt":"2026-04-26T16:26:27","slug":"langlicanisme-a-la-loupe-histoire-doctrine-et-consequences-une-rupture-historique-une-blessure-spirituelle-et-un-appel-a-redecouvrir-la-plenitude-de-la-verite","status":"publish","type":"post","link":"https:\/\/catholicus.eu\/fr\/langlicanisme-a-la-loupe-histoire-doctrine-et-consequences-une-rupture-historique-une-blessure-spirituelle-et-un-appel-a-redecouvrir-la-plenitude-de-la-verite\/","title":{"rendered":"L\u2019anglicanisme \u00e0 la loupe : histoire, doctrine et cons\u00e9quences \u2014 Une rupture historique, une blessure spirituelle et un appel \u00e0 red\u00e9couvrir la pl\u00e9nitude de la v\u00e9rit\u00e9"},"content":{"rendered":"\n<h2 class=\"wp-block-heading\"><strong>Introduction : quand une couronne d\u00e9fia un autel<\/strong><\/h2>\n\n\n\n<p>Il existe dans l\u2019histoire des moments o\u00f9 une seule d\u00e9cision change non seulement le destin d\u2019une nation, mais aussi le cours spirituel de millions d\u2019\u00e2mes. La naissance de l\u2019anglicanisme ne fut pas simplement l\u2019apparition d\u2019une nouvelle confession chr\u00e9tienne : ce fut une fracture d\u2019\u00e9normes proportions au sein de la chr\u00e9tient\u00e9 occidentale, une rupture m\u00ealant pouvoir, passion, int\u00e9r\u00eats dynastiques et profondes cons\u00e9quences doctrinales.<\/p>\n\n\n\n<p>Pour beaucoup aujourd\u2019hui, l\u2019anglicanisme peut sembler n\u2019\u00eatre qu\u2019une simple \u00ab version anglaise \u00bb du christianisme, une tradition respectable parmi le vaste spectre religieux. Mais sous cette apparence de liturgie solennelle, de ch\u0153urs majestueux et d\u2019esth\u00e9tique traditionnelle, se cache une histoire complexe de s\u00e9paration d\u2019avec Rome, de red\u00e9finition doctrinale et d\u2019une crise continue d\u2019identit\u00e9.<\/p>\n\n\n\n<p>Analyser l\u2019anglicanisme d\u2019un point de vue catholique traditionnel n\u2019implique ni moquerie ni m\u00e9pris envers ceux qui vivent sinc\u00e8rement leur foi au sein de cette communion, mais constitue plut\u00f4t un exercice de v\u00e9rit\u00e9, de charit\u00e9 et de discernement. Car la v\u00e9ritable charit\u00e9 ne consiste pas \u00e0 dissimuler les diff\u00e9rences doctrinales, mais \u00e0 \u00e9clairer avec clart\u00e9 le chemin vers la pl\u00e9nitude de la v\u00e9rit\u00e9 r\u00e9v\u00e9l\u00e9e dans le Christ.<\/p>\n\n\n\n<p>Car, comme le dit Notre-Seigneur :<\/p>\n\n\n\n<p><strong>\u00ab Vous conna\u00eetrez la v\u00e9rit\u00e9, et la v\u00e9rit\u00e9 vous rendra libres \u00bb (Jean 8:32).<\/strong><\/p>\n\n\n\n<hr class=\"wp-block-separator has-alpha-channel-opacity\"\/>\n\n\n\n<h1 class=\"wp-block-heading\"><strong>I. La naissance de l\u2019anglicanisme : quand le probl\u00e8me ne fut pas Luther, mais Henri VIII<\/strong><\/h1>\n\n\n\n<h2 class=\"wp-block-heading\"><strong>1. L\u2019Angleterre avant la rupture : profond\u00e9ment catholique<\/strong><\/h2>\n\n\n\n<p>Pendant plus de mille ans, l\u2019Angleterre fut une nation catholique. Depuis l\u2019\u00e9vang\u00e9lisation par saint Augustin de Cantorb\u00e9ry au VIe si\u00e8cle, l\u2019Angleterre prosp\u00e9ra comme terre de saints, de monast\u00e8res, de martyrs et de profonde d\u00e9votion romaine. Ce n\u2019est pas sans raison qu\u2019elle fut appel\u00e9e la \u00ab Dot de Marie \u00bb (<em>Dowry of Mary<\/em>), reflet de sa cons\u00e9cration particuli\u00e8re \u00e0 la Vierge.<\/p>\n\n\n\n<p>Ses cath\u00e9drales, ses universit\u00e9s et ses structures eccl\u00e9siastiques \u00e9taient pleinement unies au Successeur de Pierre.<\/p>\n\n\n\n<h2 class=\"wp-block-heading\"><strong>2. Henri VIII : le schisme n\u00e9 du d\u00e9sir<\/strong><\/h2>\n\n\n\n<p>La rupture ne commen\u00e7a pas principalement par une dispute th\u00e9ologique, mais par une question matrimoniale et politique.<\/p>\n\n\n\n<p>Henri VIII, roi d\u2019Angleterre, d\u00e9sirait faire annuler son mariage avec Catherine d\u2019Aragon afin d\u2019\u00e9pouser Anne Boleyn. N\u2019ayant pas obtenu du pape Cl\u00e9ment VII l\u2019annulation qu\u2019il recherchait, il choisit une mesure r\u00e9volutionnaire :<\/p>\n\n\n\n<h3 class=\"wp-block-heading\"><strong>L\u2019Acte de Supr\u00e9matie (1534) :<\/strong><\/h3>\n\n\n\n<p>Il se proclama lui-m\u00eame \u00ab Chef supr\u00eame de l\u2019\u00c9glise d\u2019Angleterre \u00bb.<\/p>\n\n\n\n<p>Cet acte fut une r\u00e9bellion ouverte contre l\u2019autorit\u00e9 papale.<\/p>\n\n\n\n<p>Il ne s\u2019agissait pas d\u2019abord d\u2019une r\u00e9volution doctrinale protestante comme celle de Luther, mais d\u2019une s\u00e9paration juridictionnelle. Cependant, une fois le lien avec Rome rompu, la porte s\u2019ouvrit \u00e0 des transformations th\u00e9ologiques de plus en plus profondes.<\/p>\n\n\n\n<hr class=\"wp-block-separator has-alpha-channel-opacity\"\/>\n\n\n\n<h1 class=\"wp-block-heading\"><strong>II. Du schisme politique \u00e0 la transformation doctrinale<\/strong><\/h1>\n\n\n\n<h2 class=\"wp-block-heading\"><strong>1. \u00c9douard VI et la protestantisation<\/strong><\/h2>\n\n\n\n<p>Sous le r\u00e8gne d\u2019\u00c9douard VI, l\u2019anglicanisme adopta des influences clairement calvinistes et luth\u00e9riennes :<\/p>\n\n\n\n<ul class=\"wp-block-list\">\n<li>Rejet du sacrifice de la Messe.<\/li>\n\n\n\n<li>N\u00e9gation pratique de la transsubstantiation.<\/li>\n\n\n\n<li>Suppression des images et des d\u00e9votions.<\/li>\n\n\n\n<li>R\u00e9forme liturgique avec le <em>Book of Common Prayer<\/em>.<\/li>\n<\/ul>\n\n\n\n<h2 class=\"wp-block-heading\"><strong>2. \u00c9lisabeth Ire et la \u201cVia Media\u201d<\/strong><\/h2>\n\n\n\n<p>Sous \u00c9lisabeth Ire se consolida la fameuse <em>Via Media<\/em> (\u00ab voie moyenne \u00bb) : ni totalement catholique ni pleinement protestante.<\/p>\n\n\n\n<p>Ce mod\u00e8le cherchait \u00e0 unir :<\/p>\n\n\n\n<ul class=\"wp-block-list\">\n<li>Une structure \u00e9piscopale catholique.<\/li>\n\n\n\n<li>Une th\u00e9ologie r\u00e9form\u00e9e.<\/li>\n\n\n\n<li>Une liturgie nationale.<\/li>\n<\/ul>\n\n\n\n<p>Cependant, cette \u00ab voie moyenne \u00bb engendra une tension interne permanente :<\/p>\n\n\n\n<h3 class=\"wp-block-heading\">Qu\u2019est r\u00e9ellement l\u2019anglicanisme ?<\/h3>\n\n\n\n<hr class=\"wp-block-separator has-alpha-channel-opacity\"\/>\n\n\n\n<h1 class=\"wp-block-heading\"><strong>III. La question doctrinale : qu\u2019enseigne r\u00e9ellement l\u2019anglicanisme ?<\/strong><\/h1>\n\n\n\n<p>Ici appara\u00eet l\u2019un de ses probl\u00e8mes les plus profonds : son immense diversit\u00e9 interne.<\/p>\n\n\n\n<h2 class=\"wp-block-heading\"><strong>1. Les Trente-Neuf Articles de Religion<\/strong><\/h2>\n\n\n\n<p>Ces formulaires doctrinaux historiques rejettent plusieurs \u00e9l\u00e9ments essentiels du catholicisme :<\/p>\n\n\n\n<ul class=\"wp-block-list\">\n<li>La primaut\u00e9 papale.<\/li>\n\n\n\n<li>Le purgatoire.<\/li>\n\n\n\n<li>Le culte des saints et des images.<\/li>\n\n\n\n<li>La doctrine sacrificielle de la Messe.<\/li>\n\n\n\n<li>Certains principes sacramentels.<\/li>\n<\/ul>\n\n\n\n<h2 class=\"wp-block-heading\"><strong>2. Ambigu\u00eft\u00e9 structurelle<\/strong><\/h2>\n\n\n\n<p>Aujourd\u2019hui, au sein de l\u2019anglicanisme coexistent :<\/p>\n\n\n\n<ul class=\"wp-block-list\">\n<li>Les anglo-catholiques (ext\u00e9rieurement tr\u00e8s proches de Rome).<\/li>\n\n\n\n<li>Les protestants \u00e9vang\u00e9liques.<\/li>\n\n\n\n<li>Les lib\u00e9raux th\u00e9ologiques.<\/li>\n\n\n\n<li>Les courants progressistes.<\/li>\n<\/ul>\n\n\n\n<p>Cela suscite une question in\u00e9vitable :<\/p>\n\n\n\n<h3 class=\"wp-block-heading\"><strong>Une \u00c9glise peut-elle soutenir une v\u00e9rit\u00e9 objective si sa doctrine essentielle admet des contradictions internes ?<\/strong><\/h3>\n\n\n\n<p>Saint Paul avertissait :<\/p>\n\n\n\n<p><strong>\u00ab J\u00e9sus-Christ est le m\u00eame hier, aujourd\u2019hui et pour toujours \u00bb (H\u00e9breux 13:8).<\/strong><\/p>\n\n\n\n<p>La v\u00e9rit\u00e9 r\u00e9v\u00e9l\u00e9e ne peut \u00eatre r\u00e9invent\u00e9e selon les \u00e9poques ou les sensibilit\u00e9s culturelles.<\/p>\n\n\n\n<hr class=\"wp-block-separator has-alpha-channel-opacity\"\/>\n\n\n\n<h1 class=\"wp-block-heading\"><strong>IV. La succession apostolique et Apostolicae Curae<\/strong><\/h1>\n\n\n\n<p>L\u2019un des points les plus s\u00e9rieux du point de vue catholique fut la bulle <em>Apostolicae Curae<\/em> de L\u00e9on XIII (1896), qui d\u00e9clara invalides les ordres anglicans.<\/p>\n\n\n\n<h2 class=\"wp-block-heading\"><strong>Pourquoi ?<\/strong><\/h2>\n\n\n\n<p>En raison de d\u00e9fauts dans :<\/p>\n\n\n\n<ul class=\"wp-block-list\">\n<li>La forme liturgique.<\/li>\n\n\n\n<li>L\u2019intention sacramentelle.<\/li>\n\n\n\n<li>La rupture avec la compr\u00e9hension sacrificielle du sacerdoce.<\/li>\n<\/ul>\n\n\n\n<p>Par cons\u00e9quent, selon la doctrine catholique :<\/p>\n\n\n\n<h3 class=\"wp-block-heading\"><strong>Les pr\u00eatres anglicans ne poss\u00e8dent pas un sacerdoce valide au sens sacramentel.<\/strong><\/h3>\n\n\n\n<p>Cela entra\u00eene une cons\u00e9quence immense :<br>Sans sacerdoce valide, il n\u2019y a pas d\u2019Eucharistie valide comme sacrifice sacramentel au sens catholique.<\/p>\n\n\n\n<p>Et c\u2019est ici que nous atteignons le c\u0153ur du drame :<br>Il ne s\u2019agit pas seulement de structures ou de noms, mais de la Pr\u00e9sence r\u00e9elle du Christ sur l\u2019autel.<\/p>\n\n\n\n<hr class=\"wp-block-separator has-alpha-channel-opacity\"\/>\n\n\n\n<h1 class=\"wp-block-heading\"><strong>V. L\u2019anglicanisme contemporain : crise d\u2019identit\u00e9 et adaptation culturelle<\/strong><\/h1>\n\n\n\n<h2 class=\"wp-block-heading\"><strong>1. L\u2019ordination des femmes<\/strong><\/h2>\n\n\n\n<p>De nombreuses communions anglicanes acceptent des femmes pr\u00eatres et \u00e9v\u00eaques.<\/p>\n\n\n\n<h2 class=\"wp-block-heading\"><strong>2. La morale sexuelle<\/strong><\/h2>\n\n\n\n<p>Diverses provinces ont approuv\u00e9 :<\/p>\n\n\n\n<ul class=\"wp-block-list\">\n<li>La b\u00e9n\u00e9diction d\u2019unions homosexuelles.<\/li>\n\n\n\n<li>Les mariages entre personnes du m\u00eame sexe.<\/li>\n\n\n\n<li>Des r\u00e9interpr\u00e9tations doctrinales concernant la sexualit\u00e9.<\/li>\n<\/ul>\n\n\n\n<h2 class=\"wp-block-heading\"><strong>3. Fragmentation<\/strong><\/h2>\n\n\n\n<p>La Communion anglicane vit de profondes tensions entre secteurs conservateurs et progressistes.<\/p>\n\n\n\n<p>Cela refl\u00e8te une question centrale :<\/p>\n\n\n\n<h3 class=\"wp-block-heading\">Lorsqu\u2019une communaut\u00e9 eccl\u00e9siale se s\u00e9pare d\u2019une autorit\u00e9 doctrinale universelle, elle risque de se red\u00e9finir continuellement selon les pressions culturelles.<\/h3>\n\n\n\n<p>Romains 12:2 avertit :<\/p>\n\n\n\n<p><strong>\u00ab Ne vous conformez pas au si\u00e8cle pr\u00e9sent, mais soyez transform\u00e9s par le renouvellement de l\u2019intelligence. \u00bb<\/strong><\/p>\n\n\n\n<hr class=\"wp-block-separator has-alpha-channel-opacity\"\/>\n\n\n\n<h1 class=\"wp-block-heading\"><strong>VI. Existe-t-il des \u00e9l\u00e9ments pr\u00e9cieux dans l\u2019anglicanisme ?<\/strong><\/h1>\n\n\n\n<p>Par honn\u00eatet\u00e9 intellectuelle, oui :<\/p>\n\n\n\n<ul class=\"wp-block-list\">\n<li>Une beaut\u00e9 liturgique dans certains secteurs.<\/li>\n\n\n\n<li>Un patrimoine musical extraordinaire.<\/li>\n\n\n\n<li>Une appr\u00e9ciation de la dignit\u00e9 c\u00e9r\u00e9monielle.<\/li>\n\n\n\n<li>Un s\u00e9rieux attachement biblique dans de nombreuses communaut\u00e9s.<\/li>\n<\/ul>\n\n\n\n<p>Mais la beaut\u00e9 esth\u00e9tique ne garantit pas la pl\u00e9nitude doctrinale.<\/p>\n\n\n\n<p>Une belle liturgie sans pleine communion sacramentelle soul\u00e8ve une question s\u00e9rieuse :<\/p>\n\n\n\n<h3 class=\"wp-block-heading\">Est-ce une forme sans substance ?<\/h3>\n\n\n\n<p>L\u2019\u00c9glise catholique enseigne que la pl\u00e9nitude subsiste l\u00e0 o\u00f9 demeurent :<\/p>\n\n\n\n<ul class=\"wp-block-list\">\n<li>L\u2019\u00c9criture,<\/li>\n\n\n\n<li>La Tradition,<\/li>\n\n\n\n<li>Le Magist\u00e8re,<\/li>\n\n\n\n<li>Les sacrements valides,<\/li>\n\n\n\n<li>La succession apostolique en communion avec Pierre.<\/li>\n<\/ul>\n\n\n\n<hr class=\"wp-block-separator has-alpha-channel-opacity\"\/>\n\n\n\n<h1 class=\"wp-block-heading\"><strong>VII. Les Ordinariats : un pont vers le retour<\/strong><\/h1>\n\n\n\n<p>Beno\u00eet XVI, par <em>Anglicanorum Coetibus<\/em> (2009), a offert une voie pastorale extraordinaire aux anglicans souhaitant entrer en pleine communion avec Rome tout en conservant des \u00e9l\u00e9ments l\u00e9gitimes de leur patrimoine liturgique.<\/p>\n\n\n\n<p>Cela manifeste une v\u00e9rit\u00e9 profond\u00e9ment catholique :<\/p>\n\n\n\n<h3 class=\"wp-block-heading\">Rome ne cherche pas \u00e0 d\u00e9truire ce qui est vrai, mais \u00e0 le purifier, l\u2019\u00e9lever et le conduire \u00e0 sa pl\u00e9nitude.<\/h3>\n\n\n\n<hr class=\"wp-block-separator has-alpha-channel-opacity\"\/>\n\n\n\n<h1 class=\"wp-block-heading\"><strong>VIII. Application pastorale : le\u00e7ons pour le catholique d\u2019aujourd\u2019hui<\/strong><\/h1>\n\n\n\n<h2 class=\"wp-block-heading\"><strong>1. La foi ne peut \u00eatre subordonn\u00e9e au pouvoir politique<\/strong><\/h2>\n\n\n\n<p>L\u2019origine de l\u2019anglicanisme rappelle le danger d\u2019adapter la v\u00e9rit\u00e9 \u00e0 la convenance personnelle.<\/p>\n\n\n\n<h2 class=\"wp-block-heading\"><strong>2. L\u2019unit\u00e9 visible compte<\/strong><\/h2>\n\n\n\n<p>Le Christ pria :<\/p>\n\n\n\n<p><strong>\u00ab Que tous soient un \u00bb (Jean 17:21).<\/strong><\/p>\n\n\n\n<p>La division chr\u00e9tienne n\u2019est pas anodine ; elle est une blessure au Corps visible du Christ.<\/p>\n\n\n\n<h2 class=\"wp-block-heading\"><strong>3. La Tradition prot\u00e8ge<\/strong><\/h2>\n\n\n\n<p>Toute r\u00e9forme ne conduit pas au renouveau ; certaines m\u00e8nent \u00e0 la perte.<\/p>\n\n\n\n<h2 class=\"wp-block-heading\"><strong>4. La charit\u00e9 exige la v\u00e9rit\u00e9<\/strong><\/h2>\n\n\n\n<p>Aimer nos fr\u00e8res s\u00e9par\u00e9s implique pri\u00e8re, respect et t\u00e9moignage clair.<\/p>\n\n\n\n<hr class=\"wp-block-separator has-alpha-channel-opacity\"\/>\n\n\n\n<h1 class=\"wp-block-heading\"><strong>IX. R\u00e9flexion spirituelle : que se passe-t-il lorsque l\u2019homme cr\u00e9e une religion \u00e0 sa mesure ?<\/strong><\/h1>\n\n\n\n<p>Le drame de nombreuses ruptures eccl\u00e9siales peut se r\u00e9sumer en une tentation constante :<\/p>\n\n\n\n<h3 class=\"wp-block-heading\">Adapter Dieu \u00e0 nos d\u00e9sirs, au lieu d\u2019adapter notre vie \u00e0 Dieu.<\/h3>\n\n\n\n<p>Henri VIII chercha \u00e0 remodeler la structure spirituelle selon sa volont\u00e9 personnelle. L\u2019histoire d\u00e9montre que lorsque le pouvoir humain tente de red\u00e9finir la v\u00e9rit\u00e9 divine, les cons\u00e9quences peuvent traverser les si\u00e8cles.<\/p>\n\n\n\n<hr class=\"wp-block-separator has-alpha-channel-opacity\"\/>\n\n\n\n<h1 class=\"wp-block-heading\"><strong>X. Conclusion : sous la loupe\u2026 et sous la croix<\/strong><\/h1>\n\n\n\n<p>L\u2019analyse de l\u2019anglicanisme ne doit pas nourrir un orgueil confessionnel, mais la gratitude et la responsabilit\u00e9.<\/p>\n\n\n\n<p>Gratitude, car la fid\u00e9lit\u00e9 doctrinale catholique n\u2019est pas un m\u00e9rite humain, mais une gr\u00e2ce.<\/p>\n\n\n\n<p>Responsabilit\u00e9, car aujourd\u2019hui encore, beaucoup au sein du catholicisme peuvent tomber dans la m\u00eame tentation anglicane :<\/p>\n\n\n\n<h3 class=\"wp-block-heading\">Ajuster la foi \u00e0 l\u2019esprit du temps.<\/h3>\n\n\n\n<p>La question demeure :<br><strong>Suivrons-nous le Christ tel qu\u2019Il a fond\u00e9 Son \u00c9glise, ou construirons-nous des versions plus confortables pour notre \u00e9poque ?<\/strong><\/p>\n\n\n\n<p>L\u2019histoire de l\u2019anglicanisme est \u00e0 la fois un avertissement et une invitation :<br>La v\u00e9rit\u00e9 peut co\u00fbter cher, mais s\u2019en \u00e9loigner co\u00fbte bien davantage.<\/p>\n\n\n\n<p>Car au final, il ne s\u2019agit ni de l\u2019Angleterre, ni d\u2019Henri VIII, ni de Cantorb\u00e9ry.<\/p>\n\n\n\n<p>Il s\u2019agit d\u2019une question \u00e9ternelle :<\/p>\n\n\n\n<h2 class=\"wp-block-heading\"><strong>Qui a autorit\u00e9 pour d\u00e9finir l\u2019\u00c9glise : le Christ ou l\u2019homme ?<\/strong><\/h2>\n\n\n\n<p>Et pour celui qui \u00e9coute humblement la voix de l\u2019\u00c9vangile, la r\u00e9ponse r\u00e9sonne encore puissamment depuis C\u00e9sar\u00e9e de Philippe :<\/p>\n\n\n\n<p><strong>\u00ab Tu es Pierre, et sur cette pierre je b\u00e2tirai mon \u00c9glise \u00bb (Matthieu 16:18).<\/strong><\/p>\n\n\n\n<hr class=\"wp-block-separator has-alpha-channel-opacity\"\/>\n\n\n\n<h1 class=\"wp-block-heading\"><strong>Pri\u00e8re finale<\/strong><\/h1>\n\n\n\n<p>Seigneur J\u00e9sus-Christ, Pasteur \u00e9ternel, garde Ton \u00c9glise dans la v\u00e9rit\u00e9, fortifie les fid\u00e8les dans la fid\u00e9lit\u00e9 \u00e0 la Tradition apostolique, \u00e9claire ceux qui cherchent sinc\u00e8rement Ton visage, et accorde que tous les chr\u00e9tiens puissent un jour \u00eatre r\u00e9unis dans la pleine unit\u00e9 de Ton unique \u00c9glise. Amen.<\/p>\n","protected":false},"excerpt":{"rendered":"<p>Introduction : quand une couronne d\u00e9fia un autel Il existe dans l\u2019histoire des moments o\u00f9 une seule d\u00e9cision change non seulement le destin d\u2019une nation, mais aussi le cours spirituel de millions d\u2019\u00e2mes. La naissance de l\u2019anglicanisme ne fut pas simplement l\u2019apparition d\u2019une nouvelle confession chr\u00e9tienne : ce fut une fracture d\u2019\u00e9normes proportions au sein &hellip;<\/p>\n","protected":false},"author":3,"featured_media":5945,"comment_status":"open","ping_status":"closed","sticky":false,"template":"","format":"standard","meta":{"_seopress_robots_primary_cat":"","_seopress_titles_title":"","_seopress_titles_desc":"","_seopress_robots_index":"","footnotes":""},"categories":[48,38],"tags":[1901],"class_list":["post-5944","post","type-post","status-publish","format-standard","has-post-thumbnail","","category-histoire-de-leglise","category-histoire-et-tradition","tag-anglicanisme"],"_links":{"self":[{"href":"https:\/\/catholicus.eu\/fr\/wp-json\/wp\/v2\/posts\/5944","targetHints":{"allow":["GET"]}}],"collection":[{"href":"https:\/\/catholicus.eu\/fr\/wp-json\/wp\/v2\/posts"}],"about":[{"href":"https:\/\/catholicus.eu\/fr\/wp-json\/wp\/v2\/types\/post"}],"author":[{"embeddable":true,"href":"https:\/\/catholicus.eu\/fr\/wp-json\/wp\/v2\/users\/3"}],"replies":[{"embeddable":true,"href":"https:\/\/catholicus.eu\/fr\/wp-json\/wp\/v2\/comments?post=5944"}],"version-history":[{"count":1,"href":"https:\/\/catholicus.eu\/fr\/wp-json\/wp\/v2\/posts\/5944\/revisions"}],"predecessor-version":[{"id":5946,"href":"https:\/\/catholicus.eu\/fr\/wp-json\/wp\/v2\/posts\/5944\/revisions\/5946"}],"wp:featuredmedia":[{"embeddable":true,"href":"https:\/\/catholicus.eu\/fr\/wp-json\/wp\/v2\/media\/5945"}],"wp:attachment":[{"href":"https:\/\/catholicus.eu\/fr\/wp-json\/wp\/v2\/media?parent=5944"}],"wp:term":[{"taxonomy":"category","embeddable":true,"href":"https:\/\/catholicus.eu\/fr\/wp-json\/wp\/v2\/categories?post=5944"},{"taxonomy":"post_tag","embeddable":true,"href":"https:\/\/catholicus.eu\/fr\/wp-json\/wp\/v2\/tags?post=5944"}],"curies":[{"name":"wp","href":"https:\/\/api.w.org\/{rel}","templated":true}]}}