{"id":5935,"date":"2026-04-26T12:51:48","date_gmt":"2026-04-26T10:51:48","guid":{"rendered":"https:\/\/catholicus.eu\/fr\/?p=5935"},"modified":"2026-04-26T12:51:48","modified_gmt":"2026-04-26T10:51:48","slug":"en-verite-en-verite-je-vous-le-dis-la-voix-qui-ne-trompe-pas-dans-un-monde-plein-de-bruit","status":"publish","type":"post","link":"https:\/\/catholicus.eu\/fr\/en-verite-en-verite-je-vous-le-dis-la-voix-qui-ne-trompe-pas-dans-un-monde-plein-de-bruit\/","title":{"rendered":"\u00ab En v\u00e9rit\u00e9, en v\u00e9rit\u00e9, je vous le dis \u00bb : la voix qui ne trompe pas dans un monde plein de bruit"},"content":{"rendered":"\n<p>Il existe des expressions dans l\u2019\u00c9vangile qui, par leur force, devraient nous faire nous arr\u00eater. Ce ne sont pas de simples phrases : ce sont des seuils. Parmi elles, une r\u00e9sonne avec une solennit\u00e9 unique : <strong>\u00ab En v\u00e9rit\u00e9, en v\u00e9rit\u00e9, je vous le dis. \u00bb<\/strong> Ce n\u2019est pas une formule d\u00e9corative ni une simple introduction rh\u00e9torique. C\u2019est une porte ouverte sur l\u2019essentiel, sur le d\u00e9finitif, sur ce qui n\u2019admet ni nuance ni relativisme.<\/p>\n\n\n\n<p>Dans un temps comme le n\u00f4tre \u2014 marqu\u00e9 par la confusion, la surinformation et la suspicion constante envers la v\u00e9rit\u00e9 \u2014 cette expression du Christ devient plus actuelle que jamais. Car l\u00e0 o\u00f9 tout semble discutable, Lui parle avec une autorit\u00e9 absolue.<\/p>\n\n\n\n<p>Mais\u2026 que signifie r\u00e9ellement cette phrase ? Pourquoi J\u00e9sus la r\u00e9p\u00e8te-t-il ? Que nous dit-elle aujourd\u2019hui, dans notre vie concr\u00e8te ?<\/p>\n\n\n\n<hr class=\"wp-block-separator has-alpha-channel-opacity\"\/>\n\n\n\n<h2 class=\"wp-block-heading\"><strong>1. Le poids d\u2019un mot : \u00ab Amen \u00bb r\u00e9p\u00e9t\u00e9<\/strong><\/h2>\n\n\n\n<p>L\u2019expression \u00ab En v\u00e9rit\u00e9, en v\u00e9rit\u00e9, je vous le dis \u00bb provient de l\u2019h\u00e9breu et de l\u2019aram\u00e9en <strong>\u00ab Amen, amen \u00bb<\/strong>. Le mot <em>amen<\/em> ne signifie pas simplement \u00ab ainsi soit-il \u00bb, comme on le pense souvent. Sa racine implique quelque chose de bien plus profond : <strong>fermet\u00e9, solidit\u00e9, v\u00e9rit\u00e9 in\u00e9branlable<\/strong>.<\/p>\n\n\n\n<p>Quand J\u00e9sus dit \u00ab amen \u00bb, Il affirme : <em>ceci est absolument vrai<\/em>. Mais lorsqu\u2019Il le r\u00e9p\u00e8te \u2014 \u00ab amen, amen \u00bb \u2014 Il \u00e9l\u00e8ve l\u2019affirmation \u00e0 un niveau unique : <strong>ce que je vais dire est une v\u00e9rit\u00e9 divine, d\u00e9finitive, qui exige foi et r\u00e9ponse<\/strong>.<\/p>\n\n\n\n<p>C\u2019est quelque chose de totalement nouveau. Dans l\u2019Ancien Testament, les proph\u00e8tes disaient : <em>\u00ab Ainsi parle le Seigneur. \u00bb<\/em> J\u00e9sus, en revanche, dit : <strong>\u00ab Moi, je vous dis. \u00bb<\/strong> Il ne parle pas comme un interm\u00e9diaire. Il parle comme Dieu Lui-m\u00eame.<\/p>\n\n\n\n<hr class=\"wp-block-separator has-alpha-channel-opacity\"\/>\n\n\n\n<h2 class=\"wp-block-heading\"><strong>2. Le Christ, la V\u00e9rit\u00e9 qui parle avec autorit\u00e9<\/strong><\/h2>\n\n\n\n<p>Cette expression appara\u00eet particuli\u00e8rement dans l\u2019\u00c9vangile selon saint Jean. Par exemple :<\/p>\n\n\n\n<blockquote class=\"wp-block-quote is-layout-flow wp-block-quote-is-layout-flow\">\n<p><em>\u00ab En v\u00e9rit\u00e9, en v\u00e9rit\u00e9, je vous le dis : celui qui croit a la vie \u00e9ternelle \u00bb<\/em> (Jean 6,47)<\/p>\n<\/blockquote>\n\n\n\n<p>Ici, il n\u2019y a aucune ambigu\u00eft\u00e9. Il ne dit pas \u00ab peut-\u00eatre \u00bb, ni \u00ab cela d\u00e9pend \u00bb, ni \u00ab selon ton interpr\u00e9tation \u00bb. Le Christ affirme avec une autorit\u00e9 divine une v\u00e9rit\u00e9 qui change la vie de l\u2019homme.<\/p>\n\n\n\n<p>Cela nous introduit dans une r\u00e9alit\u00e9 th\u00e9ologique fondamentale :<br><strong>J\u00e9sus-Christ ne se contente pas d\u2019enseigner la v\u00e9rit\u00e9 ; Il est la V\u00e9rit\u00e9.<\/strong><\/p>\n\n\n\n<blockquote class=\"wp-block-quote is-layout-flow wp-block-quote-is-layout-flow\">\n<p><em>\u00ab Moi, je suis le chemin, la v\u00e9rit\u00e9 et la vie \u00bb<\/em> (Jean 14,6)<\/p>\n<\/blockquote>\n\n\n\n<p>Ainsi, lorsqu\u2019Il parle, Il ne donne pas une opinion. Il ne propose pas des th\u00e9ories. <strong>Il r\u00e9v\u00e8le ce qui est.<\/strong><\/p>\n\n\n\n<hr class=\"wp-block-separator has-alpha-channel-opacity\"\/>\n\n\n\n<h2 class=\"wp-block-heading\"><strong>3. Une p\u00e9dagogie divine : r\u00e9veiller l\u2019\u00e2me<\/strong><\/h2>\n\n\n\n<p>Pourquoi J\u00e9sus utilise-t-il cette formule r\u00e9p\u00e9titive ?<\/p>\n\n\n\n<p>Parce qu\u2019Il conna\u00eet le c\u0153ur humain. Il sait que nous sommes distraits, endurcis, dispers\u00e9s. Nous avons besoin d\u2019\u00eatre r\u00e9veill\u00e9s.<\/p>\n\n\n\n<p>Chaque fois qu\u2019Il dit \u00ab En v\u00e9rit\u00e9, en v\u00e9rit\u00e9, je vous le dis \u00bb, c\u2019est comme s\u2019Il disait :<\/p>\n\n\n\n<ul class=\"wp-block-list\">\n<li>\u00ab \u00c9coute bien \u00bb<\/li>\n\n\n\n<li>\u00ab Ceci est essentiel \u00bb<\/li>\n\n\n\n<li>\u00ab Tu ne peux pas l\u2019ignorer \u00bb<\/li>\n<\/ul>\n\n\n\n<p>C\u2019est un moyen p\u00e9dagogique profond\u00e9ment pastoral. Il ne cherche pas \u00e0 impressionner, mais \u00e0 <strong>r\u00e9veiller<\/strong>.<\/p>\n\n\n\n<hr class=\"wp-block-separator has-alpha-channel-opacity\"\/>\n\n\n\n<h2 class=\"wp-block-heading\"><strong>4. Des v\u00e9rit\u00e9s qui d\u00e9rangent\u2026 mais qui sauvent<\/strong><\/h2>\n\n\n\n<p>Si nous examinons les passages o\u00f9 cette expression appara\u00eet, nous d\u00e9couvrons quelque chose d\u2019important :<br>elle introduit souvent des enseignements difficiles.<\/p>\n\n\n\n<p>Par exemple :<\/p>\n\n\n\n<blockquote class=\"wp-block-quote is-layout-flow wp-block-quote-is-layout-flow\">\n<p><em>\u00ab En v\u00e9rit\u00e9, en v\u00e9rit\u00e9, je vous le dis : si vous ne mangez pas la chair du Fils de l\u2019homme et ne buvez pas son sang, vous n\u2019avez pas la vie en vous \u00bb<\/em> (Jean 6,53)<\/p>\n<\/blockquote>\n\n\n\n<p>Cette affirmation a provoqu\u00e9 le scandale. Beaucoup de disciples ont abandonn\u00e9 J\u00e9sus.<\/p>\n\n\n\n<p>Ici, nous voyons quelque chose d\u2019essentiel pour notre vie spirituelle :<br><strong>la v\u00e9rit\u00e9 du Christ n\u2019est pas toujours confortable, mais elle est toujours salvifique.<\/strong><\/p>\n\n\n\n<p>Dans une culture qui cherche \u00e0 adapter la v\u00e9rit\u00e9 aux d\u00e9sirs personnels, J\u00e9sus fait l\u2019inverse :<br><strong>Il invite l\u2019homme \u00e0 la conversion pour entrer dans la v\u00e9rit\u00e9.<\/strong><\/p>\n\n\n\n<hr class=\"wp-block-separator has-alpha-channel-opacity\"\/>\n\n\n\n<h2 class=\"wp-block-heading\"><strong>5. Un appel \u00e0 la foi en temps de relativisme<\/strong><\/h2>\n\n\n\n<p>Nous vivons \u00e0 une \u00e9poque o\u00f9 l\u2019on r\u00e9p\u00e8te sans cesse :<br>\u00ab chacun a sa v\u00e9rit\u00e9 \u00bb,<br>\u00ab tout d\u00e9pend \u00bb,<br>\u00ab il n\u2019y a pas d\u2019absolu \u00bb.<\/p>\n\n\n\n<p>Face \u00e0 cela, l\u2019expression du Christ est radicalement contre-culturelle.<\/p>\n\n\n\n<p><strong>\u00ab En v\u00e9rit\u00e9, en v\u00e9rit\u00e9, je vous le dis\u2026 \u00bb<\/strong> signifie :<\/p>\n\n\n\n<ul class=\"wp-block-list\">\n<li>Il existe une v\u00e9rit\u00e9 objective<\/li>\n\n\n\n<li>Cette v\u00e9rit\u00e9 vient de Dieu<\/li>\n\n\n\n<li>Et l\u2019homme est appel\u00e9 \u00e0 l\u2019accueillir dans la foi<\/li>\n<\/ul>\n\n\n\n<p>Non comme une imposition, mais comme un chemin de libert\u00e9.<\/p>\n\n\n\n<p>Car seule la v\u00e9rit\u00e9 rend libre :<\/p>\n\n\n\n<blockquote class=\"wp-block-quote is-layout-flow wp-block-quote-is-layout-flow\">\n<p><em>\u00ab La v\u00e9rit\u00e9 vous rendra libres \u00bb<\/em> (Jean 8,32)<\/p>\n<\/blockquote>\n\n\n\n<hr class=\"wp-block-separator has-alpha-channel-opacity\"\/>\n\n\n\n<h2 class=\"wp-block-heading\"><strong>6. Applications pratiques : vivre \u00e0 partir de la v\u00e9rit\u00e9<\/strong><\/h2>\n\n\n\n<p>Ce n\u2019est pas seulement un th\u00e8me th\u00e9ologique abstrait. Il a des cons\u00e9quences concr\u00e8tes dans notre vie quotidienne.<\/p>\n\n\n\n<h3 class=\"wp-block-heading\"><strong>a) \u00c9couter le Christ au-dessus du bruit<\/strong><\/h3>\n\n\n\n<p>Aujourd\u2019hui, nous sommes entour\u00e9s de voix : r\u00e9seaux sociaux, opinions, id\u00e9ologies\u2026<br>Mais nous \u00e9coutons rarement vraiment le Christ.<\/p>\n\n\n\n<p>La question est directe :<br><strong>Quelle autorit\u00e9 Sa parole a-t-elle dans ta vie ?<\/strong><\/p>\n\n\n\n<p>Lire l\u2019\u00c9vangile non pas comme un texte parmi d\u2019autres, mais comme une parole vivante, change tout.<\/p>\n\n\n\n<hr class=\"wp-block-separator has-alpha-channel-opacity\"\/>\n\n\n\n<h3 class=\"wp-block-heading\"><strong>b) Former sa conscience dans la v\u00e9rit\u00e9<\/strong><\/h3>\n\n\n\n<p>Il ne suffit pas de \u00ab sentir que quelque chose est bien \u00bb.<br>Le chr\u00e9tien est appel\u00e9 \u00e0 former sa conscience selon la v\u00e9rit\u00e9 r\u00e9v\u00e9l\u00e9e.<\/p>\n\n\n\n<p>Cela implique :<\/p>\n\n\n\n<ul class=\"wp-block-list\">\n<li>\u00c9tudier la foi<\/li>\n\n\n\n<li>Conna\u00eetre le Magist\u00e8re de l\u2019\u00c9glise<\/li>\n\n\n\n<li>Discerner avec humilit\u00e9<\/li>\n<\/ul>\n\n\n\n<p>Car tout ce qui semble bon\u2026 ne l\u2019est pas forc\u00e9ment.<\/p>\n\n\n\n<hr class=\"wp-block-separator has-alpha-channel-opacity\"\/>\n\n\n\n<h3 class=\"wp-block-heading\"><strong>c) Vivre avec coh\u00e9rence<\/strong><\/h3>\n\n\n\n<p>Si le Christ dit \u00ab en v\u00e9rit\u00e9 \u00bb, notre vie doit r\u00e9pondre avec authenticit\u00e9.<\/p>\n\n\n\n<p>On ne peut pas vivre dans la foi\u2026 et dans le mensonge.<br>On ne peut pas suivre le Christ\u2026 et relativiser ses enseignements.<\/p>\n\n\n\n<p>La coh\u00e9rence est aujourd\u2019hui le t\u00e9moignage le plus puissant.<\/p>\n\n\n\n<hr class=\"wp-block-separator has-alpha-channel-opacity\"\/>\n\n\n\n<h3 class=\"wp-block-heading\"><strong>d) Annoncer la v\u00e9rit\u00e9 avec charit\u00e9<\/strong><\/h3>\n\n\n\n<p>Dans un monde bless\u00e9, la v\u00e9rit\u00e9 ne s\u2019impose pas : elle se propose avec amour.<\/p>\n\n\n\n<p>Mais <strong>elle ne se cache pas<\/strong>.<\/p>\n\n\n\n<p>Le chr\u00e9tien est appel\u00e9 \u00e0 \u00eatre t\u00e9moin de la v\u00e9rit\u00e9, m\u00eame lorsque cela co\u00fbte.<\/p>\n\n\n\n<hr class=\"wp-block-separator has-alpha-channel-opacity\"\/>\n\n\n\n<h2 class=\"wp-block-heading\"><strong>7. Dimension spirituelle : la v\u00e9rit\u00e9 qui transforme<\/strong><\/h2>\n\n\n\n<p>Chaque fois que J\u00e9sus dit \u00ab En v\u00e9rit\u00e9, en v\u00e9rit\u00e9, je vous le dis \u00bb, Il ne fait pas qu\u2019informer\u2026<br><strong>Il transforme<\/strong>.<\/p>\n\n\n\n<p>Sa parole a du pouvoir :<\/p>\n\n\n\n<ul class=\"wp-block-list\">\n<li>Elle \u00e9claire l\u2019intelligence<\/li>\n\n\n\n<li>Elle corrige le c\u0153ur<\/li>\n\n\n\n<li>Elle fortifie la volont\u00e9<\/li>\n<\/ul>\n\n\n\n<p>C\u2019est pourquoi la vie chr\u00e9tienne ne consiste pas seulement \u00e0 savoir des choses sur Dieu,<br>mais \u00e0 <strong>se laisser transformer par Sa Parole<\/strong>.<\/p>\n\n\n\n<hr class=\"wp-block-separator has-alpha-channel-opacity\"\/>\n\n\n\n<h2 class=\"wp-block-heading\"><strong>8. Une invitation personnelle<\/strong><\/h2>\n\n\n\n<p>Ce sujet ne se termine pas par une analyse. C\u2019est une invitation.<\/p>\n\n\n\n<p>La prochaine fois que tu liras l\u2019\u00c9vangile et que tu rencontreras cette expression, arr\u00eate-toi.<\/p>\n\n\n\n<p>Pose-toi ces questions :<\/p>\n\n\n\n<ul class=\"wp-block-list\">\n<li>Est-ce que j\u2019\u00e9coute vraiment ?<\/li>\n\n\n\n<li>Est-ce que je crois ce que le Christ affirme ?<\/li>\n\n\n\n<li>Est-ce que je vis selon cette v\u00e9rit\u00e9 ?<\/li>\n<\/ul>\n\n\n\n<p>Car dans ces paroles, il ne s\u2019agit pas seulement d\u2019un enseignement :<br><strong>c\u2019est ta relation avec Dieu qui est en jeu<\/strong>.<\/p>\n\n\n\n<hr class=\"wp-block-separator has-alpha-channel-opacity\"\/>\n\n\n\n<h2 class=\"wp-block-heading\"><strong>Conclusion : la certitude qui soutient la vie<\/strong><\/h2>\n\n\n\n<p>Dans un monde plein d\u2019incertitude, le Christ offre une certitude absolue.<\/p>\n\n\n\n<p>Quand Il dit <strong>\u00ab En v\u00e9rit\u00e9, en v\u00e9rit\u00e9, je vous le dis \u00bb<\/strong>, Il dit :<\/p>\n\n\n\n<p>\ud83d\udc49 <em>Tu peux me faire confiance<\/em><br>\ud83d\udc49 <em>Cela ne trompe pas<\/em><br>\ud83d\udc49 <em>Ici se trouve la vraie vie<\/em><\/p>\n\n\n\n<p>Ce n\u2019est pas une v\u00e9rit\u00e9 froide ou abstraite.<br>C\u2019est une v\u00e9rit\u00e9 qui a un visage : <strong>J\u00e9sus-Christ<\/strong>.<\/p>\n\n\n\n<p>Et celui qui s\u2019appuie sur Lui, m\u00eame si le monde tremble,<br>demeure ferme.<\/p>\n","protected":false},"excerpt":{"rendered":"<p>Il existe des expressions dans l\u2019\u00c9vangile qui, par leur force, devraient nous faire nous arr\u00eater. Ce ne sont pas de simples phrases : ce sont des seuils. Parmi elles, une r\u00e9sonne avec une solennit\u00e9 unique : \u00ab En v\u00e9rit\u00e9, en v\u00e9rit\u00e9, je vous le dis. \u00bb Ce n\u2019est pas une formule d\u00e9corative ni une simple &hellip;<\/p>\n","protected":false},"author":3,"featured_media":5936,"comment_status":"open","ping_status":"closed","sticky":false,"template":"","format":"standard","meta":{"_seopress_robots_primary_cat":"","_seopress_titles_title":"","_seopress_titles_desc":"","_seopress_robots_index":"","footnotes":""},"categories":[37,45],"tags":[1897,1898],"class_list":["post-5935","post","type-post","status-publish","format-standard","has-post-thumbnail","","category-doctrine-et-foi","category-saintes-ecritures","tag-en-verite","tag-je-vous-le-dis"],"_links":{"self":[{"href":"https:\/\/catholicus.eu\/fr\/wp-json\/wp\/v2\/posts\/5935","targetHints":{"allow":["GET"]}}],"collection":[{"href":"https:\/\/catholicus.eu\/fr\/wp-json\/wp\/v2\/posts"}],"about":[{"href":"https:\/\/catholicus.eu\/fr\/wp-json\/wp\/v2\/types\/post"}],"author":[{"embeddable":true,"href":"https:\/\/catholicus.eu\/fr\/wp-json\/wp\/v2\/users\/3"}],"replies":[{"embeddable":true,"href":"https:\/\/catholicus.eu\/fr\/wp-json\/wp\/v2\/comments?post=5935"}],"version-history":[{"count":1,"href":"https:\/\/catholicus.eu\/fr\/wp-json\/wp\/v2\/posts\/5935\/revisions"}],"predecessor-version":[{"id":5937,"href":"https:\/\/catholicus.eu\/fr\/wp-json\/wp\/v2\/posts\/5935\/revisions\/5937"}],"wp:featuredmedia":[{"embeddable":true,"href":"https:\/\/catholicus.eu\/fr\/wp-json\/wp\/v2\/media\/5936"}],"wp:attachment":[{"href":"https:\/\/catholicus.eu\/fr\/wp-json\/wp\/v2\/media?parent=5935"}],"wp:term":[{"taxonomy":"category","embeddable":true,"href":"https:\/\/catholicus.eu\/fr\/wp-json\/wp\/v2\/categories?post=5935"},{"taxonomy":"post_tag","embeddable":true,"href":"https:\/\/catholicus.eu\/fr\/wp-json\/wp\/v2\/tags?post=5935"}],"curies":[{"name":"wp","href":"https:\/\/api.w.org\/{rel}","templated":true}]}}