{"id":5932,"date":"2026-04-26T09:00:41","date_gmt":"2026-04-26T07:00:41","guid":{"rendered":"https:\/\/catholicus.eu\/fr\/?p=5932"},"modified":"2026-04-26T09:00:41","modified_gmt":"2026-04-26T07:00:41","slug":"qui-sont-ceux-qui-ont-faim-et-soif-de-justice","status":"publish","type":"post","link":"https:\/\/catholicus.eu\/fr\/qui-sont-ceux-qui-ont-faim-et-soif-de-justice\/","title":{"rendered":"Qui sont ceux qui ont faim et soif de justice ?"},"content":{"rendered":"\n<h2 class=\"wp-block-heading\">Le d\u00e9sir ardent de la saintet\u00e9 qui transforme l\u2019\u00e2me<\/h2>\n\n\n\n<p>Parmi les paroles les plus profondes et les plus exigeantes sorties des l\u00e8vres de Notre-Seigneur J\u00e9sus-Christ, nous trouvons une B\u00e9atitude qui est souvent mal comprise ou r\u00e9duite \u00e0 un simple d\u00e9sir de justice sociale ou d\u2019\u00e9quilibre humain. Pourtant, sa signification est bien plus haute, plus profonde et plus surnaturelle.<\/p>\n\n\n\n<p>Le Christ a dit dans le Sermon sur la Montagne :<\/p>\n\n\n\n<blockquote class=\"wp-block-quote is-layout-flow wp-block-quote-is-layout-flow\">\n<p>\u00ab Heureux ceux qui ont faim et soif de justice, car ils seront rassasi\u00e9s \u00bb (Matthieu 5, 6).<\/p>\n<\/blockquote>\n\n\n\n<p>Ces paroles ne parlent pas simplement de ceux qui d\u00e9sirent que le monde soit plus juste selon des crit\u00e8res humains, ni seulement de ceux qui luttent contre l\u2019injustice sociale \u2014 bien que cela ait aussi sa place \u2014 mais principalement de ceux qui br\u00fblent int\u00e9rieurement du d\u00e9sir de cro\u00eetre sans cesse dans la gr\u00e2ce de Dieu, dans la saintet\u00e9 et dans l\u2019exercice constant des bonnes \u0153uvres.<\/p>\n\n\n\n<p>Ont faim et soif de justice ceux qui d\u00e9sirent intens\u00e9ment plaire \u00e0 Dieu, vaincre le p\u00e9ch\u00e9, vivre en amiti\u00e9 avec le Seigneur et avancer continuellement sur le chemin de la perfection chr\u00e9tienne.<\/p>\n\n\n\n<p>Cette B\u00e9atitude ne d\u00e9crit pas une \u00e9motion passag\u00e8re, mais une attitude permanente de l\u2019\u00e2me.<\/p>\n\n\n\n<p>Aujourd\u2019hui plus que jamais, dans une soci\u00e9t\u00e9 qui a confondu la justice avec des id\u00e9ologies passag\u00e8res et la morale avec des opinions personnelles, nous devons red\u00e9couvrir le v\u00e9ritable sens de cet enseignement \u00e9vang\u00e9lique.<\/p>\n\n\n\n<p>Car la justice dont parle le Christ n\u2019est pas d\u2019abord politique : elle est spirituelle.<\/p>\n\n\n\n<p>Et cette faim ne se rassasie pas avec les applaudissements du monde, mais avec la possession de Dieu.<\/p>\n\n\n\n<hr class=\"wp-block-separator has-alpha-channel-opacity\"\/>\n\n\n\n<h1 class=\"wp-block-heading\">La justice selon l\u2019\u00c9vangile<\/h1>\n\n\n\n<p>Lorsque nous entendons le mot \u00ab justice \u00bb, nous pensons g\u00e9n\u00e9ralement aux tribunaux, aux lois, aux ch\u00e2timents ou aux droits de l\u2019homme. Mais dans le langage biblique, sp\u00e9cialement dans l\u2019\u00c9vangile, la justice signifie quelque chose de beaucoup plus \u00e9lev\u00e9.<\/p>\n\n\n\n<p>La justice, au sens \u00e9vang\u00e9lique, est la rectitude de l\u2019\u00e2me devant Dieu.<\/p>\n\n\n\n<p>C\u2019est vivre selon Sa volont\u00e9.<\/p>\n\n\n\n<p>C\u2019est donner \u00e0 Dieu ce qui Lui revient : l\u2019adoration, l\u2019ob\u00e9issance, l\u2019amour, la fid\u00e9lit\u00e9 et le don de soi.<\/p>\n\n\n\n<p>C\u2019est aussi donner au prochain ce que nous lui devons : la charit\u00e9, la v\u00e9rit\u00e9, le respect et la mis\u00e9ricorde.<\/p>\n\n\n\n<p>Mais surtout, c\u2019est \u00eatre en \u00e9tat de gr\u00e2ce.<\/p>\n\n\n\n<p>Une \u00e2me juste est une \u00e2me unie \u00e0 Dieu.<\/p>\n\n\n\n<p>C\u2019est pourquoi, lorsque le Christ parle d\u2019avoir faim et soif de justice, Il parle du d\u00e9sir ardent de la saintet\u00e9.<\/p>\n\n\n\n<p>Saint Augustin expliquait que cette faim est l\u2019aspiration \u00e0 la perfection spirituelle, cette sainte insatisfaction qui fait que le chr\u00e9tien ne se contente jamais d\u2019une vie m\u00e9diocre.<\/p>\n\n\n\n<p>Il ne suffit pas simplement de \u00ab ne pas faire le mal \u00bb.<\/p>\n\n\n\n<p>L\u2019\u00e2me qui aime v\u00e9ritablement Dieu veut faire tout le bien possible.<\/p>\n\n\n\n<p>Elle veut grandir.<\/p>\n\n\n\n<p>Elle veut ressembler davantage au Christ.<\/p>\n\n\n\n<p>Elle veut vivre pleinement pour le Ciel.<\/p>\n\n\n\n<p>Voil\u00e0 la v\u00e9ritable faim.<\/p>\n\n\n\n<p>Voil\u00e0 la v\u00e9ritable soif.<\/p>\n\n\n\n<hr class=\"wp-block-separator has-alpha-channel-opacity\"\/>\n\n\n\n<h1 class=\"wp-block-heading\">Faim et soif : un d\u00e9sir intense, non superficiel<\/h1>\n\n\n\n<p>J\u00e9sus n\u2019a pas simplement dit :<\/p>\n\n\n\n<blockquote class=\"wp-block-quote is-layout-flow wp-block-quote-is-layout-flow\">\n<p>\u00ab Heureux ceux qui d\u00e9sirent la justice \u00bb<\/p>\n<\/blockquote>\n\n\n\n<p>mais :<\/p>\n\n\n\n<blockquote class=\"wp-block-quote is-layout-flow wp-block-quote-is-layout-flow\">\n<p>\u00ab ceux qui ont faim et soif \u00bb.<\/p>\n<\/blockquote>\n\n\n\n<p>Et cela change compl\u00e8tement le sens.<\/p>\n\n\n\n<p>La faim et la soif sont des n\u00e9cessit\u00e9s vitales.<\/p>\n\n\n\n<p>Ce ne sont pas des caprices.<\/p>\n\n\n\n<p>Ce ne sont pas des pr\u00e9f\u00e9rences.<\/p>\n\n\n\n<p>Ce ne sont pas des loisirs facultatifs.<\/p>\n\n\n\n<p>Ce sont des urgences profondes.<\/p>\n\n\n\n<p>Celui qui a vraiment faim pense \u00e0 la nourriture.<\/p>\n\n\n\n<p>Celui qui a vraiment soif cherche d\u00e9sesp\u00e9r\u00e9ment de l\u2019eau.<\/p>\n\n\n\n<p>Ainsi doit \u00eatre le d\u00e9sir de saintet\u00e9 dans l\u2019\u00e2me chr\u00e9tienne.<\/p>\n\n\n\n<p>Non comme une belle id\u00e9e.<\/p>\n\n\n\n<p>Non comme une pratique occasionnelle.<\/p>\n\n\n\n<p>Non comme une habitude du dimanche.<\/p>\n\n\n\n<p>Mais comme une n\u00e9cessit\u00e9 int\u00e9rieure.<\/p>\n\n\n\n<p>Beaucoup veulent Dieu\u2026 mais sans trop d\u2019effort.<\/p>\n\n\n\n<p>Beaucoup d\u00e9sirent le Ciel\u2026 mais sans renoncer au p\u00e9ch\u00e9.<\/p>\n\n\n\n<p>Beaucoup admirent la saintet\u00e9\u2026 mais ne veulent pas du sacrifice qu\u2019elle exige.<\/p>\n\n\n\n<p>Cela n\u2019est pas la faim.<\/p>\n\n\n\n<p>Cela n\u2019est pas la soif.<\/p>\n\n\n\n<p>Le v\u00e9ritable disciple du Christ \u00e9prouve une sainte inqui\u00e9tude.<\/p>\n\n\n\n<p>Il sait qu\u2019il aime encore trop peu.<\/p>\n\n\n\n<p>Il sait qu\u2019il prie encore trop peu.<\/p>\n\n\n\n<p>Il sait qu\u2019il se donne encore trop peu.<\/p>\n\n\n\n<p>Et c\u2019est pourquoi il d\u00e9sire davantage.<\/p>\n\n\n\n<p>Il ne se contente pas.<\/p>\n\n\n\n<p>Il ne s\u2019installe pas.<\/p>\n\n\n\n<p>Il ne n\u00e9gocie pas avec la ti\u00e9deur.<\/p>\n\n\n\n<p>Il a faim.<\/p>\n\n\n\n<p>Il a soif.<\/p>\n\n\n\n<p>Il a soif de Dieu.<\/p>\n\n\n\n<p>Comme le disait le psalmiste :<\/p>\n\n\n\n<blockquote class=\"wp-block-quote is-layout-flow wp-block-quote-is-layout-flow\">\n<p>\u00ab Mon \u00e2me a soif de Dieu, du Dieu vivant \u00bb (Psaume 42, 2).<\/p>\n<\/blockquote>\n\n\n\n<hr class=\"wp-block-separator has-alpha-channel-opacity\"\/>\n\n\n\n<h1 class=\"wp-block-heading\">La tradition de l\u2019\u00c9glise et cette B\u00e9atitude<\/h1>\n\n\n\n<p>Les P\u00e8res de l\u2019\u00c9glise et les grands docteurs spirituels ont toujours interpr\u00e9t\u00e9 cette B\u00e9atitude sous l\u2019angle de la saintet\u00e9 int\u00e9rieure.<\/p>\n\n\n\n<p>Saint Thomas d\u2019Aquin enseigne que cette faim de justice est le d\u00e9sir de la vertu parfaite et de l\u2019accomplissement plein de la volont\u00e9 divine.<\/p>\n\n\n\n<p>Il ne s\u2019agit pas simplement d\u2019\u00e9viter le p\u00e9ch\u00e9 mortel, mais d\u2019aspirer \u00e0 la pl\u00e9nitude de l\u2019amour.<\/p>\n\n\n\n<p>Saint Jean Chrysostome affirmait que le Christ ne loue pas ceux qui pratiquent la justice de mani\u00e8re froide, mais ceux qui la d\u00e9sirent avec passion.<\/p>\n\n\n\n<p>C\u2019est une justice v\u00e9cue avec un feu int\u00e9rieur.<\/p>\n\n\n\n<p>Non par obligation.<\/p>\n\n\n\n<p>Non par apparence.<\/p>\n\n\n\n<p>Mais par amour.<\/p>\n\n\n\n<p>Saint Gr\u00e9goire le Grand expliquait que celui qui aime v\u00e9ritablement la justice divine ressent de la douleur pour ses propres imperfections et aspire sans cesse \u00e0 une union plus grande avec Dieu.<\/p>\n\n\n\n<p>C\u2019est pourquoi les saints ne se sont jamais sentis \u00ab assez bons \u00bb.<\/p>\n\n\n\n<p>Plus ils \u00e9taient proches de Dieu, plus ils \u00e9taient conscients de combien il leur restait \u00e0 aimer.<\/p>\n\n\n\n<p>Non parce qu\u2019ils vivaient dans l\u2019angoisse, mais parce que le v\u00e9ritable amour veut toujours grandir.<\/p>\n\n\n\n<p>Le m\u00e9diocre se croit saint.<\/p>\n\n\n\n<p>Le saint sait combien il a besoin de Dieu.<\/p>\n\n\n\n<hr class=\"wp-block-separator has-alpha-channel-opacity\"\/>\n\n\n\n<h1 class=\"wp-block-heading\">La fausse justice du monde moderne<\/h1>\n\n\n\n<p>Nous vivons \u00e0 une \u00e9poque qui parle constamment de justice, mais qui a souvent compl\u00e8tement oubli\u00e9 Dieu.<\/p>\n\n\n\n<p>On exige la justice sociale, la justice \u00e9conomique, la justice politique, la justice historique\u2026 mais on oublie la justice de l\u2019\u00e2me.<\/p>\n\n\n\n<p>On d\u00e9nonce le p\u00e9ch\u00e9 des autres, mais on justifie le sien.<\/p>\n\n\n\n<p>On r\u00e9clame une morale publique, mais on rejette la conversion personnelle.<\/p>\n\n\n\n<p>On d\u00e9fend les droits de l\u2019homme, mais on m\u00e9prise la loi divine.<\/p>\n\n\n\n<p>Cela cr\u00e9e une grande confusion.<\/p>\n\n\n\n<p>Car sans Dieu, la justice finit par \u00eatre red\u00e9finie par le pouvoir, la mode ou l\u2019id\u00e9ologie dominante.<\/p>\n\n\n\n<p>Aujourd\u2019hui, on appelle bien ce qu\u2019hier on appelait mal.<\/p>\n\n\n\n<p>Et inversement.<\/p>\n\n\n\n<p>Mais la justice du Christ ne change pas.<\/p>\n\n\n\n<p>Elle ne d\u00e9pend pas des sondages.<\/p>\n\n\n\n<p>Elle ne d\u00e9pend pas des gouvernements.<\/p>\n\n\n\n<p>Elle ne d\u00e9pend pas des tendances culturelles.<\/p>\n\n\n\n<p>Elle d\u00e9pend de la v\u00e9rit\u00e9 \u00e9ternelle.<\/p>\n\n\n\n<p>Avoir faim et soif de justice signifie vouloir vivre selon cette v\u00e9rit\u00e9, m\u00eame si le monde la rejette.<\/p>\n\n\n\n<p>Cela signifie pr\u00e9f\u00e9rer la fid\u00e9lit\u00e9 \u00e0 Dieu \u00e0 l\u2019approbation des hommes.<\/p>\n\n\n\n<p>Cela signifie d\u00e9fendre la v\u00e9rit\u00e9 m\u00eame lorsqu\u2019elle co\u00fbte.<\/p>\n\n\n\n<p>Cela signifie choisir la Croix plut\u00f4t que le confort.<\/p>\n\n\n\n<p>Et cela exige du courage.<\/p>\n\n\n\n<hr class=\"wp-block-separator has-alpha-channel-opacity\"\/>\n\n\n\n<h1 class=\"wp-block-heading\">Faim de gr\u00e2ce : grandir continuellement<\/h1>\n\n\n\n<p>\u00ab Ont faim et soif de justice ceux qui d\u00e9sirent ardemment cro\u00eetre continuellement dans la gr\u00e2ce divine et dans l\u2019exercice des bonnes \u0153uvres. \u00bb<\/p>\n\n\n\n<p>Cette expression r\u00e9sume merveilleusement le sens profond de cette B\u00e9atitude.<\/p>\n\n\n\n<p>Il ne suffit pas d\u2019avoir re\u00e7u la gr\u00e2ce.<\/p>\n\n\n\n<p>Il faut y grandir.<\/p>\n\n\n\n<p>La vie spirituelle n\u2019est pas statique.<\/p>\n\n\n\n<p>Ou bien nous avan\u00e7ons, ou bien nous reculons.<\/p>\n\n\n\n<p>La neutralit\u00e9 n\u2019existe pas.<\/p>\n\n\n\n<p>Le chr\u00e9tien qui cesse de lutter commence \u00e0 se refroidir.<\/p>\n\n\n\n<p>C\u2019est pourquoi l\u2019\u00c9glise a toujours insist\u00e9 sur la n\u00e9cessit\u00e9 de la conversion continuelle.<\/p>\n\n\n\n<p>Chaque bonne confession.<\/p>\n\n\n\n<p>Chaque communion fervente.<\/p>\n\n\n\n<p>Chaque acte de charit\u00e9.<\/p>\n\n\n\n<p>Chaque sacrifice cach\u00e9.<\/p>\n\n\n\n<p>Chaque combat contre une passion d\u00e9sordonn\u00e9e.<\/p>\n\n\n\n<p>Chaque acte de patience.<\/p>\n\n\n\n<p>Chaque renoncement par amour de Dieu.<\/p>\n\n\n\n<p>Tout cela fait grandir l\u2019\u00e2me.<\/p>\n\n\n\n<p>Et celui qui a faim de justice d\u00e9sire pr\u00e9cis\u00e9ment cela :<\/p>\n\n\n\n<p>ne pas rester l\u00e0 o\u00f9 il est.<\/p>\n\n\n\n<p>Il veut plus de puret\u00e9.<\/p>\n\n\n\n<p>Plus d\u2019humilit\u00e9.<\/p>\n\n\n\n<p>Plus de pri\u00e8re.<\/p>\n\n\n\n<p>Plus de charit\u00e9.<\/p>\n\n\n\n<p>Plus de v\u00e9rit\u00e9.<\/p>\n\n\n\n<p>Plus de Christ.<\/p>\n\n\n\n<p>Non par perfectionnisme humain, mais par amour surnaturel.<\/p>\n\n\n\n<hr class=\"wp-block-separator has-alpha-channel-opacity\"\/>\n\n\n\n<h1 class=\"wp-block-heading\">Les bonnes \u0153uvres : le fruit de cette faim sainte<\/h1>\n\n\n\n<p>La v\u00e9ritable faim de justice ne reste pas dans les sentiments int\u00e9rieurs.<\/p>\n\n\n\n<p>Elle produit des fruits visibles.<\/p>\n\n\n\n<p>L\u2019\u00e2me qui d\u00e9sire Dieu agit.<\/p>\n\n\n\n<p>Elle aime.<\/p>\n\n\n\n<p>Elle sert.<\/p>\n\n\n\n<p>Elle pardonne.<\/p>\n\n\n\n<p>Elle r\u00e9pare.<\/p>\n\n\n\n<p>Elle aide.<\/p>\n\n\n\n<p>Elle \u00e9vang\u00e9lise.<\/p>\n\n\n\n<p>Elle se sacrifie.<\/p>\n\n\n\n<p>Elle ob\u00e9it.<\/p>\n\n\n\n<p>Elle pers\u00e9v\u00e8re.<\/p>\n\n\n\n<p>Les bonnes \u0153uvres ne sont pas un ornement facultatif de la foi.<\/p>\n\n\n\n<p>Elles en sont la cons\u00e9quence naturelle.<\/p>\n\n\n\n<p>Comme le dit saint Jacques :<\/p>\n\n\n\n<blockquote class=\"wp-block-quote is-layout-flow wp-block-quote-is-layout-flow\">\n<p>\u00ab La foi sans les \u0153uvres est morte \u00bb (Jacques 2, 26).<\/p>\n<\/blockquote>\n\n\n\n<p>Non parce que les \u0153uvres \u00ab ach\u00e8tent \u00bb le salut, mais parce qu\u2019une foi vivante transforme n\u00e9cessairement la vie.<\/p>\n\n\n\n<p>Celui qui a faim de saintet\u00e9 ne demande pas :<\/p>\n\n\n\n<p>\u00ab Quel est le minimum que je dois faire ? \u00bb<\/p>\n\n\n\n<p>mais plut\u00f4t :<\/p>\n\n\n\n<p>\u00ab Seigneur, que puis-je encore Te donner ? \u00bb<\/p>\n\n\n\n<p>Ce changement de question change tout.<\/p>\n\n\n\n<p>L\u2019\u00e2me ti\u00e8de cherche le minimum.<\/p>\n\n\n\n<p>L\u2019\u00e2me amoureuse cherche le maximum.<\/p>\n\n\n\n<p>Les saints n\u2019\u00e9taient pas des hommes et des femmes du minimum.<\/p>\n\n\n\n<p>Ils \u00e9taient des \u00e2mes consum\u00e9es par le d\u00e9sir de plaire \u00e0 Dieu.<\/p>\n\n\n\n<hr class=\"wp-block-separator has-alpha-channel-opacity\"\/>\n\n\n\n<h1 class=\"wp-block-heading\">Comment savoir si j\u2019ai faim et soif de justice ?<\/h1>\n\n\n\n<p>Cette question est n\u00e9cessaire.<\/p>\n\n\n\n<p>Car nous pouvons vivre pendant des ann\u00e9es dans l\u2019\u00c9glise et rester pourtant install\u00e9s dans une confortable m\u00e9diocrit\u00e9 spirituelle.<\/p>\n\n\n\n<p>Quelques signes de cette faim sainte sont :<\/p>\n\n\n\n<p>Ressentir une douleur sinc\u00e8re pour le p\u00e9ch\u00e9.<\/p>\n\n\n\n<p>D\u00e9sirer se confesser bien et fr\u00e9quemment.<\/p>\n\n\n\n<p>Chercher de v\u00e9ritables moments de pri\u00e8re.<\/p>\n\n\n\n<p>Vouloir mieux conna\u00eetre la foi.<\/p>\n\n\n\n<p>Lutter s\u00e9rieusement contre ses d\u00e9fauts personnels.<\/p>\n\n\n\n<p>Ne pas se contenter d\u2019une religion superficielle.<\/p>\n\n\n\n<p>Avoir le d\u00e9sir de l\u2019Eucharistie.<\/p>\n\n\n\n<p>Aimer la v\u00e9rit\u00e9 m\u00eame lorsqu\u2019elle d\u00e9range.<\/p>\n\n\n\n<p>Chercher la volont\u00e9 de Dieu au-dessus de ses propres caprices.<\/p>\n\n\n\n<p>Sentir qu\u2019il reste encore beaucoup \u00e0 aimer.<\/p>\n\n\n\n<p>Il ne s\u2019agit pas de perfection imm\u00e9diate.<\/p>\n\n\n\n<p>Il s\u2019agit de direction int\u00e9rieure.<\/p>\n\n\n\n<p>D\u2019une orientation profonde du c\u0153ur.<\/p>\n\n\n\n<p>Celui qui a faim de justice peut tomber, mais il revient.<\/p>\n\n\n\n<p>Il peut se fatiguer, mais il continue.<\/p>\n\n\n\n<p>Il peut pleurer, mais il n\u2019abandonne pas.<\/p>\n\n\n\n<p>Parce qu\u2019il sait qu\u2019en dehors de Dieu il n\u2019y a pas de vraie vie.<\/p>\n\n\n\n<hr class=\"wp-block-separator has-alpha-channel-opacity\"\/>\n\n\n\n<h1 class=\"wp-block-heading\">\u00ab Car ils seront rassasi\u00e9s \u00bb<\/h1>\n\n\n\n<p>Le Christ ne promet pas un chemin facile.<\/p>\n\n\n\n<p>Il promet la pl\u00e9nitude.<\/p>\n\n\n\n<blockquote class=\"wp-block-quote is-layout-flow wp-block-quote-is-layout-flow\">\n<p>\u00ab Car ils seront rassasi\u00e9s \u00bb.<\/p>\n<\/blockquote>\n\n\n\n<p>Il ne dit pas \u00ab applaudis \u00bb.<\/p>\n\n\n\n<p>Il ne dit pas \u00ab compris \u00bb.<\/p>\n\n\n\n<p>Il ne dit pas \u00ab admir\u00e9s \u00bb.<\/p>\n\n\n\n<p>Il dit \u00ab rassasi\u00e9s \u00bb.<\/p>\n\n\n\n<p>Et cela est infiniment plus grand.<\/p>\n\n\n\n<p>Le monde offre des plaisirs qui distraient, mais ne rassasient pas.<\/p>\n\n\n\n<p>Le succ\u00e8s.<\/p>\n\n\n\n<p>L\u2019argent.<\/p>\n\n\n\n<p>Le prestige.<\/p>\n\n\n\n<p>Le pouvoir.<\/p>\n\n\n\n<p>La reconnaissance.<\/p>\n\n\n\n<p>Tout cela laisse le c\u0153ur vide lorsque cela prend la place de Dieu.<\/p>\n\n\n\n<p>Seul Dieu rassasie.<\/p>\n\n\n\n<p>Seule la v\u00e9rit\u00e9 rassasie.<\/p>\n\n\n\n<p>Seule la saintet\u00e9 rassasie.<\/p>\n\n\n\n<p>Seul le Christ peut remplir l\u2019ab\u00eeme du c\u0153ur humain.<\/p>\n\n\n\n<p>Et cette pl\u00e9nitude commence d\u00e9j\u00e0 ici, bien qu\u2019imparfaitement, et atteindra son accomplissement total au Ciel.<\/p>\n\n\n\n<p>Ceux qui ont eu faim de Dieu sur la terre seront rassasi\u00e9s \u00e9ternellement dans la Vision b\u00e9atifique.<\/p>\n\n\n\n<p>L\u00e0, il n\u2019y aura plus de lutte.<\/p>\n\n\n\n<p>Il n\u2019y aura plus de p\u00e9ch\u00e9.<\/p>\n\n\n\n<p>Il n\u2019y aura plus de soif.<\/p>\n\n\n\n<p>Car Dieu sera tout en tous.<\/p>\n\n\n\n<hr class=\"wp-block-separator has-alpha-channel-opacity\"\/>\n\n\n\n<h1 class=\"wp-block-heading\">Un appel urgent pour notre temps<\/h1>\n\n\n\n<p>Nous vivons des temps de ti\u00e9deur spirituelle.<\/p>\n\n\n\n<p>Beaucoup de baptis\u00e9s survivent religieusement, mais ne br\u00fblent pas int\u00e9rieurement.<\/p>\n\n\n\n<p>Le sens du combat spirituel s\u2019est perdu.<\/p>\n\n\n\n<p>La m\u00e9diocrit\u00e9 a \u00e9t\u00e9 normalis\u00e9e.<\/p>\n\n\n\n<p>L\u2019exigence de l\u2019\u00c9vangile a \u00e9t\u00e9 abaiss\u00e9e.<\/p>\n\n\n\n<p>Mais le Christ n\u2019a pas appel\u00e9 Ses disciples \u00e0 une foi confortable.<\/p>\n\n\n\n<p>Il les a appel\u00e9s \u00e0 la saintet\u00e9.<\/p>\n\n\n\n<p>\u00c0 la radicalit\u00e9 de l\u2019amour.<\/p>\n\n\n\n<p>\u00c0 la Croix.<\/p>\n\n\n\n<p>\u00c0 la perfection du P\u00e8re.<\/p>\n\n\n\n<p>Aujourd\u2019hui, cette B\u00e9atitude r\u00e9sonne comme un appel urgent :<\/p>\n\n\n\n<p>R\u00e9veille-toi.<\/p>\n\n\n\n<p>Ne te contente pas.<\/p>\n\n\n\n<p>Ne vis pas \u00e0 moiti\u00e9.<\/p>\n\n\n\n<p>Ne n\u00e9gocie pas avec le p\u00e9ch\u00e9.<\/p>\n\n\n\n<p>Ne r\u00e9duis pas ta foi \u00e0 une habitude sociale.<\/p>\n\n\n\n<p>Aie faim.<\/p>\n\n\n\n<p>Aie soif.<\/p>\n\n\n\n<p>Cherche Dieu de toute ton \u00e2me.<\/p>\n\n\n\n<p>Car celui qui se contente de peu finit par tout perdre.<\/p>\n\n\n\n<p>Et celui qui donne tout pour le Christ gagne tout.<\/p>\n\n\n\n<hr class=\"wp-block-separator has-alpha-channel-opacity\"\/>\n\n\n\n<h1 class=\"wp-block-heading\">Conclusion : le saint non-conformisme du chr\u00e9tien<\/h1>\n\n\n\n<p>Avoir faim et soif de justice, c\u2019est vivre avec une sainte insatisfaction.<\/p>\n\n\n\n<p>Non pas une tristesse maladive, mais un amour si grand qu\u2019il ne se contente jamais.<\/p>\n\n\n\n<p>C\u2019est savoir que Dieu m\u00e9rite davantage.<\/p>\n\n\n\n<p>Que nous pouvons aimer davantage.<\/p>\n\n\n\n<p>Que nous pouvons \u00eatre plus saints.<\/p>\n\n\n\n<p>Qu\u2019il reste encore du chemin.<\/p>\n\n\n\n<p>C\u2019est le non-conformisme des saints.<\/p>\n\n\n\n<p>C\u2019est la nostalgie du Ciel.<\/p>\n\n\n\n<p>C\u2019est le d\u00e9sir profond que le Christ r\u00e8gne compl\u00e8tement dans l\u2019\u00e2me.<\/p>\n\n\n\n<p>Le monde nous enseigne \u00e0 nous contenter.<\/p>\n\n\n\n<p>Le Christ nous enseigne \u00e0 d\u00e9sirer l\u2019infini.<\/p>\n\n\n\n<p>Et c\u2019est pourquoi, aujourd\u2019hui, nous devons nous demander sinc\u00e8rement :<\/p>\n\n\n\n<p>Ai-je r\u00e9ellement faim de Dieu ?<\/p>\n\n\n\n<p>Ai-je v\u00e9ritablement soif de saintet\u00e9 ?<\/p>\n\n\n\n<p>Ou me suis-je habitu\u00e9 \u00e0 une foi ti\u00e8de et confortable ?<\/p>\n\n\n\n<p>La r\u00e9ponse \u00e0 cette question peut changer toute une vie.<\/p>\n\n\n\n<p>Car les saints n\u2019\u00e9taient pas des personnes extraordinaires par nature.<\/p>\n\n\n\n<p>Ils \u00e9taient des personnes qui avaient faim.<\/p>\n\n\n\n<p>Et ils n\u2019ont jamais cess\u00e9 de chercher jusqu\u2019\u00e0 \u00eatre rassasi\u00e9s en Dieu.<\/p>\n","protected":false},"excerpt":{"rendered":"<p>Le d\u00e9sir ardent de la saintet\u00e9 qui transforme l\u2019\u00e2me Parmi les paroles les plus profondes et les plus exigeantes sorties des l\u00e8vres de Notre-Seigneur J\u00e9sus-Christ, nous trouvons une B\u00e9atitude qui est souvent mal comprise ou r\u00e9duite \u00e0 un simple d\u00e9sir de justice sociale ou d\u2019\u00e9quilibre humain. Pourtant, sa signification est bien plus haute, plus profonde &hellip;<\/p>\n","protected":false},"author":3,"featured_media":5933,"comment_status":"open","ping_status":"closed","sticky":false,"template":"","format":"standard","meta":{"_seopress_robots_primary_cat":"","_seopress_titles_title":"","_seopress_titles_desc":"","_seopress_robots_index":"","footnotes":""},"categories":[39,57],"tags":[1896],"class_list":["post-5932","post","type-post","status-publish","format-standard","has-post-thumbnail","","category-morale-et-vie-chretienne","category-vertus-chretiennes","tag-faim-et-soif-de-justice"],"_links":{"self":[{"href":"https:\/\/catholicus.eu\/fr\/wp-json\/wp\/v2\/posts\/5932","targetHints":{"allow":["GET"]}}],"collection":[{"href":"https:\/\/catholicus.eu\/fr\/wp-json\/wp\/v2\/posts"}],"about":[{"href":"https:\/\/catholicus.eu\/fr\/wp-json\/wp\/v2\/types\/post"}],"author":[{"embeddable":true,"href":"https:\/\/catholicus.eu\/fr\/wp-json\/wp\/v2\/users\/3"}],"replies":[{"embeddable":true,"href":"https:\/\/catholicus.eu\/fr\/wp-json\/wp\/v2\/comments?post=5932"}],"version-history":[{"count":1,"href":"https:\/\/catholicus.eu\/fr\/wp-json\/wp\/v2\/posts\/5932\/revisions"}],"predecessor-version":[{"id":5934,"href":"https:\/\/catholicus.eu\/fr\/wp-json\/wp\/v2\/posts\/5932\/revisions\/5934"}],"wp:featuredmedia":[{"embeddable":true,"href":"https:\/\/catholicus.eu\/fr\/wp-json\/wp\/v2\/media\/5933"}],"wp:attachment":[{"href":"https:\/\/catholicus.eu\/fr\/wp-json\/wp\/v2\/media?parent=5932"}],"wp:term":[{"taxonomy":"category","embeddable":true,"href":"https:\/\/catholicus.eu\/fr\/wp-json\/wp\/v2\/categories?post=5932"},{"taxonomy":"post_tag","embeddable":true,"href":"https:\/\/catholicus.eu\/fr\/wp-json\/wp\/v2\/tags?post=5932"}],"curies":[{"name":"wp","href":"https:\/\/api.w.org\/{rel}","templated":true}]}}