{"id":5878,"date":"2026-04-20T21:20:34","date_gmt":"2026-04-20T19:20:34","guid":{"rendered":"https:\/\/catholicus.eu\/fr\/?p=5878"},"modified":"2026-04-20T21:20:34","modified_gmt":"2026-04-20T19:20:34","slug":"signo-te-signo-crucis-et-confirmo-te-chrismate-salutis-le-sceau-eternel-qui-marque-lame-et-transforme-la-vie","status":"publish","type":"post","link":"https:\/\/catholicus.eu\/fr\/signo-te-signo-crucis-et-confirmo-te-chrismate-salutis-le-sceau-eternel-qui-marque-lame-et-transforme-la-vie\/","title":{"rendered":"\u00ab Signo te signo crucis, et confirmo te chrismate salutis \u00bb : le sceau \u00e9ternel qui marque l\u2019\u00e2me et transforme la vie"},"content":{"rendered":"\n<p>Dans un monde o\u00f9 tout semble \u00e9ph\u00e9m\u00e8re, o\u00f9 les identit\u00e9s changent et les certitudes s\u2019effacent, il existe des paroles qui demeurent. Des paroles qui ne sont pas seulement prononc\u00e9es, mais qui <strong>marquent pour toujours<\/strong>. L\u2019une d\u2019elles, profond\u00e9ment enracin\u00e9e dans la tradition de l\u2019\u00c9glise, est cette formule latine : <em>\u00ab Signo te signo crucis, et confirmo te chrismate salutis \u00bb.<\/em><\/p>\n\n\n\n<p>Ce n\u2019est pas une phrase ordinaire. C\u2019est une d\u00e9claration, un acte, un sceau spirituel. C\u2019est l\u2019\u00e9cho d\u2019une v\u00e9rit\u00e9 qui traverse les si\u00e8cles : <strong>le chr\u00e9tien n\u2019est pas seulement quelqu\u2019un qui croit, mais quelqu\u2019un qui a \u00e9t\u00e9 marqu\u00e9 par Dieu<\/strong>.<\/p>\n\n\n\n<hr class=\"wp-block-separator has-alpha-channel-opacity\"\/>\n\n\n\n<h2 class=\"wp-block-heading\"><strong>1. Que signifie r\u00e9ellement cette phrase ?<\/strong><\/h2>\n\n\n\n<p>Traduite en fran\u00e7ais, l\u2019expression signifie :<br><strong>\u00ab Je te marque du signe de la croix et je te confirme avec le chr\u00eame du salut. \u00bb<\/strong><\/p>\n\n\n\n<p>Deux gestes fondamentaux y sont unis :<\/p>\n\n\n\n<ul class=\"wp-block-list\">\n<li><strong>Le signe de la croix<\/strong> : marque visible de l\u2019appartenance au Christ.<\/li>\n\n\n\n<li><strong>L\u2019onction avec le chr\u00eame<\/strong> : signe invisible d\u2019une gr\u00e2ce profonde, le don de l\u2019Esprit Saint.<\/li>\n<\/ul>\n\n\n\n<p>Il ne s\u2019agit pas d\u2019une simple b\u00e9n\u00e9diction symbolique. Dans la tradition catholique, ces paroles sont particuli\u00e8rement li\u00e9es au sacrement de la <strong>Confirmation<\/strong>, bien qu\u2019elles \u00e9voquent aussi le Bapt\u00eame. Ce sont des paroles qui <strong>scellent l\u2019\u00e2me d\u2019un caract\u00e8re ind\u00e9l\u00e9bile<\/strong>, c\u2019est-\u00e0-dire une marque spirituelle qui ne s\u2019efface jamais.<\/p>\n\n\n\n<hr class=\"wp-block-separator has-alpha-channel-opacity\"\/>\n\n\n\n<h2 class=\"wp-block-heading\"><strong>2. Racines historiques : une tradition des premiers si\u00e8cles<\/strong><\/h2>\n\n\n\n<p>D\u00e8s les premiers chr\u00e9tiens, le geste de <strong>tracer la croix sur le corps<\/strong> \u00e9tait une mani\u00e8re de s\u2019identifier comme disciple du Christ. En temps de pers\u00e9cution, ce signe n\u2019\u00e9tait pas un simple ornement, mais une profession courageuse de foi.<\/p>\n\n\n\n<p>Les P\u00e8res de l\u2019\u00c9glise parlaient d\u00e9j\u00e0 de ce geste comme d\u2019un bouclier spirituel. Tertullien, au IIe si\u00e8cle, \u00e9crivait que les chr\u00e9tiens faisaient le signe de la croix au d\u00e9but de chaque activit\u00e9. La croix \u00e9tait leur identit\u00e9.<\/p>\n\n\n\n<p>Par ailleurs, <strong>l\u2019onction avec l\u2019huile<\/strong> poss\u00e8de des racines encore plus anciennes, dans l\u2019Ancien Testament. Les rois, les pr\u00eatres et les proph\u00e8tes \u00e9taient oints comme signe d\u2019\u00e9lection divine. Dans le christianisme, ce geste atteint sa pl\u00e9nitude :<br><strong>ce ne sont plus seulement quelques \u00e9lus qui sont oints, mais tout baptis\u00e9 et confirm\u00e9<\/strong>.<\/p>\n\n\n\n<p>Le chr\u00eame \u2014 m\u00e9lange d\u2019huile d\u2019olive et de baume, consacr\u00e9 par l\u2019\u00e9v\u00eaque \u2014 devient ainsi le signe de l\u2019action de l\u2019Esprit Saint.<\/p>\n\n\n\n<hr class=\"wp-block-separator has-alpha-channel-opacity\"\/>\n\n\n\n<h2 class=\"wp-block-heading\"><strong>3. La profondeur th\u00e9ologique : le \u00ab caract\u00e8re \u00bb ind\u00e9l\u00e9bile<\/strong><\/h2>\n\n\n\n<p>L\u2019un des aspects les plus fascinants de cette formule r\u00e9side dans sa port\u00e9e th\u00e9ologique. Lorsque ces paroles sont prononc\u00e9es dans le contexte sacramentel, quelque chose d\u2019invisible mais de r\u00e9el se produit :<\/p>\n\n\n\n<p>\ud83d\udc49 <strong>L\u2019\u00e2me est marqu\u00e9e pour toujours.<\/strong><\/p>\n\n\n\n<p>La th\u00e9ologie catholique appelle cela le \u00ab caract\u00e8re sacramentel \u00bb. Les sacrements du Bapt\u00eame, de la Confirmation et de l\u2019Ordre impriment cette marque permanente.<\/p>\n\n\n\n<p>Mais qu\u2019est-ce que cela signifie concr\u00e8tement ?<\/p>\n\n\n\n<ul class=\"wp-block-list\">\n<li>Que ton identit\u00e9 chr\u00e9tienne ne d\u00e9pend pas de tes \u00e9motions.<\/li>\n\n\n\n<li>Que m\u00eame si tu t\u2019\u00e9loignes, cette marque demeure.<\/li>\n\n\n\n<li>Que Dieu a laiss\u00e9 une empreinte ind\u00e9l\u00e9bile en ton \u00eatre.<\/li>\n<\/ul>\n\n\n\n<p>C\u2019est, en un sens, comme un sceau d\u2019appartenance divine :<br><strong>tu appartiens au Christ, non seulement par choix, mais par transformation int\u00e9rieure<\/strong>.<\/p>\n\n\n\n<hr class=\"wp-block-separator has-alpha-channel-opacity\"\/>\n\n\n\n<h2 class=\"wp-block-heading\"><strong>4. La croix : plus qu\u2019un symbole, un mode de vie<\/strong><\/h2>\n\n\n\n<p>Lorsque nous entendons \u00ab signo te signo crucis \u00bb, nous pouvons penser au geste habituel de se signer. Mais la croix n\u2019est pas seulement un mouvement de la main.<\/p>\n\n\n\n<p>La croix, c\u2019est :<\/p>\n\n\n\n<ul class=\"wp-block-list\">\n<li>Le don de soi<\/li>\n\n\n\n<li>Le sacrifice<\/li>\n\n\n\n<li>L\u2019amour radical<\/li>\n\n\n\n<li>La r\u00e9demption<\/li>\n<\/ul>\n\n\n\n<p>\u00catre marqu\u00e9 par la croix signifie accepter que la vie chr\u00e9tienne n\u2019est pas confortable, mais <strong>profond\u00e9ment transformatrice<\/strong>. C\u2019est apprendre \u00e0 aimer m\u00eame quand cela co\u00fbte, \u00e0 pardonner quand cela fait mal, \u00e0 rester ferme quand tout pousse \u00e0 c\u00e9der.<\/p>\n\n\n\n<p>Dans une culture qui fuit la souffrance, la croix appara\u00eet comme un paradoxe :<br><strong>c\u2019est pr\u00e9cis\u00e9ment dans le don de soi que se trouve la vraie vie<\/strong>.<\/p>\n\n\n\n<hr class=\"wp-block-separator has-alpha-channel-opacity\"\/>\n\n\n\n<h2 class=\"wp-block-heading\"><strong>5. Le chr\u00eame : le parfum de l\u2019Esprit Saint<\/strong><\/h2>\n\n\n\n<p>La seconde partie de la formule \u2014 \u00ab et confirmo te chrismate salutis \u00bb \u2014 introduit un \u00e9l\u00e9ment d\u2019une grande beaut\u00e9 : le chr\u00eame.<\/p>\n\n\n\n<p>Cette huile parfum\u00e9e ne se contente pas de symboliser la gr\u00e2ce, elle la communique. Dans la Confirmation, l\u2019Esprit Saint fortifie le chr\u00e9tien pour vivre sa foi avec maturit\u00e9.<\/p>\n\n\n\n<p>Le parfum du chr\u00eame a une signification profonde :<br>\ud83d\udc49 <strong>le chr\u00e9tien est appel\u00e9 \u00e0 \u201csentir le Christ\u201d dans le monde<\/strong>.<\/p>\n\n\n\n<p>C\u2019est-\u00e0-dire :<\/p>\n\n\n\n<ul class=\"wp-block-list\">\n<li>\u00catre un t\u00e9moin visible de la foi.<\/li>\n\n\n\n<li>Rayonner la charit\u00e9.<\/li>\n\n\n\n<li>Transformer son environnement par la pr\u00e9sence de Dieu.<\/li>\n<\/ul>\n\n\n\n<p>Il ne s\u2019agit pas d\u2019une foi enferm\u00e9e dans le priv\u00e9, mais d\u2019une foi qui se diffuse, qui se voit, qui laisse une trace.<\/p>\n\n\n\n<hr class=\"wp-block-separator has-alpha-channel-opacity\"\/>\n\n\n\n<h2 class=\"wp-block-heading\"><strong>6. Pertinence dans le monde actuel : l\u2019identit\u00e9 face \u00e0 la confusion<\/strong><\/h2>\n\n\n\n<p>Nous vivons une \u00e9poque marqu\u00e9e par une crise de l\u2019identit\u00e9. Beaucoup de personnes ne savent plus qui elles sont ni o\u00f9 elles vont.<\/p>\n\n\n\n<p>Dans ce contexte, la formule \u00ab Signo te signo crucis\u2026 \u00bb offre une r\u00e9ponse claire et ferme :<br><strong>ton identit\u00e9 ne se construit pas seulement de l\u2019int\u00e9rieur, elle t\u2019a \u00e9t\u00e9 donn\u00e9e par Dieu<\/strong>.<\/p>\n\n\n\n<p>Cela entra\u00eene des cons\u00e9quences pratiques immenses :<\/p>\n\n\n\n<ul class=\"wp-block-list\">\n<li>Tu n\u2019as pas besoin de te r\u00e9inventer constamment.<\/li>\n\n\n\n<li>Tu ne d\u00e9pends pas de l\u2019approbation sociale.<\/li>\n\n\n\n<li>Ta valeur ne r\u00e9side pas dans ce que tu fais, mais dans ce que tu es.<\/li>\n<\/ul>\n\n\n\n<p>Tu es quelqu\u2019un marqu\u00e9 par Dieu. Et cela change tout.<\/p>\n\n\n\n<hr class=\"wp-block-separator has-alpha-channel-opacity\"\/>\n\n\n\n<h2 class=\"wp-block-heading\"><strong>7. Applications pratiques : vivre comme quelqu\u2019un marqu\u00e9 par Dieu<\/strong><\/h2>\n\n\n\n<p>Comment vivre cette v\u00e9rit\u00e9 au quotidien ? Voici quelques pistes concr\u00e8tes :<\/p>\n\n\n\n<h3 class=\"wp-block-heading\"><strong>1. Retrouver le sens du signe de la croix<\/strong><\/h3>\n\n\n\n<p>Fais-le lentement, avec conscience. Non comme un geste automatique, mais comme une profession de foi.<\/p>\n\n\n\n<h3 class=\"wp-block-heading\"><strong>2. Vivre avec coh\u00e9rence<\/strong><\/h3>\n\n\n\n<p>Si tu es marqu\u00e9 par le Christ, ta vie doit le refl\u00e9ter : dans tes d\u00e9cisions, tes paroles et tes relations.<\/p>\n\n\n\n<h3 class=\"wp-block-heading\"><strong>3. Invoquer l\u2019Esprit Saint<\/strong><\/h3>\n\n\n\n<p>Souviens-toi que tu as \u00e9t\u00e9 confirm\u00e9 avec le chr\u00eame. Demande son aide dans chaque moment important.<\/p>\n\n\n\n<h3 class=\"wp-block-heading\"><strong>4. Accueillir la croix quotidienne<\/strong><\/h3>\n\n\n\n<p>Les difficult\u00e9s ne sont pas une punition, mais une occasion d\u2019union au Christ.<\/p>\n\n\n\n<h3 class=\"wp-block-heading\"><strong>5. \u00catre t\u00e9moin dans le monde<\/strong><\/h3>\n\n\n\n<p>Ne cache pas ta foi. Le monde a besoin de chr\u00e9tiens authentiques, pas de croyants invisibles.<\/p>\n\n\n\n<hr class=\"wp-block-separator has-alpha-channel-opacity\"\/>\n\n\n\n<h2 class=\"wp-block-heading\"><strong>8. Un appel final : red\u00e9couvrir ce que nous sommes d\u00e9j\u00e0<\/strong><\/h2>\n\n\n\n<p>Beaucoup de chr\u00e9tiens vivent comme s\u2019ils n\u2019avaient jamais \u00e9t\u00e9 marqu\u00e9s, comme si leur foi \u00e9tait quelque chose de superficiel, d\u2019optionnel, d\u2019interchangeable.<\/p>\n\n\n\n<p>Mais la r\u00e9alit\u00e9 est tout autre :<br><strong>tu portes dans ton \u00e2me un sceau \u00e9ternel<\/strong>.<\/p>\n\n\n\n<p>\u00ab Signo te signo crucis, et confirmo te chrismate salutis \u00bb n\u2019est pas seulement une formule liturgique. C\u2019est une v\u00e9rit\u00e9 qui d\u00e9finit ton existence.<\/p>\n\n\n\n<p>Peut-\u00eatre aujourd\u2019hui est-il bon de te poser ces questions :<\/p>\n\n\n\n<ul class=\"wp-block-list\">\n<li>Est-ce que je vis comme quelqu\u2019un marqu\u00e9 par le Christ ?<\/li>\n\n\n\n<li>Suis-je conscient du don que j\u2019ai re\u00e7u ?<\/li>\n\n\n\n<li>Est-ce que je laisse cette gr\u00e2ce transformer ma vie ?<\/li>\n<\/ul>\n\n\n\n<p>Car au fond, la foi ne consiste pas seulement \u00e0 croire en Dieu\u2026<br>c\u2019est <strong>vivre comme quelqu\u2019un qui a \u00e9t\u00e9 touch\u00e9, marqu\u00e9 et envoy\u00e9 par Lui<\/strong>.<\/p>\n\n\n\n<hr class=\"wp-block-separator has-alpha-channel-opacity\"\/>\n\n\n\n<h3 class=\"wp-block-heading\"><strong>Conclusion<\/strong><\/h3>\n\n\n\n<p>Au milieu du bruit du monde, cette ancienne formule r\u00e9sonne avec une force renouvel\u00e9e. Elle nous rappelle qui nous sommes, d\u2019o\u00f9 nous venons et o\u00f9 nous allons.<\/p>\n\n\n\n<p>La croix nous marque.<br>Le chr\u00eame nous fortifie.<br>L\u2019Esprit nous envoie.<\/p>\n\n\n\n<p>Et tout commence par ces paroles \u00e9ternelles :<br><strong>\u00ab Signo te signo crucis, et confirmo te chrismate salutis \u00bb<\/strong>.<\/p>\n","protected":false},"excerpt":{"rendered":"<p>Dans un monde o\u00f9 tout semble \u00e9ph\u00e9m\u00e8re, o\u00f9 les identit\u00e9s changent et les certitudes s\u2019effacent, il existe des paroles qui demeurent. Des paroles qui ne sont pas seulement prononc\u00e9es, mais qui marquent pour toujours. L\u2019une d\u2019elles, profond\u00e9ment enracin\u00e9e dans la tradition de l\u2019\u00c9glise, est cette formule latine : \u00ab Signo te signo crucis, et confirmo &hellip;<\/p>\n","protected":false},"author":3,"featured_media":5879,"comment_status":"open","ping_status":"closed","sticky":false,"template":"","format":"standard","meta":{"_seopress_robots_primary_cat":"","_seopress_titles_title":"","_seopress_titles_desc":"","_seopress_robots_index":"","footnotes":""},"categories":[37,46],"tags":[1883],"class_list":["post-5878","post","type-post","status-publish","format-standard","has-post-thumbnail","","category-doctrine-et-foi","category-sacrements","tag-signo-te-signo-crucis"],"_links":{"self":[{"href":"https:\/\/catholicus.eu\/fr\/wp-json\/wp\/v2\/posts\/5878","targetHints":{"allow":["GET"]}}],"collection":[{"href":"https:\/\/catholicus.eu\/fr\/wp-json\/wp\/v2\/posts"}],"about":[{"href":"https:\/\/catholicus.eu\/fr\/wp-json\/wp\/v2\/types\/post"}],"author":[{"embeddable":true,"href":"https:\/\/catholicus.eu\/fr\/wp-json\/wp\/v2\/users\/3"}],"replies":[{"embeddable":true,"href":"https:\/\/catholicus.eu\/fr\/wp-json\/wp\/v2\/comments?post=5878"}],"version-history":[{"count":1,"href":"https:\/\/catholicus.eu\/fr\/wp-json\/wp\/v2\/posts\/5878\/revisions"}],"predecessor-version":[{"id":5880,"href":"https:\/\/catholicus.eu\/fr\/wp-json\/wp\/v2\/posts\/5878\/revisions\/5880"}],"wp:featuredmedia":[{"embeddable":true,"href":"https:\/\/catholicus.eu\/fr\/wp-json\/wp\/v2\/media\/5879"}],"wp:attachment":[{"href":"https:\/\/catholicus.eu\/fr\/wp-json\/wp\/v2\/media?parent=5878"}],"wp:term":[{"taxonomy":"category","embeddable":true,"href":"https:\/\/catholicus.eu\/fr\/wp-json\/wp\/v2\/categories?post=5878"},{"taxonomy":"post_tag","embeddable":true,"href":"https:\/\/catholicus.eu\/fr\/wp-json\/wp\/v2\/tags?post=5878"}],"curies":[{"name":"wp","href":"https:\/\/api.w.org\/{rel}","templated":true}]}}