{"id":5768,"date":"2026-04-03T23:50:05","date_gmt":"2026-04-03T21:50:05","guid":{"rendered":"https:\/\/catholicus.eu\/fr\/?p=5768"},"modified":"2026-04-03T23:50:06","modified_gmt":"2026-04-03T21:50:06","slug":"le-mystere-du-disciple-bien-aime-pourquoi-saint-jean-occupe-la-place-la-plus-intime-dans-le-coeur-du-christ","status":"publish","type":"post","link":"https:\/\/catholicus.eu\/fr\/le-mystere-du-disciple-bien-aime-pourquoi-saint-jean-occupe-la-place-la-plus-intime-dans-le-coeur-du-christ\/","title":{"rendered":"Le myst\u00e8re du \u00ab disciple bien-aim\u00e9 \u00bb : pourquoi saint Jean occupe la place la plus intime dans le c\u0153ur du Christ"},"content":{"rendered":"\n<p>Au c\u0153ur des \u00c9vangiles, une figure appara\u00eet envelopp\u00e9e d\u2019une lumi\u00e8re particuli\u00e8re\u2014discr\u00e8te mais profond\u00e9ment significative : le \u00ab disciple que J\u00e9sus aimait \u00bb. La tradition de l\u2019\u00c9glise a constamment identifi\u00e9 ce disciple comme <strong>saint Jean l\u2019\u00c9vang\u00e9liste<\/strong>, le plus jeune des Douze, le contemplatif, le t\u00e9moin privil\u00e9gi\u00e9 de l\u2019amour divin.<\/p>\n\n\n\n<p>Mais pourquoi lui ? J\u00e9sus aimait-il Jean plus que les autres ? Ou sommes-nous face \u00e0 un myst\u00e8re plus profond\u2014une le\u00e7on spirituelle qui traverse les si\u00e8cles et nous interpelle aujourd\u2019hui ?<\/p>\n\n\n\n<p>Cet article cherche non seulement \u00e0 r\u00e9pondre \u00e0 ces questions, mais aussi \u00e0 t\u2019aider \u00e0 d\u00e9couvrir que ce \u00ab disciple bien-aim\u00e9 \u00bb\u2026 tu es appel\u00e9 \u00e0 le devenir.<\/p>\n\n\n\n<hr class=\"wp-block-separator has-alpha-channel-opacity\"\/>\n\n\n\n<h2 class=\"wp-block-heading\"><strong>1. Le \u00ab disciple bien-aim\u00e9 \u00bb dans l\u2019\u00c9vangile : une identit\u00e9 envelopp\u00e9e de myst\u00e8re<\/strong><\/h2>\n\n\n\n<p>L\u2019\u00c9vangile selon saint Jean ne mentionne pas explicitement son nom dans les moments cl\u00e9s, mais utilise une expression pleine d\u2019intimit\u00e9 :<\/p>\n\n\n\n<blockquote class=\"wp-block-quote is-layout-flow wp-block-quote-is-layout-flow\">\n<p>\u00ab Un des disciples, celui que J\u00e9sus aimait, \u00e9tait \u00e0 table tout contre J\u00e9sus \u00bb (Jn 13,23)<\/p>\n<\/blockquote>\n\n\n\n<p>Il appara\u00eet dans des sc\u00e8nes d\u00e9cisives :<\/p>\n\n\n\n<ul class=\"wp-block-list\">\n<li>\u00c0 la Derni\u00e8re C\u00e8ne, pench\u00e9 sur la poitrine du Christ<\/li>\n\n\n\n<li>Au pied de la Croix, aux c\u00f4t\u00e9s de la Vierge Marie<\/li>\n\n\n\n<li>Au tombeau vide, \u00e9tant le premier \u00e0 croire<\/li>\n\n\n\n<li>Sur le rivage du lac apr\u00e8s la R\u00e9surrection<\/li>\n<\/ul>\n\n\n\n<p>L\u2019\u00c9glise a vu dans ces passages une \u00e9vidence claire : ce disciple est saint Jean, fils de Z\u00e9b\u00e9d\u00e9e, fr\u00e8re de Jacques.<\/p>\n\n\n\n<p>Mais ce qui importe n\u2019est pas seulement son identit\u00e9 historique\u2026 c\u2019est aussi sa signification spirituelle.<\/p>\n\n\n\n<hr class=\"wp-block-separator has-alpha-channel-opacity\"\/>\n\n\n\n<h2 class=\"wp-block-heading\"><strong>2. J\u00e9sus avait-il des \u00ab pr\u00e9f\u00e9r\u00e9s \u00bb ? Une cl\u00e9 th\u00e9ologique essentielle<\/strong><\/h2>\n\n\n\n<p>\u00c0 premi\u00e8re vue, il pourrait sembler que J\u00e9sus avait des pr\u00e9f\u00e9rences. Pourtant, ce serait une interpr\u00e9tation superficielle.<\/p>\n\n\n\n<p>D\u2019un point de vue th\u00e9ologique, nous devons affirmer clairement :<\/p>\n\n\n\n<p>\ud83d\udc49 <strong>Le Christ aime tous les hommes d\u2019un amour parfait, total et universel.<\/strong><\/p>\n\n\n\n<p>Alors pourquoi Jean appara\u00eet-il comme le \u00ab bien-aim\u00e9 \u00bb ?<\/p>\n\n\n\n<p>La r\u00e9ponse r\u00e9side dans une distinction fondamentale :<\/p>\n\n\n\n<ul class=\"wp-block-list\">\n<li><strong>Dieu aime tous les hommes \u00e9galement dans leur dignit\u00e9<\/strong><\/li>\n\n\n\n<li><strong>Mais chacun r\u00e9pond diff\u00e9remment \u00e0 cet amour<\/strong><\/li>\n<\/ul>\n\n\n\n<p>Saint Jean n\u2019est pas le plus aim\u00e9 parce que J\u00e9sus l\u2019aimerait davantage\u2026<br>\ud83d\udc49 mais parce qu\u2019<strong>il se laisse aimer plus profond\u00e9ment<\/strong>.<\/p>\n\n\n\n<p>Nous d\u00e9couvrons ici une v\u00e9rit\u00e9 spirituelle d\u2019une importance immense :<\/p>\n\n\n\n<blockquote class=\"wp-block-quote is-layout-flow wp-block-quote-is-layout-flow\">\n<p><strong>La saintet\u00e9 ne consiste pas \u00e0 \u00eatre plus aim\u00e9, mais \u00e0 accueillir plus pleinement l\u2019amour de Dieu.<\/strong><\/p>\n<\/blockquote>\n\n\n\n<hr class=\"wp-block-separator has-alpha-channel-opacity\"\/>\n\n\n\n<h2 class=\"wp-block-heading\"><strong>3. Jean : le disciple de l\u2019intimit\u00e9<\/strong><\/h2>\n\n\n\n<p>Saint Jean repr\u00e9sente quelque chose d\u2019unique parmi les ap\u00f4tres : une <strong>vie int\u00e9rieure profonde<\/strong>.<\/p>\n\n\n\n<p>Alors que d\u2019autres se distinguent par leur action (comme saint Pierre) ou par leur mission (comme saint Paul), Jean se distingue par sa <strong>contemplation<\/strong>.<\/p>\n\n\n\n<p>Trois moments r\u00e9v\u00e8lent cette intimit\u00e9 :<\/p>\n\n\n\n<h3 class=\"wp-block-heading\">\u2726 Pench\u00e9 sur la poitrine du Christ<\/h3>\n\n\n\n<p>Ce n\u2019est pas seulement un geste physique. C\u2019est une image th\u00e9ologique d\u2019une grande puissance :<\/p>\n\n\n\n<p>\ud83d\udc49 Jean \u00e9coute les battements du c\u0153ur de Dieu.<\/p>\n\n\n\n<p>Cela symbolise la <strong>vie contemplative<\/strong>, la proximit\u00e9 affective et la confiance totale.<\/p>\n\n\n\n<hr class=\"wp-block-separator has-alpha-channel-opacity\"\/>\n\n\n\n<h3 class=\"wp-block-heading\">\u2726 Au pied de la Croix<\/h3>\n\n\n\n<p>Alors que presque tous fuient, Jean demeure.<\/p>\n\n\n\n<blockquote class=\"wp-block-quote is-layout-flow wp-block-quote-is-layout-flow\">\n<p>\u00ab J\u00e9sus, voyant sa m\u00e8re et pr\u00e8s d\u2019elle le disciple qu\u2019il aimait, dit\u2026 \u00bb (Jn 19,26)<\/p>\n<\/blockquote>\n\n\n\n<p>Ici se produit quelque chose de d\u00e9cisif :<\/p>\n\n\n\n<p>\ud83d\udc49 Jean re\u00e7oit Marie comme sa M\u00e8re.<\/p>\n\n\n\n<p>Ce n\u2019est pas un hasard. Le disciple bien-aim\u00e9 est aussi celui qui <strong>accueille pleinement les dons du Christ<\/strong>, m\u00eame dans la souffrance.<\/p>\n\n\n\n<hr class=\"wp-block-separator has-alpha-channel-opacity\"\/>\n\n\n\n<h3 class=\"wp-block-heading\">\u2726 Le premier \u00e0 croire<\/h3>\n\n\n\n<p>Au tombeau vide :<\/p>\n\n\n\n<blockquote class=\"wp-block-quote is-layout-flow wp-block-quote-is-layout-flow\">\n<p>\u00ab Il vit et il crut \u00bb (Jn 20,8)<\/p>\n<\/blockquote>\n\n\n\n<p>Avant m\u00eame de tout comprendre, Jean croit.<\/p>\n\n\n\n<p>\ud83d\udc49 Son amour lui donne une <strong>intuition spirituelle<\/strong> qui d\u00e9passe la raison.<\/p>\n\n\n\n<hr class=\"wp-block-separator has-alpha-channel-opacity\"\/>\n\n\n\n<h2 class=\"wp-block-heading\"><strong>4. La cl\u00e9 de l\u2019amour : \u00ab Dieu est amour \u00bb<\/strong><\/h2>\n\n\n\n<p>N\u2019oublions pas que ce m\u00eame Jean \u00e9crit :<\/p>\n\n\n\n<blockquote class=\"wp-block-quote is-layout-flow wp-block-quote-is-layout-flow\">\n<p>\u00ab Dieu est amour \u00bb (1 Jn 4,8)<\/p>\n<\/blockquote>\n\n\n\n<p>Cette affirmation n\u2019est pas th\u00e9orique : elle est le fruit d\u2019une exp\u00e9rience.<\/p>\n\n\n\n<p>Jean ne connaissait pas seulement J\u00e9sus\u2026<br>\ud83d\udc49 <strong>il avait fait l\u2019exp\u00e9rience de son amour au plus profond de son \u00e2me<\/strong>.<\/p>\n\n\n\n<p>C\u2019est pourquoi son \u00c9vangile est diff\u00e9rent :<\/p>\n\n\n\n<ul class=\"wp-block-list\">\n<li>Plus symbolique<\/li>\n\n\n\n<li>Plus th\u00e9ologique<\/li>\n\n\n\n<li>Plus intime<\/li>\n<\/ul>\n\n\n\n<p>C\u2019est l\u2019\u00c9vangile du c\u0153ur.<\/p>\n\n\n\n<hr class=\"wp-block-separator has-alpha-channel-opacity\"\/>\n\n\n\n<h2 class=\"wp-block-heading\"><strong>5. Une actualit\u00e9 br\u00fblante : dans un monde sans intimit\u00e9, Jean est plus actuel que jamais<\/strong><\/h2>\n\n\n\n<p>Nous vivons dans une \u00e9poque de bruit, de pr\u00e9cipitation et de superficialit\u00e9 :<\/p>\n\n\n\n<ul class=\"wp-block-list\">\n<li>Des relations rapides<\/li>\n\n\n\n<li>Une foi faible ou routini\u00e8re<\/li>\n\n\n\n<li>Un manque de silence int\u00e9rieur<\/li>\n<\/ul>\n\n\n\n<p>Dans ce contexte, saint Jean nous adresse un message urgent :<\/p>\n\n\n\n<p>\ud83d\udc49 <strong>Il ne suffit pas de \u00ab conna\u00eetre Dieu \u00bb. Il faut vivre dans son amour.<\/strong><\/p>\n\n\n\n<p>Le disciple bien-aim\u00e9 nous rappelle que :<\/p>\n\n\n\n<ul class=\"wp-block-list\">\n<li>La foi n\u2019est pas seulement une question de r\u00e8gles<\/li>\n\n\n\n<li>Elle n\u2019est pas seulement tradition ou culture<\/li>\n\n\n\n<li>Elle est une <strong>relation vivante, personnelle et intime avec le Christ<\/strong><\/li>\n<\/ul>\n\n\n\n<hr class=\"wp-block-separator has-alpha-channel-opacity\"\/>\n\n\n\n<h2 class=\"wp-block-heading\"><strong>6. Applications concr\u00e8tes : comment devenir aujourd\u2019hui un \u00ab disciple bien-aim\u00e9 \u00bb<\/strong><\/h2>\n\n\n\n<p>Voici le point essentiel. Car cet article ne parle pas seulement de Jean\u2026<br>\ud83d\udc49 il parle de toi.<\/p>\n\n\n\n<p>Comment vivre cela au quotidien ?<\/p>\n\n\n\n<h3 class=\"wp-block-heading\">\u2714\ufe0f 1. Cultive la pri\u00e8re silencieuse<\/h3>\n\n\n\n<p>Ne te contente pas de prier\u2026 <strong>demeure<\/strong>.<\/p>\n\n\n\n<ul class=\"wp-block-list\">\n<li>\u00c9teins le bruit<\/li>\n\n\n\n<li>Reste en silence devant Dieu<\/li>\n\n\n\n<li>\u00ab Penche-toi \u00bb spirituellement sur son c\u0153ur<\/li>\n<\/ul>\n\n\n\n<hr class=\"wp-block-separator has-alpha-channel-opacity\"\/>\n\n\n\n<h3 class=\"wp-block-heading\">\u2714\ufe0f 2. Reste au pied de la Croix<\/h3>\n\n\n\n<p>Ne fuis pas la souffrance.<\/p>\n\n\n\n<p>Jean ne comprenait pas tout\u2026 mais il est rest\u00e9.<\/p>\n\n\n\n<p>\ud83d\udc49 Dans tes \u00e9preuves, reste avec le Christ.<\/p>\n\n\n\n<hr class=\"wp-block-separator has-alpha-channel-opacity\"\/>\n\n\n\n<h3 class=\"wp-block-heading\">\u2714\ufe0f 3. Accueille Marie comme ta M\u00e8re<\/h3>\n\n\n\n<p>Comme Jean, accueille la Vierge Marie dans ta vie.<\/p>\n\n\n\n<ul class=\"wp-block-list\">\n<li>Prie le Rosaire<\/li>\n\n\n\n<li>Fais confiance \u00e0 son intercession<\/li>\n\n\n\n<li>Laisse-toi guider par sa tendresse<\/li>\n<\/ul>\n\n\n\n<hr class=\"wp-block-separator has-alpha-channel-opacity\"\/>\n\n\n\n<h3 class=\"wp-block-heading\">\u2714\ufe0f 4. Crois avant de comprendre<\/h3>\n\n\n\n<p>La foi n\u2019est pas toujours imm\u00e9diatement logique.<\/p>\n\n\n\n<p>\ud83d\udc49 Parfois, il faut faire le pas\u2026 puis comprendre.<\/p>\n\n\n\n<hr class=\"wp-block-separator has-alpha-channel-opacity\"\/>\n\n\n\n<h3 class=\"wp-block-heading\">\u2714\ufe0f 5. Vis \u00e0 partir de l\u2019amour<\/h3>\n\n\n\n<p>Fais de cette phrase le programme de ta vie :<\/p>\n\n\n\n<blockquote class=\"wp-block-quote is-layout-flow wp-block-quote-is-layout-flow\">\n<p><strong>\u00ab Dieu est amour \u00bb<\/strong><\/p>\n<\/blockquote>\n\n\n\n<ul class=\"wp-block-list\">\n<li>Dans ta famille<\/li>\n\n\n\n<li>Dans ton travail<\/li>\n\n\n\n<li>Dans tes d\u00e9cisions<\/li>\n<\/ul>\n\n\n\n<hr class=\"wp-block-separator has-alpha-channel-opacity\"\/>\n\n\n\n<h2 class=\"wp-block-heading\"><strong>7. Une conclusion qui transforme : toi aussi, tu es le disciple bien-aim\u00e9<\/strong><\/h2>\n\n\n\n<p>L\u2019\u00c9vangile de Jean contient un d\u00e9tail magnifique : il ne mentionne jamais son nom dans ces sc\u00e8nes.<\/p>\n\n\n\n<p>Un hasard ?<\/p>\n\n\n\n<p>De nombreux P\u00e8res de l\u2019\u00c9glise l\u2019interpr\u00e8tent ainsi :<\/p>\n\n\n\n<p>\ud83d\udc49 <strong>Pour que tu puisses te mettre \u00e0 sa place.<\/strong><\/p>\n\n\n\n<p>Le \u00ab disciple bien-aim\u00e9 \u00bb n\u2019est pas seulement Jean.<br>C\u2019est toute personne qui :<\/p>\n\n\n\n<ul class=\"wp-block-list\">\n<li>Demeure avec le Christ<\/li>\n\n\n\n<li>Se laisse aimer par lui<\/li>\n\n\n\n<li>Vit dans son intimit\u00e9<\/li>\n<\/ul>\n\n\n\n<hr class=\"wp-block-separator has-alpha-channel-opacity\"\/>\n\n\n\n<h2 class=\"wp-block-heading\"><strong>Conclusion : une invitation personnelle<\/strong><\/h2>\n\n\n\n<p>Le Christ regarde encore aujourd\u2019hui comme il a regard\u00e9 Jean.<\/p>\n\n\n\n<p>Il ne cherche pas les plus capables\u2026<br>ni les plus parfaits\u2026<\/p>\n\n\n\n<p>\ud83d\udc49 Il cherche ceux qui <strong>veulent aimer et se laisser aimer<\/strong>.<\/p>\n\n\n\n<p>La v\u00e9ritable question n\u2019est pas :<\/p>\n\n\n\n<p>\u274c \u00ab Pourquoi Jean \u00e9tait-il le disciple bien-aim\u00e9 ? \u00bb<\/p>\n\n\n\n<p>Mais :<\/p>\n\n\n\n<p>\u2705 <strong>\u00ab Suis-je pr\u00eat \u00e0 le devenir ? \u00bb<\/strong><\/p>\n","protected":false},"excerpt":{"rendered":"<p>Au c\u0153ur des \u00c9vangiles, une figure appara\u00eet envelopp\u00e9e d\u2019une lumi\u00e8re particuli\u00e8re\u2014discr\u00e8te mais profond\u00e9ment significative : le \u00ab disciple que J\u00e9sus aimait \u00bb. La tradition de l\u2019\u00c9glise a constamment identifi\u00e9 ce disciple comme saint Jean l\u2019\u00c9vang\u00e9liste, le plus jeune des Douze, le contemplatif, le t\u00e9moin privil\u00e9gi\u00e9 de l\u2019amour divin. Mais pourquoi lui ? J\u00e9sus aimait-il Jean &hellip;<\/p>\n","protected":false},"author":3,"featured_media":5769,"comment_status":"open","ping_status":"closed","sticky":false,"template":"","format":"standard","meta":{"_seopress_robots_primary_cat":"","_seopress_titles_title":"","_seopress_titles_desc":"","_seopress_robots_index":"","footnotes":""},"categories":[37,45],"tags":[1854,1667],"class_list":["post-5768","post","type-post","status-publish","format-standard","has-post-thumbnail","","category-doctrine-et-foi","category-saintes-ecritures","tag-disciple-bien-aime","tag-saint-jean"],"_links":{"self":[{"href":"https:\/\/catholicus.eu\/fr\/wp-json\/wp\/v2\/posts\/5768","targetHints":{"allow":["GET"]}}],"collection":[{"href":"https:\/\/catholicus.eu\/fr\/wp-json\/wp\/v2\/posts"}],"about":[{"href":"https:\/\/catholicus.eu\/fr\/wp-json\/wp\/v2\/types\/post"}],"author":[{"embeddable":true,"href":"https:\/\/catholicus.eu\/fr\/wp-json\/wp\/v2\/users\/3"}],"replies":[{"embeddable":true,"href":"https:\/\/catholicus.eu\/fr\/wp-json\/wp\/v2\/comments?post=5768"}],"version-history":[{"count":1,"href":"https:\/\/catholicus.eu\/fr\/wp-json\/wp\/v2\/posts\/5768\/revisions"}],"predecessor-version":[{"id":5770,"href":"https:\/\/catholicus.eu\/fr\/wp-json\/wp\/v2\/posts\/5768\/revisions\/5770"}],"wp:featuredmedia":[{"embeddable":true,"href":"https:\/\/catholicus.eu\/fr\/wp-json\/wp\/v2\/media\/5769"}],"wp:attachment":[{"href":"https:\/\/catholicus.eu\/fr\/wp-json\/wp\/v2\/media?parent=5768"}],"wp:term":[{"taxonomy":"category","embeddable":true,"href":"https:\/\/catholicus.eu\/fr\/wp-json\/wp\/v2\/categories?post=5768"},{"taxonomy":"post_tag","embeddable":true,"href":"https:\/\/catholicus.eu\/fr\/wp-json\/wp\/v2\/tags?post=5768"}],"curies":[{"name":"wp","href":"https:\/\/api.w.org\/{rel}","templated":true}]}}