{"id":5759,"date":"2026-04-03T14:59:13","date_gmt":"2026-04-03T12:59:13","guid":{"rendered":"https:\/\/catholicus.eu\/fr\/?p=5759"},"modified":"2026-04-03T14:59:13","modified_gmt":"2026-04-03T12:59:13","slug":"non-lesprit-saint-nest-pas-une-colombe","status":"publish","type":"post","link":"https:\/\/catholicus.eu\/fr\/non-lesprit-saint-nest-pas-une-colombe\/","title":{"rendered":"NON, L\u2019ESPRIT SAINT N\u2019EST PAS UNE COLOMBE"},"content":{"rendered":"\n<h2 class=\"wp-block-heading\"><em>Red\u00e9couvrir le Grand Inconnu de la Trinit\u00e9 dans un monde qui l\u2019a r\u00e9duit \u00e0 un symbole<\/em><\/h2>\n\n\n\n<hr class=\"wp-block-separator has-alpha-channel-opacity\"\/>\n\n\n\n<h2 class=\"wp-block-heading\">Le probl\u00e8me : quand le divin devient une caricature<\/h2>\n\n\n\n<p>Pendant des si\u00e8cles, des millions de chr\u00e9tiens ont grandi avec une image grav\u00e9e dans leur esprit : une colombe blanche descendant du ciel. C\u2019est beau, c\u2019est paisible\u2026 mais c\u2019est aussi dangereux si c\u2019est mal compris.<\/p>\n\n\n\n<p>Car non, l\u2019Esprit Saint n\u2019est pas une colombe.<\/p>\n\n\n\n<p>R\u00e9duire la troisi\u00e8me Personne de la Sainte Trinit\u00e9 \u00e0 un animal symbolique n\u2019appauvrit pas seulement notre foi : cela peut la d\u00e9former profond\u00e9ment. L\u2019Esprit Saint n\u2019est pas une \u00e9nergie, ni un symbole, ni une \u00ab pr\u00e9sence vague \u00bb. Il est <strong>vrai Dieu<\/strong>, Personne divine, co\u00e9ternelle avec le P\u00e8re et le Fils.<\/p>\n\n\n\n<p>Et comprendre cela change tout.<\/p>\n\n\n\n<hr class=\"wp-block-separator has-alpha-channel-opacity\"\/>\n\n\n\n<h2 class=\"wp-block-heading\">D\u2019o\u00f9 vient alors l\u2019image de la colombe ?<\/h2>\n\n\n\n<p>L\u2019origine se trouve dans un moment pr\u00e9cis de l\u2019\u00c9vangile : le Bapt\u00eame du Christ.<\/p>\n\n\n\n<blockquote class=\"wp-block-quote is-layout-flow wp-block-quote-is-layout-flow\">\n<p>\u00ab Et l\u2019Esprit Saint descendit sur Lui sous une forme corporelle, comme une colombe\u2026 \u00bb (Luc 3,22)<\/p>\n<\/blockquote>\n\n\n\n<p>Ce verset a \u00e9t\u00e9 correctement interpr\u00e9t\u00e9 par l\u2019\u00c9glise : il ne signifie pas que l\u2019Esprit Saint <em>est<\/em> une colombe, mais qu\u2019il <strong>s\u2019est manifest\u00e9 sous cette apparence visible<\/strong>.<\/p>\n\n\n\n<p>Il s\u2019agit d\u2019une <em>th\u00e9ophanie<\/em>, c\u2019est-\u00e0-dire d\u2019une manifestation sensible d\u2019une r\u00e9alit\u00e9 invisible.<\/p>\n\n\n\n<p>Il en va de m\u00eame lorsque Dieu se manifeste comme feu, vent ou nu\u00e9e. Dieu n\u2019est aucune de ces choses\u2026 mais il s\u2019en sert pour se rendre compr\u00e9hensible \u00e0 l\u2019homme.<\/p>\n\n\n\n<hr class=\"wp-block-separator has-alpha-channel-opacity\"\/>\n\n\n\n<h2 class=\"wp-block-heading\">Toutes les images de l\u2019Esprit Saint dans la Bible (et leur signification)<\/h2>\n\n\n\n<p>Pour comprendre qui est r\u00e9ellement l\u2019Esprit Saint, il faut parcourir toute l\u2019\u00c9criture Sainte. Car la colombe n\u2019est qu\u2019une image parmi d\u2019autres.<\/p>\n\n\n\n<hr class=\"wp-block-separator has-alpha-channel-opacity\"\/>\n\n\n\n<h3 class=\"wp-block-heading\">1. L\u2019Esprit comme <strong>vent et souffle<\/strong><\/h3>\n\n\n\n<p>En h\u00e9breu, le mot <em>ruah<\/em> signifie vent, souffle, esprit.<\/p>\n\n\n\n<p>D\u00e8s le commencement de la Bible :<\/p>\n\n\n\n<blockquote class=\"wp-block-quote is-layout-flow wp-block-quote-is-layout-flow\">\n<p>\u00ab L\u2019Esprit de Dieu planait au-dessus des eaux \u00bb (Gen\u00e8se 1,2)<\/p>\n<\/blockquote>\n\n\n\n<p>Ici, l\u2019Esprit est vie en mouvement, \u00e9lan cr\u00e9ateur, dynamisme divin.<\/p>\n\n\n\n<p>Et \u00e0 la Pentec\u00f4te :<\/p>\n\n\n\n<blockquote class=\"wp-block-quote is-layout-flow wp-block-quote-is-layout-flow\">\n<p>\u00ab Tout \u00e0 coup vint du ciel un bruit pareil \u00e0 celui d\u2019un violent coup de vent\u2026 \u00bb (Actes 2,2)<\/p>\n<\/blockquote>\n\n\n\n<p>L\u2019Esprit n\u2019est pas statique. Il est <strong>Dieu qui fait irruption, transforme et bouleverse<\/strong>.<\/p>\n\n\n\n<hr class=\"wp-block-separator has-alpha-channel-opacity\"\/>\n\n\n\n<h3 class=\"wp-block-heading\">2. L\u2019Esprit comme <strong>feu<\/strong><\/h3>\n\n\n\n<blockquote class=\"wp-block-quote is-layout-flow wp-block-quote-is-layout-flow\">\n<p>\u00ab Des langues comme de feu leur apparurent\u2026 \u00bb (Actes 2,3)<\/p>\n<\/blockquote>\n\n\n\n<p>Le feu purifie, illumine et consume.<\/p>\n\n\n\n<p>L\u2019Esprit Saint :<\/p>\n\n\n\n<ul class=\"wp-block-list\">\n<li>br\u00fble le p\u00e9ch\u00e9<\/li>\n\n\n\n<li>\u00e9claire l\u2019intelligence<\/li>\n\n\n\n<li>enflamme l\u2019amour<\/li>\n<\/ul>\n\n\n\n<p>Il n\u2019est pas confortable. Il n\u2019est pas d\u00e9coratif. Il est <strong>transformant<\/strong>.<\/p>\n\n\n\n<hr class=\"wp-block-separator has-alpha-channel-opacity\"\/>\n\n\n\n<h3 class=\"wp-block-heading\">3. L\u2019Esprit comme <strong>eau vive<\/strong><\/h3>\n\n\n\n<blockquote class=\"wp-block-quote is-layout-flow wp-block-quote-is-layout-flow\">\n<p>\u00ab De son sein jailliront des fleuves d\u2019eau vive\u2026 Or il parlait de l\u2019Esprit \u00bb (Jean 7,38-39)<\/p>\n<\/blockquote>\n\n\n\n<p>L\u2019Esprit est vie qui coule, gr\u00e2ce qui d\u00e9salt\u00e8re, pr\u00e9sence qui f\u00e9conde.<\/p>\n\n\n\n<p>Dans un monde assoiff\u00e9 \u2014 de sens, d\u2019amour, de v\u00e9rit\u00e9 \u2014 l\u2019Esprit est <strong>la seule eau qui ne s\u2019\u00e9puise jamais<\/strong>.<\/p>\n\n\n\n<hr class=\"wp-block-separator has-alpha-channel-opacity\"\/>\n\n\n\n<h3 class=\"wp-block-heading\">4. L\u2019Esprit comme <strong>nu\u00e9e et lumi\u00e8re<\/strong><\/h3>\n\n\n\n<p>Dans l\u2019Exode, Dieu guide par une nu\u00e9e. \u00c0 la Transfiguration :<\/p>\n\n\n\n<blockquote class=\"wp-block-quote is-layout-flow wp-block-quote-is-layout-flow\">\n<p>\u00ab Une nu\u00e9e lumineuse les couvrit\u2026 \u00bb (Matthieu 17,5)<\/p>\n<\/blockquote>\n\n\n\n<p>La nu\u00e9e cache et r\u00e9v\u00e8le \u00e0 la fois. La lumi\u00e8re \u00e9claire sans \u00eatre poss\u00e9d\u00e9e.<\/p>\n\n\n\n<p>L\u2019Esprit Saint est <strong>myst\u00e8re accessible mais non ma\u00eetrisable<\/strong>.<\/p>\n\n\n\n<hr class=\"wp-block-separator has-alpha-channel-opacity\"\/>\n\n\n\n<h3 class=\"wp-block-heading\">5. L\u2019Esprit comme <strong>onction (huile)<\/strong><\/h3>\n\n\n\n<p>L\u2019onction consacre, fortifie et rend capable.<\/p>\n\n\n\n<p>C\u2019est pourquoi, dans les sacrements (en particulier la Confirmation et l\u2019Ordre), l\u2019huile symbolise l\u2019Esprit.<\/p>\n\n\n\n<p>L\u2019Esprit ne se contente pas de consoler : il <strong>donne la capacit\u00e9 pour la mission<\/strong>.<\/p>\n\n\n\n<hr class=\"wp-block-separator has-alpha-channel-opacity\"\/>\n\n\n\n<h3 class=\"wp-block-heading\">6. L\u2019Esprit comme <strong>colombe<\/strong><\/h3>\n\n\n\n<p>Nous revenons au point de d\u00e9part.<\/p>\n\n\n\n<p>La colombe \u00e9voque :<\/p>\n\n\n\n<ul class=\"wp-block-list\">\n<li>la paix<\/li>\n\n\n\n<li>la puret\u00e9<\/li>\n\n\n\n<li>la nouvelle cr\u00e9ation (comme avec No\u00e9)<\/li>\n<\/ul>\n\n\n\n<p>Mais elle reste seulement cela : <strong>un signe<\/strong>, et non la r\u00e9alit\u00e9 elle-m\u00eame.<\/p>\n\n\n\n<hr class=\"wp-block-separator has-alpha-channel-opacity\"\/>\n\n\n\n<h2 class=\"wp-block-heading\">Alors\u2026 qui est r\u00e9ellement l\u2019Esprit Saint ?<\/h2>\n\n\n\n<p>Nous entrons ici au c\u0153ur du myst\u00e8re.<\/p>\n\n\n\n<p>L\u2019Esprit Saint est :<\/p>\n\n\n\n<ul class=\"wp-block-list\">\n<li><strong>la troisi\u00e8me Personne de la Trinit\u00e9<\/strong><\/li>\n\n\n\n<li><strong>l\u2019Amour subsistant entre le P\u00e8re et le Fils<\/strong><\/li>\n\n\n\n<li><strong>vrai Dieu, ni inf\u00e9rieur ni symbolique<\/strong><\/li>\n<\/ul>\n\n\n\n<p>Il n\u2019est pas \u00ab quelque chose \u00bb. Il est <strong>Quelqu\u2019un<\/strong>.<\/p>\n\n\n\n<p>Il n\u2019est pas une force impersonnelle. Il est une <strong>Personne qui conna\u00eet, aime et agit<\/strong>.<\/p>\n\n\n\n<hr class=\"wp-block-separator has-alpha-channel-opacity\"\/>\n\n\n\n<h2 class=\"wp-block-heading\">Une erreur moderne : r\u00e9duire l\u2019Esprit \u00e0 une \u00ab \u00e9nergie \u00bb<\/h2>\n\n\n\n<p>Aujourd\u2019hui, beaucoup parlent de l\u2019Esprit comme s\u2019il \u00e9tait :<\/p>\n\n\n\n<ul class=\"wp-block-list\">\n<li>une vibration<\/li>\n\n\n\n<li>une \u00e9motion<\/li>\n\n\n\n<li>une exp\u00e9rience subjective<\/li>\n<\/ul>\n\n\n\n<p>Mais ce n\u2019est pas le christianisme. C\u2019est une spiritualit\u00e9 dilu\u00e9e.<\/p>\n\n\n\n<p>L\u2019Esprit Saint <strong>ne se ressent pas seulement : il se re\u00e7oit, s\u2019accueille et s\u2019ob\u00e9it<\/strong>.<\/p>\n\n\n\n<hr class=\"wp-block-separator has-alpha-channel-opacity\"\/>\n\n\n\n<h2 class=\"wp-block-heading\">Une v\u00e9rit\u00e9 essentielle : l\u2019Esprit Saint ne s\u2019incarne PAS<\/h2>\n\n\n\n<p>Ici, il faut \u00eatre tr\u00e8s clair sur le plan th\u00e9ologique.<\/p>\n\n\n\n<p>Seule la deuxi\u00e8me Personne de la Trinit\u00e9, le Fils \u2014 J\u00e9sus-Christ \u2014 s\u2019est incarn\u00e9e.<\/p>\n\n\n\n<blockquote class=\"wp-block-quote is-layout-flow wp-block-quote-is-layout-flow\">\n<p>\u00ab Et le Verbe s\u2019est fait chair\u2026 \u00bb (Jean 1,14)<\/p>\n<\/blockquote>\n\n\n\n<p>L\u2019Esprit Saint :<\/p>\n\n\n\n<ul class=\"wp-block-list\">\n<li><strong>ne s\u2019incarne pas<\/strong><\/li>\n\n\n\n<li><strong>n\u2019assume pas la nature humaine<\/strong><\/li>\n\n\n\n<li><strong>ne \u201cse r\u00e9incarne\u201d pas dans des personnes<\/strong><\/li>\n<\/ul>\n\n\n\n<p>C\u2019est essentiel.<\/p>\n\n\n\n<p>Dire que l\u2019Esprit \u00ab se r\u00e9incarne \u00bb ou qu\u2019il \u00ab est quelqu\u2019un qui revient dans une autre personne \u00bb est <strong>contraire \u00e0 la foi catholique<\/strong>.<\/p>\n\n\n\n<p>L\u2019Esprit :<\/p>\n\n\n\n<ul class=\"wp-block-list\">\n<li>habite dans l\u2019\u00e2me en \u00e9tat de gr\u00e2ce<\/li>\n\n\n\n<li>agit dans les sacrements<\/li>\n\n\n\n<li>guide l\u2019\u00c9glise<\/li>\n<\/ul>\n\n\n\n<p>Mais il ne devient jamais <strong>une personne humaine<\/strong>.<\/p>\n\n\n\n<hr class=\"wp-block-separator has-alpha-channel-opacity\"\/>\n\n\n\n<h2 class=\"wp-block-heading\">Pourquoi tout cela est-il important aujourd\u2019hui ?<\/h2>\n\n\n\n<p>Parce que nous vivons \u00e0 une \u00e9poque qui :<\/p>\n\n\n\n<ul class=\"wp-block-list\">\n<li>banalise le sacr\u00e9<\/li>\n\n\n\n<li>sentimentalise la foi<\/li>\n\n\n\n<li>confond les symboles avec les r\u00e9alit\u00e9s<\/li>\n<\/ul>\n\n\n\n<p>Et le r\u00e9sultat est une foi superficielle.<\/p>\n\n\n\n<p>Conna\u00eetre correctement l\u2019Esprit Saint nous rend :<\/p>\n\n\n\n<ul class=\"wp-block-list\">\n<li>la profondeur<\/li>\n\n\n\n<li>la r\u00e9v\u00e9rence<\/li>\n\n\n\n<li>la clart\u00e9 doctrinale<\/li>\n<\/ul>\n\n\n\n<hr class=\"wp-block-separator has-alpha-channel-opacity\"\/>\n\n\n\n<h2 class=\"wp-block-heading\">Application pratique : comment vivre dans l\u2019Esprit Saint<\/h2>\n\n\n\n<p>Il ne suffit pas de comprendre. Il faut vivre.<\/p>\n\n\n\n<p>Voici un guide concret :<\/p>\n\n\n\n<h3 class=\"wp-block-heading\">1. Invoquez-le chaque jour<\/h3>\n\n\n\n<p>\u00ab Viens, Esprit Saint \u00bb n\u2019est pas une belle formule. C\u2019est une n\u00e9cessit\u00e9 vitale.<\/p>\n\n\n\n<h3 class=\"wp-block-heading\">2. \u00c9coutez ses inspirations<\/h3>\n\n\n\n<p>Tout ce que vous ressentez ne vient pas de Dieu. Apprenez \u00e0 discerner.<\/p>\n\n\n\n<h3 class=\"wp-block-heading\">3. Vivez en \u00e9tat de gr\u00e2ce<\/h3>\n\n\n\n<p>L\u2019Esprit habite pleinement dans une \u00e2me pure.<\/p>\n\n\n\n<h3 class=\"wp-block-heading\">4. Acceptez son feu<\/h3>\n\n\n\n<p>Parfois cela fera mal. Parce qu\u2019il transforme.<\/p>\n\n\n\n<h3 class=\"wp-block-heading\">5. Soyez dociles<\/h3>\n\n\n\n<p>L\u2019Esprit ne s\u2019impose pas. Il s\u2019accueille.<\/p>\n\n\n\n<hr class=\"wp-block-separator has-alpha-channel-opacity\"\/>\n\n\n\n<h2 class=\"wp-block-heading\">Conclusion : cesser de regarder la colombe\u2026 pour rencontrer Dieu<\/h2>\n\n\n\n<p>Le probl\u00e8me n\u2019a jamais \u00e9t\u00e9 la colombe.<\/p>\n\n\n\n<p>Le probl\u00e8me est de s\u2019arr\u00eater \u00e0 elle.<\/p>\n\n\n\n<p>L\u2019Esprit Saint n\u2019est pas une image fig\u00e9e dans un vitrail. Il est le Dieu vivant qui agit en ce moment m\u00eame :<\/p>\n\n\n\n<ul class=\"wp-block-list\">\n<li>dans l\u2019\u00c9glise<\/li>\n\n\n\n<li>dans les sacrements<\/li>\n\n\n\n<li>dans votre \u00e2me<\/li>\n<\/ul>\n\n\n\n<p>Et tandis que beaucoup le r\u00e9duisent \u00e0 un symbole\u2026 d\u2019autres d\u00e9couvrent qu\u2019il est <strong>le protagoniste cach\u00e9 de toute la vie chr\u00e9tienne<\/strong>.<\/p>\n\n\n\n<p>La question finale n\u2019est pas th\u00e9orique, elle est existentielle :<\/p>\n\n\n\n<p><strong>Vivez-vous r\u00e9ellement sous l\u2019action de l\u2019Esprit Saint\u2026 ou seulement sous son image ?<\/strong><\/p>\n","protected":false},"excerpt":{"rendered":"<p>Red\u00e9couvrir le Grand Inconnu de la Trinit\u00e9 dans un monde qui l\u2019a r\u00e9duit \u00e0 un symbole Le probl\u00e8me : quand le divin devient une caricature Pendant des si\u00e8cles, des millions de chr\u00e9tiens ont grandi avec une image grav\u00e9e dans leur esprit : une colombe blanche descendant du ciel. C\u2019est beau, c\u2019est paisible\u2026 mais c\u2019est aussi &hellip;<\/p>\n","protected":false},"author":3,"featured_media":5760,"comment_status":"open","ping_status":"closed","sticky":false,"template":"","format":"standard","meta":{"_seopress_robots_primary_cat":"","_seopress_titles_title":"","_seopress_titles_desc":"","_seopress_robots_index":"","footnotes":""},"categories":[43,37],"tags":[1649],"class_list":["post-5759","post","type-post","status-publish","format-standard","has-post-thumbnail","","category-catechisme-de-leglise-catholique","category-doctrine-et-foi","tag-esprit-saint"],"_links":{"self":[{"href":"https:\/\/catholicus.eu\/fr\/wp-json\/wp\/v2\/posts\/5759","targetHints":{"allow":["GET"]}}],"collection":[{"href":"https:\/\/catholicus.eu\/fr\/wp-json\/wp\/v2\/posts"}],"about":[{"href":"https:\/\/catholicus.eu\/fr\/wp-json\/wp\/v2\/types\/post"}],"author":[{"embeddable":true,"href":"https:\/\/catholicus.eu\/fr\/wp-json\/wp\/v2\/users\/3"}],"replies":[{"embeddable":true,"href":"https:\/\/catholicus.eu\/fr\/wp-json\/wp\/v2\/comments?post=5759"}],"version-history":[{"count":1,"href":"https:\/\/catholicus.eu\/fr\/wp-json\/wp\/v2\/posts\/5759\/revisions"}],"predecessor-version":[{"id":5761,"href":"https:\/\/catholicus.eu\/fr\/wp-json\/wp\/v2\/posts\/5759\/revisions\/5761"}],"wp:featuredmedia":[{"embeddable":true,"href":"https:\/\/catholicus.eu\/fr\/wp-json\/wp\/v2\/media\/5760"}],"wp:attachment":[{"href":"https:\/\/catholicus.eu\/fr\/wp-json\/wp\/v2\/media?parent=5759"}],"wp:term":[{"taxonomy":"category","embeddable":true,"href":"https:\/\/catholicus.eu\/fr\/wp-json\/wp\/v2\/categories?post=5759"},{"taxonomy":"post_tag","embeddable":true,"href":"https:\/\/catholicus.eu\/fr\/wp-json\/wp\/v2\/tags?post=5759"}],"curies":[{"name":"wp","href":"https:\/\/api.w.org\/{rel}","templated":true}]}}